{"id":57868,"date":"2010-11-04T00:00:00","date_gmt":"2010-11-04T00:00:00","guid":{"rendered":"http:\/\/www.recom.link\/konsultimet-me-komunitetin-fetar-dhe-kishat-mbi-iniciativen-per-themelimin-e-komra-se\/"},"modified":"2015-01-27T17:26:17","modified_gmt":"2015-01-27T16:26:17","slug":"konsultimet-me-komunitetin-fetar-dhe-kishat-mbi-iniciativen-per-themelimin-e-komra-se","status":"publish","type":"post","link":"https:\/\/www.recom.link\/sq\/konsultimet-me-komunitetin-fetar-dhe-kishat-mbi-iniciativen-per-themelimin-e-komra-se\/","title":{"rendered":"Bashk\u00ebsit\u00eb fetare \u2013Sarajev\u00eb, B dhe H-04.11.2010."},"content":{"rendered":"<p>Konsultimet rajonale me p\u00ebrfaq\u00ebsuesit e komunitetit fetar dhe t\u00eb kishave i kan\u00eb organizuar Shoqata e gazetar\u00ebve t\u00eb BeH dhe Qendra informative dhe p\u00ebr ndihm\u00eb juridike, an\u00ebtare e Koalicionit p\u00ebr KOMRA-n\u00eb. N\u00eb k\u00ebt\u00eb takim mor\u00ebn pjes\u00eb 51 pjes\u00ebmarr\u00ebs, personalitete kishtare, p\u00ebrfaq\u00ebsues t\u00eb komunitetit fetar, t\u00eb organizatave joqeveritare dhe t\u00eb institucioneve akademike. N\u00eb mesin e tyre edhe v\u00ebzhguesit nga Ambasadat e Maqedonis\u00eb dhe Kroacis\u00eb, si dhe nga organizatat nd\u00ebrkomb\u00ebtare \u2013 UNDP, Misioni OSBE n\u00eb BeH, Delegacioni i Komisionit Evropian n\u00eb BeH.<\/p>\n<p>P\u00ebr shkak t\u00eb l\u00ebshimeve n\u00eb organizim, n\u00eb k\u00ebt\u00eb takim nuk ishin prezent p\u00ebrfaq\u00ebsuesit nga Kosova, si dhe p\u00ebrfaq\u00ebsuesit e Kish\u00ebs Ortodokse Serbe nga Serbia dhe Kosova dhe t\u00eb Kish\u00ebs Katolike nga Kroacia. Organizatori ka qen\u00eb i detyruar q\u00eb p\u00ebrfaq\u00ebsuesin e Kish\u00ebs Ortodokse Serbe (KOS), mitropolitin Mihail ta lus\u00eb t\u00eb t\u00ebrhiqet nga pjes\u00ebmarrja p\u00ebr shkak t\u00eb kusht\u00ebzimit t\u00eb p\u00ebrfaq\u00ebsuesit t\u00eb KOS dhe Kish\u00ebs Katolike. Gjat\u00eb diskutimit ka dominuar mb\u00ebshtetja p\u00ebr themelimin e KOMRA-s\u00eb,\u00a0 diskutimi \u00ebsht\u00eb zhvilluar n\u00eb nj\u00eb frym\u00eb jasht\u00ebzakonisht tolerante, n\u00eb atmosfer\u00eb shum\u00eb t\u00eb mir\u00eb dhe konstruktive, e cila ka treguar p\u00ebr nevoj\u00ebn e sinqert\u00eb t\u00eb kishave dhe komunitetit fetar q\u00eb t\u00eb bashk\u00ebpunojn\u00eb n\u00eb k\u00ebt\u00eb proces. Mediet kan\u00eb shpreh interesim t\u00eb madh p\u00ebr k\u00ebto konsultime, t\u00eb cilat kan\u00eb qen\u00eb t\u00eb p\u00ebrcjella nga m\u00eb shum\u00eb se 20 gazetar\u00eb nga t\u00ebr\u00eb rajoni. Mediet e RTS dhe lajmet Blic i kan\u00eb d\u00ebrguar ekipet e tyre nga Beogradi, nd\u00ebrsa nga Kroacia ka qen\u00eb Kryqi i jet\u00ebs.<\/p>\n<p><a href=\"http:\/\/www.recom.link\/wp-content\/uploads\/2010\/11\/Shqyrtimi-i-propozimeve-opinioneve-.pdf\">Shqyrtimi i propozimeve, opinioneve<\/a><\/p>\n<p><a href=\"http:\/\/www.recom.link\/wp-content\/uploads\/2010\/11\/Shqyrtimi-i-propozimeve-opinioneve-dhe-propozimeve.pdf\">Shqyrtimi i propozimeve, opinioneve dhe propozimeve<\/a><\/p>\n","protected":false},"excerpt":{"rendered":"Konsultimet rajonale me p\u00ebrfaq\u00ebsuesit e komunitetit fetar dhe t\u00eb kishave i kan\u00eb organizuar Shoqata e gazetar\u00ebve t\u00eb BeH dhe Qendra&#8230; ","protected":false},"author":8,"featured_media":0,"comment_status":"closed","ping_status":"closed","sticky":false,"template":"","format":"standard","meta":{"_acf_changed":false,"footnotes":""},"categories":[486],"tags":[1326,1511,1531,1509,1521],"class_list":["post-57868","post","type-post","status-publish","format-standard","hentry","category-konsultimet","tag-2010-sq","tag-b-dhe-h","tag-bashkesite-fetare","tag-konsultimet-rajonale","tag-projekt-statuti"],"acf":[],"yoast_head":"<!-- This site is optimized with the Yoast SEO plugin v25.6 - https:\/\/yoast.com\/wordpress\/plugins\/seo\/ -->\n<title>Bashk\u00ebsit\u00eb fetare \u2013Sarajev\u00eb, B dhe H-04.11.2010. - REKOM ~ KOMRA ~ RECOM<\/title>\n<meta name=\"robots\" content=\"index, follow, max-snippet:-1, max-image-preview:large, max-video-preview:-1\" \/>\n<link rel=\"canonical\" href=\"https:\/\/www.recom.link\/sq\/konsultimet-me-komunitetin-fetar-dhe-kishat-mbi-iniciativen-per-themelimin-e-komra-se\/\" \/>\n<meta property=\"og:locale\" content=\"sq_AL\" \/>\n<meta property=\"og:type\" content=\"article\" \/>\n<meta property=\"og:title\" content=\"Bashk\u00ebsit\u00eb fetare \u2013Sarajev\u00eb, B dhe H-04.11.2010. - REKOM ~ KOMRA ~ RECOM\" \/>\n<meta property=\"og:description\" content=\"Konsultimet rajonale me p\u00ebrfaq\u00ebsuesit e komunitetit fetar dhe t\u00eb kishave i kan\u00eb organizuar Shoqata e gazetar\u00ebve t\u00eb BeH dhe Qendra...\" \/>\n<meta property=\"og:url\" content=\"https:\/\/www.recom.link\/sq\/konsultimet-me-komunitetin-fetar-dhe-kishat-mbi-iniciativen-per-themelimin-e-komra-se\/\" \/>\n<meta property=\"og:site_name\" content=\"REKOM ~ KOMRA ~ RECOM\" \/>\n<meta property=\"article:publisher\" content=\"https:\/\/www.facebook.com\/ZaREKOM.PerKOMRA.ForRECOM\/\" \/>\n<meta property=\"article:published_time\" content=\"2010-11-04T00:00:00+00:00\" \/>\n<meta property=\"article:modified_time\" content=\"2015-01-27T16:26:17+00:00\" \/>\n<meta name=\"author\" content=\"Recom Editor\" \/>\n<meta name=\"twitter:card\" content=\"summary_large_image\" \/>\n<meta name=\"twitter:creator\" content=\"@REKOM_KOMRA\" \/>\n<meta name=\"twitter:site\" content=\"@REKOM_KOMRA\" \/>\n<meta name=\"twitter:label1\" content=\"Written by\" \/>\n\t<meta name=\"twitter:data1\" content=\"Recom Editor\" \/>\n\t<meta name=\"twitter:label2\" content=\"Est. reading time\" \/>\n\t<meta name=\"twitter:data2\" content=\"1 minut\u00eb\" \/>\n<script type=\"application\/ld+json\" class=\"yoast-schema-graph\">{\"@context\":\"https:\/\/schema.org\",\"@graph\":[{\"@type\":\"WebPage\",\"@id\":\"https:\/\/www.recom.link\/sq\/konsultimet-me-komunitetin-fetar-dhe-kishat-mbi-iniciativen-per-themelimin-e-komra-se\/\",\"url\":\"https:\/\/www.recom.link\/sq\/konsultimet-me-komunitetin-fetar-dhe-kishat-mbi-iniciativen-per-themelimin-e-komra-se\/\",\"name\":\"Bashk\u00ebsit\u00eb fetare \u2013Sarajev\u00eb, B dhe H-04.11.2010. - REKOM ~ KOMRA ~ RECOM\",\"isPartOf\":{\"@id\":\"https:\/\/www.recom.link\/en\/#website\"},\"datePublished\":\"2010-11-04T00:00:00+00:00\",\"dateModified\":\"2015-01-27T16:26:17+00:00\",\"author\":{\"@id\":\"https:\/\/www.recom.link\/en\/#\/schema\/person\/0b0fce47cdf986c8b4194146b69999a3\"},\"breadcrumb\":{\"@id\":\"https:\/\/www.recom.link\/sq\/konsultimet-me-komunitetin-fetar-dhe-kishat-mbi-iniciativen-per-themelimin-e-komra-se\/#breadcrumb\"},\"inLanguage\":\"sq\",\"potentialAction\":[{\"@type\":\"ReadAction\",\"target\":[\"https:\/\/www.recom.link\/sq\/konsultimet-me-komunitetin-fetar-dhe-kishat-mbi-iniciativen-per-themelimin-e-komra-se\/\"]}]},{\"@type\":\"BreadcrumbList\",\"@id\":\"https:\/\/www.recom.link\/sq\/konsultimet-me-komunitetin-fetar-dhe-kishat-mbi-iniciativen-per-themelimin-e-komra-se\/#breadcrumb\",\"itemListElement\":[{\"@type\":\"ListItem\",\"position\":1,\"name\":\"Home\",\"item\":\"https:\/\/www.recom.link\/en\/\"},{\"@type\":\"ListItem\",\"position\":2,\"name\":\"Bashk\u00ebsit\u00eb fetare \u2013Sarajev\u00eb, B dhe H-04.11.2010.\"}]},{\"@type\":\"WebSite\",\"@id\":\"https:\/\/www.recom.link\/en\/#website\",\"url\":\"https:\/\/www.recom.link\/en\/\",\"name\":\"REKOM ~ KOMRA ~ RECOM\",\"description\":\"\",\"potentialAction\":[{\"@type\":\"SearchAction\",\"target\":{\"@type\":\"EntryPoint\",\"urlTemplate\":\"https:\/\/www.recom.link\/en\/?s={search_term_string}\"},\"query-input\":{\"@type\":\"PropertyValueSpecification\",\"valueRequired\":true,\"valueName\":\"search_term_string\"}}],\"inLanguage\":\"sq\"},{\"@type\":\"Person\",\"@id\":\"https:\/\/www.recom.link\/en\/#\/schema\/person\/0b0fce47cdf986c8b4194146b69999a3\",\"name\":\"Recom Editor\",\"image\":{\"@type\":\"ImageObject\",\"inLanguage\":\"sq\",\"@id\":\"https:\/\/www.recom.link\/en\/#\/schema\/person\/image\/\",\"url\":\"https:\/\/secure.gravatar.com\/avatar\/b345ee03975bccfc62280b0fd1ffd916?s=96&d=mm&r=g\",\"contentUrl\":\"https:\/\/secure.gravatar.com\/avatar\/b345ee03975bccfc62280b0fd1ffd916?s=96&d=mm&r=g\",\"caption\":\"Recom Editor\"},\"url\":\"https:\/\/www.recom.link\/sq\/author\/jelanag\/\"}]}<\/script>\n<!-- \/ Yoast SEO plugin. -->","yoast_head_json":{"title":"Bashk\u00ebsit\u00eb fetare \u2013Sarajev\u00eb, B dhe H-04.11.2010. - REKOM ~ KOMRA ~ RECOM","robots":{"index":"index","follow":"follow","max-snippet":"max-snippet:-1","max-image-preview":"max-image-preview:large","max-video-preview":"max-video-preview:-1"},"canonical":"https:\/\/www.recom.link\/sq\/konsultimet-me-komunitetin-fetar-dhe-kishat-mbi-iniciativen-per-themelimin-e-komra-se\/","og_locale":"sq_AL","og_type":"article","og_title":"Bashk\u00ebsit\u00eb fetare \u2013Sarajev\u00eb, B dhe H-04.11.2010. - REKOM ~ KOMRA ~ RECOM","og_description":"Konsultimet rajonale me p\u00ebrfaq\u00ebsuesit e komunitetit fetar dhe t\u00eb kishave i kan\u00eb organizuar Shoqata e gazetar\u00ebve t\u00eb BeH dhe Qendra...","og_url":"https:\/\/www.recom.link\/sq\/konsultimet-me-komunitetin-fetar-dhe-kishat-mbi-iniciativen-per-themelimin-e-komra-se\/","og_site_name":"REKOM ~ KOMRA ~ RECOM","article_publisher":"https:\/\/www.facebook.com\/ZaREKOM.PerKOMRA.ForRECOM\/","article_published_time":"2010-11-04T00:00:00+00:00","article_modified_time":"2015-01-27T16:26:17+00:00","author":"Recom Editor","twitter_card":"summary_large_image","twitter_creator":"@REKOM_KOMRA","twitter_site":"@REKOM_KOMRA","twitter_misc":{"Written by":"Recom Editor","Est. reading time":"1 minut\u00eb"},"schema":{"@context":"https:\/\/schema.org","@graph":[{"@type":"WebPage","@id":"https:\/\/www.recom.link\/sq\/konsultimet-me-komunitetin-fetar-dhe-kishat-mbi-iniciativen-per-themelimin-e-komra-se\/","url":"https:\/\/www.recom.link\/sq\/konsultimet-me-komunitetin-fetar-dhe-kishat-mbi-iniciativen-per-themelimin-e-komra-se\/","name":"Bashk\u00ebsit\u00eb fetare \u2013Sarajev\u00eb, B dhe H-04.11.2010. - REKOM ~ KOMRA ~ RECOM","isPartOf":{"@id":"https:\/\/www.recom.link\/en\/#website"},"datePublished":"2010-11-04T00:00:00+00:00","dateModified":"2015-01-27T16:26:17+00:00","author":{"@id":"https:\/\/www.recom.link\/en\/#\/schema\/person\/0b0fce47cdf986c8b4194146b69999a3"},"breadcrumb":{"@id":"https:\/\/www.recom.link\/sq\/konsultimet-me-komunitetin-fetar-dhe-kishat-mbi-iniciativen-per-themelimin-e-komra-se\/#breadcrumb"},"inLanguage":"sq","potentialAction":[{"@type":"ReadAction","target":["https:\/\/www.recom.link\/sq\/konsultimet-me-komunitetin-fetar-dhe-kishat-mbi-iniciativen-per-themelimin-e-komra-se\/"]}]},{"@type":"BreadcrumbList","@id":"https:\/\/www.recom.link\/sq\/konsultimet-me-komunitetin-fetar-dhe-kishat-mbi-iniciativen-per-themelimin-e-komra-se\/#breadcrumb","itemListElement":[{"@type":"ListItem","position":1,"name":"Home","item":"https:\/\/www.recom.link\/en\/"},{"@type":"ListItem","position":2,"name":"Bashk\u00ebsit\u00eb fetare \u2013Sarajev\u00eb, B dhe H-04.11.2010."}]},{"@type":"WebSite","@id":"https:\/\/www.recom.link\/en\/#website","url":"https:\/\/www.recom.link\/en\/","name":"REKOM ~ KOMRA ~ RECOM","description":"","potentialAction":[{"@type":"SearchAction","target":{"@type":"EntryPoint","urlTemplate":"https:\/\/www.recom.link\/en\/?s={search_term_string}"},"query-input":{"@type":"PropertyValueSpecification","valueRequired":true,"valueName":"search_term_string"}}],"inLanguage":"sq"},{"@type":"Person","@id":"https:\/\/www.recom.link\/en\/#\/schema\/person\/0b0fce47cdf986c8b4194146b69999a3","name":"Recom Editor","image":{"@type":"ImageObject","inLanguage":"sq","@id":"https:\/\/www.recom.link\/en\/#\/schema\/person\/image\/","url":"https:\/\/secure.gravatar.com\/avatar\/b345ee03975bccfc62280b0fd1ffd916?s=96&d=mm&r=g","contentUrl":"https:\/\/secure.gravatar.com\/avatar\/b345ee03975bccfc62280b0fd1ffd916?s=96&d=mm&r=g","caption":"Recom Editor"},"url":"https:\/\/www.recom.link\/sq\/author\/jelanag\/"}]}},"_links":{"self":[{"href":"https:\/\/www.recom.link\/sq\/wp-json\/wp\/v2\/posts\/57868"}],"collection":[{"href":"https:\/\/www.recom.link\/sq\/wp-json\/wp\/v2\/posts"}],"about":[{"href":"https:\/\/www.recom.link\/sq\/wp-json\/wp\/v2\/types\/post"}],"author":[{"embeddable":true,"href":"https:\/\/www.recom.link\/sq\/wp-json\/wp\/v2\/users\/8"}],"replies":[{"embeddable":true,"href":"https:\/\/www.recom.link\/sq\/wp-json\/wp\/v2\/comments?post=57868"}],"version-history":[{"count":2,"href":"https:\/\/www.recom.link\/sq\/wp-json\/wp\/v2\/posts\/57868\/revisions"}],"predecessor-version":[{"id":123271,"href":"https:\/\/www.recom.link\/sq\/wp-json\/wp\/v2\/posts\/57868\/revisions\/123271"}],"wp:attachment":[{"href":"https:\/\/www.recom.link\/sq\/wp-json\/wp\/v2\/media?parent=57868"}],"wp:term":[{"taxonomy":"category","embeddable":true,"href":"https:\/\/www.recom.link\/sq\/wp-json\/wp\/v2\/categories?post=57868"},{"taxonomy":"post_tag","embeddable":true,"href":"https:\/\/www.recom.link\/sq\/wp-json\/wp\/v2\/tags?post=57868"}],"curies":[{"name":"wp","href":"https:\/\/api.w.org\/{rel}","templated":true}]}}