{"id":191612,"date":"2026-09-03T15:28:27","date_gmt":"2026-09-03T14:28:27","guid":{"rendered":"https:\/\/www.recom.link\/?p=191612"},"modified":"2026-09-03T15:31:10","modified_gmt":"2026-09-03T14:31:10","slug":"dita-nderkombetare-e-te-zhdukurve-nen-hijen-e-vdekjes-se-nje-te-denuari-per-gjenocid","status":"publish","type":"post","link":"https:\/\/www.recom.link\/sq\/dita-nderkombetare-e-te-zhdukurve-nen-hijen-e-vdekjes-se-nje-te-denuari-per-gjenocid\/","title":{"rendered":"Dita Nd\u00ebrkomb\u00ebtare e t\u00eb Zhdukurve n\u00ebn hijen e vdekjes s\u00eb nj\u00eb t\u00eb d\u00ebnuari p\u00ebr gjenocid"},"content":{"rendered":"<p>N\u00eb vendet e ish-Jugosllavis\u00eb, Dita Nd\u00ebrkomb\u00ebtare e t\u00eb Zhdukurve, 30 gusht 2026, u sh\u00ebnua kryesisht si nj\u00eb detyrim protokollar. Deklaratat e kujdesit p\u00ebr t\u00eb gjith\u00eb t\u00eb zhdukurit nuk u shoq\u00ebruan me k\u00ebrkesa t\u00eb p\u00ebrbashk\u00ebta, marr\u00ebveshje p\u00ebr bashk\u00ebpunim apo qasje n\u00eb materialet arkivore, t\u00eb cilat shtetet i trajtojn\u00eb si \u00e7\u00ebshtje t\u00eb \u201cinteresit komb\u00ebtar\u201d.<\/p>\n<p>&nbsp;<\/p>\n<p>Vdekja e Ratko Mladi\u0107it, komandantit t\u00eb Ushtris\u00eb s\u00eb Republik\u00ebs Srpska gjat\u00eb luft\u00ebs, mbizot\u00ebroi n\u00eb hap\u00ebsir\u00ebn publike. Mladi\u0107i u d\u00ebnua me vendim t\u00eb form\u00ebs s\u00eb prer\u00eb p\u00ebr gjenocidin ndaj rreth 8.000 boshnjak\u00ebve n\u00eb Srebrenic\u00eb n\u00eb korrik 1995; p\u00ebr p\u00ebrndjekjen dhe zhvendosjen me forc\u00eb t\u00eb boshnjak\u00ebve dhe kroat\u00ebve n\u00eb mbar\u00eb Bosnj\u00eb e Hercegovin\u00ebn; p\u00ebr sulmet me snajper, granatimet dhe terrorizimin e civil\u00ebve gjat\u00eb rrethimit t\u00eb Sarajev\u00ebs; si dhe p\u00ebr marrjen peng t\u00eb pjes\u00ebtar\u00ebve t\u00eb forcave paqeruajt\u00ebse t\u00eb OKB-s\u00eb gjat\u00eb sulmeve ajrore t\u00eb NATO-s n\u00eb vitin 1995. <em>(Burimi: <\/em><a href=\"https:\/\/www.irmct.org\/en\/cases\/mict-13-56\"><em>IRMCT, aktgjykimi i form\u00ebs s\u00eb prer\u00eb n\u00eb \u00e7\u00ebshtjen Mladi\u0107<\/em><\/a><em>, 8 qershor 2021.)<\/em><\/p>\n<p>&nbsp;<\/p>\n<p>N\u00eb Serbi dhe n\u00eb Republik\u00ebn Srpska, autoritetet e lan\u00eb n\u00eb hije fatin e personave t\u00eb zhdukur n\u00eb luft\u00ebrat e viteve 1990, duke shprehur mir\u00ebnjohje ndaj Ratko Mladi\u0107it p\u00ebr t\u00eb ashtuquajtur\u00ebn \u201cmbrojtje t\u00eb popullit serb\u201d, duke akuzuar Hag\u00ebn se ishte p\u00ebrgjegj\u00ebse p\u00ebr vdekjen e tij dhe duke deklaruar se shteti i detyrohej atij nj\u00eb varrim ushtarak dhe nderime shtet\u00ebrore.<\/p>\n<p>&nbsp;<\/p>\n<p>N\u00eb Serbi, mediat e kontrolluara nga pushteti nxit\u00ebn atmosfer\u00ebn nacionaliste. <em>Informer<\/em> botoi titullin \u201cU vra Ratko Mladi\u0107i\u201d, duke pretenduar se b\u00ebhej fjal\u00eb p\u00ebr nj\u00eb \u201ckrim pas torturave n\u00eb Scheveningen\u201d, nd\u00ebrsa <em>Ve\u010dernje novosti<\/em> botoi titullin \u201cHaga vrau krijuesin e Srpsk\u00ebs\u201d. Informer TV njoftoi se \u201cTribunali i Hag\u00ebs ia shoi jet\u00ebn gjeneralit\u201d. Radio-Televizioni i Serbis\u00eb e hapi edicionin qendror t\u00eb lajmeve me pamje arkivore t\u00eb Mladi\u0107it me uniform\u00eb, pa p\u00ebrmendur krimet p\u00ebr t\u00eb cilat ai u d\u00ebnua me vendim t\u00eb form\u00ebs s\u00eb prer\u00eb me burgim t\u00eb p\u00ebrjetsh\u00ebm. <em>(Burimi: <\/em><a href=\"https:\/\/www.istinomer.rs\/analize\/provladini-mediji-o-smrti-ratka-mladica-general-ubijen-u-hagu\/\"><em>Istinomer<\/em><\/a><em>, 28 gusht 2026.)<\/em><\/p>\n<p>N\u00eb qend\u00ebr t\u00eb Obrenovcit u pikturua nj\u00eb mural i madh me portretin e Ratko Mladi\u0107it dhe me mesazhin: \u201cDo t\u00eb jetoj p\u00ebr sa koh\u00eb t\u00eb ekzistojn\u00eb fisi dhe populli yn\u00eb. Do t\u00eb b\u00ebjn\u00eb kryqin edhe ata q\u00eb nuk duan.\u201d Pas p\u00ebrfundimit t\u00eb muralit, qytetar\u00ebt e mbledhur para tij ndez\u00ebn flakadan\u00eb dhe fishekzjarre n\u00eb shenj\u00eb lamtumire. <em>(Burimet: <\/em><a href=\"https:\/\/nsuzivo.rs\/srbija\/ratko-mladic-dobio-mural-u-obrenovcu-zivecu-dok-ima-naseg-plemena-i-naroda-gradjani-se-oprostili-od-generala-uz-njegovu-poznatu-recenicu\/\"><em>NS U\u017eivo<\/em><\/a><em> dhe <\/em><a href=\"https:\/\/www.glassrpske.com\/lat\/novosti\/srbija\/pogledajte-kako-se-obrenovac-oprostio-od-generala-maldica-video\/650440\"><em>Glas Srpske<\/em><\/a><em>, 1 shtator 2026.)<\/em><\/p>\n<p>Ministri i Drejt\u00ebsis\u00eb i Serbis\u00eb, Nenad Vuji\u0107, ishte zyrtari i par\u00eb q\u00eb reagoi ndaj lajmit p\u00ebr vdekjen e Ratko Mladi\u0107it. Ai e njoftoi publikun se kishte d\u00ebrguar nj\u00eb ekip n\u00eb Hag\u00eb p\u00ebr marrjen e mbetjeve mortore dhe se Mladi\u0107i do t\u00eb varrosej me nderimet m\u00eb t\u00eb larta shtet\u00ebrore dhe ushtarake. Kryetari i partis\u00eb n\u00eb pushtet, Milo\u0161 Vu\u010devi\u0107, foli p\u00ebr oficer\u00ebt q\u00eb \u201cmbrojt\u00ebn popullin serb\u201d, nd\u00ebrsa ministri i Pun\u00ebve t\u00eb Brendshme, Ivica Da\u010di\u0107, e akuzoi Tribunalin e Hag\u00ebs se n\u00eb rastet e Slobodan Milo\u0161evi\u0107it dhe Ratko Mladi\u0107it kishte treguar \u201cfytyr\u00ebn e tij anticivilizuese\u201d. Presidenti i Serbis\u00eb, Aleksandar Vu\u010di\u0107, e zbuti njoftimin e ministrit t\u00eb Drejt\u00ebsis\u00eb p\u00ebr nderime shtet\u00ebrore dhe ushtarake, duke folur p\u00ebr nj\u00eb varrim \u201ct\u00eb hijsh\u00ebm dhe dinjitoz\u201d, n\u00eb marr\u00ebveshje me familjen. N\u00eb t\u00eb nj\u00ebjt\u00ebn koh\u00eb, ai e akuzoi Tribunalin e Hag\u00ebs se kishte dashur q\u00eb Mladi\u0107i t\u00eb vdiste n\u00eb burg, nd\u00ebrsa m\u00eb pas foli p\u00ebr \u201cstandarde t\u00eb dyfishta\u201d. <em>(Burimet: <\/em><a href=\"https:\/\/www.rts.rs\/lat\/vesti\/drustvo\/6028212\/vujic-mladic-ce-biti-sahranjen-uz-najvise-drzavne-i-vojne-pocasti.html\"><em>RTS<\/em><\/a><em>, <\/em><a href=\"https:\/\/rtv.rs\/sr_lat\/politika\/vucevic-general-mladic-ce-ako-porodica-zeli-biti-sahranjen-u-srbiji-kako-dolikuje_1739337.html\"><em>RTV<\/em><\/a><em>, <\/em><a href=\"https:\/\/www.blic.rs\/vesti\/politika\/dacic-u-slucaju-milosevica-i-mladica-haski-tribunal-pokazao-anticivilizacijsko-lice\/nfctw11\"><em>Blic<\/em><\/a><em> dhe <\/em><a href=\"https:\/\/www.reuters.com\/world\/serbias-vucic-raps-uncivilised-un-court-over-handling-mladic-death-2026-08-28\/\"><em>Reuters<\/em><\/a><em>, 28 gusht 2026.)<\/em><\/p>\n<p>&nbsp;<\/p>\n<p>N\u00eb Zvornik, n\u00eb Republik\u00ebn Srpska, vet\u00ebm disa or\u00eb pas vdekjes s\u00eb Mladi\u0107it u organizua nj\u00eb marshim me fotografit\u00eb e tij dhe me flamujt e Serbis\u00eb dhe t\u00eb Republik\u00ebs Srpska. N\u00eb Republik\u00ebn Srpska u mbajt\u00ebn tubime dhe sh\u00ebrbesa fetare p\u00ebr nder t\u00eb tij. N\u00eb Bratunac, n\u00eb Kish\u00ebn e Fjetjes s\u00eb Hyjlind\u00ebses s\u00eb Shenjt\u00eb, u mbajt nj\u00eb sh\u00ebrbes\u00eb p\u00ebrkujtimore, ku mor\u00ebn pjes\u00eb shum\u00eb qytetar\u00eb dhe an\u00ebtar\u00eb t\u00eb Organizat\u00ebs lokale t\u00eb Veteran\u00ebve. N\u00eb dhom\u00ebn p\u00ebrkujtimore n\u00eb Bratunac u hap edhe nj\u00eb lib\u00ebr ngush\u00ebllimesh, ku qytetar\u00ebt shkruan mesazhe mir\u00ebnjohjeje. Me mb\u00ebshtetjen e autoriteteve t\u00eb Republik\u00ebs Srpska, organizatat e veteran\u00ebve filluan t\u00eb mblidhnin t\u00eb dh\u00ebnat e qytetar\u00ebve t\u00eb interesuar p\u00ebr udh\u00ebtim t\u00eb organizuar n\u00eb varrim, ndon\u00ebse ende nuk diheshin as data, as vendi i varrimit. <em>(Burimi: <\/em><a href=\"https:\/\/www.srna.rs\/novost\/1424663\/sluzen-parastos-i-odata-pocast-generalu-mladicu\"><em>SRNA<\/em><\/a><em>, 28 gusht 2026.)<\/em><\/p>\n<p>&nbsp;<\/p>\n<p>Ndryshe nga Serbia, n\u00eb Bosnj\u00eb e Hercegovin\u00eb Dita Nd\u00ebrkomb\u00ebtare e t\u00eb Zhdukurve ishte m\u00eb e dukshme p\u00ebrmes tubimeve t\u00eb familjeve, ekspozitave dhe raportimeve mediatike. Megjithat\u00eb, edhe atje sh\u00ebnimi i k\u00ebsaj dite u shoq\u00ebrua me lajme p\u00ebr nderimet e paralajm\u00ebruara shtet\u00ebrore dhe ushtarake p\u00ebr Mladi\u0107in n\u00eb Serbi dhe p\u00ebr tubimet e mbajtura p\u00ebr nder t\u00eb tij n\u00eb Republik\u00ebn Srpska. P\u00ebrfaq\u00ebsuesit e institucioneve shtet\u00ebrore dhe t\u00eb shoqatave t\u00eb familjeve fol\u00ebn p\u00ebr nevoj\u00ebn e gjetjes s\u00eb t\u00eb gjith\u00eb t\u00eb zhdukurve, por deklaratat dhe k\u00ebrkesat e tyre konkrete u p\u00ebrqendruan p\u00ebrs\u00ebri kryesisht te viktimat e komunitetit t\u00eb tyre komb\u00ebtar.<\/p>\n<p><strong>\u00a0<\/strong><\/p>\n<p><strong>Fakte p\u00ebr personat e zhdukur<\/strong><\/p>\n<p>&nbsp;<\/p>\n<p>N\u00eb Bosnj\u00eb e Hercegovin\u00eb ende k\u00ebrkohen 7.588 persona t\u00eb zhdukur. Instituti p\u00ebr Personat e Zhdukur i Bosnj\u00eb e Hercegovin\u00ebs thot\u00eb se ende k\u00ebrkohen rreth 900 persona q\u00eb u zhduk\u00ebn pas r\u00ebnies s\u00eb Srebrenic\u00ebs. Sipas t\u00eb dh\u00ebnave t\u00eb Detektorit, familjet e dhjet\u00eb viktimave t\u00eb identifikuara ende nuk kan\u00eb dh\u00ebn\u00eb p\u00eblqimin p\u00ebr varrimin e tyre, kryesisht sepse jan\u00eb gjetur vet\u00ebm pjes\u00eb jo t\u00eb plota t\u00eb mbetjeve t\u00eb tyre mortore. P\u00ebr 36 viktima t\u00eb tjera ekziston identifikimi me ADN, por familjet e tyre nuk e kan\u00eb p\u00ebrfunduar procedur\u00ebn e identifikimit zyrtar. <em>(Burimet: <\/em><a href=\"https:\/\/detektor.ba\/2026\/08\/28\/sve-manje-potencijalnih-svjedoka-i-informacija-bitnih-za-pronalazak-nestalih\/\"><em>Instituti p\u00ebr Personat e Zhdukur i Bosnj\u00eb e Hercegovin\u00ebs\/Detektor<\/em><\/a><em>, 28 gusht 2026, dhe <\/em><a href=\"https:\/\/detektor.ba\/2026\/07\/02\/u-srebrenici-ce-biti-ukopano-deset-zrtava-genocida\/\"><em>Detektor<\/em><\/a><em>, 2 korrik 2026.)<\/em><\/p>\n<p>&nbsp;<\/p>\n<p>Sipas t\u00eb dh\u00ebnave zyrtare, n\u00eb Kroaci ende k\u00ebrkohen 1.725 persona: fati i 1.341 personave nuk dihet, nd\u00ebrsa p\u00ebr 384 persona \u00ebsht\u00eb konstatuar se kan\u00eb vdekur, por nuk dihet vendi ku jan\u00eb varrosur. Ministria e Veteran\u00ebve Kroat\u00eb thot\u00eb se gjat\u00eb vitit 2026 \u00ebsht\u00eb zbardhur fati i 20 personave. N\u00eb mesin e tyre jan\u00eb gjasht\u00eb persona t\u00eb nacionalitetit serb, mbetjet mortore t\u00eb t\u00eb cil\u00ebve ishin zhvarrosur n\u00eb Vinkovci, Pa\u010detin, Donji Raji\u0107, Petrinja, Dobropoljci dhe Zadar. <em>(Burimet: <\/em><a href=\"https:\/\/branitelji.gov.hr\/vijesti\/u-vukovaru-obiljezen-dan-sjecanja-na-nestale-u-domovinskom-ratu-i-medjunarodni-dan-nestalih-osoba\/5257\"><em>Ministria e Veteran\u00ebve Kroat\u00eb<\/em><\/a><em>, 30 gusht 2026; evidenca e FDH-s\u00eb p\u00ebr personat e identifikuar t\u00eb nacionalitetit serb, gjendja m\u00eb 1 shtator 2026.)<\/em><\/p>\n<p>Sipas evidenc\u00ebs s\u00eb shoqat\u00ebs <em>Veritas<\/em>, ende nuk \u00ebsht\u00eb zbardhur fati i 1.462 personave t\u00eb nacionalitetit serb nga territori i Kroacis\u00eb, mes t\u00eb cil\u00ebve jan\u00eb 1.053 civil\u00eb dhe 403 gra. <em>(Burimi: <\/em><a href=\"https:\/\/www.veritas.org.rs\/e-veritas-28-08-2026-saopstenje-za-javnost-povodom-medunarodnog-dana-nestalih-30-avgust\/\"><em>Qendra e Dokumentacionit dhe Informacionit Veritas<\/em><\/a><em>, 28 gusht 2026.)<\/em><\/p>\n<p>&nbsp;<\/p>\n<p>N\u00eb lidhje me luft\u00ebn n\u00eb Kosov\u00eb ende k\u00ebrkohen rreth 1.600 persona. <em>(Burimi: <\/em><a href=\"https:\/\/icmp.int\/news\/progress-in-efforts-to-resolve-missing-persons-cases-from-the-kosovo-conflict\/\"><em>ICMP<\/em><\/a><em>, 27 gusht 2026.)<\/em> Formimi i Komisionit t\u00eb P\u00ebrbashk\u00ebt t\u00eb Serbis\u00eb dhe Kosov\u00ebs dhe takimi i tij i par\u00eb n\u00eb janar 2026 nuk \u00e7uan n\u00eb vendosjen e pun\u00ebs s\u00eb p\u00ebrbashk\u00ebt operative. <em>(Burimi: <\/em><a href=\"https:\/\/www.eeas.europa.eu\/eeas\/statement-eusr-belgrade-pristina-dialogue-occasion-first-trilateral-meeting-joint-commission-missing_en\"><em>EEAS<\/em><\/a><em>, 23 janar 2026.)<\/em> Nuk ka t\u00eb dh\u00ebna publike p\u00ebr verifikime apo zhvarrosje t\u00eb p\u00ebrbashk\u00ebta n\u00eb terren, qasje t\u00eb nd\u00ebrsjell\u00eb n\u00eb lokacione dhe arkiva, ose raste t\u00eb zgjidhura p\u00ebrmes pun\u00ebs s\u00eb p\u00ebrbashk\u00ebt. N\u00eb Serbi nuk ka filluar verifikimi i asnj\u00ebr\u00ebs prej varrezave masive t\u00eb zhvarrosura m\u00eb par\u00eb, p\u00ebr t\u00eb cilat Komisioni i Kosov\u00ebs p\u00ebr Personat e Zhdukur kishte k\u00ebrkuar k\u00ebrkim t\u00eb p\u00ebrs\u00ebritur. <em>(Burimet: shqyrtimi i t\u00eb dh\u00ebnave t\u00eb disponueshme publikisht nga FDH-ja deri m\u00eb 1 shtator 2026; <\/em><a href=\"https:\/\/www.slobodnaevropa.org\/a\/grobnica-novi-pazar-kosovo-nestali-srbija\/33107238.html\"><em>Radio Evropa e Lir\u00eb<\/em><\/a><em>, 5 shtator 2024.)<\/em><\/p>\n<p>&nbsp;<\/p>\n<p>Komisioni Nd\u00ebrkomb\u00ebtar p\u00ebr Personat e Zhdukur (ICMP) njoftoi se, nga shtatori 2024 deri n\u00eb gusht 2026, u kishte dor\u00ebzuar komisioneve kompetente 60 raporte t\u00eb reja p\u00ebr p\u00ebrputhje t\u00eb ADN-s\u00eb, t\u00eb cilat mund\u00ebsojn\u00eb identifikime t\u00eb reja. <em>(Burimi: <\/em><a href=\"https:\/\/icmp.int\/news\/progress-in-efforts-to-resolve-missing-persons-cases-from-the-kosovo-conflict\/\"><em>ICMP<\/em><\/a><em>, 27 gusht 2026.)<\/em><\/p>\n<p>&nbsp;<\/p>\n<p>Sipas t\u00eb dh\u00ebnave t\u00eb Rrjetit t\u00eb Pajtimit REKOM, FDH-s\u00eb dhe FDH Kosov\u00eb, nga korriku 2024 deri m\u00eb 1 shtator 2026 \u00ebsht\u00eb p\u00ebrcaktuar identiteti i s\u00eb paku 33 personave t\u00eb zhdukur. N\u00eb mesin e tyre jan\u00eb 31 shqiptar\u00eb dhe Ru\u017eica \u0160taki\u0107, nj\u00eb grua malazeze nga Gjakova\/\u0110akovica. Identiteti i tyre \u00ebsht\u00eb p\u00ebrcaktuar p\u00ebrmes analiz\u00ebs s\u00eb ADN-s\u00eb t\u00eb kryer nga ICMP-ja. Komisioni i Qeveris\u00eb s\u00eb Serbis\u00eb p\u00ebr Personat e Zhdukur p\u00ebrmendi edhe identifikimin e nj\u00eb personi t\u00eb nacionalitetit rom, por emri i tij, vendi dhe data e zhvarrosjes, si dhe data e identifikimit, nuk jan\u00eb b\u00ebr\u00eb publike. <em>(Burimet: evidenca e Rrjetit t\u00eb Pajtimit REKOM, FDH-s\u00eb dhe FDH Kosov\u00eb, gjendja m\u00eb 1 shtator 2026; Komisioni i Qeveris\u00eb s\u00eb Serbis\u00eb p\u00ebr Personat e Zhdukur, deklarata e Veljko Odalovi\u0107it, 28 gusht 2026.)<\/em><\/p>\n<p><strong>\u00a0<\/strong><\/p>\n<p><strong>Personat e zhdukur t\u00eb identifikuar n\u00eb lidhje me luft\u00ebn n\u00eb Kosov\u00eb: 30 korrik 2024\u20131 shtator 2026<\/strong><\/p>\n<p><em>(Burimi: Baza e t\u00eb dh\u00ebnave \u201cLibri i Kujtimit i Kosov\u00ebs\u201d)<\/em><\/p>\n<p><strong>\u00a0<\/strong><\/p>\n<p><strong>Gani (Rifat dhe Mihane) Baleci<\/strong><\/p>\n<p>&nbsp;<\/p>\n<p>Ganiu vdiq m\u00eb 31 mars 1999 n\u00eb spitalin e Prishtin\u00ebs nga plag\u00ebt e marra kur u p\u00ebrmbys traktori q\u00eb po drejtonte. Menj\u00ebher\u00eb pas luft\u00ebs, familja m\u00ebsoi se ai ishte varrosur n\u00eb varrezat e fshatit Matiqan\/Mati\u010dane, por pas nj\u00eb kohe varri u zhvendos n\u00eb nj\u00eb vend t\u00eb panjohur p\u00ebr familjen. Mbetjet e tij mortore u zhvarros\u00ebn m\u00eb 5 tetor 2023 n\u00eb Matiqan\/Mati\u010dane. Instituti i Mjek\u00ebsis\u00eb Ligjore n\u00eb Prishtin\u00eb e l\u00ebshoi certifikat\u00ebn e vdekjes dhe identifikimit n\u00eb fillim t\u00eb korrikut 2024.<\/p>\n<p>Ganiu u varros m\u00eb 14 korrik 2024 n\u00eb fshatin \u00c7ikatov\u00eb e Re\/Novo \u010cikatovo, komuna Drenas\/Glogovac.<\/p>\n<p><strong>\u00a0<\/strong><\/p>\n<p><strong>Ru\u017eica (Nikola dhe Milosava) \u0160taki\u0107<\/strong><\/p>\n<p>&nbsp;<\/p>\n<p>Deri m\u00eb 8 qershor 1999, Ru\u017eica punonte si ark\u00ebtare n\u00eb nd\u00ebrmarrjen Kompresor n\u00eb Gjakov\u00eb\/\u0110akovica. At\u00eb dit\u00eb koleg\u00ebt e pan\u00eb p\u00ebr her\u00eb t\u00eb fundit. Mbetjet e saj mortore u zhvarros\u00ebn n\u00eb Gjakov\u00eb\/\u0110akovica, por nuk ka t\u00eb dh\u00ebna p\u00ebr vendin e sakt\u00eb. Instituti i Mjek\u00ebsis\u00eb Ligjore n\u00eb Prishtin\u00eb e l\u00ebshoi certifikat\u00ebn e vdekjes dhe identifikimit m\u00eb 16 tetor 2024.<\/p>\n<p>Ajo u varros m\u00eb 11 prill 2025 n\u00eb Gnjili Potok, af\u00ebr Andrijevic\u00ebs n\u00eb Mal t\u00eb Zi, ku \u00ebsht\u00eb varrosur edhe n\u00ebna e saj.<\/p>\n<p><strong>\u00a0<\/strong><\/p>\n<p><strong>Feriz (Haxhi dhe Zoje) Mrasori<\/strong><\/p>\n<p>&nbsp;<\/p>\n<p>Forcat serbe e pushkatuan Ferizin dhe m\u00eb shum\u00eb se 100 burra t\u00eb tjer\u00eb shqiptar\u00eb m\u00eb 31 mars 1999 n\u00eb Pastasell\u00eb\/Pusto Selo. Mbetjet e tij mortore i mori dhe i varrosi nj\u00eb familje nga Savrov\u00eb\/Savrovo, duke besuar se i p\u00ebrkisnin an\u00ebtarit t\u00eb familjes s\u00eb tyre. Nj\u00ebzet e kat\u00ebr vjet m\u00eb von\u00eb, mbetjet e varrosura u zhvarros\u00ebn. Me autopsi u konstatua se shkaku i vdekjes ishte nj\u00eb plag\u00eb tejshpuese nga arma e zjarrit n\u00eb an\u00ebn e djatht\u00eb t\u00eb kafk\u00ebs. Instituti i Mjek\u00ebsis\u00eb Ligjore n\u00eb Prishtin\u00eb e l\u00ebshoi certifikat\u00ebn e vdekjes dhe identifikimit n\u00eb fillim t\u00eb dhjetorit 2024.<\/p>\n<p>Ferizi u varros m\u00eb 18 dhjetor 2024 n\u00eb varrezat e viktimave t\u00eb luft\u00ebs n\u00eb Pastasell\u00eb\/Pusto Selo.<\/p>\n<p><strong>\u00a0<\/strong><\/p>\n<p><strong>Selman (Halit dhe Halumshahe) Dema<\/strong><\/p>\n<p>&nbsp;<\/p>\n<p>Selmani u pa p\u00ebr her\u00eb t\u00eb fundit m\u00eb 4 maj 1999 n\u00eb dyqanin familjar t\u00eb pajisjeve elektrosht\u00ebpiake \u201cIlirajana\u201d n\u00eb Rahovec\/Orahovac, prej nga pjes\u00ebtar\u00ebt e policis\u00eb s\u00eb Republik\u00ebs s\u00eb Serbis\u00eb, n\u00eb prani t\u00eb dr. Vekoslav Simi\u0107it, e mor\u00ebn at\u00eb, bashk\u00ebshorten dhe v\u00ebllan\u00eb e tij. Mbetjet e tij mortore u zhvarros\u00ebn m\u00eb 26 tetor 2023 n\u00eb fshatin Arben\u00eb\/Du\u0161anovo, af\u00ebr Prizrenit. Me autopsi u konstatua se shkaku i vdekjes ishte nj\u00eb plag\u00eb tejshpuese nga arma e zjarrit n\u00eb kok\u00eb. Instituti i Mjek\u00ebsis\u00eb Ligjore n\u00eb Prishtin\u00eb e l\u00ebshoi certifikat\u00ebn e vdekjes dhe identifikimit n\u00eb fillim t\u00eb dhjetorit 2024.<\/p>\n<p>Selmani u varros m\u00eb 21 dhjetor 2024 n\u00eb Rahovec\/Orahovac.<\/p>\n<p><strong>Ismail (Hazir dhe Nazife) Parduzi dhe Ilmi (Fazli dhe Xhyl\u00eb) Aliu<\/strong><\/p>\n<p>&nbsp;<\/p>\n<p>Ata u pan\u00eb p\u00ebr her\u00eb t\u00eb fundit m\u00eb 14 prill 1999, kur pjes\u00ebtar\u00ebt e Sekretariatit t\u00eb Pun\u00ebve t\u00eb Brendshme (SUP) t\u00eb Mitrovic\u00ebs i mor\u00ebn nga sht\u00ebpia e Fahredin Berish\u00ebs, n\u00eb pjes\u00ebn jugore t\u00eb Mitrovic\u00ebs, p\u00ebr nj\u00eb \u201cbised\u00eb informative\u201d.<\/p>\n<p>Mbetjet e tyre mortore u zhvarros\u00ebn n\u00eb vitin 2023 nga varrezat e fshatit Vidimiriq\/Vidomiri\u0107. Instituti i Mjek\u00ebsis\u00eb Ligjore n\u00eb Prishtin\u00eb i l\u00ebshoi certifikatat e vdekjes dhe identifikimit t\u00eb mbetjeve mortore n\u00eb fillim t\u00eb tetorit 2024.<\/p>\n<p>Ismaili u varros m\u00eb 26 tetor 2024 n\u00eb fshatin Vesekofc\/Vesekovce, nd\u00ebrsa Ilmiu m\u00eb 20 dhjetor 2024 n\u00eb fshatin Strofc\/Strovce, komuna Vushtrri\/Vu\u010ditrn.<\/p>\n<p><strong>\u00a0<\/strong><\/p>\n<p><strong>Ramadan (Jonuz dhe Hilmije) Hoxha, Xhavit (Zymer dhe Miradije) Maloku, Xheladin (Jetish dhe Hajrije) Kabashi, Agim (Hysen dhe Elheme) Syla dhe Besim (Bajram dhe Fahrije) Berisha<\/strong><\/p>\n<p>&nbsp;<\/p>\n<p>Pjes\u00ebtar\u00ebt e Ushtris\u00eb s\u00eb Jugosllavis\u00eb (UJ) i pushkatuan Ramadanin, Xhavitin, Xheladinin, Agimin dhe Besimin, si dhe t\u00eb pakt\u00ebn 30 shqiptar\u00eb t\u00eb tjer\u00eb, m\u00eb 30 mars 1999 pran\u00eb murit prej betoni n\u00eb rrug\u00ebn nga fshati Polac\/Poljance n\u00eb drejtim t\u00eb Skenderajt\/Srbica.<\/p>\n<p>Mbetjet mortore t\u00eb Ramadanit, Xhavitit, Agimit dhe Xheladinit u zhvarros\u00ebn n\u00eb vitin 2023 nga varrezat pran\u00eb ish-fabrik\u00ebs s\u00eb municionit n\u00eb Prekaz. T\u00eb dh\u00ebnat e disponueshme tregojn\u00eb se me autopsi u konstatua se shkaku i vdekjes s\u00eb Xhavitit ishte nj\u00eb plag\u00eb tejshpuese nga arma e zjarrit n\u00eb pjes\u00ebn e legenit, nd\u00ebrsa shkaku i vdekjes s\u00eb Besimit ishte nj\u00eb plag\u00eb tejshpuese nga arma e zjarrit n\u00eb kok\u00eb; shkaku i vdekjes s\u00eb Agimit nuk u konstatua. Instituti i Mjek\u00ebsis\u00eb Ligjore n\u00eb Prishtin\u00eb i l\u00ebshoi certifikatat e vdekjes dhe identifikimit t\u00eb mbetjeve mortore t\u00eb Ramadanit, Xhavitit, Agimit dhe Besimit n\u00eb fund t\u00eb shtatorit 2024, nd\u00ebrsa p\u00ebr Xheladinin n\u00eb fillim t\u00eb janarit 2025.<\/p>\n<p>Ramadani u varros m\u00eb 1 tetor 2024 n\u00eb fshatin Domanek\/Domonek. Xhaviti u varros po at\u00eb dit\u00eb n\u00eb fshatin Poluzh\u00eb\/Polu\u017ee, nd\u00ebrsa Agimi dhe Besimi n\u00eb fshatin Shtutic\u00eb\/\u0160tutice. Xheladini u varros m\u00eb 19 janar 2025 n\u00eb varrezat e d\u00ebshmor\u00ebve n\u00eb fshatin Polac\/Poljance.<\/p>\n<p><strong>\u00a0<\/strong><\/p>\n<p><strong>Adem (Hazir dhe Xhev\u00eb) Gashi, Osman (Kadri dhe Nefise) Fejza, Sheremet (Brahim dhe Zoje) Ismajli, Bekim (Hashim dhe Aze) Hasani, Bekim (Muharrem dhe Zyhra) Gashi, Mentor (Xhemail dhe Shukrije) Myrtaj, Vehbi (Pajazit dhe Fetije) Halilaj, Mentor (Maliq dhe Ganimete) Kryeziu, Sahit (Ahmet dhe Xhemile) Gashi, Sabedin (Kadri dhe Nafije) Kryeziu dhe Shk\u00eblzen (Rifat dhe Dinore) Hajdaraj<\/strong><\/p>\n<p>&nbsp;<\/p>\n<p>Ata u pan\u00eb p\u00ebr her\u00eb t\u00eb fundit m\u00eb 2 prill 1999 n\u00eb fshatin Kralan\/Kraljan, n\u00eb nj\u00eb grup prej 95 burrash t\u00eb rinj, t\u00eb cil\u00ebt i ndaluan pjes\u00ebtar\u00ebt e Ushtris\u00eb s\u00eb Jugosllavis\u00eb, nd\u00ebrsa familjet e tyre u detyruan t\u00eb largoheshin p\u00ebr n\u00eb Shqip\u00ebri. Pas luft\u00ebs, n\u00eb shtator 2001, mbetjet mortore t\u00eb 19 burrave u zbuluan n\u00eb nj\u00eb varrez\u00eb masive pran\u00eb liqenit t\u00eb Peru\u0107acit n\u00eb Serbi, nd\u00ebrsa mbetjet e 16 burrave n\u00eb varrezat n\u00eb Gjakov\u00eb\/\u0110akovica dhe Kralan\/Kraljan. Mbetjet e tyre mortore u zhvarros\u00ebn m\u00eb 19 tetor 2023 n\u00eb fshatin Bistrazhin\/Bistra\u017ein. Me autopsi nuk u konstatua nj\u00eb shkak i caktuar i vdekjes. Instituti i Mjek\u00ebsis\u00eb Ligjore n\u00eb Prishtin\u00eb i l\u00ebshoi certifikatat e vdekjes dhe identifikimit t\u00eb mbetjeve mortore m\u00eb 14 shkurt 2025.<\/p>\n<p>Adem Gashi, Osman Fejza, Sheremet Ismajli, Bekim Hasani, Sahit Gashi, Bekim Gashi dhe Shk\u00eblzen Hajdaraj u varros\u00ebn m\u00eb 4 prill 2025 n\u00eb varrezat e viktimave t\u00eb luft\u00ebs Kodra e Kuqe\/Crveni breg, n\u00eb fshatin Grabanic\u00eb\/Grabanica. Mentor Myrtaj u varros po at\u00eb dit\u00eb n\u00eb fshatin Jashanic\u00eb\/Jo\u0161anica, Mentor Kryeziu n\u00eb fshatin Bubavec\/Bobovac, nd\u00ebrsa Vehbi Halilaj n\u00eb fshatin Llapqev\u00eb\/Lap\u010devo. Sabedin Kryeziu u varros m\u00eb 21 mars 2025 n\u00eb fshatin Mleqan\/Mle\u010dan.<\/p>\n<p><strong>Elhami (Qamili dhe Habibe) Tahiraga<\/strong><\/p>\n<p>&nbsp;<\/p>\n<p>Elhami u vra m\u00eb 18 korrik 1998 pran\u00eb pomp\u00ebs s\u00eb benzin\u00ebs n\u00eb hyrje t\u00eb Rahovecit\/Orahovac. Trupi i tij mbeti n\u00eb automjetin mbi t\u00eb cilin kishin q\u00eblluar pjes\u00ebtar\u00ebt e forcave serbe. Mbetjet mortore u zhvarros\u00ebn m\u00eb 9 shtator 2003 n\u00eb Rahovec\/Orahovac. Me autopsi nuk u konstatua nj\u00eb shkak i caktuar i vdekjes. Instituti i Mjek\u00ebsis\u00eb Ligjore n\u00eb Prishtin\u00eb e l\u00ebshoi certifikat\u00ebn e vdekjes dhe identifikimit m\u00eb 18 shkurt 2025.<\/p>\n<p>Ai u varros m\u00eb 25 prill 2025 n\u00eb Rahovec\/Orahovac.<\/p>\n<p><strong>\u00a0<\/strong><\/p>\n<p><strong>Xhemali (Bajram dhe Sabrije) Kabashi<\/strong><\/p>\n<p>&nbsp;<\/p>\n<p>Mbetjet mortore u zhvarros\u00ebn n\u00eb dy raste t\u00eb ndara, m\u00eb 27 korrik 2000 dhe 29 tetor 2024, nga varrezat n\u00eb fshatin Sopij\u00eb\/Sopine, komuna Suharek\u00eb\/Suva Reka. Me autopsi u konstatua se shkaku i vdekjes ishte nj\u00eb plag\u00eb tejshpuese nga arma e zjarrit n\u00eb pjes\u00ebn e barkut. Instituti i Mjek\u00ebsis\u00eb Ligjore n\u00eb Prishtin\u00eb e l\u00ebshoi certifikat\u00ebn e vdekjes dhe identifikimit m\u00eb 3 n\u00ebntor 2025.<\/p>\n<p>Ai u varros m\u00eb 16 n\u00ebntor 2025 n\u00eb varrezat e fshatit Sopij\u00eb\/Sopine.<\/p>\n<p><strong>\u00a0<\/strong><\/p>\n<p><strong>Rasim (Mehmet dhe Rukije) Koci<\/strong><\/p>\n<p>&nbsp;<\/p>\n<p>Rasimin e pa p\u00ebr her\u00eb t\u00eb fundit i af\u00ebrmi i tij Hysen Shoshi m\u00eb 3 prill 1999 n\u00eb fshatin Skivjan\/Skivjane, kur Rasimi u ndal tek ai gjat\u00eb rrug\u00ebs p\u00ebr n\u00eb fshatin Ramoc. Ishte lagur nga shiu. Q\u00ebndroi kat\u00ebr or\u00eb, derisa iu than\u00eb rrobat. Hyseni i dha nj\u00eb bi\u00e7iklet\u00eb dhe Rasimi u nis drejt Ramocit, por nuk arriti atje. Mbetjet e tij mortore u zhvarros\u00ebn m\u00eb 17 tetor 2003 pran\u00eb lumit Drin\/Drim n\u00eb Krush\u00eb t\u00eb Vog\u00ebl\/Mala Kru\u0161a, komuna Prizren. Me autopsi nuk u konstatua shkaku i vdekjes. Instituti i Mjek\u00ebsis\u00eb Ligjore n\u00eb Prishtin\u00eb e l\u00ebshoi certifikat\u00ebn e vdekjes dhe identifikimit m\u00eb 22 janar 2026.<\/p>\n<p>Ai u varros m\u00eb 31 janar 2026 n\u00eb varrezat e viktimave t\u00eb luft\u00ebs n\u00eb lagjen \u00c7abrat\/\u010cabrat n\u00eb Gjakov\u00eb\/\u0110akovica.<\/p>\n<p><strong>\u00a0<\/strong><\/p>\n<p><strong>Agron (Sdari dhe Zejnepe) Gjocaj<\/strong><\/p>\n<p>&nbsp;<\/p>\n<p>Agroni u pa p\u00ebr her\u00eb t\u00eb fundit m\u00eb 16 gusht 1998, kur, si pjes\u00eb e nj\u00eb grupi t\u00eb pjes\u00ebtar\u00ebve t\u00eb U\u00c7K-s\u00eb, hyri n\u00eb nj\u00eb fush\u00eb t\u00eb minuar n\u00eb malin Bogi\u00e7evica\/Bogi\u0107evica. Mbetjet e tij mortore u zhvarros\u00ebn m\u00eb 28 qershor 2025 n\u00eb varrezat n\u00eb Gjakov\u00eb\/\u0110akovica. Shkaku i vdekjes nuk u konstatua. Instituti i Mjek\u00ebsis\u00eb Ligjore n\u00eb Prishtin\u00eb e l\u00ebshoi certifikat\u00ebn e vdekjes dhe identifikimit m\u00eb 4 shkurt 2026.<\/p>\n<p>Ai u varros m\u00eb 21 shkurt 2026 n\u00eb Kompleksin Memorial t\u00eb D\u00ebshmor\u00ebve n\u00eb Baballoq\/Babalo\u0107, komuna De\u00e7an\/De\u010dane.<\/p>\n<p><strong>\u00a0<\/strong><\/p>\n<p><strong>Masar (Ymer dhe Zoj\u00eb) Dushi, Bali (Pajazit dhe Sofije) Gashi dhe Fadil (Shaban dhe Hamide) Elezaj<\/strong><\/p>\n<p>&nbsp;<\/p>\n<p>Ata u pan\u00eb p\u00ebr her\u00eb t\u00eb fundit m\u00eb 4 prill 1999 n\u00eb fshatin Kralan\/Kraljan, n\u00eb nj\u00eb grup prej 95 civil\u00ebsh t\u00eb rinj shqiptar\u00eb, t\u00eb cil\u00ebt i ndaluan forcat serbe, nd\u00ebrsa familjet e tyre u urdh\u00ebruan t\u00eb shkonin drejt Shqip\u00ebris\u00eb. Mbetjet e tyre mortore u zhvarros\u00ebn m\u00eb 19 tetor 2023 n\u00eb Bistrazhin\/Bistra\u017ein. Shkaku i vdekjes nuk u konstatua. Instituti i Mjek\u00ebsis\u00eb Ligjore n\u00eb Prishtin\u00eb i l\u00ebshoi certifikatat e vdekjes dhe identifikimit t\u00eb mbetjeve mortore m\u00eb 4 shkurt 2026.<\/p>\n<p>Ata u varros\u00ebn m\u00eb 27 shkurt 2026 n\u00eb varrezat e d\u00ebshmor\u00ebve Kodra e Kuqe\/Crveni breg, n\u00eb fshatin Grabanic\u00eb\/Grabanica.<\/p>\n<p><strong>Myrteza (Skender dhe Dudije) Dylhasi<\/strong><\/p>\n<p>&nbsp;<\/p>\n<p>Rreth mesdit\u00ebs s\u00eb 27 marsit 1999, Myrteza, babai i tij Skenderi, Manduha Jetishi dhe dy djemt\u00eb e saj, Fatosi dhe Shpendi, ndodheshin n\u00eb sht\u00ebpin\u00eb e fqinjit Halim Qerkezi n\u00eb Gjakov\u00eb\/\u0110akovica, kur erdh\u00ebn tre polic\u00eb t\u00eb maskuar. Nga sht\u00ebpia i mor\u00ebn Halimin dhe kat\u00ebr djemt\u00eb e tij, t\u00eb af\u00ebrmit e tyre Vegimin dhe Shpetimin, Skenderin dhe Myrtez\u00ebn, si dhe djemt\u00eb e Manduhas, Fatosin dhe Shpendin.<\/p>\n<p>Mbetjet mortore t\u00eb Myrtez\u00ebs u zhvarros\u00ebn n\u00eb fshatin Gjonaj\/\u0110onaj, pran\u00eb lumit Drin\/Drim. Ende nuk jan\u00eb identifikuar mbetjet mortore t\u00eb babait t\u00eb Myrtez\u00ebs, Skenderit, t\u00eb Halimit dhe djemve t\u00eb tij Armendit dhe Ardianit, si dhe t\u00eb Shpetimit dhe Shpendit.<\/p>\n<p>Myrteza u varros m\u00eb 6 mars 2026 n\u00eb varrezat e Kompleksit Memorial \u00c7abrat\/\u010cabrat n\u00eb Gjakov\u00eb\/\u0110akovica.<\/p>\n<p><strong>\u00a0<\/strong><\/p>\n<p><strong>Sinan (Fadil dhe Lumnie) Dauti<\/strong><\/p>\n<p>&nbsp;<\/p>\n<p>N\u00ebnt\u00ebvje\u00e7ari Sinan u plagos r\u00ebnd\u00eb kur forcat serbe granatuan Prekazin e Ep\u00ebrm\/Gornje Prekaze, komuna Skenderaj\/Srbica, m\u00eb 12 prill 1999. Ai vdiq nga plag\u00ebt n\u00eb spitalin n\u00eb Mitrovic\u00eb\/Mitrovica. Mbetjet e tij mortore u zhvarros\u00ebn m\u00eb 27 n\u00ebntor 2024 nga varrezat n\u00eb Suhodoll\/Suvi Do, komuna Mitrovic\u00eb\/Mitrovica.<\/p>\n<p>Instituti i Mjek\u00ebsis\u00eb Ligjore n\u00eb Prishtin\u00eb e l\u00ebshoi certifikat\u00ebn e vdekjes dhe identifikimit t\u00eb mbetjeve mortore m\u00eb 14 prill 2026. Ai u varros m\u00eb 18 prill 2026 n\u00eb varrezat e fshatit Prekaz i Ep\u00ebrm\/Gornje Prekaze.<\/p>\n<p><strong>\u00a0<\/strong><\/p>\n<p><strong>Hajdar (Sali dhe Ajshe) Pepaj<\/strong><\/p>\n<p>&nbsp;<\/p>\n<p>Hajdari u vra m\u00eb 22 maj 1999 n\u00eb Burgun e Dubrav\u00ebs, af\u00ebr Istogut\/Istok, kur pjes\u00ebtar\u00ebt e nj\u00eb nj\u00ebsie t\u00eb Policis\u00eb Speciale t\u00eb Ministris\u00eb s\u00eb Pun\u00ebve t\u00eb Brendshme t\u00eb Serbis\u00eb vran\u00eb m\u00eb shum\u00eb se 60 t\u00eb burgosur shqiptar\u00eb. N\u00eb varrezat e t\u00eb burgosurve, bashk\u00ebshortja e Hajdarit e njohu veshjen e tij n\u00eb mesin e rrobave t\u00eb ekspozuara t\u00eb t\u00eb burgosurve t\u00eb varrosur, por trupi i tij nuk ishte n\u00eb varrin e sh\u00ebnuar me t\u00eb nj\u00ebjtin num\u00ebr si rrobat.<\/p>\n<p>Mbetjet mortore t\u00eb Hajdarit u zhvarros\u00ebn m\u00eb 11 korrik 2025 n\u00eb fshatin Pusat e Nik\u00ebs\/Pustenik, komuna Hani i Elezit\/\u0110eneral Jankovi\u0107. Me autopsi u konstatua se shkaku i vdekjes ishte nj\u00eb d\u00ebmtim i shpatull\u00ebs i shkaktuar nga arma e zjarrit. Instituti i Mjek\u00ebsis\u00eb Ligjore n\u00eb Prishtin\u00eb e l\u00ebshoi certifikat\u00ebn e vdekjes dhe identifikimit m\u00eb 20 qershor 2026.<\/p>\n<p>Ai u varros m\u00eb 21 qershor 2026 n\u00eb varrezat e fshatit Kodrali\/Kodralije.<\/p>\n<p><strong>\u00a0<\/strong><\/p>\n<p><strong>Zhvarrosja n\u00eb komun\u00ebn e Zubin Potokut<\/strong><\/p>\n<p>&nbsp;<\/p>\n<p>N\u00eb gusht 2026, n\u00eb fshatrat Kallud\u00ebr\/Kaludra dhe Jabuk\u00eb\/Jabuka u zhvarros\u00ebn mbetjet mortore t\u00eb s\u00eb paku 23 personave. Ka indikacione serioze se mbetjet u p\u00ebrkasin civil\u00ebve shqiptar\u00eb q\u00eb u nis\u00ebn nga Mitrovica m\u00eb 19 prill 1999, p\u00ebr t\u2019u strehuar n\u00eb Mal t\u00eb Zi. Verifikimi i informacionit p\u00ebr k\u00ebt\u00eb varrez\u00eb zgjati m\u00eb shum\u00eb se dy dekada, ndon\u00ebse Ministria e Pun\u00ebve t\u00eb Brendshme e Serbis\u00eb, UNMIK-u dhe Policia e Kosov\u00ebs dispononin t\u00eb dh\u00ebna p\u00ebr krimin dhe vendin e mundsh\u00ebm t\u00eb varrimit. <em>(Burimet: <\/em><a href=\"https:\/\/kryeministri.rks-gov.net\/en\/news\/prezantohet-raporti-permbledhes-i-komisionit-qeveritar-per-persona-te-zhdukur-per-germimet-ne-komunen-e-zubin-potokut\/\"><em>Komisioni i Qeveris\u00eb s\u00eb Kosov\u00ebs p\u00ebr Personat e Zhdukur<\/em><\/a><em>, 24 gusht 2026; Arkivi i FDH-s\u00eb.)<\/em><\/p>\n<p><strong>\u00a0<\/strong><\/p>\n<p><strong>P\u00ebrfundim<\/strong><\/p>\n<p>&nbsp;<\/p>\n<p>Sh\u00ebnimi i sivjetm\u00eb i Dit\u00ebs Nd\u00ebrkomb\u00ebtare t\u00eb t\u00eb Zhdukurve tregoi p\u00ebrs\u00ebri se personat e zhdukur n\u00eb vendet e ish-Jugosllavis\u00eb vazhdojn\u00eb t\u00eb ndahen sipas p\u00ebrkat\u00ebsis\u00eb komb\u00ebtare. Politikan\u00ebt dhe p\u00ebrfaq\u00ebsuesit e shoqatave t\u00eb familjeve flasin p\u00ebr t\u00eb drejt\u00ebn e \u00e7do familjeje p\u00ebr t\u00eb v\u00ebrtet\u00ebn, por n\u00eb praktik\u00eb u drejtohen vet\u00ebm viktimave \u201ct\u00eb tyre\u201d dhe p\u00ebrgjegj\u00ebsin\u00eb p\u00ebr ngecjen ia atribuojn\u00eb vet\u00ebm pal\u00ebs tjet\u00ebr.<\/p>\n<p>N\u00eb Serbi, Dita Nd\u00ebrkomb\u00ebtare e t\u00eb Zhdukurve u la n\u00eb hije nga glorifikimi publik i Ratko Mladi\u0107it, i d\u00ebnuar me vendim t\u00eb form\u00ebs s\u00eb prer\u00eb p\u00ebr gjenocid dhe krime t\u00eb tjera t\u00eb luft\u00ebs. Kjo nuk \u00ebsht\u00eb vet\u00ebm falsifikim i s\u00eb kaluar\u00ebs, por edhe dehumanizim i viktimave t\u00eb krimeve n\u00eb Bosnj\u00eb e Hercegovin\u00eb: emrat dhe fatet e tyre, si dhe vuajtja e familjeve t\u00eb tyre, u hoq\u00ebn nga hap\u00ebsira publike, n\u00eb m\u00ebnyr\u00eb q\u00eb n\u00eb qend\u00ebr t\u00eb saj t\u00eb vendosej nj\u00eb njeri i d\u00ebnuar p\u00ebr gjenocid, vrasje, p\u00ebrndjekje dhe terrorizim t\u00eb civil\u00ebve, i cili iu shmang drejt\u00ebsis\u00eb p\u00ebr 16 vjet.<\/p>\n<p>&nbsp;<\/p>\n<p>Komisioni i P\u00ebrbashk\u00ebt i Serbis\u00eb dhe Kosov\u00ebs mbeti pa rezultate operative: nuk u krye asnj\u00eb verifikim i p\u00ebrbashk\u00ebt n\u00eb terren, nuk u mund\u00ebsua qasja e nd\u00ebrsjell\u00eb n\u00eb arkiva dhe lokacione, nd\u00ebrsa n\u00eb Serbi nuk filloi k\u00ebrkimi i p\u00ebrs\u00ebritur i varrezave masive t\u00eb zhvarrosura m\u00eb par\u00eb, t\u00eb cilin e kishte k\u00ebrkuar komisioni i Kosov\u00ebs. Nj\u00eb komision q\u00eb nuk \u00e7on n\u00eb shk\u00ebmbimin e t\u00eb dh\u00ebnave dhe gjetjen e mbetjeve mortore nuk p\u00ebrb\u00ebn bashk\u00ebpunim, por vet\u00ebm simulimin e tij.<\/p>\n<p>&nbsp;<\/p>\n<p>E drejta p\u00ebr t\u00eb v\u00ebrtet\u00ebn nuk ka komb\u00ebsi. Kur shteti e glorifikon publikisht nj\u00eb person t\u00eb d\u00ebnuar p\u00ebr gjenocid, nd\u00ebrsa institucionet i ruajn\u00eb arkivat dhe informacionet si pron\u00eb komb\u00ebtare, t\u00eb zhdukurve u mohohet dukshm\u00ebria, viktimave dinjiteti njer\u00ebzor dhe familjeve t\u00eb tyre e drejta p\u00ebr p\u00ebrgjigje.<\/p>\n<p>&nbsp;<\/p>\n<p>Nata\u0161a Kandi\u0107<\/p>\n<p>Rrjeti i Pajtimit REKOM, FDH dhe FDH Kosov\u00eb<\/p>\n","protected":false},"excerpt":{"rendered":"N\u00eb vendet e ish-Jugosllavis\u00eb, Dita Nd\u00ebrkomb\u00ebtare e t\u00eb Zhdukurve, 30 gusht 2026, u sh\u00ebnua kryesisht si nj\u00eb detyrim protokollar. Deklaratat e kujdesit p\u00ebr t\u00eb gjith\u00eb t\u00eb zhdukurit nuk u shoq\u00ebruan me k\u00ebrkesa t\u00eb p\u00ebrbashk\u00ebta, marr\u00ebveshje p\u00ebr bashk\u00ebpunim apo qasje n\u00eb materialet arkivore, t\u00eb cilat shtetet i trajtojn\u00eb si \u00e7\u00ebshtje t\u00eb \u201cinteresit komb\u00ebtar\u201d.","protected":false},"author":119,"featured_media":191570,"comment_status":"closed","ping_status":"open","sticky":false,"template":"","format":"standard","meta":{"_acf_changed":false,"footnotes":""},"categories":[2652,1806],"tags":[],"class_list":["post-191612","post","type-post","status-publish","format-standard","has-post-thumbnail","hentry","category-frontpage-sq","category-lajme"],"acf":[],"yoast_head":"<!-- This site is optimized with the Yoast SEO plugin v25.6 - https:\/\/yoast.com\/wordpress\/plugins\/seo\/ -->\n<title>Dita Nd\u00ebrkomb\u00ebtare e t\u00eb Zhdukurve n\u00ebn hijen e vdekjes s\u00eb nj\u00eb t\u00eb d\u00ebnuari p\u00ebr gjenocid - REKOM ~ KOMRA ~ RECOM<\/title>\n<meta name=\"robots\" content=\"index, follow, max-snippet:-1, max-image-preview:large, max-video-preview:-1\" \/>\n<link rel=\"canonical\" href=\"https:\/\/www.recom.link\/sq\/dita-nderkombetare-e-te-zhdukurve-nen-hijen-e-vdekjes-se-nje-te-denuari-per-gjenocid\/\" \/>\n<meta property=\"og:locale\" content=\"sq_AL\" \/>\n<meta property=\"og:type\" content=\"article\" \/>\n<meta property=\"og:title\" content=\"Dita Nd\u00ebrkomb\u00ebtare e t\u00eb Zhdukurve n\u00ebn hijen e vdekjes s\u00eb nj\u00eb t\u00eb d\u00ebnuari p\u00ebr gjenocid - REKOM ~ KOMRA ~ RECOM\" \/>\n<meta property=\"og:description\" content=\"N\u00eb vendet e ish-Jugosllavis\u00eb, Dita Nd\u00ebrkomb\u00ebtare e t\u00eb Zhdukurve, 30 gusht 2026, u sh\u00ebnua kryesisht si nj\u00eb detyrim protokollar. Deklaratat e kujdesit p\u00ebr t\u00eb gjith\u00eb t\u00eb zhdukurit nuk u shoq\u00ebruan me k\u00ebrkesa t\u00eb p\u00ebrbashk\u00ebta, marr\u00ebveshje p\u00ebr bashk\u00ebpunim apo qasje n\u00eb materialet arkivore, t\u00eb cilat shtetet i trajtojn\u00eb si \u00e7\u00ebshtje t\u00eb \u201cinteresit komb\u00ebtar\u201d.\" \/>\n<meta property=\"og:url\" content=\"https:\/\/www.recom.link\/sq\/dita-nderkombetare-e-te-zhdukurve-nen-hijen-e-vdekjes-se-nje-te-denuari-per-gjenocid\/\" \/>\n<meta property=\"og:site_name\" content=\"REKOM ~ KOMRA ~ RECOM\" \/>\n<meta property=\"article:publisher\" content=\"https:\/\/www.facebook.com\/ZaREKOM.PerKOMRA.ForRECOM\/\" \/>\n<meta property=\"article:published_time\" content=\"2026-09-03T14:28:27+00:00\" \/>\n<meta property=\"article:modified_time\" content=\"2026-09-03T14:31:10+00:00\" \/>\n<meta property=\"og:image\" content=\"https:\/\/www.recom.link\/wp-content\/uploads\/2026\/07\/komra.link-slide.jpg\" \/>\n\t<meta property=\"og:image:width\" content=\"1280\" \/>\n\t<meta property=\"og:image:height\" content=\"960\" \/>\n\t<meta property=\"og:image:type\" content=\"image\/jpeg\" \/>\n<meta name=\"author\" content=\"HLC Administrator\" \/>\n<meta name=\"twitter:card\" content=\"summary_large_image\" \/>\n<meta name=\"twitter:creator\" content=\"@REKOM_KOMRA\" \/>\n<meta name=\"twitter:site\" content=\"@REKOM_KOMRA\" \/>\n<meta name=\"twitter:label1\" content=\"Written by\" \/>\n\t<meta name=\"twitter:data1\" content=\"HLC Administrator\" \/>\n\t<meta name=\"twitter:label2\" content=\"Est. reading time\" \/>\n\t<meta name=\"twitter:data2\" content=\"16 minuta\" \/>\n<script type=\"application\/ld+json\" class=\"yoast-schema-graph\">{\"@context\":\"https:\/\/schema.org\",\"@graph\":[{\"@type\":\"WebPage\",\"@id\":\"https:\/\/www.recom.link\/sq\/dita-nderkombetare-e-te-zhdukurve-nen-hijen-e-vdekjes-se-nje-te-denuari-per-gjenocid\/\",\"url\":\"https:\/\/www.recom.link\/sq\/dita-nderkombetare-e-te-zhdukurve-nen-hijen-e-vdekjes-se-nje-te-denuari-per-gjenocid\/\",\"name\":\"Dita Nd\u00ebrkomb\u00ebtare e t\u00eb Zhdukurve n\u00ebn hijen e vdekjes s\u00eb nj\u00eb t\u00eb d\u00ebnuari p\u00ebr gjenocid - REKOM ~ KOMRA ~ RECOM\",\"isPartOf\":{\"@id\":\"https:\/\/www.recom.link\/en\/#website\"},\"primaryImageOfPage\":{\"@id\":\"https:\/\/www.recom.link\/sq\/dita-nderkombetare-e-te-zhdukurve-nen-hijen-e-vdekjes-se-nje-te-denuari-per-gjenocid\/#primaryimage\"},\"image\":{\"@id\":\"https:\/\/www.recom.link\/sq\/dita-nderkombetare-e-te-zhdukurve-nen-hijen-e-vdekjes-se-nje-te-denuari-per-gjenocid\/#primaryimage\"},\"thumbnailUrl\":\"https:\/\/www.recom.link\/wp-content\/uploads\/2026\/07\/komra.link-slide.jpg\",\"datePublished\":\"2026-09-03T14:28:27+00:00\",\"dateModified\":\"2026-09-03T14:31:10+00:00\",\"author\":{\"@id\":\"https:\/\/www.recom.link\/en\/#\/schema\/person\/50c4297d8319599d2f438cb549eeb7b6\"},\"breadcrumb\":{\"@id\":\"https:\/\/www.recom.link\/sq\/dita-nderkombetare-e-te-zhdukurve-nen-hijen-e-vdekjes-se-nje-te-denuari-per-gjenocid\/#breadcrumb\"},\"inLanguage\":\"sq\",\"potentialAction\":[{\"@type\":\"ReadAction\",\"target\":[\"https:\/\/www.recom.link\/sq\/dita-nderkombetare-e-te-zhdukurve-nen-hijen-e-vdekjes-se-nje-te-denuari-per-gjenocid\/\"]}]},{\"@type\":\"ImageObject\",\"inLanguage\":\"sq\",\"@id\":\"https:\/\/www.recom.link\/sq\/dita-nderkombetare-e-te-zhdukurve-nen-hijen-e-vdekjes-se-nje-te-denuari-per-gjenocid\/#primaryimage\",\"url\":\"https:\/\/www.recom.link\/wp-content\/uploads\/2026\/07\/komra.link-slide.jpg\",\"contentUrl\":\"https:\/\/www.recom.link\/wp-content\/uploads\/2026\/07\/komra.link-slide.jpg\",\"width\":1280,\"height\":960},{\"@type\":\"BreadcrumbList\",\"@id\":\"https:\/\/www.recom.link\/sq\/dita-nderkombetare-e-te-zhdukurve-nen-hijen-e-vdekjes-se-nje-te-denuari-per-gjenocid\/#breadcrumb\",\"itemListElement\":[{\"@type\":\"ListItem\",\"position\":1,\"name\":\"Home\",\"item\":\"https:\/\/www.recom.link\/en\/\"},{\"@type\":\"ListItem\",\"position\":2,\"name\":\"Dita Nd\u00ebrkomb\u00ebtare e t\u00eb Zhdukurve n\u00ebn hijen e vdekjes s\u00eb nj\u00eb t\u00eb d\u00ebnuari p\u00ebr gjenocid\"}]},{\"@type\":\"WebSite\",\"@id\":\"https:\/\/www.recom.link\/en\/#website\",\"url\":\"https:\/\/www.recom.link\/en\/\",\"name\":\"REKOM ~ KOMRA ~ RECOM\",\"description\":\"\",\"potentialAction\":[{\"@type\":\"SearchAction\",\"target\":{\"@type\":\"EntryPoint\",\"urlTemplate\":\"https:\/\/www.recom.link\/en\/?s={search_term_string}\"},\"query-input\":{\"@type\":\"PropertyValueSpecification\",\"valueRequired\":true,\"valueName\":\"search_term_string\"}}],\"inLanguage\":\"sq\"},{\"@type\":\"Person\",\"@id\":\"https:\/\/www.recom.link\/en\/#\/schema\/person\/50c4297d8319599d2f438cb549eeb7b6\",\"name\":\"HLC Administrator\",\"image\":{\"@type\":\"ImageObject\",\"inLanguage\":\"sq\",\"@id\":\"https:\/\/www.recom.link\/en\/#\/schema\/person\/image\/\",\"url\":\"https:\/\/secure.gravatar.com\/avatar\/bc1b075d137bf993746277fd93f94367?s=96&d=mm&r=g\",\"contentUrl\":\"https:\/\/secure.gravatar.com\/avatar\/bc1b075d137bf993746277fd93f94367?s=96&d=mm&r=g\",\"caption\":\"HLC Administrator\"},\"url\":\"https:\/\/www.recom.link\/sq\/author\/hlcadmin\/\"}]}<\/script>\n<!-- \/ Yoast SEO plugin. -->","yoast_head_json":{"title":"Dita Nd\u00ebrkomb\u00ebtare e t\u00eb Zhdukurve n\u00ebn hijen e vdekjes s\u00eb nj\u00eb t\u00eb d\u00ebnuari p\u00ebr gjenocid - REKOM ~ KOMRA ~ RECOM","robots":{"index":"index","follow":"follow","max-snippet":"max-snippet:-1","max-image-preview":"max-image-preview:large","max-video-preview":"max-video-preview:-1"},"canonical":"https:\/\/www.recom.link\/sq\/dita-nderkombetare-e-te-zhdukurve-nen-hijen-e-vdekjes-se-nje-te-denuari-per-gjenocid\/","og_locale":"sq_AL","og_type":"article","og_title":"Dita Nd\u00ebrkomb\u00ebtare e t\u00eb Zhdukurve n\u00ebn hijen e vdekjes s\u00eb nj\u00eb t\u00eb d\u00ebnuari p\u00ebr gjenocid - REKOM ~ KOMRA ~ RECOM","og_description":"N\u00eb vendet e ish-Jugosllavis\u00eb, Dita Nd\u00ebrkomb\u00ebtare e t\u00eb Zhdukurve, 30 gusht 2026, u sh\u00ebnua kryesisht si nj\u00eb detyrim protokollar. Deklaratat e kujdesit p\u00ebr t\u00eb gjith\u00eb t\u00eb zhdukurit nuk u shoq\u00ebruan me k\u00ebrkesa t\u00eb p\u00ebrbashk\u00ebta, marr\u00ebveshje p\u00ebr bashk\u00ebpunim apo qasje n\u00eb materialet arkivore, t\u00eb cilat shtetet i trajtojn\u00eb si \u00e7\u00ebshtje t\u00eb \u201cinteresit komb\u00ebtar\u201d.","og_url":"https:\/\/www.recom.link\/sq\/dita-nderkombetare-e-te-zhdukurve-nen-hijen-e-vdekjes-se-nje-te-denuari-per-gjenocid\/","og_site_name":"REKOM ~ KOMRA ~ RECOM","article_publisher":"https:\/\/www.facebook.com\/ZaREKOM.PerKOMRA.ForRECOM\/","article_published_time":"2026-09-03T14:28:27+00:00","article_modified_time":"2026-09-03T14:31:10+00:00","og_image":[{"width":1280,"height":960,"url":"https:\/\/www.recom.link\/wp-content\/uploads\/2026\/07\/komra.link-slide.jpg","type":"image\/jpeg"}],"author":"HLC Administrator","twitter_card":"summary_large_image","twitter_creator":"@REKOM_KOMRA","twitter_site":"@REKOM_KOMRA","twitter_misc":{"Written by":"HLC Administrator","Est. reading time":"16 minuta"},"schema":{"@context":"https:\/\/schema.org","@graph":[{"@type":"WebPage","@id":"https:\/\/www.recom.link\/sq\/dita-nderkombetare-e-te-zhdukurve-nen-hijen-e-vdekjes-se-nje-te-denuari-per-gjenocid\/","url":"https:\/\/www.recom.link\/sq\/dita-nderkombetare-e-te-zhdukurve-nen-hijen-e-vdekjes-se-nje-te-denuari-per-gjenocid\/","name":"Dita Nd\u00ebrkomb\u00ebtare e t\u00eb Zhdukurve n\u00ebn hijen e vdekjes s\u00eb nj\u00eb t\u00eb d\u00ebnuari p\u00ebr gjenocid - REKOM ~ KOMRA ~ RECOM","isPartOf":{"@id":"https:\/\/www.recom.link\/en\/#website"},"primaryImageOfPage":{"@id":"https:\/\/www.recom.link\/sq\/dita-nderkombetare-e-te-zhdukurve-nen-hijen-e-vdekjes-se-nje-te-denuari-per-gjenocid\/#primaryimage"},"image":{"@id":"https:\/\/www.recom.link\/sq\/dita-nderkombetare-e-te-zhdukurve-nen-hijen-e-vdekjes-se-nje-te-denuari-per-gjenocid\/#primaryimage"},"thumbnailUrl":"https:\/\/www.recom.link\/wp-content\/uploads\/2026\/07\/komra.link-slide.jpg","datePublished":"2026-09-03T14:28:27+00:00","dateModified":"2026-09-03T14:31:10+00:00","author":{"@id":"https:\/\/www.recom.link\/en\/#\/schema\/person\/50c4297d8319599d2f438cb549eeb7b6"},"breadcrumb":{"@id":"https:\/\/www.recom.link\/sq\/dita-nderkombetare-e-te-zhdukurve-nen-hijen-e-vdekjes-se-nje-te-denuari-per-gjenocid\/#breadcrumb"},"inLanguage":"sq","potentialAction":[{"@type":"ReadAction","target":["https:\/\/www.recom.link\/sq\/dita-nderkombetare-e-te-zhdukurve-nen-hijen-e-vdekjes-se-nje-te-denuari-per-gjenocid\/"]}]},{"@type":"ImageObject","inLanguage":"sq","@id":"https:\/\/www.recom.link\/sq\/dita-nderkombetare-e-te-zhdukurve-nen-hijen-e-vdekjes-se-nje-te-denuari-per-gjenocid\/#primaryimage","url":"https:\/\/www.recom.link\/wp-content\/uploads\/2026\/07\/komra.link-slide.jpg","contentUrl":"https:\/\/www.recom.link\/wp-content\/uploads\/2026\/07\/komra.link-slide.jpg","width":1280,"height":960},{"@type":"BreadcrumbList","@id":"https:\/\/www.recom.link\/sq\/dita-nderkombetare-e-te-zhdukurve-nen-hijen-e-vdekjes-se-nje-te-denuari-per-gjenocid\/#breadcrumb","itemListElement":[{"@type":"ListItem","position":1,"name":"Home","item":"https:\/\/www.recom.link\/en\/"},{"@type":"ListItem","position":2,"name":"Dita Nd\u00ebrkomb\u00ebtare e t\u00eb Zhdukurve n\u00ebn hijen e vdekjes s\u00eb nj\u00eb t\u00eb d\u00ebnuari p\u00ebr gjenocid"}]},{"@type":"WebSite","@id":"https:\/\/www.recom.link\/en\/#website","url":"https:\/\/www.recom.link\/en\/","name":"REKOM ~ KOMRA ~ RECOM","description":"","potentialAction":[{"@type":"SearchAction","target":{"@type":"EntryPoint","urlTemplate":"https:\/\/www.recom.link\/en\/?s={search_term_string}"},"query-input":{"@type":"PropertyValueSpecification","valueRequired":true,"valueName":"search_term_string"}}],"inLanguage":"sq"},{"@type":"Person","@id":"https:\/\/www.recom.link\/en\/#\/schema\/person\/50c4297d8319599d2f438cb549eeb7b6","name":"HLC Administrator","image":{"@type":"ImageObject","inLanguage":"sq","@id":"https:\/\/www.recom.link\/en\/#\/schema\/person\/image\/","url":"https:\/\/secure.gravatar.com\/avatar\/bc1b075d137bf993746277fd93f94367?s=96&d=mm&r=g","contentUrl":"https:\/\/secure.gravatar.com\/avatar\/bc1b075d137bf993746277fd93f94367?s=96&d=mm&r=g","caption":"HLC Administrator"},"url":"https:\/\/www.recom.link\/sq\/author\/hlcadmin\/"}]}},"_links":{"self":[{"href":"https:\/\/www.recom.link\/sq\/wp-json\/wp\/v2\/posts\/191612"}],"collection":[{"href":"https:\/\/www.recom.link\/sq\/wp-json\/wp\/v2\/posts"}],"about":[{"href":"https:\/\/www.recom.link\/sq\/wp-json\/wp\/v2\/types\/post"}],"author":[{"embeddable":true,"href":"https:\/\/www.recom.link\/sq\/wp-json\/wp\/v2\/users\/119"}],"replies":[{"embeddable":true,"href":"https:\/\/www.recom.link\/sq\/wp-json\/wp\/v2\/comments?post=191612"}],"version-history":[{"count":1,"href":"https:\/\/www.recom.link\/sq\/wp-json\/wp\/v2\/posts\/191612\/revisions"}],"predecessor-version":[{"id":191613,"href":"https:\/\/www.recom.link\/sq\/wp-json\/wp\/v2\/posts\/191612\/revisions\/191613"}],"wp:featuredmedia":[{"embeddable":true,"href":"https:\/\/www.recom.link\/sq\/wp-json\/wp\/v2\/media\/191570"}],"wp:attachment":[{"href":"https:\/\/www.recom.link\/sq\/wp-json\/wp\/v2\/media?parent=191612"}],"wp:term":[{"taxonomy":"category","embeddable":true,"href":"https:\/\/www.recom.link\/sq\/wp-json\/wp\/v2\/categories?post=191612"},{"taxonomy":"post_tag","embeddable":true,"href":"https:\/\/www.recom.link\/sq\/wp-json\/wp\/v2\/tags?post=191612"}],"curies":[{"name":"wp","href":"https:\/\/api.w.org\/{rel}","templated":true}]}}