{"id":188653,"date":"2022-09-13T14:35:15","date_gmt":"2022-09-13T13:35:15","guid":{"rendered":"https:\/\/www.recom.link\/?p=188653"},"modified":"2022-09-13T14:35:41","modified_gmt":"2022-09-13T13:35:41","slug":"nderohet-oficeri-jugosllav-qe-refuzoi-te-bombardonte-kroacine","status":"publish","type":"post","link":"https:\/\/www.recom.link\/sq\/nderohet-oficeri-jugosllav-qe-refuzoi-te-bombardonte-kroacine\/","title":{"rendered":"Nderohet oficeri jugosllav q\u00eb refuzoi t\u00eb bombardonte Kroacin\u00eb"},"content":{"rendered":"<p><strong>Zyrtar\u00ebt malazez\u00eb dhe kroat\u00eb zbuluan t\u00eb h\u00ebn\u00ebn nj\u00eb monument n\u00eb ishullin kroat Vis p\u00ebr nj\u00eb oficer detar jugosllav q\u00eb refuzoi t\u00eb bombardonte qytetet n\u00eb bregdetin e Kroacis\u00eb n\u00eb luft\u00ebn e vitit 1991.<\/strong><\/p>\n<p>&nbsp;<\/p>\n<p data-wtg-lazy=\"1\">Nj\u00eb pllak\u00eb p\u00ebrkujtimore p\u00ebr oficerin detar t\u00eb Ushtris\u00eb Popullore Jugosllave, Vladimir Barovi\u00e7, u zbulua t\u00eb h\u00ebn\u00ebn n\u00eb ishullin Vis n\u00eb Kroaci.<\/p>\n<p data-wtg-lazy=\"2\">Barovi\u00e7 kreu vet\u00ebvrasje m\u00eb 29 shtator 1991 pasi refuzoi urdhrat nga shtabi i Ushtris\u00eb Popullore Jugosllave p\u00ebr t\u00eb bombarduar qytetet n\u00eb bregdetin Adriatik t\u00eb Kroacis\u00eb.<\/p>\n<p data-wtg-lazy=\"3\">Gjat\u00eb ceremonis\u00eb, p\u00ebrfaq\u00ebsuesit e qeveris\u00eb malazeze dhe kroate p\u00ebrsh\u00ebndet\u00ebn aktin e Barovi\u00e7it si pjes\u00eb t\u00eb historis\u00eb universale t\u00eb nderit dhe njer\u00ebzimit.<\/p>\n<p data-wtg-lazy=\"4\">\u201cNdjenja e nderit t\u00eb Barovi\u00e7it nuk e lejoi at\u00eb t\u00eb bombardonte qytetet bregdetare n\u00eb Dalmaci kur u urdh\u00ebrua ta b\u00ebnte k\u00ebt\u00eb. Si\u00e7 tha ai, \u201cmalazez\u00ebt nuk mund t\u00eb luftojn\u00eb dhe t\u00eb shkat\u00ebrrojn\u00eb nj\u00eb komb q\u00eb nuk ka b\u00ebr\u00eb asgj\u00eb t\u00eb keqe\u201d, tha Ministri i Mbrojtjes i Malit t\u00eb Zi, Rasko Konjevi\u00e7.<\/p>\n<p data-wtg-lazy=\"5\">Si komandant i sektorit ushtarako-detar t\u00eb Pul\u00ebs n\u00eb Kroaci, Barovi\u00e7 mori pjes\u00eb n\u00eb negociatat p\u00ebr t\u00ebrheqjen e Ushtris\u00eb Popullore Jugosllave nga ai qytet n\u00eb vitin 1991.<\/p>\n<p data-wtg-lazy=\"6\">Media raportoi se, gjat\u00eb atyre negociatave, Barovi\u00e7 tha se qytetet kroate nuk do t\u00eb sulmoheshin nd\u00ebrsa ai ishte n\u00eb komand\u00eb.<\/p>\n<p data-wtg-lazy=\"7\">Pasi u urdh\u00ebrua t\u00eb bombardonte qytetet bregdetare n\u00eb Kroacin\u00eb veriore nga anijet e tij, Barovi\u00e7 dha dor\u00ebheqjen dhe m\u00eb pas kreu vet\u00ebvrasje.<\/p>\n<p data-wtg-lazy=\"8\">Sipas raportimeve t\u00eb mediave, n\u00eb sh\u00ebnimin e tij vet\u00ebvras\u00ebs, ai shkroi se kishte \u201cvendosur t\u00eb vdiste me dinjitet sepse malazez\u00ebt nuk mund t\u00eb luftojn\u00eb dhe t\u00eb shkat\u00ebrrojn\u00eb nj\u00eb komb q\u00eb nuk kishte b\u00ebr\u00eb asgj\u00eb t\u00eb keqe\u201d.<\/p>\n<p data-wtg-lazy=\"9\">N\u00eb korrik 2016, presidenti malazez Filip Vujanovi\u00e7 nderoi pas vdekjes Barovi\u00e7in me Urdhrin e vendit p\u00ebr Trim\u00ebri.<\/p>\n<p data-wtg-lazy=\"10\">Si pjes\u00eb e Jugosllavis\u00eb, Mali i Zi mori pjes\u00eb drejtp\u00ebrdrejt n\u00eb luft\u00ebrat n\u00eb Kroaci dhe Bosnje e Hercegovin\u00eb n\u00ebn udh\u00ebheqjen e Sllobodan Milloshevi\u00e7it t\u00eb Serbis\u00eb, megjith\u00ebse nuk pa asnj\u00eb konflikt n\u00eb tok\u00ebn e tij.<\/p>\n<p data-wtg-lazy=\"11\">Nga dhjetori 1991, Ushtria Popullore Jugosllave, duke p\u00ebrfshir\u00eb nj\u00eb num\u00ebr t\u00eb madh ushtar\u00ebsh dhe rezervist\u00ebsh malazez\u00eb, rrethuan qytetin kroat t\u00eb Dubrovnikut dhe rajonin e af\u00ebrt t\u00eb Konavles p\u00ebr n\u00ebnt\u00eb muaj.<\/p>\n<p data-wtg-lazy=\"12\">Qyteti i vjet\u00ebr i Dubrovnikut, nj\u00eb vend trash\u00ebgimie bot\u00ebrore nga UNESCO, p\u00ebsoi d\u00ebme serioze gjat\u00eb bombardimeve.<\/p>\n<p data-wtg-lazy=\"13\">N\u00eb vitin 2000, Milo Djukanovi\u00e7, n\u00eb at\u00eb koh\u00eb kryeminist\u00ebr i Malit t\u00eb Zi, i k\u00ebrkoi zyrtarisht falje Kroacis\u00eb p\u00ebr vuajtjet dhe humbjet q\u00eb kishin shkaktuar ushtar\u00ebt malazez\u00eb, ve\u00e7an\u00ebrisht n\u00eb zon\u00ebn e Dubrovnikut.<\/p>\n<p data-wtg-lazy=\"14\">Q\u00eb kur u b\u00eb i pavarur n\u00eb vitin 2006, Mali i Zi ka mbajtur vet\u00ebm tet\u00eb gjyqe p\u00ebr krime lufte t\u00eb kryera n\u00eb Kroaci, Bosnj\u00eb dhe Hercegovin\u00eb dhe Kosov\u00eb, por vet\u00ebm autor\u00ebt e nivelit t\u00eb ul\u00ebt jan\u00eb ndjekur penalisht.<\/p>\n<p data-wtg-lazy=\"14\">\n<p data-wtg-lazy=\"14\"><strong>Samir Kajo\u0161evi\u0107<\/strong><\/p>\n<p>&nbsp;<\/p>\n<hr \/>\n<p><em>Teksti<\/em> <em><a href=\"https:\/\/balkaninsight.com\/sq\/2022\/09\/12\/nderohet-oficeri-jugosllav-qe-refuzoi-te-bombardonte-kroacine\/\" target=\"_blank\" rel=\"noopener\">Nderohet oficeri jugosllav q\u00eb refuzoi t\u00eb bombardonte Kroacin\u00eb<\/a>\u00a0u botua fillimisht m\u00eb Balkan Insight\/Balkan Transitional Justice<\/em><\/p>\n","protected":false},"excerpt":{"rendered":"Zyrtar\u00ebt malazez\u00eb dhe kroat\u00eb zbuluan t\u00eb h\u00ebn\u00ebn nj\u00eb monument n\u00eb ishullin kroat Vis p\u00ebr nj\u00eb oficer detar jugosllav q\u00eb refuzoi&#8230; ","protected":false},"author":8,"featured_media":188641,"comment_status":"closed","ping_status":"open","sticky":false,"template":"","format":"standard","meta":{"_acf_changed":false,"footnotes":""},"categories":[1806,1801,1803],"tags":[4010],"class_list":["post-188653","post","type-post","status-publish","format-standard","has-post-thumbnail","hentry","category-lajme","category-memorializimi","category-pajtim","tag-vladimir-barovic-2"],"acf":[],"yoast_head":"<!-- This site is optimized with the Yoast SEO plugin v25.6 - https:\/\/yoast.com\/wordpress\/plugins\/seo\/ -->\n<title>Nderohet oficeri jugosllav q\u00eb refuzoi t\u00eb bombardonte Kroacin\u00eb<\/title>\n<meta name=\"description\" content=\"Nj\u00eb pllak\u00eb p\u00ebrkujtimore p\u00ebr oficerin detar t\u00eb Ushtris\u00eb Popullore Jugosllave, Vladimir Barovi\u00e7, u zbulua t\u00eb h\u00ebn\u00ebn n\u00eb ishullin Vis n\u00eb Kroaci.\" \/>\n<meta name=\"robots\" content=\"index, follow, max-snippet:-1, max-image-preview:large, max-video-preview:-1\" \/>\n<link rel=\"canonical\" href=\"https:\/\/www.recom.link\/sq\/nderohet-oficeri-jugosllav-qe-refuzoi-te-bombardonte-kroacine\/\" \/>\n<meta property=\"og:locale\" content=\"sq_AL\" \/>\n<meta property=\"og:type\" content=\"article\" \/>\n<meta property=\"og:title\" content=\"Nderohet oficeri jugosllav q\u00eb refuzoi t\u00eb bombardonte Kroacin\u00eb\" \/>\n<meta property=\"og:description\" content=\"Nj\u00eb pllak\u00eb p\u00ebrkujtimore p\u00ebr oficerin detar t\u00eb Ushtris\u00eb Popullore Jugosllave, Vladimir Barovi\u00e7, u zbulua t\u00eb h\u00ebn\u00ebn n\u00eb ishullin Vis n\u00eb Kroaci.\" \/>\n<meta property=\"og:url\" content=\"https:\/\/www.recom.link\/sq\/nderohet-oficeri-jugosllav-qe-refuzoi-te-bombardonte-kroacine\/\" \/>\n<meta property=\"og:site_name\" content=\"REKOM ~ KOMRA ~ RECOM\" \/>\n<meta property=\"article:publisher\" content=\"https:\/\/www.facebook.com\/ZaREKOM.PerKOMRA.ForRECOM\/\" \/>\n<meta property=\"article:published_time\" content=\"2022-09-13T13:35:15+00:00\" \/>\n<meta property=\"article:modified_time\" content=\"2022-09-13T13:35:41+00:00\" \/>\n<meta property=\"og:image\" content=\"https:\/\/www.recom.link\/wp-content\/uploads\/2022\/09\/3_12.9.2022._194942-2-e1663014655808.jpg\" \/>\n\t<meta property=\"og:image:width\" content=\"750\" \/>\n\t<meta property=\"og:image:height\" content=\"421\" \/>\n\t<meta property=\"og:image:type\" content=\"image\/jpeg\" \/>\n<meta name=\"author\" content=\"Recom Editor\" \/>\n<meta name=\"twitter:card\" content=\"summary_large_image\" \/>\n<meta name=\"twitter:creator\" content=\"@REKOM_KOMRA\" \/>\n<meta name=\"twitter:site\" content=\"@REKOM_KOMRA\" \/>\n<meta name=\"twitter:label1\" content=\"Written by\" \/>\n\t<meta name=\"twitter:data1\" content=\"Recom Editor\" \/>\n\t<meta name=\"twitter:label2\" content=\"Est. reading time\" \/>\n\t<meta name=\"twitter:data2\" content=\"2 minuta\" \/>\n<script type=\"application\/ld+json\" class=\"yoast-schema-graph\">{\"@context\":\"https:\/\/schema.org\",\"@graph\":[{\"@type\":\"WebPage\",\"@id\":\"https:\/\/www.recom.link\/sq\/nderohet-oficeri-jugosllav-qe-refuzoi-te-bombardonte-kroacine\/\",\"url\":\"https:\/\/www.recom.link\/sq\/nderohet-oficeri-jugosllav-qe-refuzoi-te-bombardonte-kroacine\/\",\"name\":\"Nderohet oficeri jugosllav q\u00eb refuzoi t\u00eb bombardonte Kroacin\u00eb\",\"isPartOf\":{\"@id\":\"https:\/\/www.recom.link\/en\/#website\"},\"primaryImageOfPage\":{\"@id\":\"https:\/\/www.recom.link\/sq\/nderohet-oficeri-jugosllav-qe-refuzoi-te-bombardonte-kroacine\/#primaryimage\"},\"image\":{\"@id\":\"https:\/\/www.recom.link\/sq\/nderohet-oficeri-jugosllav-qe-refuzoi-te-bombardonte-kroacine\/#primaryimage\"},\"thumbnailUrl\":\"https:\/\/www.recom.link\/wp-content\/uploads\/2022\/09\/3_12.9.2022._194942-2-e1663014655808.jpg\",\"datePublished\":\"2022-09-13T13:35:15+00:00\",\"dateModified\":\"2022-09-13T13:35:41+00:00\",\"author\":{\"@id\":\"https:\/\/www.recom.link\/en\/#\/schema\/person\/0b0fce47cdf986c8b4194146b69999a3\"},\"description\":\"Nj\u00eb pllak\u00eb p\u00ebrkujtimore p\u00ebr oficerin detar t\u00eb Ushtris\u00eb Popullore Jugosllave, Vladimir Barovi\u00e7, u zbulua t\u00eb h\u00ebn\u00ebn n\u00eb ishullin Vis n\u00eb Kroaci.\",\"breadcrumb\":{\"@id\":\"https:\/\/www.recom.link\/sq\/nderohet-oficeri-jugosllav-qe-refuzoi-te-bombardonte-kroacine\/#breadcrumb\"},\"inLanguage\":\"sq\",\"potentialAction\":[{\"@type\":\"ReadAction\",\"target\":[\"https:\/\/www.recom.link\/sq\/nderohet-oficeri-jugosllav-qe-refuzoi-te-bombardonte-kroacine\/\"]}]},{\"@type\":\"ImageObject\",\"inLanguage\":\"sq\",\"@id\":\"https:\/\/www.recom.link\/sq\/nderohet-oficeri-jugosllav-qe-refuzoi-te-bombardonte-kroacine\/#primaryimage\",\"url\":\"https:\/\/www.recom.link\/wp-content\/uploads\/2022\/09\/3_12.9.2022._194942-2-e1663014655808.jpg\",\"contentUrl\":\"https:\/\/www.recom.link\/wp-content\/uploads\/2022\/09\/3_12.9.2022._194942-2-e1663014655808.jpg\",\"width\":750,\"height\":421,\"caption\":\"oficeri\"},{\"@type\":\"BreadcrumbList\",\"@id\":\"https:\/\/www.recom.link\/sq\/nderohet-oficeri-jugosllav-qe-refuzoi-te-bombardonte-kroacine\/#breadcrumb\",\"itemListElement\":[{\"@type\":\"ListItem\",\"position\":1,\"name\":\"Home\",\"item\":\"https:\/\/www.recom.link\/en\/\"},{\"@type\":\"ListItem\",\"position\":2,\"name\":\"Nderohet oficeri jugosllav q\u00eb refuzoi t\u00eb bombardonte Kroacin\u00eb\"}]},{\"@type\":\"WebSite\",\"@id\":\"https:\/\/www.recom.link\/en\/#website\",\"url\":\"https:\/\/www.recom.link\/en\/\",\"name\":\"REKOM ~ KOMRA ~ RECOM\",\"description\":\"\",\"potentialAction\":[{\"@type\":\"SearchAction\",\"target\":{\"@type\":\"EntryPoint\",\"urlTemplate\":\"https:\/\/www.recom.link\/en\/?s={search_term_string}\"},\"query-input\":{\"@type\":\"PropertyValueSpecification\",\"valueRequired\":true,\"valueName\":\"search_term_string\"}}],\"inLanguage\":\"sq\"},{\"@type\":\"Person\",\"@id\":\"https:\/\/www.recom.link\/en\/#\/schema\/person\/0b0fce47cdf986c8b4194146b69999a3\",\"name\":\"Recom Editor\",\"image\":{\"@type\":\"ImageObject\",\"inLanguage\":\"sq\",\"@id\":\"https:\/\/www.recom.link\/en\/#\/schema\/person\/image\/\",\"url\":\"https:\/\/secure.gravatar.com\/avatar\/b345ee03975bccfc62280b0fd1ffd916?s=96&d=mm&r=g\",\"contentUrl\":\"https:\/\/secure.gravatar.com\/avatar\/b345ee03975bccfc62280b0fd1ffd916?s=96&d=mm&r=g\",\"caption\":\"Recom Editor\"},\"url\":\"https:\/\/www.recom.link\/sq\/author\/jelanag\/\"}]}<\/script>\n<!-- \/ Yoast SEO plugin. -->","yoast_head_json":{"title":"Nderohet oficeri jugosllav q\u00eb refuzoi t\u00eb bombardonte Kroacin\u00eb","description":"Nj\u00eb pllak\u00eb p\u00ebrkujtimore p\u00ebr oficerin detar t\u00eb Ushtris\u00eb Popullore Jugosllave, Vladimir Barovi\u00e7, u zbulua t\u00eb h\u00ebn\u00ebn n\u00eb ishullin Vis n\u00eb Kroaci.","robots":{"index":"index","follow":"follow","max-snippet":"max-snippet:-1","max-image-preview":"max-image-preview:large","max-video-preview":"max-video-preview:-1"},"canonical":"https:\/\/www.recom.link\/sq\/nderohet-oficeri-jugosllav-qe-refuzoi-te-bombardonte-kroacine\/","og_locale":"sq_AL","og_type":"article","og_title":"Nderohet oficeri jugosllav q\u00eb refuzoi t\u00eb bombardonte Kroacin\u00eb","og_description":"Nj\u00eb pllak\u00eb p\u00ebrkujtimore p\u00ebr oficerin detar t\u00eb Ushtris\u00eb Popullore Jugosllave, Vladimir Barovi\u00e7, u zbulua t\u00eb h\u00ebn\u00ebn n\u00eb ishullin Vis n\u00eb Kroaci.","og_url":"https:\/\/www.recom.link\/sq\/nderohet-oficeri-jugosllav-qe-refuzoi-te-bombardonte-kroacine\/","og_site_name":"REKOM ~ KOMRA ~ RECOM","article_publisher":"https:\/\/www.facebook.com\/ZaREKOM.PerKOMRA.ForRECOM\/","article_published_time":"2022-09-13T13:35:15+00:00","article_modified_time":"2022-09-13T13:35:41+00:00","og_image":[{"width":750,"height":421,"url":"https:\/\/www.recom.link\/wp-content\/uploads\/2022\/09\/3_12.9.2022._194942-2-e1663014655808.jpg","type":"image\/jpeg"}],"author":"Recom Editor","twitter_card":"summary_large_image","twitter_creator":"@REKOM_KOMRA","twitter_site":"@REKOM_KOMRA","twitter_misc":{"Written by":"Recom Editor","Est. reading time":"2 minuta"},"schema":{"@context":"https:\/\/schema.org","@graph":[{"@type":"WebPage","@id":"https:\/\/www.recom.link\/sq\/nderohet-oficeri-jugosllav-qe-refuzoi-te-bombardonte-kroacine\/","url":"https:\/\/www.recom.link\/sq\/nderohet-oficeri-jugosllav-qe-refuzoi-te-bombardonte-kroacine\/","name":"Nderohet oficeri jugosllav q\u00eb refuzoi t\u00eb bombardonte Kroacin\u00eb","isPartOf":{"@id":"https:\/\/www.recom.link\/en\/#website"},"primaryImageOfPage":{"@id":"https:\/\/www.recom.link\/sq\/nderohet-oficeri-jugosllav-qe-refuzoi-te-bombardonte-kroacine\/#primaryimage"},"image":{"@id":"https:\/\/www.recom.link\/sq\/nderohet-oficeri-jugosllav-qe-refuzoi-te-bombardonte-kroacine\/#primaryimage"},"thumbnailUrl":"https:\/\/www.recom.link\/wp-content\/uploads\/2022\/09\/3_12.9.2022._194942-2-e1663014655808.jpg","datePublished":"2022-09-13T13:35:15+00:00","dateModified":"2022-09-13T13:35:41+00:00","author":{"@id":"https:\/\/www.recom.link\/en\/#\/schema\/person\/0b0fce47cdf986c8b4194146b69999a3"},"description":"Nj\u00eb pllak\u00eb p\u00ebrkujtimore p\u00ebr oficerin detar t\u00eb Ushtris\u00eb Popullore Jugosllave, Vladimir Barovi\u00e7, u zbulua t\u00eb h\u00ebn\u00ebn n\u00eb ishullin Vis n\u00eb Kroaci.","breadcrumb":{"@id":"https:\/\/www.recom.link\/sq\/nderohet-oficeri-jugosllav-qe-refuzoi-te-bombardonte-kroacine\/#breadcrumb"},"inLanguage":"sq","potentialAction":[{"@type":"ReadAction","target":["https:\/\/www.recom.link\/sq\/nderohet-oficeri-jugosllav-qe-refuzoi-te-bombardonte-kroacine\/"]}]},{"@type":"ImageObject","inLanguage":"sq","@id":"https:\/\/www.recom.link\/sq\/nderohet-oficeri-jugosllav-qe-refuzoi-te-bombardonte-kroacine\/#primaryimage","url":"https:\/\/www.recom.link\/wp-content\/uploads\/2022\/09\/3_12.9.2022._194942-2-e1663014655808.jpg","contentUrl":"https:\/\/www.recom.link\/wp-content\/uploads\/2022\/09\/3_12.9.2022._194942-2-e1663014655808.jpg","width":750,"height":421,"caption":"oficeri"},{"@type":"BreadcrumbList","@id":"https:\/\/www.recom.link\/sq\/nderohet-oficeri-jugosllav-qe-refuzoi-te-bombardonte-kroacine\/#breadcrumb","itemListElement":[{"@type":"ListItem","position":1,"name":"Home","item":"https:\/\/www.recom.link\/en\/"},{"@type":"ListItem","position":2,"name":"Nderohet oficeri jugosllav q\u00eb refuzoi t\u00eb bombardonte Kroacin\u00eb"}]},{"@type":"WebSite","@id":"https:\/\/www.recom.link\/en\/#website","url":"https:\/\/www.recom.link\/en\/","name":"REKOM ~ KOMRA ~ RECOM","description":"","potentialAction":[{"@type":"SearchAction","target":{"@type":"EntryPoint","urlTemplate":"https:\/\/www.recom.link\/en\/?s={search_term_string}"},"query-input":{"@type":"PropertyValueSpecification","valueRequired":true,"valueName":"search_term_string"}}],"inLanguage":"sq"},{"@type":"Person","@id":"https:\/\/www.recom.link\/en\/#\/schema\/person\/0b0fce47cdf986c8b4194146b69999a3","name":"Recom Editor","image":{"@type":"ImageObject","inLanguage":"sq","@id":"https:\/\/www.recom.link\/en\/#\/schema\/person\/image\/","url":"https:\/\/secure.gravatar.com\/avatar\/b345ee03975bccfc62280b0fd1ffd916?s=96&d=mm&r=g","contentUrl":"https:\/\/secure.gravatar.com\/avatar\/b345ee03975bccfc62280b0fd1ffd916?s=96&d=mm&r=g","caption":"Recom Editor"},"url":"https:\/\/www.recom.link\/sq\/author\/jelanag\/"}]}},"_links":{"self":[{"href":"https:\/\/www.recom.link\/sq\/wp-json\/wp\/v2\/posts\/188653"}],"collection":[{"href":"https:\/\/www.recom.link\/sq\/wp-json\/wp\/v2\/posts"}],"about":[{"href":"https:\/\/www.recom.link\/sq\/wp-json\/wp\/v2\/types\/post"}],"author":[{"embeddable":true,"href":"https:\/\/www.recom.link\/sq\/wp-json\/wp\/v2\/users\/8"}],"replies":[{"embeddable":true,"href":"https:\/\/www.recom.link\/sq\/wp-json\/wp\/v2\/comments?post=188653"}],"version-history":[{"count":2,"href":"https:\/\/www.recom.link\/sq\/wp-json\/wp\/v2\/posts\/188653\/revisions"}],"predecessor-version":[{"id":188655,"href":"https:\/\/www.recom.link\/sq\/wp-json\/wp\/v2\/posts\/188653\/revisions\/188655"}],"wp:featuredmedia":[{"embeddable":true,"href":"https:\/\/www.recom.link\/sq\/wp-json\/wp\/v2\/media\/188641"}],"wp:attachment":[{"href":"https:\/\/www.recom.link\/sq\/wp-json\/wp\/v2\/media?parent=188653"}],"wp:term":[{"taxonomy":"category","embeddable":true,"href":"https:\/\/www.recom.link\/sq\/wp-json\/wp\/v2\/categories?post=188653"},{"taxonomy":"post_tag","embeddable":true,"href":"https:\/\/www.recom.link\/sq\/wp-json\/wp\/v2\/tags?post=188653"}],"curies":[{"name":"wp","href":"https:\/\/api.w.org\/{rel}","templated":true}]}}