{"id":185740,"date":"2020-10-24T14:51:44","date_gmt":"2020-10-24T13:51:44","guid":{"rendered":"https:\/\/www.recom.link\/?p=185740"},"modified":"2020-10-26T14:55:37","modified_gmt":"2020-10-26T13:55:37","slug":"debati-mbi-politikat-e-kujteses-dhe-praktikat-e-perkujtimit","status":"publish","type":"post","link":"https:\/\/www.recom.link\/sq\/debati-mbi-politikat-e-kujteses-dhe-praktikat-e-perkujtimit\/","title":{"rendered":"KOMRA: Debati mbi politikat e kujtes\u00ebs dhe praktikat e p\u00ebrkujtimit"},"content":{"rendered":"<p>Fondi p\u00ebr t\u00eb Drejt\u00ebn Humanitare &#8211; Kosov\u00eb\u00a0 dhe rrjeti i pajtimit KOMRA n\u00eb dat\u00ebn 22 tetor t\u00eb vitit 2020 e kan\u00eb organizuar debatin onlajn me tem\u00ebn politika e kujtes\u00ebs dhe praktika e p\u00ebrkujtimit n\u00eb Evrop\u00ebn Juglindore. Panelistet dhe panelist\u00ebt, Ana Millosheviq, Vjeran Pavlakoviq, Naum Trajanovski dhe Venera \u00c7o\u00e7aj, jan\u00eb p\u00ebrpjekur p\u00ebr t&#8217;u p\u00ebrgjigjur n\u00eb pyetjet mbi dinamik\u00ebn e politik\u00ebs s\u00eb p\u00ebrkujtimit dhe perspektivat p\u00ebr vizionin e p\u00ebrbashk\u00ebt t\u00eb s\u00eb ardhmes p\u00ebr hap\u00ebsir\u00ebn post-jugosllave. Debatin e ka hapur dhe e ka moderuar Vjollca Krasniqi.<\/p>\n<p>Ana Millosheviq, duke iu referuar p\u00ebrmbledhjes <em>Europeanisation and Memory Politics in the Western Balkans<\/em> (Evropianizimi dhe politikat e kujtes\u00ebs n\u00eb Ballkanin Per\u00ebndimor) t\u00eb cil\u00ebn e ka redaktuar s\u00eb bashku me Tamara Troshtin, ka folur mbi ndikimin e procesit t\u00eb integrimeve evropiane n\u00eb politikat e p\u00ebrkujtimit n\u00eb Ballkanin Per\u00ebndimor. Ngaq\u00eb nuk ekziston nj\u00eb \u00a0p\u00ebrkujtim unik evropian, por vet\u00ebm politikat e p\u00ebrkujtimit t\u00eb cilat Bashkimi Evropian i form\u00ebson n\u00eb pajtim me interesat e saj politike, procesi i integrimeve evropiane t\u00eb vendeve ballkanike karakterizohet me p\u00ebrvet\u00ebsimin selektiv dhe taktik t\u00eb p\u00ebrvojave t\u00eb lidhura me t\u00eb kaluar\u00ebn evropiane p\u00ebrkat\u00ebsisht me evropianizimin selektiv t\u00eb p\u00ebrkujtimit.<\/p>\n<p>Duke biseduar mbi praktikat p\u00ebrkujtimore n\u00eb Kroaci, Vjeran Pavllakoviqi n\u00eb ekspozen\u00eb e tij merret me politikat e p\u00ebrkujtimit n\u00eb lidhje me Luft\u00ebn e Dyt\u00eb Bot\u00ebrore dhe luft\u00ebn &#8220;Atdhetare&#8221; (\u201eDomovinski\u201c rat). Komemoracionet i sheh si rast q\u00eb p\u00ebrfaq\u00ebsuesit e kreut shtet\u00ebror, n\u00eb var\u00ebsi nga m\u00ebnyra se si n\u00eb k\u00ebto raste flasin p\u00ebr t\u00eb kaluar\u00ebn, e konstruktojn\u00eb p\u00ebrkujtimin zyrtar. Versionet e kund\u00ebrv\u00ebna etnike dhe ideologjike k\u00ebshtu t\u00eb nd\u00ebrtuara t\u00eb kujtes\u00ebs kolektive ndikojn\u00eb jo vet\u00ebm n\u00eb marr\u00ebdh\u00ebniet nd\u00ebretnike n\u00eb Kroaci, por edhe n\u00eb marr\u00ebdh\u00ebniet n\u00eb rajon. Si faktor t\u00eb r\u00ebnd\u00ebsish\u00ebm t\u00eb kujtes\u00ebs kolektive i sheh edhe mediet dhe kultur\u00ebn e p\u00ebrmendoreve. Ekspozen\u00eb e saj e p\u00ebrmbyll me shikimin optimist n\u00eb kthes\u00ebn e k\u00ebtij viti n\u00eb p\u00ebrkujtimin e viktimave t\u00eb operacionit &#8220;Stuhia&#8221;, n\u00eb t\u00eb cilin e sheh rastin q\u00eb t\u00eb tejkalohen politikat etnikisht t\u00eb nj\u00ebanshme t\u00eb p\u00ebrkujtimit.<\/p>\n<p>Naum Trajanovski e interpreton faktin se si ndryshimet politike t\u00eb koh\u00ebve t\u00eb fundit n\u00eb Maqedonin\u00eb e Veriut ndikojn\u00eb n\u00eb marr\u00ebdh\u00ebniet maqedone-bullgare dhe maqedone-greke. Me q\u00ebllim t\u00eb krijimit t\u00eb marr\u00ebdh\u00ebnieve t\u00eb mira fqinj\u00ebsore midis Maqedonis\u00eb s\u00eb Veriut dhe Bullgaris\u00eb, \u00ebsht\u00eb e domosdoshme t\u00eb futen ndryshime n\u00eb programet shkollore t\u00eb historis\u00eb dhe n\u00eb politik\u00ebn zyrtare t\u00eb p\u00ebrkujtimit, duke e pasur parasysh faktin se n\u00eb Bullgari dhe n\u00eb Maqedoni p\u00ebr momentin ekzistojn\u00eb dy narrativa paralele dhe deri diku t\u00eb kund\u00ebrv\u00ebna\u00a0 mbi t\u00eb kaluar\u00ebn e p\u00ebrbashk\u00ebt. Interpretimet e ndryshme t\u00eb s\u00eb kaluar\u00ebs n\u00eb Maqedonin\u00eb e Veriut dhe n\u00eb Greqi jan\u00eb m\u00eb t\u00eb dukshmet kur merret parasysh kultura e p\u00ebrmendoreve e koh\u00ebve t\u00eb fundit n\u00eb Maqedonin\u00eb e Veriut, e bazuar n\u00eb trash\u00ebgimin\u00eb helene si dhe p\u00ebrdorimi i toponimit Maqedoni, i cili n\u00eb Greqi dhe n\u00eb Maqedonin\u00eb e Veriut ka kuptime t\u00eb ndryshme.<\/p>\n<p>Ekspozeja e Venera \u00c7o\u00e7ajt ka t\u00eb b\u00ebj\u00eb me politik\u00ebn e p\u00ebrkujtimit n\u00eb Kosov\u00eb. Politika zyrtare e p\u00ebrkujtimit n\u00eb Kosov\u00eb krijohet n\u00eb kornizat etno-nacionale dhe n\u00eb mas\u00eb t\u00eb madhe mb\u00ebshtetet n\u00eb narrativin heroik t\u00eb \u00e7lirimtar\u00ebve t\u00eb Kosov\u00ebs, gj\u00eb q\u00eb shpesh \u00ebsht\u00eb instrumentalizuar p\u00ebr q\u00ebllimet e politik\u00ebs ditore. Politika kosovare e p\u00ebrkujtimit nd\u00ebrtohet n\u00eb m\u00ebnyr\u00eb paralele, p\u00ebrmes nism\u00ebs zyrtare t\u00eb nd\u00ebrtimit t\u00eb p\u00ebrmendoreve dhe em\u00ebrtimit t\u00eb rrug\u00ebve dhe t\u00eb institucioneve sipas luft\u00ebtar\u00ebve t\u00eb shquar t\u00eb U\u00c7K-s\u00eb, por edhe p\u00ebrmes aksioneve t\u00eb individ\u00ebve, m\u00eb s\u00eb shpeshti an\u00ebtar\u00ebve t\u00eb familjeve t\u00eb t\u00eb r\u00ebn\u00ebve. \u00c7o\u00e7aj e thekson nevoj\u00ebn q\u00eb praktikat kosovare t\u00eb komemoracionit t\u00eb dalin nga korniza etno-nacionale. Ngaq\u00eb nuk iu kushtohet nj\u00eb rol i r\u00ebnd\u00ebsish\u00ebm n\u00eb kuad\u00ebr t\u00eb politik\u00ebs zyrtare &#8220;heroike&#8221; t\u00eb p\u00ebrkujtimit, pakicat etnike dhe grat\u00eb shpesh jan\u00eb t\u00eb padukshme n\u00eb jet\u00ebn publike t\u00eb Kosov\u00ebs. Megjith\u00ebk\u00ebt\u00eb, ekzistojn\u00eb raste t\u00eb nismave qytetare dhe nisma t\u00eb organizatave t\u00eb shoq\u00ebris\u00eb civile, t\u00eb cilat synojn\u00eb t\u00eb inkuadrojn\u00eb p\u00ebrvojat e grave dhe t\u00eb pakicave\u00a0 n\u00eb praktikat e p\u00ebrkujtimit.<\/p>\n<p>Incizimin e debatit n\u00eb gjuh\u00ebn angleze mund ta shihni n\u00eb kanalin e rrjetit t\u00eb pajtimit t\u00eb KOMRA-s n\u00eb YouTube.<\/p>\n<p>&nbsp;<\/p>\n<p><iframe loading=\"lazy\" src=\"https:\/\/www.youtube.com\/embed\/QDQfhbrJfdA\" width=\"560\" height=\"315\" frameborder=\"0\" allowfullscreen=\"allowfullscreen\"><\/iframe><\/p>\n<p>&nbsp;<\/p>\n<p><strong>Ana Millosheviq<\/strong> \u00ebsht\u00eb hulumtuese n\u00eb \u00a0KU Lueven. Merret me politikat e p\u00ebrkujtimit n\u00eb Ballkanin Per\u00ebndimor, me p\u00ebrqendrim t\u00eb ve\u00e7ant\u00eb n\u00eb Kroacin\u00eb dhe Serbin\u00eb.<\/p>\n<p><strong>Vjeran Pavllakoviq<\/strong> \u00ebsht\u00eb hulumtues dhe ligj\u00ebrues n\u00eb Universitetin e Rijek\u00ebs. Fush\u00eb e hulumtimeve t\u00eb tij jan\u00eb politikat e p\u00ebrkujtimit dhe drejt\u00ebsia tranzicionale n\u00eb ish Jugosllavin\u00eb.<\/p>\n<p><strong>Naum Trajanovski<\/strong> \u00ebsht\u00eb doktorant n\u00eb Institutin p\u00ebr filozofi dhe sociologji t\u00eb Akademis\u00eb s\u00eb Shkencave t\u00eb Polonis\u00eb. Merret me politikat e p\u00ebrkujtimit n\u00eb Maqedonin\u00eb e Veriut.<\/p>\n<p><strong>Venera \u00c7o\u00e7aj<\/strong> \u00ebsht\u00eb doktorante e Institutit Evropian n\u00eb Lond\u00ebr. Hulumtimi i saj ka t\u00eb b\u00ebj\u00eb me dhun\u00ebn seksuale n\u00eb luft\u00eb dhe dhun\u00ebn mbi baza gjinore n\u00eb Kroaci, B dhe H dhe Kosov\u00eb.<\/p>\n","protected":false},"excerpt":{"rendered":"Fondi p\u00ebr t\u00eb Drejt\u00ebn Humanitare &#8211; Kosov\u00eb\u00a0 dhe rrjeti i pajtimit KOMRA n\u00eb dat\u00ebn 22 tetor t\u00eb vitit 2020 e&#8230; ","protected":false},"author":8,"featured_media":185753,"comment_status":"closed","ping_status":"open","sticky":false,"template":"","format":"standard","meta":{"_acf_changed":false,"footnotes":""},"categories":[1922],"tags":[2156,2750,2157,3063],"class_list":["post-185740","post","type-post","status-publish","format-standard","has-post-thumbnail","hentry","category-debatet","tag-debati","tag-fond-per-te-drejten-humanitare","tag-komra","tag-rekom-mreza-pomirenja-sq"],"acf":[],"yoast_head":"<!-- This site is optimized with the Yoast SEO plugin v25.6 - https:\/\/yoast.com\/wordpress\/plugins\/seo\/ -->\n<title>KOMRA: Debati mbi politikat e kujtes\u00ebs dhe praktikat e p\u00ebrkujtimit -<\/title>\n<meta name=\"description\" content=\"Fondi p\u00ebr t\u00eb Drejt\u00ebn Humanitare - Kosov\u00eb\u00a0 dhe rrjeti i pajtimit KOMRA n\u00eb dat\u00ebn 22 tetor t\u00eb vitit 2020 e kan\u00eb organizuar debatin onlajn me tem\u00ebn politika e kujtes\u00ebs dhe praktika e p\u00ebrkujtimit n\u00eb Evrop\u00ebn Juglindore.\" \/>\n<meta name=\"robots\" content=\"index, follow, max-snippet:-1, max-image-preview:large, max-video-preview:-1\" \/>\n<link rel=\"canonical\" href=\"https:\/\/www.recom.link\/sq\/debati-mbi-politikat-e-kujteses-dhe-praktikat-e-perkujtimit\/\" \/>\n<meta property=\"og:locale\" content=\"sq_AL\" \/>\n<meta property=\"og:type\" content=\"article\" \/>\n<meta property=\"og:title\" content=\"KOMRA: Debati mbi politikat e kujtes\u00ebs dhe praktikat e p\u00ebrkujtimit -\" \/>\n<meta property=\"og:description\" content=\"Fondi p\u00ebr t\u00eb Drejt\u00ebn Humanitare - Kosov\u00eb\u00a0 dhe rrjeti i pajtimit KOMRA n\u00eb dat\u00ebn 22 tetor t\u00eb vitit 2020 e kan\u00eb organizuar debatin onlajn me tem\u00ebn politika e kujtes\u00ebs dhe praktika e p\u00ebrkujtimit n\u00eb Evrop\u00ebn Juglindore.\" \/>\n<meta property=\"og:url\" content=\"https:\/\/www.recom.link\/sq\/debati-mbi-politikat-e-kujteses-dhe-praktikat-e-perkujtimit\/\" \/>\n<meta property=\"og:site_name\" content=\"REKOM ~ KOMRA ~ RECOM\" \/>\n<meta property=\"article:publisher\" content=\"https:\/\/www.facebook.com\/ZaREKOM.PerKOMRA.ForRECOM\/\" \/>\n<meta property=\"article:published_time\" content=\"2020-10-24T13:51:44+00:00\" \/>\n<meta property=\"article:modified_time\" content=\"2020-10-26T13:55:37+00:00\" \/>\n<meta property=\"og:image\" content=\"https:\/\/www.recom.link\/wp-content\/uploads\/2020\/10\/Hvataj-4.png\" \/>\n\t<meta property=\"og:image:width\" content=\"1190\" \/>\n\t<meta property=\"og:image:height\" content=\"508\" \/>\n\t<meta property=\"og:image:type\" content=\"image\/png\" \/>\n<meta name=\"author\" content=\"Recom Editor\" \/>\n<meta name=\"twitter:card\" content=\"summary_large_image\" \/>\n<meta name=\"twitter:creator\" content=\"@REKOM_KOMRA\" \/>\n<meta name=\"twitter:site\" content=\"@REKOM_KOMRA\" \/>\n<meta name=\"twitter:label1\" content=\"Written by\" \/>\n\t<meta name=\"twitter:data1\" content=\"Recom Editor\" \/>\n\t<meta name=\"twitter:label2\" content=\"Est. reading time\" \/>\n\t<meta name=\"twitter:data2\" content=\"4 minuta\" \/>\n<script type=\"application\/ld+json\" class=\"yoast-schema-graph\">{\"@context\":\"https:\/\/schema.org\",\"@graph\":[{\"@type\":\"WebPage\",\"@id\":\"https:\/\/www.recom.link\/sq\/debati-mbi-politikat-e-kujteses-dhe-praktikat-e-perkujtimit\/\",\"url\":\"https:\/\/www.recom.link\/sq\/debati-mbi-politikat-e-kujteses-dhe-praktikat-e-perkujtimit\/\",\"name\":\"KOMRA: Debati mbi politikat e kujtes\u00ebs dhe praktikat e p\u00ebrkujtimit -\",\"isPartOf\":{\"@id\":\"https:\/\/www.recom.link\/en\/#website\"},\"primaryImageOfPage\":{\"@id\":\"https:\/\/www.recom.link\/sq\/debati-mbi-politikat-e-kujteses-dhe-praktikat-e-perkujtimit\/#primaryimage\"},\"image\":{\"@id\":\"https:\/\/www.recom.link\/sq\/debati-mbi-politikat-e-kujteses-dhe-praktikat-e-perkujtimit\/#primaryimage\"},\"thumbnailUrl\":\"https:\/\/www.recom.link\/wp-content\/uploads\/2020\/10\/Hvataj-4.png\",\"datePublished\":\"2020-10-24T13:51:44+00:00\",\"dateModified\":\"2020-10-26T13:55:37+00:00\",\"author\":{\"@id\":\"https:\/\/www.recom.link\/en\/#\/schema\/person\/0b0fce47cdf986c8b4194146b69999a3\"},\"description\":\"Fondi p\u00ebr t\u00eb Drejt\u00ebn Humanitare - Kosov\u00eb\u00a0 dhe rrjeti i pajtimit KOMRA n\u00eb dat\u00ebn 22 tetor t\u00eb vitit 2020 e kan\u00eb organizuar debatin onlajn me tem\u00ebn politika e kujtes\u00ebs dhe praktika e p\u00ebrkujtimit n\u00eb Evrop\u00ebn Juglindore.\",\"breadcrumb\":{\"@id\":\"https:\/\/www.recom.link\/sq\/debati-mbi-politikat-e-kujteses-dhe-praktikat-e-perkujtimit\/#breadcrumb\"},\"inLanguage\":\"sq\",\"potentialAction\":[{\"@type\":\"ReadAction\",\"target\":[\"https:\/\/www.recom.link\/sq\/debati-mbi-politikat-e-kujteses-dhe-praktikat-e-perkujtimit\/\"]}]},{\"@type\":\"ImageObject\",\"inLanguage\":\"sq\",\"@id\":\"https:\/\/www.recom.link\/sq\/debati-mbi-politikat-e-kujteses-dhe-praktikat-e-perkujtimit\/#primaryimage\",\"url\":\"https:\/\/www.recom.link\/wp-content\/uploads\/2020\/10\/Hvataj-4.png\",\"contentUrl\":\"https:\/\/www.recom.link\/wp-content\/uploads\/2020\/10\/Hvataj-4.png\",\"width\":1190,\"height\":508,\"caption\":\"Debata o politikama pam\u0107enja i praksama se\u0107anja\"},{\"@type\":\"BreadcrumbList\",\"@id\":\"https:\/\/www.recom.link\/sq\/debati-mbi-politikat-e-kujteses-dhe-praktikat-e-perkujtimit\/#breadcrumb\",\"itemListElement\":[{\"@type\":\"ListItem\",\"position\":1,\"name\":\"Home\",\"item\":\"https:\/\/www.recom.link\/en\/\"},{\"@type\":\"ListItem\",\"position\":2,\"name\":\"KOMRA: Debati mbi politikat e kujtes\u00ebs dhe praktikat e p\u00ebrkujtimit\"}]},{\"@type\":\"WebSite\",\"@id\":\"https:\/\/www.recom.link\/en\/#website\",\"url\":\"https:\/\/www.recom.link\/en\/\",\"name\":\"REKOM ~ KOMRA ~ RECOM\",\"description\":\"\",\"potentialAction\":[{\"@type\":\"SearchAction\",\"target\":{\"@type\":\"EntryPoint\",\"urlTemplate\":\"https:\/\/www.recom.link\/en\/?s={search_term_string}\"},\"query-input\":{\"@type\":\"PropertyValueSpecification\",\"valueRequired\":true,\"valueName\":\"search_term_string\"}}],\"inLanguage\":\"sq\"},{\"@type\":\"Person\",\"@id\":\"https:\/\/www.recom.link\/en\/#\/schema\/person\/0b0fce47cdf986c8b4194146b69999a3\",\"name\":\"Recom Editor\",\"image\":{\"@type\":\"ImageObject\",\"inLanguage\":\"sq\",\"@id\":\"https:\/\/www.recom.link\/en\/#\/schema\/person\/image\/\",\"url\":\"https:\/\/secure.gravatar.com\/avatar\/b345ee03975bccfc62280b0fd1ffd916?s=96&d=mm&r=g\",\"contentUrl\":\"https:\/\/secure.gravatar.com\/avatar\/b345ee03975bccfc62280b0fd1ffd916?s=96&d=mm&r=g\",\"caption\":\"Recom Editor\"},\"url\":\"https:\/\/www.recom.link\/sq\/author\/jelanag\/\"}]}<\/script>\n<!-- \/ Yoast SEO plugin. -->","yoast_head_json":{"title":"KOMRA: Debati mbi politikat e kujtes\u00ebs dhe praktikat e p\u00ebrkujtimit -","description":"Fondi p\u00ebr t\u00eb Drejt\u00ebn Humanitare - Kosov\u00eb\u00a0 dhe rrjeti i pajtimit KOMRA n\u00eb dat\u00ebn 22 tetor t\u00eb vitit 2020 e kan\u00eb organizuar debatin onlajn me tem\u00ebn politika e kujtes\u00ebs dhe praktika e p\u00ebrkujtimit n\u00eb Evrop\u00ebn Juglindore.","robots":{"index":"index","follow":"follow","max-snippet":"max-snippet:-1","max-image-preview":"max-image-preview:large","max-video-preview":"max-video-preview:-1"},"canonical":"https:\/\/www.recom.link\/sq\/debati-mbi-politikat-e-kujteses-dhe-praktikat-e-perkujtimit\/","og_locale":"sq_AL","og_type":"article","og_title":"KOMRA: Debati mbi politikat e kujtes\u00ebs dhe praktikat e p\u00ebrkujtimit -","og_description":"Fondi p\u00ebr t\u00eb Drejt\u00ebn Humanitare - Kosov\u00eb\u00a0 dhe rrjeti i pajtimit KOMRA n\u00eb dat\u00ebn 22 tetor t\u00eb vitit 2020 e kan\u00eb organizuar debatin onlajn me tem\u00ebn politika e kujtes\u00ebs dhe praktika e p\u00ebrkujtimit n\u00eb Evrop\u00ebn Juglindore.","og_url":"https:\/\/www.recom.link\/sq\/debati-mbi-politikat-e-kujteses-dhe-praktikat-e-perkujtimit\/","og_site_name":"REKOM ~ KOMRA ~ RECOM","article_publisher":"https:\/\/www.facebook.com\/ZaREKOM.PerKOMRA.ForRECOM\/","article_published_time":"2020-10-24T13:51:44+00:00","article_modified_time":"2020-10-26T13:55:37+00:00","og_image":[{"width":1190,"height":508,"url":"https:\/\/www.recom.link\/wp-content\/uploads\/2020\/10\/Hvataj-4.png","type":"image\/png"}],"author":"Recom Editor","twitter_card":"summary_large_image","twitter_creator":"@REKOM_KOMRA","twitter_site":"@REKOM_KOMRA","twitter_misc":{"Written by":"Recom Editor","Est. reading time":"4 minuta"},"schema":{"@context":"https:\/\/schema.org","@graph":[{"@type":"WebPage","@id":"https:\/\/www.recom.link\/sq\/debati-mbi-politikat-e-kujteses-dhe-praktikat-e-perkujtimit\/","url":"https:\/\/www.recom.link\/sq\/debati-mbi-politikat-e-kujteses-dhe-praktikat-e-perkujtimit\/","name":"KOMRA: Debati mbi politikat e kujtes\u00ebs dhe praktikat e p\u00ebrkujtimit -","isPartOf":{"@id":"https:\/\/www.recom.link\/en\/#website"},"primaryImageOfPage":{"@id":"https:\/\/www.recom.link\/sq\/debati-mbi-politikat-e-kujteses-dhe-praktikat-e-perkujtimit\/#primaryimage"},"image":{"@id":"https:\/\/www.recom.link\/sq\/debati-mbi-politikat-e-kujteses-dhe-praktikat-e-perkujtimit\/#primaryimage"},"thumbnailUrl":"https:\/\/www.recom.link\/wp-content\/uploads\/2020\/10\/Hvataj-4.png","datePublished":"2020-10-24T13:51:44+00:00","dateModified":"2020-10-26T13:55:37+00:00","author":{"@id":"https:\/\/www.recom.link\/en\/#\/schema\/person\/0b0fce47cdf986c8b4194146b69999a3"},"description":"Fondi p\u00ebr t\u00eb Drejt\u00ebn Humanitare - Kosov\u00eb\u00a0 dhe rrjeti i pajtimit KOMRA n\u00eb dat\u00ebn 22 tetor t\u00eb vitit 2020 e kan\u00eb organizuar debatin onlajn me tem\u00ebn politika e kujtes\u00ebs dhe praktika e p\u00ebrkujtimit n\u00eb Evrop\u00ebn Juglindore.","breadcrumb":{"@id":"https:\/\/www.recom.link\/sq\/debati-mbi-politikat-e-kujteses-dhe-praktikat-e-perkujtimit\/#breadcrumb"},"inLanguage":"sq","potentialAction":[{"@type":"ReadAction","target":["https:\/\/www.recom.link\/sq\/debati-mbi-politikat-e-kujteses-dhe-praktikat-e-perkujtimit\/"]}]},{"@type":"ImageObject","inLanguage":"sq","@id":"https:\/\/www.recom.link\/sq\/debati-mbi-politikat-e-kujteses-dhe-praktikat-e-perkujtimit\/#primaryimage","url":"https:\/\/www.recom.link\/wp-content\/uploads\/2020\/10\/Hvataj-4.png","contentUrl":"https:\/\/www.recom.link\/wp-content\/uploads\/2020\/10\/Hvataj-4.png","width":1190,"height":508,"caption":"Debata o politikama pam\u0107enja i praksama se\u0107anja"},{"@type":"BreadcrumbList","@id":"https:\/\/www.recom.link\/sq\/debati-mbi-politikat-e-kujteses-dhe-praktikat-e-perkujtimit\/#breadcrumb","itemListElement":[{"@type":"ListItem","position":1,"name":"Home","item":"https:\/\/www.recom.link\/en\/"},{"@type":"ListItem","position":2,"name":"KOMRA: Debati mbi politikat e kujtes\u00ebs dhe praktikat e p\u00ebrkujtimit"}]},{"@type":"WebSite","@id":"https:\/\/www.recom.link\/en\/#website","url":"https:\/\/www.recom.link\/en\/","name":"REKOM ~ KOMRA ~ RECOM","description":"","potentialAction":[{"@type":"SearchAction","target":{"@type":"EntryPoint","urlTemplate":"https:\/\/www.recom.link\/en\/?s={search_term_string}"},"query-input":{"@type":"PropertyValueSpecification","valueRequired":true,"valueName":"search_term_string"}}],"inLanguage":"sq"},{"@type":"Person","@id":"https:\/\/www.recom.link\/en\/#\/schema\/person\/0b0fce47cdf986c8b4194146b69999a3","name":"Recom Editor","image":{"@type":"ImageObject","inLanguage":"sq","@id":"https:\/\/www.recom.link\/en\/#\/schema\/person\/image\/","url":"https:\/\/secure.gravatar.com\/avatar\/b345ee03975bccfc62280b0fd1ffd916?s=96&d=mm&r=g","contentUrl":"https:\/\/secure.gravatar.com\/avatar\/b345ee03975bccfc62280b0fd1ffd916?s=96&d=mm&r=g","caption":"Recom Editor"},"url":"https:\/\/www.recom.link\/sq\/author\/jelanag\/"}]}},"_links":{"self":[{"href":"https:\/\/www.recom.link\/sq\/wp-json\/wp\/v2\/posts\/185740"}],"collection":[{"href":"https:\/\/www.recom.link\/sq\/wp-json\/wp\/v2\/posts"}],"about":[{"href":"https:\/\/www.recom.link\/sq\/wp-json\/wp\/v2\/types\/post"}],"author":[{"embeddable":true,"href":"https:\/\/www.recom.link\/sq\/wp-json\/wp\/v2\/users\/8"}],"replies":[{"embeddable":true,"href":"https:\/\/www.recom.link\/sq\/wp-json\/wp\/v2\/comments?post=185740"}],"version-history":[{"count":2,"href":"https:\/\/www.recom.link\/sq\/wp-json\/wp\/v2\/posts\/185740\/revisions"}],"predecessor-version":[{"id":185758,"href":"https:\/\/www.recom.link\/sq\/wp-json\/wp\/v2\/posts\/185740\/revisions\/185758"}],"wp:featuredmedia":[{"embeddable":true,"href":"https:\/\/www.recom.link\/sq\/wp-json\/wp\/v2\/media\/185753"}],"wp:attachment":[{"href":"https:\/\/www.recom.link\/sq\/wp-json\/wp\/v2\/media?parent=185740"}],"wp:term":[{"taxonomy":"category","embeddable":true,"href":"https:\/\/www.recom.link\/sq\/wp-json\/wp\/v2\/categories?post=185740"},{"taxonomy":"post_tag","embeddable":true,"href":"https:\/\/www.recom.link\/sq\/wp-json\/wp\/v2\/tags?post=185740"}],"curies":[{"name":"wp","href":"https:\/\/api.w.org\/{rel}","templated":true}]}}