{"id":168528,"date":"2019-05-27T00:00:00","date_gmt":"2019-05-26T23:00:00","guid":{"rendered":"http:\/\/localhost\/newRecom\/zajednicki-prioritet-cinjenice-o-zrtvama-8\/"},"modified":"2020-05-26T11:22:35","modified_gmt":"2020-05-26T10:22:35","slug":"prioriteti-i-perbashket-faktet-mbi-viktimat","status":"publish","type":"post","link":"https:\/\/www.recom.link\/sq\/prioriteti-i-perbashket-faktet-mbi-viktimat\/","title":{"rendered":"Prioriteti i p\u00ebrbashk\u00ebt: faktet mbi viktimat"},"content":{"rendered":"\r\n<p>27 Maj\u00a02019\u00a0<\/p>\r\n\r\n\r\n\r\n<p>N\u00eb Strategjin\u00eb e zgjerimit t\u00eb vitit 2018, BE-ja i ka vendos lart\u00eb n\u00eb shkall\u00ebn e prioritetit marr\u00ebdh\u00ebniet e fqinj\u00ebsis\u00eb s\u00eb mir\u00eb dhe pajtimin. P\u00ebrkrahja, t\u00eb cil\u00ebn n\u00eb k\u00ebt\u00eb drejtim e kan\u00eb ofruar lider\u00ebt e Ballkanit Per\u00ebndimor (BP) n\u00eb Samitin e Sofjes (17 maj i vitit 2018) dhe deklaratat e p\u00ebrbashk\u00ebta mbi personat e zhdukur dhe krimet e luft\u00ebs n\u00eb Samitin e Londr\u00ebs (10 korrik i vitit 2018), jan\u00eb arsye p\u00ebr t\u00eb shpresuar se do t\u00eb arrihet nj\u00eb marr\u00ebveshje p\u00ebr nj\u00eb p\u00ebrkrahje t\u00eb fuqishme p\u00ebr pajtimin, p\u00ebrmes Nism\u00ebs s\u00eb KOMRA-s, n\u00eb Samitin n\u00eb Poznanj (4 dhe 5 korrik i vitit 2019) n\u00eb kuad\u00ebr t\u00eb Procesit t\u00eb Berlinit.<\/p>\r\n\r\n\r\n\r\n<p>N\u00eb takimin p\u00ebrgatitor ministror (Varshav[, 11 maj i vitit 2019) nj\u00ebmend \u00ebsht\u00eb theksuar \u201ep\u00ebrkushtimi i pjes\u00ebmarr\u00ebsve p\u00ebr pajtimin\u201c gjat\u00eb \u201ebised\u00ebs p\u00ebr qasjen e mundshme t\u00eb qeverive ndaj ballafaqimit me t\u00eb kaluar\u00ebn me an\u00eb t\u00eb pjes\u00ebmarrjes s\u00eb shoq\u00ebris\u00eb civile dhe asociacioneve t\u00eb viktimave p\u00ebrmes Nism\u00ebs s\u00eb KOMRA-s \u201c krahas \u201epajtimit q\u00eb t\u00eb vazhdohet me shqyrtimin e k\u00ebtij opcioni\u201c (komunikata zyrtare e kryesuesit). Pjer Mirelit (Pierre Mirel), ish drejtor i Komisionit Evropian p\u00ebr BE-n\u00eb, i \u00ebsht\u00eb k\u00ebrkuar t\u00eb ndihmoj\u00eb n\u00eb realizimin e k\u00ebtij objektivi.<\/p>\r\n\r\n\r\n\r\n<p>N\u00eb k\u00ebt\u00eb frym\u00eb, Pjer Mirel jo fort moti \u00ebsht\u00eb takuar me p\u00ebrfaq\u00ebsuesit e institucioneve shtet\u00ebrore n\u00eb Bosnj\u00eb dhe Hercegovin\u00eb, duke p\u00ebrfshir\u00eb edhe Stasha Kosharcin (Sta\u0161u Ko\u0161arca), z\u00ebvend\u00ebsi i klubit t\u00eb deputet\u00ebve t\u00eb LSDP, i cili pas takimit e ka publikuar nj\u00eb komunikat\u00eb p\u00ebr media (16 maj i vitit 2019). \u00a0Z. Kosharac ka th\u00ebn\u00eb se institucionet e Republika Srpska e konsiderojn\u00eb KOMRA-n \u201enj\u00eb institucion t\u00eb papranuesh\u00ebm p\u00ebr nxitjen e procesit t\u00eb pajtimit\u201c, sepse \u201eaktgjykimet e GJNPJ-s\u00eb nuk mund t\u00eb jen\u00eb baz\u00eb p\u00ebr v\u00ebrtetimin e fakteve dhe t\u00eb s\u00eb v\u00ebrtet\u00ebs s\u00eb plot\u00eb\u201c. \u00cbsht\u00eb e pamundur, megjith\u00ebk\u00ebt\u00eb, t\u00eb mos shtrohet pyetja se si dikush mund t\u00eb mohoj\u00eb, krahas aktgjykimeve, madje edhe me ndonj\u00eb gabim, se gjykimet e kan\u00eb v\u00ebrtetuar r\u00ebnd\u00ebsin\u00eb e padiskutueshme t\u00eb fakteve?<\/p>\r\n\r\n\r\n\r\n<p>Kjo deklarat\u00eb e zot\u00ebri Kosharcit p\u00ebrb\u00ebn\u00eb nj\u00eb mohim t\u00eb qart\u00eb t\u00eb p\u00ebrcaktimit t\u00eb B dhe H n\u00eb Samitin e Londr\u00ebs, ku shefat e shteteve e kan\u00eb theksuar r\u00ebnd\u00ebsin\u00eb \u201ee pranimit dhe t\u00eb respektimit t\u00eb aktgjykimeve, refuzimin e gjuh\u00ebs s\u00eb urrejtjes dhe glorifikimin e krimeve t\u00eb luft\u00ebs, promovimin e kultur\u00ebs s\u00eb respektimit dhe t\u00eb solidaritetit me t\u00eb gjitha viktimat\u201c (Deklarata e p\u00ebrbashk\u00ebt mbi krimet e luft\u00ebs).<\/p>\r\n\r\n\r\n\r\n<p>Pik\u00ebrisht ky \u00ebsht\u00eb objektivi i &#8220;Komisionit Rajonal p\u00ebr v\u00ebrtetimin e fakteve mbi krimet e luft\u00ebs dhe shkeljet e tjera t\u00eb r\u00ebnda t\u00eb t\u00eb drejtave t\u00eb njeriut n\u00eb territorin e ish RSFJ prej dat\u00ebs 1 janar t\u00eb vitit 1991 e deri n\u00eb dat\u00ebn 31 dhjetor t\u00eb vitit 2001&#8221; (KOMRA).<\/p>\r\n\r\n\r\n\r\n<p>KOMRA nuk p\u00ebrb\u00ebn\u00eb dyfishim t\u00eb\u00a0 pun\u00ebs s\u00eb gjykat\u00ebs si dhe as nj\u00eb gjykat\u00eb paralele. Duke u p\u00ebrqendruar n\u00eb faktet dhe n\u00eb viktimat, do t\u00eb tregohej si mjet i domosdosh\u00ebm p\u00ebr plot\u00ebsimin e vendimeve gjyq\u00ebsore dhe p\u00ebr p\u00ebrafrimin e q\u00ebndrimeve t\u00eb kund\u00ebrta n\u00eb lidhje me t\u00eb nj\u00ebjtat ngjarje. KOMRA \u00ebsht\u00eb konceptuar si nj\u00eb trup rajonal nd\u00ebrshtet\u00ebror, an\u00ebtar\u00ebt e t\u00eb cilit i em\u00ebrojn\u00eb autoritetet dhe p\u00ebrfaq\u00ebsuesit e shoq\u00ebris\u00eb civile. Projekt Statuti i tij \u00ebsht\u00eb rezultat i nj\u00eb konsensusi t\u00eb gjer\u00eb nd\u00ebrmjet lider\u00ebve t\u00eb Ballkanit Per\u00ebndimor n\u00eb vitin 2014. Ndryshimet politike n\u00eb disa vende pas k\u00ebsaj e kan\u00eb ngadal\u00ebsuar realizimin e k\u00ebsaj nisme dhe, s\u00eb k\u00ebndejmi, \u00ebsht\u00eb me r\u00ebnd\u00ebsi t&#8217;i kthehemi asaj krahas nj\u00eb shtyse t\u00eb re n\u00eb Samitin n\u00eb Poznanj n\u00eb muajin korrik t\u00eb k\u00ebtij viti.<\/p>\r\n\r\n\r\n\r\n<p>Deri tash Serbia, Kosova, Maqedonia Veriore dhe Mali i Zi jan\u00eb pajtuar q\u00eb ta p\u00ebrkrahin. Bosnja dhe Hercegovina dhe Kroacia ende nuk e kan\u00eb nj\u00eb q\u00ebndrim zyrtar. Shpresojm\u00eb se edhe k\u00ebto vende do ta n\u00ebnshkruajn\u00eb Deklarat\u00ebn mbi KOMRA-n, n\u00eb em\u00ebr t\u00eb viktimave dhe n\u00eb pajtim me synimin \u201eq\u00eb t\u00eb tejkalohet trash\u00ebgimia e s\u00eb kaluar\u00ebs, me an\u00eb t\u00eb promovimit t\u00eb pajtimit dhe t\u00eb marr\u00ebdh\u00ebnieve t\u00eb mira fqinj\u00ebsore \u201c (Deklarata e p\u00ebrbashk\u00ebt, Lond\u00ebr, 10 korrik i vitit 2018).<\/p>\r\n\r\n\r\n\r\n<p>T\u00eb gjith\u00eb lider\u00ebt e BP nj\u00ebmend do t\u00eb duhej ta synojn\u00eb pajtimin me t\u00eb gjitha mjetet e mundshme (me gjykimet, mekanizmat p\u00ebr paraqitjen e fakteve, komemoracionet e p\u00ebrbashk\u00ebta, tekstet shkollore e t\u00eb tjera), n\u00eb pajtim me deklaratat e shumta t\u00eb n\u00ebnshkruara gjat\u00eb viteve paraprake si dhe n\u00eb kontekstin e Konkluzave t\u00eb K\u00ebshillit t\u00eb BE-s\u00eb\u00a0 t\u00eb vitit 2015 p\u00ebr p\u00ebrkrahjen e drejt\u00ebsis\u00eb tranzicionale. Konstatimi i fakteve mbi viktimat do t\u00eb duhej t\u00eb ishte prioritet &#8211; n\u00eb m\u00ebnyr\u00eb q\u00eb t&#8217;ua kthejm\u00eb dinjitetin personal dhe q\u00eb t\u00eb parandalojm\u00eb q\u00eb e kaluara ta \u00e7rregulloj\u00eb t\u00eb tashmen dhe ta kufizoj t\u00eb ardhmen.<\/p>\r\n","protected":false},"excerpt":{"rendered":"27 Maj\u00a02019\u00a0 N\u00eb Strategjin\u00eb e zgjerimit t\u00eb vitit 2018, BE-ja i ka vendos lart\u00eb n\u00eb shkall\u00ebn e prioritetit marr\u00ebdh\u00ebniet e&#8230; ","protected":false},"author":116,"featured_media":181732,"comment_status":"closed","ping_status":"closed","sticky":false,"template":"","format":"standard","meta":{"_acf_changed":false,"footnotes":""},"categories":[1914],"tags":[1926],"class_list":["post-168528","post","type-post","status-publish","format-standard","has-post-thumbnail","hentry","category-mbeshtetje-per-komra","tag-procesi-berlinit"],"acf":[],"yoast_head":"<!-- This site is optimized with the Yoast SEO plugin v25.6 - https:\/\/yoast.com\/wordpress\/plugins\/seo\/ -->\n<title>Prioriteti i p\u00ebrbashk\u00ebt: faktet mbi viktimat - REKOM ~ KOMRA ~ RECOM<\/title>\n<meta name=\"robots\" content=\"index, follow, max-snippet:-1, max-image-preview:large, max-video-preview:-1\" \/>\n<link rel=\"canonical\" href=\"https:\/\/www.recom.link\/sq\/prioriteti-i-perbashket-faktet-mbi-viktimat\/\" \/>\n<meta property=\"og:locale\" content=\"sq_AL\" \/>\n<meta property=\"og:type\" content=\"article\" \/>\n<meta property=\"og:title\" content=\"Prioriteti i p\u00ebrbashk\u00ebt: faktet mbi viktimat - REKOM ~ KOMRA ~ RECOM\" \/>\n<meta property=\"og:description\" content=\"27 Maj\u00a02019\u00a0 N\u00eb Strategjin\u00eb e zgjerimit t\u00eb vitit 2018, BE-ja i ka vendos lart\u00eb n\u00eb shkall\u00ebn e prioritetit marr\u00ebdh\u00ebniet e...\" \/>\n<meta property=\"og:url\" content=\"https:\/\/www.recom.link\/sq\/prioriteti-i-perbashket-faktet-mbi-viktimat\/\" \/>\n<meta property=\"og:site_name\" content=\"REKOM ~ KOMRA ~ RECOM\" \/>\n<meta property=\"article:publisher\" content=\"https:\/\/www.facebook.com\/ZaREKOM.PerKOMRA.ForRECOM\/\" \/>\n<meta property=\"article:published_time\" content=\"2019-05-26T23:00:00+00:00\" \/>\n<meta property=\"article:modified_time\" content=\"2020-05-26T10:22:35+00:00\" \/>\n<meta name=\"author\" content=\"mihajlo\" \/>\n<meta name=\"twitter:card\" content=\"summary_large_image\" \/>\n<meta name=\"twitter:image\" content=\"https:\/\/www.recom.link\/wp-content\/uploads\/2020\/04\/eu_flag.jpg\" \/>\n<meta name=\"twitter:creator\" content=\"@REKOM_KOMRA\" \/>\n<meta name=\"twitter:site\" content=\"@REKOM_KOMRA\" \/>\n<meta name=\"twitter:label1\" content=\"Written by\" \/>\n\t<meta name=\"twitter:data1\" content=\"mihajlo\" \/>\n\t<meta name=\"twitter:label2\" content=\"Est. reading time\" \/>\n\t<meta name=\"twitter:data2\" content=\"4 minuta\" \/>\n<script type=\"application\/ld+json\" class=\"yoast-schema-graph\">{\"@context\":\"https:\/\/schema.org\",\"@graph\":[{\"@type\":\"WebPage\",\"@id\":\"https:\/\/www.recom.link\/sq\/prioriteti-i-perbashket-faktet-mbi-viktimat\/\",\"url\":\"https:\/\/www.recom.link\/sq\/prioriteti-i-perbashket-faktet-mbi-viktimat\/\",\"name\":\"Prioriteti i p\u00ebrbashk\u00ebt: faktet mbi viktimat - REKOM ~ KOMRA ~ RECOM\",\"isPartOf\":{\"@id\":\"https:\/\/www.recom.link\/en\/#website\"},\"primaryImageOfPage\":{\"@id\":\"https:\/\/www.recom.link\/sq\/prioriteti-i-perbashket-faktet-mbi-viktimat\/#primaryimage\"},\"image\":{\"@id\":\"https:\/\/www.recom.link\/sq\/prioriteti-i-perbashket-faktet-mbi-viktimat\/#primaryimage\"},\"thumbnailUrl\":\"https:\/\/www.recom.link\/wp-content\/uploads\/2020\/04\/eu_flag.jpg\",\"datePublished\":\"2019-05-26T23:00:00+00:00\",\"dateModified\":\"2020-05-26T10:22:35+00:00\",\"author\":{\"@id\":\"https:\/\/www.recom.link\/en\/#\/schema\/person\/c0862c436fe4eedec04aac0a2fb07530\"},\"breadcrumb\":{\"@id\":\"https:\/\/www.recom.link\/sq\/prioriteti-i-perbashket-faktet-mbi-viktimat\/#breadcrumb\"},\"inLanguage\":\"sq\",\"potentialAction\":[{\"@type\":\"ReadAction\",\"target\":[\"https:\/\/www.recom.link\/sq\/prioriteti-i-perbashket-faktet-mbi-viktimat\/\"]}]},{\"@type\":\"ImageObject\",\"inLanguage\":\"sq\",\"@id\":\"https:\/\/www.recom.link\/sq\/prioriteti-i-perbashket-faktet-mbi-viktimat\/#primaryimage\",\"url\":\"https:\/\/www.recom.link\/wp-content\/uploads\/2020\/04\/eu_flag.jpg\",\"contentUrl\":\"https:\/\/www.recom.link\/wp-content\/uploads\/2020\/04\/eu_flag.jpg\"},{\"@type\":\"BreadcrumbList\",\"@id\":\"https:\/\/www.recom.link\/sq\/prioriteti-i-perbashket-faktet-mbi-viktimat\/#breadcrumb\",\"itemListElement\":[{\"@type\":\"ListItem\",\"position\":1,\"name\":\"Home\",\"item\":\"https:\/\/www.recom.link\/en\/\"},{\"@type\":\"ListItem\",\"position\":2,\"name\":\"Prioriteti i p\u00ebrbashk\u00ebt: faktet mbi viktimat\"}]},{\"@type\":\"WebSite\",\"@id\":\"https:\/\/www.recom.link\/en\/#website\",\"url\":\"https:\/\/www.recom.link\/en\/\",\"name\":\"REKOM ~ KOMRA ~ RECOM\",\"description\":\"\",\"potentialAction\":[{\"@type\":\"SearchAction\",\"target\":{\"@type\":\"EntryPoint\",\"urlTemplate\":\"https:\/\/www.recom.link\/en\/?s={search_term_string}\"},\"query-input\":{\"@type\":\"PropertyValueSpecification\",\"valueRequired\":true,\"valueName\":\"search_term_string\"}}],\"inLanguage\":\"sq\"},{\"@type\":\"Person\",\"@id\":\"https:\/\/www.recom.link\/en\/#\/schema\/person\/c0862c436fe4eedec04aac0a2fb07530\",\"name\":\"mihajlo\",\"image\":{\"@type\":\"ImageObject\",\"inLanguage\":\"sq\",\"@id\":\"https:\/\/www.recom.link\/en\/#\/schema\/person\/image\/\",\"url\":\"https:\/\/secure.gravatar.com\/avatar\/fdf797cd3492e4836264e464108a55ee?s=96&d=mm&r=g\",\"contentUrl\":\"https:\/\/secure.gravatar.com\/avatar\/fdf797cd3492e4836264e464108a55ee?s=96&d=mm&r=g\",\"caption\":\"mihajlo\"},\"url\":\"https:\/\/www.recom.link\/sq\/author\/mihajlo\/\"}]}<\/script>\n<!-- \/ Yoast SEO plugin. -->","yoast_head_json":{"title":"Prioriteti i p\u00ebrbashk\u00ebt: faktet mbi viktimat - REKOM ~ KOMRA ~ RECOM","robots":{"index":"index","follow":"follow","max-snippet":"max-snippet:-1","max-image-preview":"max-image-preview:large","max-video-preview":"max-video-preview:-1"},"canonical":"https:\/\/www.recom.link\/sq\/prioriteti-i-perbashket-faktet-mbi-viktimat\/","og_locale":"sq_AL","og_type":"article","og_title":"Prioriteti i p\u00ebrbashk\u00ebt: faktet mbi viktimat - REKOM ~ KOMRA ~ RECOM","og_description":"27 Maj\u00a02019\u00a0 N\u00eb Strategjin\u00eb e zgjerimit t\u00eb vitit 2018, BE-ja i ka vendos lart\u00eb n\u00eb shkall\u00ebn e prioritetit marr\u00ebdh\u00ebniet e...","og_url":"https:\/\/www.recom.link\/sq\/prioriteti-i-perbashket-faktet-mbi-viktimat\/","og_site_name":"REKOM ~ KOMRA ~ RECOM","article_publisher":"https:\/\/www.facebook.com\/ZaREKOM.PerKOMRA.ForRECOM\/","article_published_time":"2019-05-26T23:00:00+00:00","article_modified_time":"2020-05-26T10:22:35+00:00","author":"mihajlo","twitter_card":"summary_large_image","twitter_image":"https:\/\/www.recom.link\/wp-content\/uploads\/2020\/04\/eu_flag.jpg","twitter_creator":"@REKOM_KOMRA","twitter_site":"@REKOM_KOMRA","twitter_misc":{"Written by":"mihajlo","Est. reading time":"4 minuta"},"schema":{"@context":"https:\/\/schema.org","@graph":[{"@type":"WebPage","@id":"https:\/\/www.recom.link\/sq\/prioriteti-i-perbashket-faktet-mbi-viktimat\/","url":"https:\/\/www.recom.link\/sq\/prioriteti-i-perbashket-faktet-mbi-viktimat\/","name":"Prioriteti i p\u00ebrbashk\u00ebt: faktet mbi viktimat - REKOM ~ KOMRA ~ RECOM","isPartOf":{"@id":"https:\/\/www.recom.link\/en\/#website"},"primaryImageOfPage":{"@id":"https:\/\/www.recom.link\/sq\/prioriteti-i-perbashket-faktet-mbi-viktimat\/#primaryimage"},"image":{"@id":"https:\/\/www.recom.link\/sq\/prioriteti-i-perbashket-faktet-mbi-viktimat\/#primaryimage"},"thumbnailUrl":"https:\/\/www.recom.link\/wp-content\/uploads\/2020\/04\/eu_flag.jpg","datePublished":"2019-05-26T23:00:00+00:00","dateModified":"2020-05-26T10:22:35+00:00","author":{"@id":"https:\/\/www.recom.link\/en\/#\/schema\/person\/c0862c436fe4eedec04aac0a2fb07530"},"breadcrumb":{"@id":"https:\/\/www.recom.link\/sq\/prioriteti-i-perbashket-faktet-mbi-viktimat\/#breadcrumb"},"inLanguage":"sq","potentialAction":[{"@type":"ReadAction","target":["https:\/\/www.recom.link\/sq\/prioriteti-i-perbashket-faktet-mbi-viktimat\/"]}]},{"@type":"ImageObject","inLanguage":"sq","@id":"https:\/\/www.recom.link\/sq\/prioriteti-i-perbashket-faktet-mbi-viktimat\/#primaryimage","url":"https:\/\/www.recom.link\/wp-content\/uploads\/2020\/04\/eu_flag.jpg","contentUrl":"https:\/\/www.recom.link\/wp-content\/uploads\/2020\/04\/eu_flag.jpg"},{"@type":"BreadcrumbList","@id":"https:\/\/www.recom.link\/sq\/prioriteti-i-perbashket-faktet-mbi-viktimat\/#breadcrumb","itemListElement":[{"@type":"ListItem","position":1,"name":"Home","item":"https:\/\/www.recom.link\/en\/"},{"@type":"ListItem","position":2,"name":"Prioriteti i p\u00ebrbashk\u00ebt: faktet mbi viktimat"}]},{"@type":"WebSite","@id":"https:\/\/www.recom.link\/en\/#website","url":"https:\/\/www.recom.link\/en\/","name":"REKOM ~ KOMRA ~ RECOM","description":"","potentialAction":[{"@type":"SearchAction","target":{"@type":"EntryPoint","urlTemplate":"https:\/\/www.recom.link\/en\/?s={search_term_string}"},"query-input":{"@type":"PropertyValueSpecification","valueRequired":true,"valueName":"search_term_string"}}],"inLanguage":"sq"},{"@type":"Person","@id":"https:\/\/www.recom.link\/en\/#\/schema\/person\/c0862c436fe4eedec04aac0a2fb07530","name":"mihajlo","image":{"@type":"ImageObject","inLanguage":"sq","@id":"https:\/\/www.recom.link\/en\/#\/schema\/person\/image\/","url":"https:\/\/secure.gravatar.com\/avatar\/fdf797cd3492e4836264e464108a55ee?s=96&d=mm&r=g","contentUrl":"https:\/\/secure.gravatar.com\/avatar\/fdf797cd3492e4836264e464108a55ee?s=96&d=mm&r=g","caption":"mihajlo"},"url":"https:\/\/www.recom.link\/sq\/author\/mihajlo\/"}]}},"_links":{"self":[{"href":"https:\/\/www.recom.link\/sq\/wp-json\/wp\/v2\/posts\/168528"}],"collection":[{"href":"https:\/\/www.recom.link\/sq\/wp-json\/wp\/v2\/posts"}],"about":[{"href":"https:\/\/www.recom.link\/sq\/wp-json\/wp\/v2\/types\/post"}],"author":[{"embeddable":true,"href":"https:\/\/www.recom.link\/sq\/wp-json\/wp\/v2\/users\/116"}],"replies":[{"embeddable":true,"href":"https:\/\/www.recom.link\/sq\/wp-json\/wp\/v2\/comments?post=168528"}],"version-history":[{"count":1,"href":"https:\/\/www.recom.link\/sq\/wp-json\/wp\/v2\/posts\/168528\/revisions"}],"predecessor-version":[{"id":179005,"href":"https:\/\/www.recom.link\/sq\/wp-json\/wp\/v2\/posts\/168528\/revisions\/179005"}],"wp:featuredmedia":[{"embeddable":true,"href":"https:\/\/www.recom.link\/sq\/wp-json\/wp\/v2\/media\/181732"}],"wp:attachment":[{"href":"https:\/\/www.recom.link\/sq\/wp-json\/wp\/v2\/media?parent=168528"}],"wp:term":[{"taxonomy":"category","embeddable":true,"href":"https:\/\/www.recom.link\/sq\/wp-json\/wp\/v2\/categories?post=168528"},{"taxonomy":"post_tag","embeddable":true,"href":"https:\/\/www.recom.link\/sq\/wp-json\/wp\/v2\/tags?post=168528"}],"curies":[{"name":"wp","href":"https:\/\/api.w.org\/{rel}","templated":true}]}}