{"id":139663,"date":"2016-06-30T12:36:30","date_gmt":"2016-06-30T11:36:30","guid":{"rendered":"http:\/\/www.recom.link\/8-supermen-special-court-2\/"},"modified":"2016-06-30T12:54:23","modified_gmt":"2016-06-30T11:54:23","slug":"8-supermen-special-court","status":"publish","type":"post","link":"https:\/\/www.recom.link\/sq\/8-supermen-special-court\/","title":{"rendered":"8 supermen\u00ebt e Gjykat\u00ebs Speciale"},"content":{"rendered":"<p>B\u00ebhet fjal\u00eb \u2013 jo p\u00ebr dhjet\u00ebra procedime krimesh, jo me dhjet\u00ebra individ\u00eb ose grupime \u2013 por me 8 individ\u00eb. Pra, n\u00ebse v\u00ebrtetohet p\u00ebrfundimisht se Gjykata Speciale po themelohet p\u00ebr t\u00eb proceduar vet\u00ebm 8 individ\u00eb, pyetja \u00ebsht\u00eb: Kush qenkan k\u00ebta 8 supermen\u00eb t\u00eb cil\u00ebve nuk paska pasur \u00e7ka t\u2019iu b\u00ebj\u00eb asnj\u00eb gjykat\u00eb e deritashme, duke e ditur se n\u00eb Kosov\u00eb \u00ebsht\u00eb arrestuar deri edhe kryeministri n\u00eb detyr\u00eb me akuz\u00ebn p\u00ebr krime lufte nga Tribunali i Hag\u00ebs? Eksperimentet vazhdojn\u00eb&#8230;<\/p>\n<p><strong>\u00a0<\/strong><\/p>\n<p><strong>Adriatik Kelmendi<\/strong><\/p>\n<p>&nbsp;<\/p>\n<p>Me miratimin nga K\u00ebshilli i Bashkimit Evropian t\u00eb buxhetit p\u00ebr mb\u00ebshtetje fillestare t\u00eb dhomave t\u00eb Gjykat\u00ebs Speciale prej afro 29 milion\u00eb eurosh \u00ebsht\u00eb sh\u00ebnuar edhe hapi i par\u00eb i preksh\u00ebm p\u00ebr themelimin e gjykat\u00ebs kund\u00ebrth\u00ebn\u00ebse.<\/p>\n<p>Pas nj\u00eb presioni t\u00eb pashembullt nd\u00ebrkomb\u00ebtar dhe nj\u00eb debati m\u00eb tep\u00ebr t\u00eb mb\u00ebshtetur n\u00eb d\u00ebshira individuale ose partiake se sa mbi thelbin e materies (Gjykata&#8230; nuk do t\u00eb merret me vrasjet politike nd\u00ebrshqiptare t\u00eb pasluft\u00ebs), edhe Kuvendi i Kosov\u00ebs kishte votuar ver\u00ebn e kaluar p\u00ebr themelimin e tij.<\/p>\n<p>Mbetet q\u00eb t\u00eb filloj\u00eb edhe procesi i p\u00ebrzgjedhjes s\u00eb gjykat\u00ebsve t\u00eb Gjykat\u00ebs Speciale, pas p\u00ebrmbylljes n\u00eb maj t\u00eb konkursit p\u00ebr stafin administrativ.<\/p>\n<p>A i bie kjo se p\u00ebrfundimisht drejt\u00ebsia do t\u00eb merret me \u201challk\u00ebn e fundit\u201d &#8211; krimet e supozuara t\u00eb ish pjes\u00ebtar\u00ebve t\u00eb U\u00c7K-s\u00eb, sic thuhet, ndaj pjes\u00ebtar\u00ebve t\u00eb komuniteteve pakic\u00eb n\u00eb periudh\u00ebn nd\u00ebrmjet viteve 1998-2000?!<\/p>\n<p>Me t\u00eb filluar puna \u2013 nj\u00eb her\u00eb e mir\u00eb do t\u00eb vendoset drejt\u00ebsia p\u00ebr viktimat e luft\u00ebs n\u00eb territoret e ish-Jugosllavis\u00eb?!<\/p>\n<p>Duartrokas! Do t\u00eb ishte shum\u00eb e d\u00ebshirueshme kjo. Mir\u00ebpo, fatkeq\u00ebsisht, jam thell\u00eb i bindur se ky episod vet\u00ebm sa do ta b\u00ebj\u00eb edhe m\u00eb utopike iden\u00eb e d\u00ebnimit t\u00eb fajtor\u00ebve.<\/p>\n<p>Arsyeja: Gjykata Speciale \u00ebsht\u00eb nj\u00eb rr\u00ebfim q\u00eb tashm\u00eb e kemi par\u00eb me Tribunalin e Hag\u00ebs, UNMIK-un, EULEX-in e edhe gjyq\u00ebsin\u00eb kosovare.<\/p>\n<p>Pas shum\u00eb spekulimesh, informata nga burime t\u00eb besueshme nd\u00ebrkomb\u00ebtare t\u00eb af\u00ebrta me rrjedhat tregojn\u00eb se do t\u00eb b\u00ebhet fjal\u00eb \u2013 jo p\u00ebr dhjet\u00ebra procedime krimesh, jo me dhjet\u00ebra individ\u00eb ose grupime \u2013 por me 8 individ\u00eb.<\/p>\n<p>Pra, n\u00ebse kjo edhe v\u00ebrtetohet p\u00ebrfundimisht, i bie se fati i drejt\u00ebsis\u00eb n\u00eb ish-Jugosllavi qenka lidhur me procedimin gjyq\u00ebsor t\u00eb vet\u00ebm 8 individ\u00ebve.<\/p>\n<p>Kush qenkan k\u00ebta 8 supermen\u00eb t\u00eb cil\u00ebve nuk paska pasur cka t\u2019iu b\u00ebj\u00eb asnj\u00eb gjykat\u00eb e deritashme, duke e ditur se n\u00eb Kosov\u00eb \u00ebsht\u00eb arrestuar deri edhe kryeministri n\u00eb detyr\u00eb me akuz\u00ebn p\u00ebr krime lufte nga Tribunali i Hag\u00ebs?<\/p>\n<p>Besoj kureshtja do t\u00eb na shuhet s\u00eb shpejti, por jo domosdoshm\u00ebrisht t\u00eb na mbushet mendja se t\u00eb nj\u00ebjtit nuk kan\u00eb mundur t\u00eb procedohen edhe nga gjykatat ekzistuese.<\/p>\n<p>Por t\u00eb shkojm\u00eb me radh\u00eb: Tribunali i Hag\u00ebs &#8211; duke qen\u00eb edhe nd\u00ebrmarrja m\u00eb e kushtueshme gjyq\u00ebsore e fundshekullit &#8211; ka d\u00ebshtuar, pasi q\u00eb nuk ia ka dal\u00eb t\u00eb faktoj\u00eb faj\u00ebsin\u00eb e kryekriminelit t\u00eb Ballkanit, Slobodan Milosheviq, dhe shum\u00eb t\u00eb akuzuarve t\u00eb tjer\u00eb p\u00ebr t\u00eb cil\u00ebt edhe minjt\u00eb n\u00eb tavan e din\u00eb se kan\u00eb pasur p\u00ebrgjegj\u00ebsi p\u00ebr krimet n\u00eb territorin e Ish-Jugosllavis\u00eb.<\/p>\n<p>P.sh. me lirimin q\u00eb i \u00ebsht\u00eb b\u00ebr\u00eb si t\u00eb pafajsh\u00ebm edhe Jovica Stanishiqit, Franko Simatoviqit dhe Mom\u00e7ilo Perishiqit, del se asnj\u00eb serb i Serbis\u00eb nuk paska pasur gisht n\u00eb krimet e kryera n\u00eb Kroaci e Bosnj\u00eb. A ka dikush q\u00eb e beson k\u00ebt\u00eb, kur vet\u00eb k\u00ebta protagonist\u00eb jan\u00eb krekosur p\u00ebr rolin e tyre n\u00eb spastrimin etnik n\u00eb Bosnj\u00eb dhe at\u00eb t\u00eb synuar n\u00eb Kroaci?!<\/p>\n<p>Tribunali i Hag\u00ebs e ka mbyllur aktivitetin pa arritur d\u00ebnimin e kriminel\u00ebve kryesor\u00eb, pa ndikim n\u00eb ripajtimin e popujve, pa v\u00ebrtetuar gjenocidet, dhe pa ndjenj\u00ebn e drejt\u00ebsis\u00eb p\u00ebr viktimat.<\/p>\n<p>P\u00ebr m\u00eb tep\u00ebr, duke mos d\u00ebnuar serb\u00ebt e Serbis\u00eb, Tribunali n\u00eb nj\u00ebfar\u00eb forme vet\u00ebm sa ka legalizuar spastrimin etnik t\u00eb b\u00ebr\u00eb n\u00eb Bosnj\u00eb.<\/p>\n<p>A s\u2019mund t\u00eb thuhet se nj\u00ebsoj ka ndodhur n\u00eb Kosov\u00eb me d\u00ebshtimin e UNMIK-ut dhe t\u00eb EULEX-it n\u00eb raport me krimet e luft\u00ebs e edhe ato t\u00eb pasluft\u00ebs?<\/p>\n<p>Sigurisht se n\u00eb Hag\u00eb, n\u00eb UNMIK e n\u00eb EULEX kan\u00eb punuar ose punojn\u00eb disa nga gjykat\u00ebsit dhe prokuror\u00ebt m\u00eb t\u00eb mir\u00eb nd\u00ebrkomb\u00ebtar\u00eb.<\/p>\n<p>At\u00ebher\u00eb, me cil\u00ebt gjykat\u00ebs dhe prokuror\u00eb do t\u00eb p\u00ebrb\u00ebhen Dhomat e Ve\u00e7anta t\u00eb Gjykat\u00ebs Speciale, n\u00ebse k\u00ebta ekzistuesit paskan d\u00ebshtuar?<\/p>\n<p>Pse n\u00ebse d\u00ebshtuan tri nd\u00ebrmarrje, nuk do t\u00eb d\u00ebshtoj\u00eb e kat\u00ebrta, e p\u00ebrb\u00ebr\u00eb me brum\u00eb t\u00eb nj\u00ebjt\u00eb?<\/p>\n<p>Nj\u00eb argument q\u00eb p\u00ebrdoret shpesh \u00ebsht\u00eb se d\u00ebshmitar\u00ebt shqiptar\u00eb jan\u00eb k\u00ebrc\u00ebnuar e frik\u00ebsuar, ose se kan\u00eb ndryshuar deklaratat fillestare n\u00eb proceset gjyq\u00ebsore n\u00eb Hag\u00eb e Kosov\u00eb. Sigurisht se mund t\u00eb ket\u00eb shum\u00eb t\u00eb v\u00ebrteta k\u00ebtu. Por n\u00ebse ky qenka problemi kryesor q\u00eb ka b\u00ebr\u00eb q\u00eb kriminel\u00ebt sot t\u00eb jen\u00eb n\u00eb liri, at\u00ebher\u00eb a ka kush q\u00eb do t\u00eb na tregoj\u00eb se si do t\u00eb b\u00ebj\u00eb kjo Gjykat\u00eb e re q\u00eb k\u00ebta d\u00ebshmitar\u00eb t\u00eb nj\u00ebjt\u00eb, ose t\u00eb tjer\u00eb t\u00eb rinj, t\u00eb mos sillen nj\u00ebsoj?<\/p>\n<p>\u00c7ka do t\u00eb ket\u00eb aq speciale e q\u00eb s\u2019e pask\u00ebshin pasur deri m\u00eb tash gjykat\u00ebsit e prokuror\u00ebt nd\u00ebrkomb\u00ebtar\u00eb e vendor\u00eb e q\u00eb po e paskan k\u00ebta t\u00eb rinjt\u00eb, t\u00eb cil\u00ebt mund t\u00eb angazhohen n\u00eb Gjykat\u00ebn Speciale?<\/p>\n<p>Argument tjet\u00ebr \u00ebsht\u00eb se n\u00eb Kosov\u00eb nuk jan\u00eb gjykuar aq shum\u00eb shqiptar\u00eb p\u00ebr krime t\u00eb luft\u00ebs dhe pas saj sa \u00ebsht\u00eb dashur. Edhe k\u00ebtu mbase mund t\u00eb ket\u00eb t\u00eb v\u00ebrteta.<\/p>\n<p>Mir\u00ebpo, deri n\u00eb vitin 2014 kur u b\u00eb e qart\u00eb k\u00ebmb\u00ebngulja p\u00ebr formimin e Gjykat\u00ebs&#8230;, Fondi p\u00ebr t\u00eb Drejt\u00ebn Humanitare kishte t\u00eb evidencuar 85 procedime penale n\u00eb Kosov\u00eb, prej t\u00eb cil\u00ebve t\u00eb akuzuar ishin 62 shqiptar\u00eb dhe 22 serb\u00eb. N\u00ebse shikohet me proporcionin e etnis\u00eb s\u00eb viktimave t\u00eb luft\u00ebs, i bie q\u00eb jan\u00eb proceduar m\u00eb shum\u00eb shqiptar\u00eb se serb\u00eb.<\/p>\n<p>Nga gjithsej 13.146 persona q\u00eb llogariten si t\u00eb vrar\u00eb, t\u00eb r\u00ebn\u00eb dhe t\u00eb zhdukur n\u00eb Kosov\u00eb p\u00ebr periudh\u00ebn janar 1998 &#8211; dhjetor 1999, 10.495 jan\u00eb shqiptar\u00eb, 2.077 serb\u00eb dhe 574 joshqiptar\u00eb e joserb\u00eb dhe t\u00eb pap\u00ebrcaktuar. 7.965 shqiptar\u00eb jan\u00eb civil\u00eb, 2.008 ushtar\u00eb\/polic\u00eb dhe 522 me status t\u00eb panjohur, kurse civil\u00eb serb\u00eb jan\u00eb 1.118, ushtar\u00eb\/polic\u00eb 859 dhe 103 m\u00eb status t\u00eb panjohur.<\/p>\n<p>Jan\u00eb 1.090 f\u00ebmij\u00eb shqiptar\u00eb t\u00eb evidencuar si t\u00eb vrar\u00eb dhe t\u00eb zhdukur nga forcat serbe gjat\u00eb luft\u00ebs n\u00eb Kosov\u00eb. 185 prej tyre m\u00eb t\u00eb vegj\u00ebl se 7 vje\u00e7. Askush deri m\u00eb tash nuk \u00ebsht\u00eb d\u00ebnuar p\u00ebr vrasjet e tyre!<\/p>\n<p>Edhe nj\u00eb her\u00eb, t\u00eb gjith\u00eb kriminel\u00ebt duhet t\u00eb ndiqen, por pse krijohet p\u00ebrshtypja e paqen\u00eb se dikush nuk \u00ebsht\u00eb ndjekur fare dhe dikush tjet\u00ebr shum\u00eb?<\/p>\n<p>Ose n\u00eb nj\u00eb krahasim tjet\u00ebr: N\u00eb Serbi aktualisht ka shqiptar\u00eb q\u00eb akuzohen p\u00ebr krime lufte ndaj serb\u00ebve, duke u akuzuar se e kan\u00eb goditur shuplak\u00eb viktim\u00ebn.<\/p>\n<p>Paramendojeni se sa prej nesh gjat\u00eb viteve \u201990 jemi goditur me shuplaka e grushte nga polic\u00ebt e paramilitar\u00ebt serb\u00eb \u2013 pa hyr\u00eb k\u00ebtu n\u00eb keqtrajtimet dhe d\u00ebmtimet e tjera. E paramendojeni n\u00ebse secili prej nesh do t\u00eb donim q\u00eb ata serb\u00eb q\u00eb i kan\u00eb b\u00ebr\u00eb k\u00ebto ndaj nesh t\u00eb p\u00ebrfundonin t\u00eb arrestuar e n\u00eb gjykatore. Sa do t\u00eb ishte numri, 20 mij\u00eb, 40 mij\u00eb apo m\u00eb shum\u00eb?<\/p>\n<p>Jan\u00eb disa arsye kryesore p\u00ebrse \u00ebsht\u00eb shtyr\u00eb p\u00ebrpara nga qarqe t\u00eb caktuara ky eksperiment i ri.<\/p>\n<p>Burime diplomatike per\u00ebndimore m\u00eb kan\u00eb th\u00ebn\u00eb se avokuesit dhe lobuesit kryesor\u00eb t\u00eb nj\u00eb Gjykat\u00ebs Speciale p\u00ebr Kosov\u00ebn jan\u00eb individ\u00eb q\u00eb kan\u00eb qen\u00eb t\u00eb angazhuar n\u00eb Tribunalin e Hag\u00ebs, prej t\u00eb cil\u00ebve disa kan\u00eb mbetur pa pun\u00eb, e disa t\u00eb tjer\u00eb vler\u00ebsojn\u00eb se U\u00c7K-ja nuk e ka marr\u00eb d\u00ebnimin e merituar p\u00ebr viktimat serbe t\u00eb luft\u00ebs.<\/p>\n<p>Fondi i p\u00ebrfolur p\u00ebr mandatin funksional t\u00eb k\u00ebtij organi sillet n\u00eb rreth 300 milion\u00eb euro. Kjo Gjykat\u00eb&#8230; pritet t\u00eb trajtoj\u00eb kryesisht pretendimet nga raporti i Dick Martyt, por \u2013 gjithnj\u00eb sipas burimeve t\u00eb nj\u00ebjta per\u00ebndimore \u2013 nuk do t\u00eb p\u00ebsoj\u00eb asnj\u00eb nga \u201cpeshqit e m\u00ebdhenj\u201d t\u00eb U\u00c7K-s\u00eb.<\/p>\n<p>Tash k\u00ebta avokues natyrisht se jan\u00eb duke i shfryt\u00ebzuar gabimet e m\u00ebdha q\u00eb jan\u00eb b\u00ebr\u00eb edhe nga gjykat\u00ebsit e prokuror\u00ebt dhe politikan\u00ebt shqiptar\u00eb n\u00eb Kosov\u00eb.<\/p>\n<p>Gjyqtar\u00ebt vendor\u00eb deri m\u00eb tash ose nuk jan\u00eb lejuar, ose edhe kur kan\u00eb marr\u00eb pjes\u00eb n\u00eb ndonj\u00eb proces gjyq\u00ebsor t\u00eb krimeve t\u00eb lidhura me luft\u00ebn, jan\u00eb distancuar nga verdikti. Ose politikan\u00ebt t\u00eb cil\u00ebt k\u00ebrkonin n\u00eb Kuvend q\u00eb t\u00eb lirohen t\u00eb akuzuarit nga EULEX-i p\u00ebr krime, ose kur k\u00ebrc\u00ebnonin me d\u00ebbim t\u00eb EULEX-it n\u00eb koh\u00ebn kur arrestoheshin bashk\u00ebpartiak\u00ebt e tyre. T\u00eb gjitha k\u00ebto veprime, t\u00eb d\u00ebshtuara, vet\u00ebm sa e kan\u00eb b\u00ebr\u00eb edhe m\u00eb t\u00eb brisht\u00eb gjyq\u00ebsin\u00eb kosovare, por edhe q\u00ebndrueshm\u00ebrin\u00eb e institucioneve t\u00eb Kosov\u00ebs, n\u00eb p\u00ebrgjith\u00ebsi. Kritik\u00ebt k\u00ebto gjithnj\u00eb do t\u2019i p\u00ebrdorin si argumente t\u00eb munges\u00ebs s\u00eb kapaciteteve, t\u00eb p\u00ebrkushtimit dhe t\u00eb vizionit p\u00ebr ta b\u00ebr\u00eb Kosov\u00ebn nj\u00eb shtet ku sundon rendi dhe ligji.<\/p>\n<p>Mir\u00ebpo, Gjykata Speciale nuk mund t\u00eb ndihmoj\u00eb n\u00eb k\u00ebt\u00eb situat\u00eb. N\u00ebse mendohet p\u00ebr t\u00eb mir\u00ebn e Kosov\u00ebs, p\u00ebr pastrimin, p\u00ebr katarz\u00ebn, p\u00ebr sundimin e ligjit, p\u00ebr drejt\u00ebsin\u00eb ndaj viktimave, p\u00ebr ripajtimin e popujve, p\u00ebrse k\u00ebto t\u00eb synohet t\u00eb arrihen mbrapsht\u00eb?<\/p>\n<p>N\u00ebse kan\u00eb d\u00ebshtuar t\u00eb gjitha segmentet e gjyq\u00ebsis\u00eb sa u p\u00ebrket krimeve t\u00eb lidhura me luft\u00ebn, q\u00eb kan\u00eb vepruar si n\u00eb Kosov\u00eb ashtu edhe jasht\u00eb saj, at\u00ebher\u00eb duhet menduar se si t\u00eb gjendet nj\u00eb form\u00eb e re q\u00eb t\u00eb sanohen ato gabime q\u00eb jan\u00eb b\u00ebr\u00eb deri m\u00eb tash nga t\u00eb gjitha pal\u00ebt.<\/p>\n<p>Absolutisht, besoj fuqish\u00ebm se kjo b\u00ebhet vet\u00ebm duke investuar n\u00eb gjyq\u00ebsin\u00eb brenda Kosov\u00ebs dhe n\u00eb gjykat\u00ebsit dhe prokuror\u00ebt vendor\u00eb. Meq\u00eb jam i bindur se vet\u00ebm kur nj\u00eb gjyqtar shqiptar i Kosov\u00ebs do t\u00eb punoj\u00eb me aq profesionaliz\u00ebm sa t\u00eb mund ta d\u00ebnoj\u00eb nj\u00eb shqiptar tjet\u00ebr p\u00ebr krime eventuale t\u00eb luft\u00ebs ose krime t\u00eb tjera t\u00eb m\u00ebdha \u2013 kjo do t\u00eb jet\u00eb nj\u00eb dit\u00eb e madhe p\u00ebr nj\u00eb Kosov\u00eb evropiane.<\/p>\n<p>Gjyqtar\u00ebt shqiptar\u00eb t\u00eb kosov\u00ebs ka mbi 25 vjet q\u00eb jan\u00eb privuar ta b\u00ebjn\u00eb drejt\u00ebsin\u00eb me kapacitetet q\u00eb do t\u00eb duhej. Gjat\u00eb viteve \u201990 shumica jan\u00eb d\u00ebbuar nga puna, kurse pas luft\u00ebs e deri m\u00eb tash kan\u00eb punuar me kompetenca t\u00eb kufizuara, duke ia l\u00ebn\u00eb l\u00ebnd\u00ebt m\u00eb t\u00eb ndjeshme UNMIK-ut dhe EULEX-it.<\/p>\n<p>Kjo periudh\u00eb do t\u00eb ndikoj\u00eb edhe psikologjikisht te popullata si dhe vet\u00eb gjyqtar\u00ebt shqiptar\u00eb, t\u00eb cil\u00ebt nuk do t\u00eb mund ta marrin me mend se nj\u00eb dit\u00eb do t\u00eb duhej q\u00eb nj\u00eb prokuror ose nj\u00eb gjykat\u00ebs shqiptar i Kosov\u00ebs ta ndjek\u00eb penalisht nj\u00eb shqiptar ose serb t\u00eb Kosov\u00ebs p\u00ebr krimet e nd\u00ebrlidhura me luft\u00ebn, ose edhe krime t\u00eb tjera t\u00eb r\u00ebnda. Por, pa ardhur kjo dit\u00eb, asnj\u00ebher\u00eb nuk do t\u00eb mund ta b\u00ebjm\u00eb Kosov\u00ebn shtet normal.<\/p>\n<p>P\u00ebr k\u00ebt\u00eb arsye, n\u00ebse do t\u00eb mendohej p\u00ebr t\u00eb mir\u00ebn e Kosov\u00ebs, ose edhe t\u00eb rajonit, do t\u00eb duhej q\u00eb vendor\u00ebt e nd\u00ebrkomb\u00ebtar\u00ebt t\u00eb merren vesh p\u00ebr krijimin e nj\u00eb gjykate t\u00eb besueshme q\u00eb do t\u00eb merrej me shkeljet e t\u00eb drejtave t\u00eb njeriut gjat\u00eb viteve \u201998-2000 n\u00eb Kosov\u00eb, e p\u00ebrb\u00ebr\u00eb nga gjyqtar\u00eb t\u00eb BE-s\u00eb dhe t\u00eb vendit; kjo kombinuar me nj\u00eb komision rajonal p\u00ebr evidencimin e humbjeve njer\u00ebzore dhe materiale nga luft\u00ebrat n\u00eb ish-Jugosllavi.<\/p>\n<p>E n\u00ebse do t\u00eb investoheshin rreth 300 milion\u00eb n\u00eb gjykatat e Kosov\u00ebs, jam i bindur se suksesi do t\u00eb jet\u00eb shum\u00ebfish m\u00eb i madh sesa krijimi i \u00e7far\u00ebdo Gjykate Speciale me formul\u00eb t\u00eb vjet\u00ebr &#8211; tashm\u00eb t\u00eb d\u00ebshtuar.<\/p>\n<p>&nbsp;<\/p>\n<p><em>Autori \u00ebsht\u00eb kryeredaktor i Televizionit Koha Vizion dhe avokues publik i Nism\u00ebs p\u00ebr KOMRA<\/em><\/p>\n<p>&nbsp;<\/p>\n<p>&nbsp;<\/p>\n","protected":false},"excerpt":{"rendered":"Adriatik Kelmendi","protected":false},"author":8,"featured_media":139661,"comment_status":"closed","ping_status":"closed","sticky":false,"template":"","format":"standard","meta":{"_acf_changed":false,"footnotes":""},"categories":[609],"tags":[],"class_list":["post-139663","post","type-post","status-publish","format-standard","has-post-thumbnail","hentry","category-vecanerisht-per-komra"],"acf":[],"yoast_head":"<!-- This site is optimized with the Yoast SEO plugin v25.6 - https:\/\/yoast.com\/wordpress\/plugins\/seo\/ -->\n<title>8 supermen\u00ebt e Gjykat\u00ebs Speciale - REKOM ~ KOMRA ~ RECOM<\/title>\n<meta name=\"robots\" content=\"index, follow, max-snippet:-1, max-image-preview:large, max-video-preview:-1\" \/>\n<link rel=\"canonical\" href=\"https:\/\/www.recom.link\/sq\/8-supermen-special-court\/\" \/>\n<meta property=\"og:locale\" content=\"sq_AL\" \/>\n<meta property=\"og:type\" content=\"article\" \/>\n<meta property=\"og:title\" content=\"8 supermen\u00ebt e Gjykat\u00ebs Speciale - REKOM ~ KOMRA ~ RECOM\" \/>\n<meta property=\"og:description\" content=\"Adriatik Kelmendi\" \/>\n<meta property=\"og:url\" content=\"https:\/\/www.recom.link\/sq\/8-supermen-special-court\/\" \/>\n<meta property=\"og:site_name\" content=\"REKOM ~ KOMRA ~ RECOM\" \/>\n<meta property=\"article:publisher\" content=\"https:\/\/www.facebook.com\/ZaREKOM.PerKOMRA.ForRECOM\/\" \/>\n<meta property=\"article:published_time\" content=\"2016-06-30T11:36:30+00:00\" \/>\n<meta property=\"article:modified_time\" content=\"2016-06-30T11:54:23+00:00\" \/>\n<meta property=\"og:image\" content=\"https:\/\/www.recom.link\/wp-content\/uploads\/2016\/06\/Adriatik.jpg\" \/>\n\t<meta property=\"og:image:width\" content=\"511\" \/>\n\t<meta property=\"og:image:height\" content=\"512\" \/>\n\t<meta property=\"og:image:type\" content=\"image\/jpeg\" \/>\n<meta name=\"author\" content=\"Recom Editor\" \/>\n<meta name=\"twitter:card\" content=\"summary_large_image\" \/>\n<meta name=\"twitter:creator\" content=\"@REKOM_KOMRA\" \/>\n<meta name=\"twitter:site\" content=\"@REKOM_KOMRA\" \/>\n<meta name=\"twitter:label1\" content=\"Written by\" \/>\n\t<meta name=\"twitter:data1\" content=\"Recom Editor\" \/>\n\t<meta name=\"twitter:label2\" content=\"Est. reading time\" \/>\n\t<meta name=\"twitter:data2\" content=\"10 minuta\" \/>\n<script type=\"application\/ld+json\" class=\"yoast-schema-graph\">{\"@context\":\"https:\/\/schema.org\",\"@graph\":[{\"@type\":\"WebPage\",\"@id\":\"https:\/\/www.recom.link\/sq\/8-supermen-special-court\/\",\"url\":\"https:\/\/www.recom.link\/sq\/8-supermen-special-court\/\",\"name\":\"8 supermen\u00ebt e Gjykat\u00ebs Speciale - REKOM ~ KOMRA ~ RECOM\",\"isPartOf\":{\"@id\":\"https:\/\/www.recom.link\/en\/#website\"},\"primaryImageOfPage\":{\"@id\":\"https:\/\/www.recom.link\/sq\/8-supermen-special-court\/#primaryimage\"},\"image\":{\"@id\":\"https:\/\/www.recom.link\/sq\/8-supermen-special-court\/#primaryimage\"},\"thumbnailUrl\":\"https:\/\/www.recom.link\/wp-content\/uploads\/2016\/06\/Adriatik.jpg\",\"datePublished\":\"2016-06-30T11:36:30+00:00\",\"dateModified\":\"2016-06-30T11:54:23+00:00\",\"author\":{\"@id\":\"https:\/\/www.recom.link\/en\/#\/schema\/person\/0b0fce47cdf986c8b4194146b69999a3\"},\"breadcrumb\":{\"@id\":\"https:\/\/www.recom.link\/sq\/8-supermen-special-court\/#breadcrumb\"},\"inLanguage\":\"sq\",\"potentialAction\":[{\"@type\":\"ReadAction\",\"target\":[\"https:\/\/www.recom.link\/sq\/8-supermen-special-court\/\"]}]},{\"@type\":\"ImageObject\",\"inLanguage\":\"sq\",\"@id\":\"https:\/\/www.recom.link\/sq\/8-supermen-special-court\/#primaryimage\",\"url\":\"https:\/\/www.recom.link\/wp-content\/uploads\/2016\/06\/Adriatik.jpg\",\"contentUrl\":\"https:\/\/www.recom.link\/wp-content\/uploads\/2016\/06\/Adriatik.jpg\",\"width\":511,\"height\":512},{\"@type\":\"BreadcrumbList\",\"@id\":\"https:\/\/www.recom.link\/sq\/8-supermen-special-court\/#breadcrumb\",\"itemListElement\":[{\"@type\":\"ListItem\",\"position\":1,\"name\":\"Home\",\"item\":\"https:\/\/www.recom.link\/en\/\"},{\"@type\":\"ListItem\",\"position\":2,\"name\":\"8 supermen\u00ebt e Gjykat\u00ebs Speciale\"}]},{\"@type\":\"WebSite\",\"@id\":\"https:\/\/www.recom.link\/en\/#website\",\"url\":\"https:\/\/www.recom.link\/en\/\",\"name\":\"REKOM ~ KOMRA ~ RECOM\",\"description\":\"\",\"potentialAction\":[{\"@type\":\"SearchAction\",\"target\":{\"@type\":\"EntryPoint\",\"urlTemplate\":\"https:\/\/www.recom.link\/en\/?s={search_term_string}\"},\"query-input\":{\"@type\":\"PropertyValueSpecification\",\"valueRequired\":true,\"valueName\":\"search_term_string\"}}],\"inLanguage\":\"sq\"},{\"@type\":\"Person\",\"@id\":\"https:\/\/www.recom.link\/en\/#\/schema\/person\/0b0fce47cdf986c8b4194146b69999a3\",\"name\":\"Recom Editor\",\"image\":{\"@type\":\"ImageObject\",\"inLanguage\":\"sq\",\"@id\":\"https:\/\/www.recom.link\/en\/#\/schema\/person\/image\/\",\"url\":\"https:\/\/secure.gravatar.com\/avatar\/b345ee03975bccfc62280b0fd1ffd916?s=96&d=mm&r=g\",\"contentUrl\":\"https:\/\/secure.gravatar.com\/avatar\/b345ee03975bccfc62280b0fd1ffd916?s=96&d=mm&r=g\",\"caption\":\"Recom Editor\"},\"url\":\"https:\/\/www.recom.link\/sq\/author\/jelanag\/\"}]}<\/script>\n<!-- \/ Yoast SEO plugin. -->","yoast_head_json":{"title":"8 supermen\u00ebt e Gjykat\u00ebs Speciale - REKOM ~ KOMRA ~ RECOM","robots":{"index":"index","follow":"follow","max-snippet":"max-snippet:-1","max-image-preview":"max-image-preview:large","max-video-preview":"max-video-preview:-1"},"canonical":"https:\/\/www.recom.link\/sq\/8-supermen-special-court\/","og_locale":"sq_AL","og_type":"article","og_title":"8 supermen\u00ebt e Gjykat\u00ebs Speciale - REKOM ~ KOMRA ~ RECOM","og_description":"Adriatik Kelmendi","og_url":"https:\/\/www.recom.link\/sq\/8-supermen-special-court\/","og_site_name":"REKOM ~ KOMRA ~ RECOM","article_publisher":"https:\/\/www.facebook.com\/ZaREKOM.PerKOMRA.ForRECOM\/","article_published_time":"2016-06-30T11:36:30+00:00","article_modified_time":"2016-06-30T11:54:23+00:00","og_image":[{"width":511,"height":512,"url":"https:\/\/www.recom.link\/wp-content\/uploads\/2016\/06\/Adriatik.jpg","type":"image\/jpeg"}],"author":"Recom Editor","twitter_card":"summary_large_image","twitter_creator":"@REKOM_KOMRA","twitter_site":"@REKOM_KOMRA","twitter_misc":{"Written by":"Recom Editor","Est. reading time":"10 minuta"},"schema":{"@context":"https:\/\/schema.org","@graph":[{"@type":"WebPage","@id":"https:\/\/www.recom.link\/sq\/8-supermen-special-court\/","url":"https:\/\/www.recom.link\/sq\/8-supermen-special-court\/","name":"8 supermen\u00ebt e Gjykat\u00ebs Speciale - REKOM ~ KOMRA ~ RECOM","isPartOf":{"@id":"https:\/\/www.recom.link\/en\/#website"},"primaryImageOfPage":{"@id":"https:\/\/www.recom.link\/sq\/8-supermen-special-court\/#primaryimage"},"image":{"@id":"https:\/\/www.recom.link\/sq\/8-supermen-special-court\/#primaryimage"},"thumbnailUrl":"https:\/\/www.recom.link\/wp-content\/uploads\/2016\/06\/Adriatik.jpg","datePublished":"2016-06-30T11:36:30+00:00","dateModified":"2016-06-30T11:54:23+00:00","author":{"@id":"https:\/\/www.recom.link\/en\/#\/schema\/person\/0b0fce47cdf986c8b4194146b69999a3"},"breadcrumb":{"@id":"https:\/\/www.recom.link\/sq\/8-supermen-special-court\/#breadcrumb"},"inLanguage":"sq","potentialAction":[{"@type":"ReadAction","target":["https:\/\/www.recom.link\/sq\/8-supermen-special-court\/"]}]},{"@type":"ImageObject","inLanguage":"sq","@id":"https:\/\/www.recom.link\/sq\/8-supermen-special-court\/#primaryimage","url":"https:\/\/www.recom.link\/wp-content\/uploads\/2016\/06\/Adriatik.jpg","contentUrl":"https:\/\/www.recom.link\/wp-content\/uploads\/2016\/06\/Adriatik.jpg","width":511,"height":512},{"@type":"BreadcrumbList","@id":"https:\/\/www.recom.link\/sq\/8-supermen-special-court\/#breadcrumb","itemListElement":[{"@type":"ListItem","position":1,"name":"Home","item":"https:\/\/www.recom.link\/en\/"},{"@type":"ListItem","position":2,"name":"8 supermen\u00ebt e Gjykat\u00ebs Speciale"}]},{"@type":"WebSite","@id":"https:\/\/www.recom.link\/en\/#website","url":"https:\/\/www.recom.link\/en\/","name":"REKOM ~ KOMRA ~ RECOM","description":"","potentialAction":[{"@type":"SearchAction","target":{"@type":"EntryPoint","urlTemplate":"https:\/\/www.recom.link\/en\/?s={search_term_string}"},"query-input":{"@type":"PropertyValueSpecification","valueRequired":true,"valueName":"search_term_string"}}],"inLanguage":"sq"},{"@type":"Person","@id":"https:\/\/www.recom.link\/en\/#\/schema\/person\/0b0fce47cdf986c8b4194146b69999a3","name":"Recom Editor","image":{"@type":"ImageObject","inLanguage":"sq","@id":"https:\/\/www.recom.link\/en\/#\/schema\/person\/image\/","url":"https:\/\/secure.gravatar.com\/avatar\/b345ee03975bccfc62280b0fd1ffd916?s=96&d=mm&r=g","contentUrl":"https:\/\/secure.gravatar.com\/avatar\/b345ee03975bccfc62280b0fd1ffd916?s=96&d=mm&r=g","caption":"Recom Editor"},"url":"https:\/\/www.recom.link\/sq\/author\/jelanag\/"}]}},"_links":{"self":[{"href":"https:\/\/www.recom.link\/sq\/wp-json\/wp\/v2\/posts\/139663"}],"collection":[{"href":"https:\/\/www.recom.link\/sq\/wp-json\/wp\/v2\/posts"}],"about":[{"href":"https:\/\/www.recom.link\/sq\/wp-json\/wp\/v2\/types\/post"}],"author":[{"embeddable":true,"href":"https:\/\/www.recom.link\/sq\/wp-json\/wp\/v2\/users\/8"}],"replies":[{"embeddable":true,"href":"https:\/\/www.recom.link\/sq\/wp-json\/wp\/v2\/comments?post=139663"}],"version-history":[{"count":2,"href":"https:\/\/www.recom.link\/sq\/wp-json\/wp\/v2\/posts\/139663\/revisions"}],"predecessor-version":[{"id":139668,"href":"https:\/\/www.recom.link\/sq\/wp-json\/wp\/v2\/posts\/139663\/revisions\/139668"}],"wp:featuredmedia":[{"embeddable":true,"href":"https:\/\/www.recom.link\/sq\/wp-json\/wp\/v2\/media\/139661"}],"wp:attachment":[{"href":"https:\/\/www.recom.link\/sq\/wp-json\/wp\/v2\/media?parent=139663"}],"wp:term":[{"taxonomy":"category","embeddable":true,"href":"https:\/\/www.recom.link\/sq\/wp-json\/wp\/v2\/categories?post=139663"},{"taxonomy":"post_tag","embeddable":true,"href":"https:\/\/www.recom.link\/sq\/wp-json\/wp\/v2\/tags?post=139663"}],"curies":[{"name":"wp","href":"https:\/\/api.w.org\/{rel}","templated":true}]}}