{"id":122845,"date":"2014-11-15T15:32:08","date_gmt":"2014-11-15T14:32:08","guid":{"rendered":"http:\/\/www.recom.link\/desanka-pejcinovic-2\/"},"modified":"2015-08-06T10:22:31","modified_gmt":"2015-08-06T09:22:31","slug":"desanka-pejcinovic","status":"publish","type":"post","link":"https:\/\/www.recom.link\/sq\/desanka-pejcinovic\/","title":{"rendered":"Desanka Pej\u010dinovi\u0107"},"content":{"rendered":"<p><em>N\u00eb kuad\u00ebr t\u00eb sesionit \u2019D\u00ebshmit\u00eb publike t\u00eb d\u00ebshmitar\u00ebve\u2019 n\u00eb <a href=\"http:\/\/www.recom.link\/sq\/forumi-i-x-te-per-drejtesi-tranzicionale-ne-shtetet-e-ish-jugosllavise-2\/\" target=\"_blank\">Forumin X <\/a><\/em><em><a href=\"http:\/\/www.recom.link\/sq\/forumi-i-x-te-per-drejtesi-tranzicionale-ne-shtetet-e-ish-jugosllavise-2\/\" target=\"_blank\">p\u00ebr Drejt\u00ebsin\u00eb Tranzicionale<\/a> n\u00eb Beograd, m\u00eb<\/em><em> 15 dhe 16 n\u00ebntor 2014, nga publiku u lajm\u00ebrua q\u00eb ta merr fjal\u00ebn<\/em><strong> Desanka Pej\u010dinovi\u0107, <\/strong>person i zhvendosur nga Kosova. Ajo e pa p\u00ebr her\u00eb t\u00eb fundit birin e saj n\u00ebnt\u00ebmb\u00ebdhjet\u00ebvje\u00e7ar Sllobodanin m\u00eb 26 mars 1999 kur pas m\u00ebngjesit doli n\u00eb qytet [Pej\u00eb]. Nga fqinja e saj d\u00ebgjoi se ai kishte shkuar me shok\u00ebt e tij shqiptar\u00eb p\u00ebrtej bjeshk\u00ebs.<\/p>\n<p>\u201eNe kemi qen\u00eb t\u00eb gatshme t&#8217;i falim t\u00eb gjithat dhe t\u00eb mbesim t\u00eb turp\u00ebruara p\u00ebr hir t\u00eb s\u00eb v\u00ebrtet\u00ebs. Nuk jan\u00eb n\u00eb mesin e t\u00eb vdekurve dhe as n\u00eb mesin e t\u00eb gjall\u00ebve, prandaj i lus, jo vet\u00ebm KOMRA-n\u00eb, por t\u00eb gjith\u00eb njer\u00ebzit e vullnetit t\u00eb mir\u00eb, njer\u00ebzit me karakter, njer\u00ebzit zem\u00ebrgjer\u00eb, q\u00eb t\u00eb na ndihmojn\u00eb. \u00cbsht\u00eb e padurueshme t\u00eb priten eshtrat, t&#8217;ia b\u00ebj nj\u00eb varr, t&#8217;i dal hakut si n\u00ebn\u00eb. Ndoshta ju kam ngarkuar, por e kam v\u00ebshtir\u00eb, ju do t\u00eb m\u00eb kuptoni m\u00eb mir\u00eb sesa t\u00eb tjer\u00ebt.\u201d<\/p>\n<p>Desanka e lexoi poezin\u00eb e Dragica Majstorovi\u0107-it, t\u00eb cil\u00ebs iu zhduk i biri Ivani, nx\u00ebn\u00ebs i vitit III t\u00eb gjimnazit n\u00eb Prishtin\u00eb, m\u00eb 19 gusht 1999. <em>Poezia e saj quhet \u201eVras\u00ebs\u201c:<\/em><\/p>\n<p><em>Vras\u00ebs, do t\u00eb jesh i falur, ve\u00e7 m\u00eb trego ku ma varrose t\u00eb birin? <\/em><\/p>\n<p><em>A ia vure gurin e Llapit n\u00eb gjoks, apo e mbulove me r\u00ebr\u00ebn e Sitnic\u00ebs? <\/em><\/p>\n<p><em>Ndoshta e le n\u00eb ar\u00ebn time? <\/em><\/p>\n<p><em>Si e gjykove, \u00e7far\u00eb faji i gjete, \u00e7ka i the n\u00eb fund? <\/em><\/p>\n<p><em>A ia lidhe syt\u00eb apo e shikove n\u00eb sy me plot guxim?&#8230;<\/em><\/p>\n<p><em>\u00a0<\/em><\/p>\n<p><em>Video incizimi dhe transkripti i d\u00ebshmis\u00eb jan\u00eb n\u00eb dispozicion n\u00eb gjuh\u00ebt BHSC.<\/em><\/p>\n<p><em><a href=\"http:\/\/www.recom.link\/wp-content\/uploads\/2014\/11\/Svedo%C4%8Denje-Desanka-Pej%C4%8Dinovi%C4%87.pdf\">D\u00ebshmia e Desanka Pej\u010dinovi\u0107<\/a>-it<\/em><\/p>\n<p>&nbsp;<\/p>\n<p><iframe loading=\"lazy\" src=\"\/\/www.youtube.com\/embed\/cL3BsvdbluE\" width=\"521\" height=\"293\" frameborder=\"0\" allowfullscreen=\"allowfullscreen\"><\/iframe><\/p>\n","protected":false},"excerpt":{"rendered":"N\u00eb kuad\u00ebr t\u00eb sesionit \u2019D\u00ebshmit\u00eb publike t\u00eb d\u00ebshmitar\u00ebve\u2019 n\u00eb Forumin X p\u00ebr Drejt\u00ebsin\u00eb Tranzicionale n\u00eb Beograd, m\u00eb 15 dhe 16&#8230; ","protected":false},"author":8,"featured_media":125063,"comment_status":"open","ping_status":"open","sticky":false,"template":"","format":"video","meta":{"_acf_changed":false,"footnotes":""},"categories":[503],"tags":[],"class_list":["post-122845","post","type-post","status-publish","format-video","has-post-thumbnail","hentry","category-zeri-i-viktimave","post_format-post-format-video"],"acf":[],"yoast_head":"<!-- This site is optimized with the Yoast SEO plugin v25.6 - https:\/\/yoast.com\/wordpress\/plugins\/seo\/ -->\n<title>Desanka Pej\u010dinovi\u0107 - REKOM ~ KOMRA ~ RECOM<\/title>\n<meta name=\"robots\" content=\"index, follow, max-snippet:-1, max-image-preview:large, max-video-preview:-1\" \/>\n<link rel=\"canonical\" href=\"https:\/\/www.recom.link\/en\/desanka-pejcinovic\/\" \/>\n<meta property=\"og:locale\" content=\"sq_AL\" \/>\n<meta property=\"og:type\" content=\"article\" \/>\n<meta property=\"og:title\" content=\"Desanka Pej\u010dinovi\u0107 - REKOM ~ KOMRA ~ RECOM\" \/>\n<meta property=\"og:description\" content=\"N\u00eb kuad\u00ebr t\u00eb sesionit \u2019D\u00ebshmit\u00eb publike t\u00eb d\u00ebshmitar\u00ebve\u2019 n\u00eb Forumin X p\u00ebr Drejt\u00ebsin\u00eb Tranzicionale n\u00eb Beograd, m\u00eb 15 dhe 16...\" \/>\n<meta property=\"og:url\" content=\"https:\/\/www.recom.link\/en\/desanka-pejcinovic\/\" \/>\n<meta property=\"og:site_name\" content=\"REKOM ~ KOMRA ~ RECOM\" \/>\n<meta property=\"article:publisher\" content=\"https:\/\/www.facebook.com\/ZaREKOM.PerKOMRA.ForRECOM\/\" \/>\n<meta property=\"article:published_time\" content=\"2014-11-15T14:32:08+00:00\" \/>\n<meta property=\"article:modified_time\" content=\"2015-08-06T09:22:31+00:00\" \/>\n<meta property=\"og:image\" content=\"https:\/\/www.recom.link\/wp-content\/uploads\/2014\/11\/IMG_8790.jpg\" \/>\n\t<meta property=\"og:image:width\" content=\"1200\" \/>\n\t<meta property=\"og:image:height\" content=\"800\" \/>\n\t<meta property=\"og:image:type\" content=\"image\/jpeg\" \/>\n<meta name=\"author\" content=\"Recom Editor\" \/>\n<meta name=\"twitter:card\" content=\"summary_large_image\" \/>\n<meta name=\"twitter:creator\" content=\"@REKOM_KOMRA\" \/>\n<meta name=\"twitter:site\" content=\"@REKOM_KOMRA\" \/>\n<meta name=\"twitter:label1\" content=\"Written by\" \/>\n\t<meta name=\"twitter:data1\" content=\"Recom Editor\" \/>\n\t<meta name=\"twitter:label2\" content=\"Est. reading time\" \/>\n\t<meta name=\"twitter:data2\" content=\"2 minuta\" \/>\n<script type=\"application\/ld+json\" class=\"yoast-schema-graph\">{\"@context\":\"https:\/\/schema.org\",\"@graph\":[{\"@type\":\"WebPage\",\"@id\":\"https:\/\/www.recom.link\/en\/desanka-pejcinovic\/\",\"url\":\"https:\/\/www.recom.link\/en\/desanka-pejcinovic\/\",\"name\":\"Desanka Pej\u010dinovi\u0107 - REKOM ~ KOMRA ~ RECOM\",\"isPartOf\":{\"@id\":\"https:\/\/www.recom.link\/en\/#website\"},\"primaryImageOfPage\":{\"@id\":\"https:\/\/www.recom.link\/en\/desanka-pejcinovic\/#primaryimage\"},\"image\":{\"@id\":\"https:\/\/www.recom.link\/en\/desanka-pejcinovic\/#primaryimage\"},\"thumbnailUrl\":\"https:\/\/www.recom.link\/wp-content\/uploads\/2014\/11\/IMG_8790.jpg\",\"datePublished\":\"2014-11-15T14:32:08+00:00\",\"dateModified\":\"2015-08-06T09:22:31+00:00\",\"author\":{\"@id\":\"https:\/\/www.recom.link\/en\/#\/schema\/person\/0b0fce47cdf986c8b4194146b69999a3\"},\"breadcrumb\":{\"@id\":\"https:\/\/www.recom.link\/en\/desanka-pejcinovic\/#breadcrumb\"},\"inLanguage\":\"sq\",\"potentialAction\":[{\"@type\":\"ReadAction\",\"target\":[\"https:\/\/www.recom.link\/en\/desanka-pejcinovic\/\"]}]},{\"@type\":\"ImageObject\",\"inLanguage\":\"sq\",\"@id\":\"https:\/\/www.recom.link\/en\/desanka-pejcinovic\/#primaryimage\",\"url\":\"https:\/\/www.recom.link\/wp-content\/uploads\/2014\/11\/IMG_8790.jpg\",\"contentUrl\":\"https:\/\/www.recom.link\/wp-content\/uploads\/2014\/11\/IMG_8790.jpg\",\"width\":1200,\"height\":800},{\"@type\":\"BreadcrumbList\",\"@id\":\"https:\/\/www.recom.link\/en\/desanka-pejcinovic\/#breadcrumb\",\"itemListElement\":[{\"@type\":\"ListItem\",\"position\":1,\"name\":\"Home\",\"item\":\"https:\/\/www.recom.link\/en\/\"},{\"@type\":\"ListItem\",\"position\":2,\"name\":\"Desanka Pej\u010dinovi\u0107\"}]},{\"@type\":\"WebSite\",\"@id\":\"https:\/\/www.recom.link\/en\/#website\",\"url\":\"https:\/\/www.recom.link\/en\/\",\"name\":\"REKOM ~ KOMRA ~ RECOM\",\"description\":\"\",\"potentialAction\":[{\"@type\":\"SearchAction\",\"target\":{\"@type\":\"EntryPoint\",\"urlTemplate\":\"https:\/\/www.recom.link\/en\/?s={search_term_string}\"},\"query-input\":{\"@type\":\"PropertyValueSpecification\",\"valueRequired\":true,\"valueName\":\"search_term_string\"}}],\"inLanguage\":\"sq\"},{\"@type\":\"Person\",\"@id\":\"https:\/\/www.recom.link\/en\/#\/schema\/person\/0b0fce47cdf986c8b4194146b69999a3\",\"name\":\"Recom Editor\",\"image\":{\"@type\":\"ImageObject\",\"inLanguage\":\"sq\",\"@id\":\"https:\/\/www.recom.link\/en\/#\/schema\/person\/image\/\",\"url\":\"https:\/\/secure.gravatar.com\/avatar\/b345ee03975bccfc62280b0fd1ffd916?s=96&d=mm&r=g\",\"contentUrl\":\"https:\/\/secure.gravatar.com\/avatar\/b345ee03975bccfc62280b0fd1ffd916?s=96&d=mm&r=g\",\"caption\":\"Recom Editor\"},\"url\":\"https:\/\/www.recom.link\/sq\/author\/jelanag\/\"}]}<\/script>\n<!-- \/ Yoast SEO plugin. -->","yoast_head_json":{"title":"Desanka Pej\u010dinovi\u0107 - REKOM ~ KOMRA ~ RECOM","robots":{"index":"index","follow":"follow","max-snippet":"max-snippet:-1","max-image-preview":"max-image-preview:large","max-video-preview":"max-video-preview:-1"},"canonical":"https:\/\/www.recom.link\/en\/desanka-pejcinovic\/","og_locale":"sq_AL","og_type":"article","og_title":"Desanka Pej\u010dinovi\u0107 - REKOM ~ KOMRA ~ RECOM","og_description":"N\u00eb kuad\u00ebr t\u00eb sesionit \u2019D\u00ebshmit\u00eb publike t\u00eb d\u00ebshmitar\u00ebve\u2019 n\u00eb Forumin X p\u00ebr Drejt\u00ebsin\u00eb Tranzicionale n\u00eb Beograd, m\u00eb 15 dhe 16...","og_url":"https:\/\/www.recom.link\/en\/desanka-pejcinovic\/","og_site_name":"REKOM ~ KOMRA ~ RECOM","article_publisher":"https:\/\/www.facebook.com\/ZaREKOM.PerKOMRA.ForRECOM\/","article_published_time":"2014-11-15T14:32:08+00:00","article_modified_time":"2015-08-06T09:22:31+00:00","og_image":[{"width":1200,"height":800,"url":"https:\/\/www.recom.link\/wp-content\/uploads\/2014\/11\/IMG_8790.jpg","type":"image\/jpeg"}],"author":"Recom Editor","twitter_card":"summary_large_image","twitter_creator":"@REKOM_KOMRA","twitter_site":"@REKOM_KOMRA","twitter_misc":{"Written by":"Recom Editor","Est. reading time":"2 minuta"},"schema":{"@context":"https:\/\/schema.org","@graph":[{"@type":"WebPage","@id":"https:\/\/www.recom.link\/en\/desanka-pejcinovic\/","url":"https:\/\/www.recom.link\/en\/desanka-pejcinovic\/","name":"Desanka Pej\u010dinovi\u0107 - REKOM ~ KOMRA ~ RECOM","isPartOf":{"@id":"https:\/\/www.recom.link\/en\/#website"},"primaryImageOfPage":{"@id":"https:\/\/www.recom.link\/en\/desanka-pejcinovic\/#primaryimage"},"image":{"@id":"https:\/\/www.recom.link\/en\/desanka-pejcinovic\/#primaryimage"},"thumbnailUrl":"https:\/\/www.recom.link\/wp-content\/uploads\/2014\/11\/IMG_8790.jpg","datePublished":"2014-11-15T14:32:08+00:00","dateModified":"2015-08-06T09:22:31+00:00","author":{"@id":"https:\/\/www.recom.link\/en\/#\/schema\/person\/0b0fce47cdf986c8b4194146b69999a3"},"breadcrumb":{"@id":"https:\/\/www.recom.link\/en\/desanka-pejcinovic\/#breadcrumb"},"inLanguage":"sq","potentialAction":[{"@type":"ReadAction","target":["https:\/\/www.recom.link\/en\/desanka-pejcinovic\/"]}]},{"@type":"ImageObject","inLanguage":"sq","@id":"https:\/\/www.recom.link\/en\/desanka-pejcinovic\/#primaryimage","url":"https:\/\/www.recom.link\/wp-content\/uploads\/2014\/11\/IMG_8790.jpg","contentUrl":"https:\/\/www.recom.link\/wp-content\/uploads\/2014\/11\/IMG_8790.jpg","width":1200,"height":800},{"@type":"BreadcrumbList","@id":"https:\/\/www.recom.link\/en\/desanka-pejcinovic\/#breadcrumb","itemListElement":[{"@type":"ListItem","position":1,"name":"Home","item":"https:\/\/www.recom.link\/en\/"},{"@type":"ListItem","position":2,"name":"Desanka Pej\u010dinovi\u0107"}]},{"@type":"WebSite","@id":"https:\/\/www.recom.link\/en\/#website","url":"https:\/\/www.recom.link\/en\/","name":"REKOM ~ KOMRA ~ RECOM","description":"","potentialAction":[{"@type":"SearchAction","target":{"@type":"EntryPoint","urlTemplate":"https:\/\/www.recom.link\/en\/?s={search_term_string}"},"query-input":{"@type":"PropertyValueSpecification","valueRequired":true,"valueName":"search_term_string"}}],"inLanguage":"sq"},{"@type":"Person","@id":"https:\/\/www.recom.link\/en\/#\/schema\/person\/0b0fce47cdf986c8b4194146b69999a3","name":"Recom Editor","image":{"@type":"ImageObject","inLanguage":"sq","@id":"https:\/\/www.recom.link\/en\/#\/schema\/person\/image\/","url":"https:\/\/secure.gravatar.com\/avatar\/b345ee03975bccfc62280b0fd1ffd916?s=96&d=mm&r=g","contentUrl":"https:\/\/secure.gravatar.com\/avatar\/b345ee03975bccfc62280b0fd1ffd916?s=96&d=mm&r=g","caption":"Recom Editor"},"url":"https:\/\/www.recom.link\/sq\/author\/jelanag\/"}]}},"_links":{"self":[{"href":"https:\/\/www.recom.link\/sq\/wp-json\/wp\/v2\/posts\/122845"}],"collection":[{"href":"https:\/\/www.recom.link\/sq\/wp-json\/wp\/v2\/posts"}],"about":[{"href":"https:\/\/www.recom.link\/sq\/wp-json\/wp\/v2\/types\/post"}],"author":[{"embeddable":true,"href":"https:\/\/www.recom.link\/sq\/wp-json\/wp\/v2\/users\/8"}],"replies":[{"embeddable":true,"href":"https:\/\/www.recom.link\/sq\/wp-json\/wp\/v2\/comments?post=122845"}],"version-history":[{"count":14,"href":"https:\/\/www.recom.link\/sq\/wp-json\/wp\/v2\/posts\/122845\/revisions"}],"predecessor-version":[{"id":134423,"href":"https:\/\/www.recom.link\/sq\/wp-json\/wp\/v2\/posts\/122845\/revisions\/134423"}],"wp:featuredmedia":[{"embeddable":true,"href":"https:\/\/www.recom.link\/sq\/wp-json\/wp\/v2\/media\/125063"}],"wp:attachment":[{"href":"https:\/\/www.recom.link\/sq\/wp-json\/wp\/v2\/media?parent=122845"}],"wp:term":[{"taxonomy":"category","embeddable":true,"href":"https:\/\/www.recom.link\/sq\/wp-json\/wp\/v2\/categories?post=122845"},{"taxonomy":"post_tag","embeddable":true,"href":"https:\/\/www.recom.link\/sq\/wp-json\/wp\/v2\/tags?post=122845"}],"curies":[{"name":"wp","href":"https:\/\/api.w.org\/{rel}","templated":true}]}}