{"id":112905,"date":"2008-10-29T11:19:05","date_gmt":"2008-10-29T10:19:05","guid":{"rendered":"http:\/\/www.recom.link\/?p=112905"},"modified":"2016-06-28T12:10:50","modified_gmt":"2016-06-28T11:10:50","slug":"milena-radevic","status":"publish","type":"post","link":"https:\/\/www.recom.link\/sq\/milena-radevic\/","title":{"rendered":"Milena Radevi\u0107"},"content":{"rendered":"<p><em>I biri i Milena Radevi\u0107-it, Ivan-i, u vra m\u00eb 14.12.1998 n\u00eb kafeterin\u00eb Panda n\u00eb Pej\u00eb, s\u00eb bashku me pes\u00eb shok\u00ebt e tij \u2013 Zoran-in, Vukota-n, Svetislav-in, Ivan-in dhe Dragan-in. Ivan-i ishte m\u00eb i madhi, kishte 25 vjet. M\u00eb i riu ishte 14 vje\u00e7. Gjasht\u00eb muaj pas asaj ngjarjeje t\u00eb kobshme u kidnapua bashk\u00ebshorti i saj Bogdan Radevi\u0107-i. Milena u maltretua dhe u d\u00ebbua nga sht\u00ebpia e familjes, dhe mezi i shp\u00ebtoi lin\u00e7imit t\u00eb banor\u00ebve t\u00eb lagjes ku jetoi p\u00ebr 30 vjet. \u201c Un\u00eb jam person i d\u00ebbuar, pa adres\u00eb, adresa ime e vetme \u00ebsht\u00eb numri im i telefonit mobil\u201d, tha ajo gjat\u00eb d\u00ebshmis\u00eb n\u00eb <\/em><strong><em><a href=\"http:\/\/www.recom.link\/sq\/komisioni-rajonal-per-vertetimin-e-fakteve-te-krimeve-te-luftes-dhe-shkeljeve-tjera-te-renda-te-te-drejtave-te-njeriut-ne-ish-jugosllavi\/\">Forumin IV Rajonal p\u00ebr Drejt\u00ebsin\u00eb Tranzicionale<\/a><\/em><\/strong><em>, m\u00eb<\/em> <em>28 dhe 29 tetor 2008, n\u00eb Prishtin\u00eb, Kosov\u00eb.<\/em><\/p>\n<p>&nbsp;<\/p>\n<p><em><a href=\"http:\/\/www.recom.link\/wp-content\/uploads\/2014\/12\/Svedo%C4%8Denje-Milena-Radevi%C4%87.pdf\">D\u00ebshmia e Milena Radevi\u0107<\/a>-it (me p\u00ebrkthim n\u00eb gjuh\u00ebn shqipe)<\/em><\/p>\n<p>&nbsp;<\/p>\n<p><iframe loading=\"lazy\" src=\"\/\/www.youtube.com\/embed\/ER0T6lfEa9k\" width=\"420\" height=\"315\" frameborder=\"0\" allowfullscreen=\"allowfullscreen\"><\/iframe><\/p>\n","protected":false},"excerpt":{"rendered":"I biri i Milena Radevi\u0107-it, Ivan-i, u vra m\u00eb 14.12.1998 n\u00eb kafeterin\u00eb Panda n\u00eb Pej\u00eb, s\u00eb bashku me pes\u00eb shok\u00ebt&#8230; ","protected":false},"author":8,"featured_media":139622,"comment_status":"closed","ping_status":"closed","sticky":false,"template":"","format":"video","meta":{"_acf_changed":false,"footnotes":""},"categories":[503],"tags":[],"class_list":["post-112905","post","type-post","status-publish","format-video","has-post-thumbnail","hentry","category-zeri-i-viktimave","post_format-post-format-video"],"acf":[],"yoast_head":"<!-- This site is optimized with the Yoast SEO plugin v25.6 - https:\/\/yoast.com\/wordpress\/plugins\/seo\/ -->\n<title>Milena Radevi\u0107 - REKOM ~ KOMRA ~ RECOM<\/title>\n<meta name=\"robots\" content=\"index, follow, max-snippet:-1, max-image-preview:large, max-video-preview:-1\" \/>\n<link rel=\"canonical\" href=\"https:\/\/www.recom.link\/en\/milena-radevic-3\/\" \/>\n<meta property=\"og:locale\" content=\"sq_AL\" \/>\n<meta property=\"og:type\" content=\"article\" \/>\n<meta property=\"og:title\" content=\"Milena Radevi\u0107 - REKOM ~ KOMRA ~ RECOM\" \/>\n<meta property=\"og:description\" content=\"I biri i Milena Radevi\u0107-it, Ivan-i, u vra m\u00eb 14.12.1998 n\u00eb kafeterin\u00eb Panda n\u00eb Pej\u00eb, s\u00eb bashku me pes\u00eb shok\u00ebt...\" \/>\n<meta property=\"og:url\" content=\"https:\/\/www.recom.link\/en\/milena-radevic-3\/\" \/>\n<meta property=\"og:site_name\" content=\"REKOM ~ KOMRA ~ RECOM\" \/>\n<meta property=\"article:publisher\" content=\"https:\/\/www.facebook.com\/ZaREKOM.PerKOMRA.ForRECOM\/\" \/>\n<meta property=\"article:published_time\" content=\"2008-10-29T10:19:05+00:00\" \/>\n<meta property=\"article:modified_time\" content=\"2016-06-28T11:10:50+00:00\" \/>\n<meta property=\"og:image\" content=\"https:\/\/www.recom.link\/wp-content\/uploads\/2008\/10\/Milena-Radevic.jpg\" \/>\n\t<meta property=\"og:image:width\" content=\"3216\" \/>\n\t<meta property=\"og:image:height\" content=\"2136\" \/>\n\t<meta property=\"og:image:type\" content=\"image\/jpeg\" \/>\n<meta name=\"author\" content=\"Recom Editor\" \/>\n<meta name=\"twitter:card\" content=\"summary_large_image\" \/>\n<meta name=\"twitter:creator\" content=\"@REKOM_KOMRA\" \/>\n<meta name=\"twitter:site\" content=\"@REKOM_KOMRA\" \/>\n<meta name=\"twitter:label1\" content=\"Written by\" \/>\n\t<meta name=\"twitter:data1\" content=\"Recom Editor\" \/>\n\t<meta name=\"twitter:label2\" content=\"Est. reading time\" \/>\n\t<meta name=\"twitter:data2\" content=\"1 minut\u00eb\" \/>\n<script type=\"application\/ld+json\" class=\"yoast-schema-graph\">{\"@context\":\"https:\/\/schema.org\",\"@graph\":[{\"@type\":\"WebPage\",\"@id\":\"https:\/\/www.recom.link\/en\/milena-radevic-3\/\",\"url\":\"https:\/\/www.recom.link\/en\/milena-radevic-3\/\",\"name\":\"Milena Radevi\u0107 - REKOM ~ KOMRA ~ RECOM\",\"isPartOf\":{\"@id\":\"https:\/\/www.recom.link\/en\/#website\"},\"primaryImageOfPage\":{\"@id\":\"https:\/\/www.recom.link\/en\/milena-radevic-3\/#primaryimage\"},\"image\":{\"@id\":\"https:\/\/www.recom.link\/en\/milena-radevic-3\/#primaryimage\"},\"thumbnailUrl\":\"https:\/\/www.recom.link\/wp-content\/uploads\/2008\/10\/Milena-Radevic.jpg\",\"datePublished\":\"2008-10-29T10:19:05+00:00\",\"dateModified\":\"2016-06-28T11:10:50+00:00\",\"author\":{\"@id\":\"https:\/\/www.recom.link\/en\/#\/schema\/person\/0b0fce47cdf986c8b4194146b69999a3\"},\"breadcrumb\":{\"@id\":\"https:\/\/www.recom.link\/en\/milena-radevic-3\/#breadcrumb\"},\"inLanguage\":\"sq\",\"potentialAction\":[{\"@type\":\"ReadAction\",\"target\":[\"https:\/\/www.recom.link\/en\/milena-radevic-3\/\"]}]},{\"@type\":\"ImageObject\",\"inLanguage\":\"sq\",\"@id\":\"https:\/\/www.recom.link\/en\/milena-radevic-3\/#primaryimage\",\"url\":\"https:\/\/www.recom.link\/wp-content\/uploads\/2008\/10\/Milena-Radevic.jpg\",\"contentUrl\":\"https:\/\/www.recom.link\/wp-content\/uploads\/2008\/10\/Milena-Radevic.jpg\",\"width\":3216,\"height\":2136},{\"@type\":\"BreadcrumbList\",\"@id\":\"https:\/\/www.recom.link\/en\/milena-radevic-3\/#breadcrumb\",\"itemListElement\":[{\"@type\":\"ListItem\",\"position\":1,\"name\":\"Home\",\"item\":\"https:\/\/www.recom.link\/en\/\"},{\"@type\":\"ListItem\",\"position\":2,\"name\":\"Milena Radevi\u0107\"}]},{\"@type\":\"WebSite\",\"@id\":\"https:\/\/www.recom.link\/en\/#website\",\"url\":\"https:\/\/www.recom.link\/en\/\",\"name\":\"REKOM ~ KOMRA ~ RECOM\",\"description\":\"\",\"potentialAction\":[{\"@type\":\"SearchAction\",\"target\":{\"@type\":\"EntryPoint\",\"urlTemplate\":\"https:\/\/www.recom.link\/en\/?s={search_term_string}\"},\"query-input\":{\"@type\":\"PropertyValueSpecification\",\"valueRequired\":true,\"valueName\":\"search_term_string\"}}],\"inLanguage\":\"sq\"},{\"@type\":\"Person\",\"@id\":\"https:\/\/www.recom.link\/en\/#\/schema\/person\/0b0fce47cdf986c8b4194146b69999a3\",\"name\":\"Recom Editor\",\"image\":{\"@type\":\"ImageObject\",\"inLanguage\":\"sq\",\"@id\":\"https:\/\/www.recom.link\/en\/#\/schema\/person\/image\/\",\"url\":\"https:\/\/secure.gravatar.com\/avatar\/b345ee03975bccfc62280b0fd1ffd916?s=96&d=mm&r=g\",\"contentUrl\":\"https:\/\/secure.gravatar.com\/avatar\/b345ee03975bccfc62280b0fd1ffd916?s=96&d=mm&r=g\",\"caption\":\"Recom Editor\"},\"url\":\"https:\/\/www.recom.link\/sq\/author\/jelanag\/\"}]}<\/script>\n<!-- \/ Yoast SEO plugin. -->","yoast_head_json":{"title":"Milena Radevi\u0107 - REKOM ~ KOMRA ~ RECOM","robots":{"index":"index","follow":"follow","max-snippet":"max-snippet:-1","max-image-preview":"max-image-preview:large","max-video-preview":"max-video-preview:-1"},"canonical":"https:\/\/www.recom.link\/en\/milena-radevic-3\/","og_locale":"sq_AL","og_type":"article","og_title":"Milena Radevi\u0107 - REKOM ~ KOMRA ~ RECOM","og_description":"I biri i Milena Radevi\u0107-it, Ivan-i, u vra m\u00eb 14.12.1998 n\u00eb kafeterin\u00eb Panda n\u00eb Pej\u00eb, s\u00eb bashku me pes\u00eb shok\u00ebt...","og_url":"https:\/\/www.recom.link\/en\/milena-radevic-3\/","og_site_name":"REKOM ~ KOMRA ~ RECOM","article_publisher":"https:\/\/www.facebook.com\/ZaREKOM.PerKOMRA.ForRECOM\/","article_published_time":"2008-10-29T10:19:05+00:00","article_modified_time":"2016-06-28T11:10:50+00:00","og_image":[{"width":3216,"height":2136,"url":"https:\/\/www.recom.link\/wp-content\/uploads\/2008\/10\/Milena-Radevic.jpg","type":"image\/jpeg"}],"author":"Recom Editor","twitter_card":"summary_large_image","twitter_creator":"@REKOM_KOMRA","twitter_site":"@REKOM_KOMRA","twitter_misc":{"Written by":"Recom Editor","Est. reading time":"1 minut\u00eb"},"schema":{"@context":"https:\/\/schema.org","@graph":[{"@type":"WebPage","@id":"https:\/\/www.recom.link\/en\/milena-radevic-3\/","url":"https:\/\/www.recom.link\/en\/milena-radevic-3\/","name":"Milena Radevi\u0107 - REKOM ~ KOMRA ~ RECOM","isPartOf":{"@id":"https:\/\/www.recom.link\/en\/#website"},"primaryImageOfPage":{"@id":"https:\/\/www.recom.link\/en\/milena-radevic-3\/#primaryimage"},"image":{"@id":"https:\/\/www.recom.link\/en\/milena-radevic-3\/#primaryimage"},"thumbnailUrl":"https:\/\/www.recom.link\/wp-content\/uploads\/2008\/10\/Milena-Radevic.jpg","datePublished":"2008-10-29T10:19:05+00:00","dateModified":"2016-06-28T11:10:50+00:00","author":{"@id":"https:\/\/www.recom.link\/en\/#\/schema\/person\/0b0fce47cdf986c8b4194146b69999a3"},"breadcrumb":{"@id":"https:\/\/www.recom.link\/en\/milena-radevic-3\/#breadcrumb"},"inLanguage":"sq","potentialAction":[{"@type":"ReadAction","target":["https:\/\/www.recom.link\/en\/milena-radevic-3\/"]}]},{"@type":"ImageObject","inLanguage":"sq","@id":"https:\/\/www.recom.link\/en\/milena-radevic-3\/#primaryimage","url":"https:\/\/www.recom.link\/wp-content\/uploads\/2008\/10\/Milena-Radevic.jpg","contentUrl":"https:\/\/www.recom.link\/wp-content\/uploads\/2008\/10\/Milena-Radevic.jpg","width":3216,"height":2136},{"@type":"BreadcrumbList","@id":"https:\/\/www.recom.link\/en\/milena-radevic-3\/#breadcrumb","itemListElement":[{"@type":"ListItem","position":1,"name":"Home","item":"https:\/\/www.recom.link\/en\/"},{"@type":"ListItem","position":2,"name":"Milena Radevi\u0107"}]},{"@type":"WebSite","@id":"https:\/\/www.recom.link\/en\/#website","url":"https:\/\/www.recom.link\/en\/","name":"REKOM ~ KOMRA ~ RECOM","description":"","potentialAction":[{"@type":"SearchAction","target":{"@type":"EntryPoint","urlTemplate":"https:\/\/www.recom.link\/en\/?s={search_term_string}"},"query-input":{"@type":"PropertyValueSpecification","valueRequired":true,"valueName":"search_term_string"}}],"inLanguage":"sq"},{"@type":"Person","@id":"https:\/\/www.recom.link\/en\/#\/schema\/person\/0b0fce47cdf986c8b4194146b69999a3","name":"Recom Editor","image":{"@type":"ImageObject","inLanguage":"sq","@id":"https:\/\/www.recom.link\/en\/#\/schema\/person\/image\/","url":"https:\/\/secure.gravatar.com\/avatar\/b345ee03975bccfc62280b0fd1ffd916?s=96&d=mm&r=g","contentUrl":"https:\/\/secure.gravatar.com\/avatar\/b345ee03975bccfc62280b0fd1ffd916?s=96&d=mm&r=g","caption":"Recom Editor"},"url":"https:\/\/www.recom.link\/sq\/author\/jelanag\/"}]}},"_links":{"self":[{"href":"https:\/\/www.recom.link\/sq\/wp-json\/wp\/v2\/posts\/112905"}],"collection":[{"href":"https:\/\/www.recom.link\/sq\/wp-json\/wp\/v2\/posts"}],"about":[{"href":"https:\/\/www.recom.link\/sq\/wp-json\/wp\/v2\/types\/post"}],"author":[{"embeddable":true,"href":"https:\/\/www.recom.link\/sq\/wp-json\/wp\/v2\/users\/8"}],"replies":[{"embeddable":true,"href":"https:\/\/www.recom.link\/sq\/wp-json\/wp\/v2\/comments?post=112905"}],"version-history":[{"count":5,"href":"https:\/\/www.recom.link\/sq\/wp-json\/wp\/v2\/posts\/112905\/revisions"}],"predecessor-version":[{"id":139627,"href":"https:\/\/www.recom.link\/sq\/wp-json\/wp\/v2\/posts\/112905\/revisions\/139627"}],"wp:featuredmedia":[{"embeddable":true,"href":"https:\/\/www.recom.link\/sq\/wp-json\/wp\/v2\/media\/139622"}],"wp:attachment":[{"href":"https:\/\/www.recom.link\/sq\/wp-json\/wp\/v2\/media?parent=112905"}],"wp:term":[{"taxonomy":"category","embeddable":true,"href":"https:\/\/www.recom.link\/sq\/wp-json\/wp\/v2\/categories?post=112905"},{"taxonomy":"post_tag","embeddable":true,"href":"https:\/\/www.recom.link\/sq\/wp-json\/wp\/v2\/tags?post=112905"}],"curies":[{"name":"wp","href":"https:\/\/api.w.org\/{rel}","templated":true}]}}