{"id":66318,"date":"2011-10-20T00:00:00","date_gmt":"2011-10-20T00:00:00","guid":{"rendered":"http:\/\/www.recom.link\/iniciativa-za-rekom-je-vkljucena-v-strategijo-razsiritve-in-porocila-evropske-komisije\/"},"modified":"2015-03-18T12:29:00","modified_gmt":"2015-03-18T11:29:00","slug":"iniciativa-za-rekom-je-vkljucena-v-strategijo-razsiritve-in-porocila-evropske-komisije","status":"publish","type":"post","link":"https:\/\/www.recom.link\/sl\/iniciativa-za-rekom-je-vkljucena-v-strategijo-razsiritve-in-porocila-evropske-komisije\/","title":{"rendered":"Iniciativa za REKOM je vklju\u010dena v Strategijo raz\u0161iritve in poro\u010dila Evropske komisije"},"content":{"rendered":"<p><a href=\"http:\/\/www.recom.link\/wp-content\/uploads\/2011\/10\/t2_Evropska-Komisija.jpg\"><img loading=\"lazy\" decoding=\"async\" class=\"alignnone size-full wp-image-128333\" src=\"http:\/\/www.recom.link\/wp-content\/uploads\/2011\/10\/t2_Evropska-Komisija.jpg\" alt=\"t2_Evropska-Komisija\" width=\"250\" height=\"47\" \/><\/a><\/p>\n<p>Evropska komisija je 12.10.2011. sprejela svoj letni pregled strategije raz\u0161iritve in napredka na evropski poti, ki so jo dr\u017eave zahodnega Balkana, Tur\u010dija in Islandija opravile v prej\u0161njem letu. Ob tej prilo\u017enosti je bila objavljena tudi <em>Strategija raz\u0161iritve in glavni izzivi 2011-2012<\/em> ter poro\u010dila o napredku vsake dr\u017eave iz regije, kot tudi posebno, analiti\u010dno poro\u010dilo o Srbiji.<\/p>\n<p><em>Strategija raz\u0161iritve<\/em> postavlja cilje za naslednje \u010dasovno obdobje in ocenjuje napredek kandidatov za \u010dlanstvo v Evropski uniji. Poro\u010dila o napredku so dodatek k Strategiji raz\u0161iritve in v njih organi Evropske unije ocenjujejo, v kolik\u0161ni meri so dr\u017eave napredovale v evropskih integracijah. Ti dokumenti \u0161e enkrat dajejo podporo iniciativi za REKOM kot pomembni za ta napredek.<\/p>\n<p>V <em>Strategiji raz\u0161iritve<\/em>, v poglavju 2.3, pod nazivom \u201eEnhancing regional cooperation and reconciliation in the Western Balkans\u201c, je poudarjeno, da Evropska komisija pazljivo nadzira tak\u0161ne aktivnosti, saj so bistvenega pomena za stabilnost in pridru\u017eevanje Evropski uniji. \u201eInitiatives by NGOs and civil society, such as the [&#8230;] Truth and Reconciliation Commission (RECOM) [&#8230;] play an important role in enhancing reconciliation beyond governments among the citizens of the region\u201d, je zapisano na tem mestu.<\/p>\n<p>V poglavju 1.3 analiti\u010dnega poro\u010dila za Srbijo, se pod nazivom \u201eRegional issues and international obligations\u201c, navajajo regionalno sodelovanje in dobri medsosedski odnosi. V okviru tega je kot pozitivna ocena zapisano: \u00a0\u201eSerbia supports the RECOM initiative on reconciliation.\u201c<\/p>\n<p>Uradna politi\u010dna podpora Pobudi za REKOM je poudarjena tudi v poglavju 2.3 poro\u010dila o napredku za Bosnu in Hercegovino, Hrva\u0161ko, Makedonijo, \u010crno goro in Kosovo, kjer se poudarja, da vsaka od teh de\u017eel \u201c continues to actively support [&#8230;] the RECOM initiative \u201d.<\/p>\n","protected":false},"excerpt":{"rendered":"<p>Strategija raz\u0161ritve postavlja cilje za naslednje \u010dasovno obdobje in ocenjuje napredek kandidatov za \u010dlanstvo v Evropski uniji. Poro\u010dila o napredku so dodatek k Strategiji raz\u0161iritve in v njih organi Evropske unije ocenjujejo, v kolik\u0161ni meri so dr\u017eave napredovale v evropskih integracijah. Ti dokumenti \u0161e enkrat dajejo podporo iniciativi za REKOM kot pomembni za ta napredek.<br\/>\u00a0<\/p>","protected":false},"author":8,"featured_media":57387,"comment_status":"closed","ping_status":"closed","sticky":false,"template":"","format":"standard","meta":{"_acf_changed":false,"footnotes":""},"categories":[576],"tags":[],"class_list":["post-66318","post","type-post","status-publish","format-standard","has-post-thumbnail","hentry","category-novice"],"acf":[],"yoast_head":"<!-- This site is optimized with the Yoast SEO plugin v25.6 - https:\/\/yoast.com\/wordpress\/plugins\/seo\/ -->\n<title>Iniciativa za REKOM je vklju\u010dena v Strategijo raz\u0161iritve in poro\u010dila Evropske komisije - REKOM ~ KOMRA ~ RECOM<\/title>\n<meta name=\"robots\" content=\"index, follow, max-snippet:-1, max-image-preview:large, max-video-preview:-1\" \/>\n<link rel=\"canonical\" href=\"https:\/\/www.recom.link\/sl\/iniciativa-za-rekom-je-vkljucena-v-strategijo-razsiritve-in-porocila-evropske-komisije\/\" \/>\n<meta property=\"og:locale\" content=\"sl_SI\" \/>\n<meta property=\"og:type\" content=\"article\" \/>\n<meta property=\"og:title\" content=\"Iniciativa za REKOM je vklju\u010dena v Strategijo raz\u0161iritve in poro\u010dila Evropske komisije - REKOM ~ KOMRA ~ RECOM\" \/>\n<meta property=\"og:description\" content=\"Strategija raz\u0161ritve postavlja cilje za naslednje \u010dasovno obdobje in ocenjuje napredek kandidatov za \u010dlanstvo v Evropski uniji. Poro\u010dila o napredku so dodatek k Strategiji raz\u0161iritve in v njih organi Evropske unije ocenjujejo, v kolik\u0161ni meri so dr\u017eave napredovale v evropskih integracijah. Ti dokumenti \u0161e enkrat dajejo podporo iniciativi za REKOM kot pomembni za ta napredek.\u00a0\" \/>\n<meta property=\"og:url\" content=\"https:\/\/www.recom.link\/sl\/iniciativa-za-rekom-je-vkljucena-v-strategijo-razsiritve-in-porocila-evropske-komisije\/\" \/>\n<meta property=\"og:site_name\" content=\"REKOM ~ KOMRA ~ RECOM\" \/>\n<meta property=\"article:publisher\" content=\"https:\/\/www.facebook.com\/ZaREKOM.PerKOMRA.ForRECOM\/\" \/>\n<meta property=\"article:published_time\" content=\"2011-10-20T00:00:00+00:00\" \/>\n<meta property=\"article:modified_time\" content=\"2015-03-18T11:29:00+00:00\" \/>\n<meta property=\"og:image\" content=\"https:\/\/www.recom.link\/wp-content\/uploads\/2014\/06\/t_Evropska-Komisija.gif\" \/>\n\t<meta property=\"og:image:width\" content=\"396\" \/>\n\t<meta property=\"og:image:height\" content=\"75\" \/>\n\t<meta property=\"og:image:type\" content=\"image\/gif\" \/>\n<meta name=\"author\" content=\"Recom Editor\" \/>\n<meta name=\"twitter:card\" content=\"summary_large_image\" \/>\n<meta name=\"twitter:creator\" content=\"@REKOM_KOMRA\" \/>\n<meta name=\"twitter:site\" content=\"@REKOM_KOMRA\" \/>\n<meta name=\"twitter:label1\" content=\"Written by\" \/>\n\t<meta name=\"twitter:data1\" content=\"Recom Editor\" \/>\n\t<meta name=\"twitter:label2\" content=\"Est. reading time\" \/>\n\t<meta name=\"twitter:data2\" content=\"1 minuta\" \/>\n<script type=\"application\/ld+json\" class=\"yoast-schema-graph\">{\"@context\":\"https:\/\/schema.org\",\"@graph\":[{\"@type\":\"WebPage\",\"@id\":\"https:\/\/www.recom.link\/sl\/iniciativa-za-rekom-je-vkljucena-v-strategijo-razsiritve-in-porocila-evropske-komisije\/\",\"url\":\"https:\/\/www.recom.link\/sl\/iniciativa-za-rekom-je-vkljucena-v-strategijo-razsiritve-in-porocila-evropske-komisije\/\",\"name\":\"Iniciativa za REKOM je vklju\u010dena v Strategijo raz\u0161iritve in poro\u010dila Evropske komisije - REKOM ~ KOMRA ~ RECOM\",\"isPartOf\":{\"@id\":\"https:\/\/www.recom.link\/en\/#website\"},\"primaryImageOfPage\":{\"@id\":\"https:\/\/www.recom.link\/sl\/iniciativa-za-rekom-je-vkljucena-v-strategijo-razsiritve-in-porocila-evropske-komisije\/#primaryimage\"},\"image\":{\"@id\":\"https:\/\/www.recom.link\/sl\/iniciativa-za-rekom-je-vkljucena-v-strategijo-razsiritve-in-porocila-evropske-komisije\/#primaryimage\"},\"thumbnailUrl\":\"https:\/\/www.recom.link\/wp-content\/uploads\/2014\/06\/t_Evropska-Komisija.gif\",\"datePublished\":\"2011-10-20T00:00:00+00:00\",\"dateModified\":\"2015-03-18T11:29:00+00:00\",\"author\":{\"@id\":\"https:\/\/www.recom.link\/en\/#\/schema\/person\/0b0fce47cdf986c8b4194146b69999a3\"},\"breadcrumb\":{\"@id\":\"https:\/\/www.recom.link\/sl\/iniciativa-za-rekom-je-vkljucena-v-strategijo-razsiritve-in-porocila-evropske-komisije\/#breadcrumb\"},\"inLanguage\":\"sl-SI\",\"potentialAction\":[{\"@type\":\"ReadAction\",\"target\":[\"https:\/\/www.recom.link\/sl\/iniciativa-za-rekom-je-vkljucena-v-strategijo-razsiritve-in-porocila-evropske-komisije\/\"]}]},{\"@type\":\"ImageObject\",\"inLanguage\":\"sl-SI\",\"@id\":\"https:\/\/www.recom.link\/sl\/iniciativa-za-rekom-je-vkljucena-v-strategijo-razsiritve-in-porocila-evropske-komisije\/#primaryimage\",\"url\":\"https:\/\/www.recom.link\/wp-content\/uploads\/2014\/06\/t_Evropska-Komisija.gif\",\"contentUrl\":\"https:\/\/www.recom.link\/wp-content\/uploads\/2014\/06\/t_Evropska-Komisija.gif\",\"width\":396,\"height\":75},{\"@type\":\"BreadcrumbList\",\"@id\":\"https:\/\/www.recom.link\/sl\/iniciativa-za-rekom-je-vkljucena-v-strategijo-razsiritve-in-porocila-evropske-komisije\/#breadcrumb\",\"itemListElement\":[{\"@type\":\"ListItem\",\"position\":1,\"name\":\"Home\",\"item\":\"https:\/\/www.recom.link\/en\/\"},{\"@type\":\"ListItem\",\"position\":2,\"name\":\"Iniciativa za REKOM je vklju\u010dena v Strategijo raz\u0161iritve in poro\u010dila Evropske komisije\"}]},{\"@type\":\"WebSite\",\"@id\":\"https:\/\/www.recom.link\/en\/#website\",\"url\":\"https:\/\/www.recom.link\/en\/\",\"name\":\"REKOM ~ KOMRA ~ RECOM\",\"description\":\"\",\"potentialAction\":[{\"@type\":\"SearchAction\",\"target\":{\"@type\":\"EntryPoint\",\"urlTemplate\":\"https:\/\/www.recom.link\/en\/?s={search_term_string}\"},\"query-input\":{\"@type\":\"PropertyValueSpecification\",\"valueRequired\":true,\"valueName\":\"search_term_string\"}}],\"inLanguage\":\"sl-SI\"},{\"@type\":\"Person\",\"@id\":\"https:\/\/www.recom.link\/en\/#\/schema\/person\/0b0fce47cdf986c8b4194146b69999a3\",\"name\":\"Recom Editor\",\"image\":{\"@type\":\"ImageObject\",\"inLanguage\":\"sl-SI\",\"@id\":\"https:\/\/www.recom.link\/en\/#\/schema\/person\/image\/\",\"url\":\"https:\/\/secure.gravatar.com\/avatar\/b345ee03975bccfc62280b0fd1ffd916?s=96&d=mm&r=g\",\"contentUrl\":\"https:\/\/secure.gravatar.com\/avatar\/b345ee03975bccfc62280b0fd1ffd916?s=96&d=mm&r=g\",\"caption\":\"Recom Editor\"},\"url\":\"https:\/\/www.recom.link\/sl\/author\/jelanag\/\"}]}<\/script>\n<!-- \/ Yoast SEO plugin. -->","yoast_head_json":{"title":"Iniciativa za REKOM je vklju\u010dena v Strategijo raz\u0161iritve in poro\u010dila Evropske komisije - REKOM ~ KOMRA ~ RECOM","robots":{"index":"index","follow":"follow","max-snippet":"max-snippet:-1","max-image-preview":"max-image-preview:large","max-video-preview":"max-video-preview:-1"},"canonical":"https:\/\/www.recom.link\/sl\/iniciativa-za-rekom-je-vkljucena-v-strategijo-razsiritve-in-porocila-evropske-komisije\/","og_locale":"sl_SI","og_type":"article","og_title":"Iniciativa za REKOM je vklju\u010dena v Strategijo raz\u0161iritve in poro\u010dila Evropske komisije - REKOM ~ KOMRA ~ RECOM","og_description":"Strategija raz\u0161ritve postavlja cilje za naslednje \u010dasovno obdobje in ocenjuje napredek kandidatov za \u010dlanstvo v Evropski uniji. Poro\u010dila o napredku so dodatek k Strategiji raz\u0161iritve in v njih organi Evropske unije ocenjujejo, v kolik\u0161ni meri so dr\u017eave napredovale v evropskih integracijah. Ti dokumenti \u0161e enkrat dajejo podporo iniciativi za REKOM kot pomembni za ta napredek.\u00a0","og_url":"https:\/\/www.recom.link\/sl\/iniciativa-za-rekom-je-vkljucena-v-strategijo-razsiritve-in-porocila-evropske-komisije\/","og_site_name":"REKOM ~ KOMRA ~ RECOM","article_publisher":"https:\/\/www.facebook.com\/ZaREKOM.PerKOMRA.ForRECOM\/","article_published_time":"2011-10-20T00:00:00+00:00","article_modified_time":"2015-03-18T11:29:00+00:00","og_image":[{"width":396,"height":75,"url":"https:\/\/www.recom.link\/wp-content\/uploads\/2014\/06\/t_Evropska-Komisija.gif","type":"image\/gif"}],"author":"Recom Editor","twitter_card":"summary_large_image","twitter_creator":"@REKOM_KOMRA","twitter_site":"@REKOM_KOMRA","twitter_misc":{"Written by":"Recom Editor","Est. reading time":"1 minuta"},"schema":{"@context":"https:\/\/schema.org","@graph":[{"@type":"WebPage","@id":"https:\/\/www.recom.link\/sl\/iniciativa-za-rekom-je-vkljucena-v-strategijo-razsiritve-in-porocila-evropske-komisije\/","url":"https:\/\/www.recom.link\/sl\/iniciativa-za-rekom-je-vkljucena-v-strategijo-razsiritve-in-porocila-evropske-komisije\/","name":"Iniciativa za REKOM je vklju\u010dena v Strategijo raz\u0161iritve in poro\u010dila Evropske komisije - REKOM ~ KOMRA ~ RECOM","isPartOf":{"@id":"https:\/\/www.recom.link\/en\/#website"},"primaryImageOfPage":{"@id":"https:\/\/www.recom.link\/sl\/iniciativa-za-rekom-je-vkljucena-v-strategijo-razsiritve-in-porocila-evropske-komisije\/#primaryimage"},"image":{"@id":"https:\/\/www.recom.link\/sl\/iniciativa-za-rekom-je-vkljucena-v-strategijo-razsiritve-in-porocila-evropske-komisije\/#primaryimage"},"thumbnailUrl":"https:\/\/www.recom.link\/wp-content\/uploads\/2014\/06\/t_Evropska-Komisija.gif","datePublished":"2011-10-20T00:00:00+00:00","dateModified":"2015-03-18T11:29:00+00:00","author":{"@id":"https:\/\/www.recom.link\/en\/#\/schema\/person\/0b0fce47cdf986c8b4194146b69999a3"},"breadcrumb":{"@id":"https:\/\/www.recom.link\/sl\/iniciativa-za-rekom-je-vkljucena-v-strategijo-razsiritve-in-porocila-evropske-komisije\/#breadcrumb"},"inLanguage":"sl-SI","potentialAction":[{"@type":"ReadAction","target":["https:\/\/www.recom.link\/sl\/iniciativa-za-rekom-je-vkljucena-v-strategijo-razsiritve-in-porocila-evropske-komisije\/"]}]},{"@type":"ImageObject","inLanguage":"sl-SI","@id":"https:\/\/www.recom.link\/sl\/iniciativa-za-rekom-je-vkljucena-v-strategijo-razsiritve-in-porocila-evropske-komisije\/#primaryimage","url":"https:\/\/www.recom.link\/wp-content\/uploads\/2014\/06\/t_Evropska-Komisija.gif","contentUrl":"https:\/\/www.recom.link\/wp-content\/uploads\/2014\/06\/t_Evropska-Komisija.gif","width":396,"height":75},{"@type":"BreadcrumbList","@id":"https:\/\/www.recom.link\/sl\/iniciativa-za-rekom-je-vkljucena-v-strategijo-razsiritve-in-porocila-evropske-komisije\/#breadcrumb","itemListElement":[{"@type":"ListItem","position":1,"name":"Home","item":"https:\/\/www.recom.link\/en\/"},{"@type":"ListItem","position":2,"name":"Iniciativa za REKOM je vklju\u010dena v Strategijo raz\u0161iritve in poro\u010dila Evropske komisije"}]},{"@type":"WebSite","@id":"https:\/\/www.recom.link\/en\/#website","url":"https:\/\/www.recom.link\/en\/","name":"REKOM ~ KOMRA ~ RECOM","description":"","potentialAction":[{"@type":"SearchAction","target":{"@type":"EntryPoint","urlTemplate":"https:\/\/www.recom.link\/en\/?s={search_term_string}"},"query-input":{"@type":"PropertyValueSpecification","valueRequired":true,"valueName":"search_term_string"}}],"inLanguage":"sl-SI"},{"@type":"Person","@id":"https:\/\/www.recom.link\/en\/#\/schema\/person\/0b0fce47cdf986c8b4194146b69999a3","name":"Recom Editor","image":{"@type":"ImageObject","inLanguage":"sl-SI","@id":"https:\/\/www.recom.link\/en\/#\/schema\/person\/image\/","url":"https:\/\/secure.gravatar.com\/avatar\/b345ee03975bccfc62280b0fd1ffd916?s=96&d=mm&r=g","contentUrl":"https:\/\/secure.gravatar.com\/avatar\/b345ee03975bccfc62280b0fd1ffd916?s=96&d=mm&r=g","caption":"Recom Editor"},"url":"https:\/\/www.recom.link\/sl\/author\/jelanag\/"}]}},"_links":{"self":[{"href":"https:\/\/www.recom.link\/sl\/wp-json\/wp\/v2\/posts\/66318"}],"collection":[{"href":"https:\/\/www.recom.link\/sl\/wp-json\/wp\/v2\/posts"}],"about":[{"href":"https:\/\/www.recom.link\/sl\/wp-json\/wp\/v2\/types\/post"}],"author":[{"embeddable":true,"href":"https:\/\/www.recom.link\/sl\/wp-json\/wp\/v2\/users\/8"}],"replies":[{"embeddable":true,"href":"https:\/\/www.recom.link\/sl\/wp-json\/wp\/v2\/comments?post=66318"}],"version-history":[{"count":2,"href":"https:\/\/www.recom.link\/sl\/wp-json\/wp\/v2\/posts\/66318\/revisions"}],"predecessor-version":[{"id":128339,"href":"https:\/\/www.recom.link\/sl\/wp-json\/wp\/v2\/posts\/66318\/revisions\/128339"}],"wp:featuredmedia":[{"embeddable":true,"href":"https:\/\/www.recom.link\/sl\/wp-json\/wp\/v2\/media\/57387"}],"wp:attachment":[{"href":"https:\/\/www.recom.link\/sl\/wp-json\/wp\/v2\/media?parent=66318"}],"wp:term":[{"taxonomy":"category","embeddable":true,"href":"https:\/\/www.recom.link\/sl\/wp-json\/wp\/v2\/categories?post=66318"},{"taxonomy":"post_tag","embeddable":true,"href":"https:\/\/www.recom.link\/sl\/wp-json\/wp\/v2\/tags?post=66318"}],"curies":[{"name":"wp","href":"https:\/\/api.w.org\/{rel}","templated":true}]}}