{"id":169059,"date":"2020-03-21T22:03:44","date_gmt":"2020-03-21T21:03:44","guid":{"rendered":"https:\/\/dev.recom.link\/?p=169059"},"modified":"2020-03-21T22:03:44","modified_gmt":"2020-03-21T21:03:44","slug":"porocila-o-tranzicijski-pravicnosti-v-postjugoslovanskih-drzavah","status":"publish","type":"post","link":"https:\/\/www.recom.link\/sl\/porocila-o-tranzicijski-pravicnosti-v-postjugoslovanskih-drzavah\/","title":{"rendered":"Poro\u010dila o tranzicijski pravi\u010dnosti v postjugoslovanskih dr\u017eavah"},"content":{"rendered":"<div class=\"entry-content\">\n<p><a class=\"post-image\" href=\"http:\/\/www.recom.link\/wp-content\/uploads\/2014\/12\/20150312120355.jpg\" rel=\"lightbox\"><img loading=\"lazy\" decoding=\"async\" class=\"alignnone wp-image-127245 size-medium\" src=\"..\/wp-content\/uploads\/2014\/12\/20150312120355-216x300.jpg\" alt=\"20150312120355\" width=\"216\" height=\"300\" srcset=\"https:\/\/www.recom.link\/wp-content\/uploads\/2014\/12\/20150312120355-216x300.jpg 216w, https:\/\/www.recom.link\/wp-content\/uploads\/2014\/12\/20150312120355-737x1024.jpg 737w, https:\/\/www.recom.link\/wp-content\/uploads\/2014\/12\/20150312120355.jpg 1993w\" sizes=\"(max-width: 216px) 100vw, 216px\" \/><\/a><\/p>\n<p>Predmet teh poro\u010dil so relevantni dogodki s podro\u010dja tranzicijske pravi\u010dnosti v dr\u017eavah biv\u0161e SFRJ: sodni procesi za vojne zlo\u010dine v obdobju 1991-1999, institucionalne reforme, ki zadevajo lustracijo, odnos institucij in javnosti do obsojenih, poro\u010danje medijev o vojnih zlo\u010dinih, komisije za resnico, delo organizacij civilne dru\u017ebe pri dokumentiranju dejstev o vojnih zlo\u010dinih, re\u0161evanje vpra\u0161anja pogre\u0161anih oseb, povratek beguncev, reparacije, spominska obele\u017eja.<\/p>\n<ul>\n<li><strong><a href=\"http:\/\/www.recom.link\/wp-content\/uploads\/2014\/12\/Tranzicijska-pravi\u010dnost-v-postjugoslovanskih-dr\u017eavah-2010-2011.pdf\" target=\"_blank\" rel=\"noopener noreferrer\">Tranzicijska pravi\u010dnost v postjugoslovanskih dr\u017eavah 2010-2011<\/a>\u00a0<\/strong><\/li>\n<\/ul>\n<p>Raziskava je bila prvi\u010d izvedena v vseh postjugoslovanskih dr\u017eavah: Sloveniji, Hrva\u0161ki, Srbiji, Makedoniji, na Kosovu, \u010crni Gori in Bosni in Hercegovini. Pripravili so ga Fond za humanitarno pravo, Fond za humanitarno pravo Kosovo, Inicijativa mladih za ljudska prava Hrvatska, Center for Research and Policy Making iz Makedonije, zdru\u017eenje Tranziciona pravda, odgovornost i sje\u0107anje u Bosni i Hercegovini iz Sarajeva in Centar za demokratiju i tranzicionu pravdu iz Banja Luke.<\/p>\n<ul>\n<li><strong>Tranzicijska pravi\u010dnost v postjugoslovanskih dr\u017eavah 2009<\/strong><\/li>\n<\/ul>\n<p>Raziskava je bila izvedena v Hrva\u0161ki, Srbiji, Makedoniji, na Kosovu, \u010crni Gori in Bosni in Hercegovini. Pripravili so ga Fond za humanitarno pravo, Dokumenta in BIRN. (na voljo samo v BHSC jezikih)<\/p>\n<ul>\n<li><strong>Poro\u010dilo o tranzicijski pravi\u010dnosti v postjugoslovanskih dr\u017eavah 2007<\/strong><\/li>\n<\/ul>\n<p>Raziskava je bila izvedena v Hrva\u0161ki, Srbiji, na Kosovu, \u010crni Gori in Bosni in Hercegovini. Pripravila sta ga Fond za humanitarno pravo in Dokumenta. (na voljo samo v BHSC jezikih in v angle\u0161\u010dini)<\/p>\n<ul>\n<li><strong>Tranzicijska pravi\u010dnost v postjugoslovanskih dr\u017eavah 2006<\/strong><\/li>\n<\/ul>\n<p>Raziskava je bila izvedena v Hrva\u0161ki, Srbiji, na Kosovu, \u010crni Gori in Bosni in Hercegovini. Pripravili so ga Fond za humanitarno pravo,\u00a0 Dokumenta in Istra\u017eiva\u010dko-dokumentacioni centar Sarajevo. (na voljo samo v BHSC jezikih in v angle\u0161\u010dini)<\/p>\n<ul>\n<li><strong>Poro\u010dilo o tranzicijski pravi\u010dnosti v postjugoslovanskih dr\u017eavah 1999-2005<\/strong><\/li>\n<\/ul>\n<p>Raziskava je bila izvedena v Srbiji, na Kosovu in v \u010crni Gori. Pripravil ga je Fond za humanitarno pravo. (na voljo samo v BHSC jezikih n v angle\u0161\u010dini)<\/p>\n<\/div>\n","protected":false},"excerpt":{"rendered":"Predmet teh poro\u010dil so relevantni dogodki s podro\u010dja tranzicijske pravi\u010dnosti v dr\u017eavah biv\u0161e SFRJ: sodni procesi za vojne zlo\u010dine v&#8230; ","protected":false},"author":8,"featured_media":0,"comment_status":"closed","ping_status":"open","sticky":false,"template":"","format":"standard","meta":{"_acf_changed":false,"footnotes":""},"categories":[1770,1786],"tags":[1787],"class_list":["post-169059","post","type-post","status-publish","format-standard","hentry","category-arhiv","category-porocila-o-tranzicijski-pravicnosti-v-postjugoslovanskih-drzavah","tag-porocila-o-tranzicijski-pravicnosti-v-postjugoslovanskih-drzavah"],"acf":[],"yoast_head":"<!-- This site is optimized with the Yoast SEO plugin v25.6 - https:\/\/yoast.com\/wordpress\/plugins\/seo\/ -->\n<title>Poro\u010dila o tranzicijski pravi\u010dnosti v postjugoslovanskih dr\u017eavah - REKOM ~ KOMRA ~ RECOM<\/title>\n<meta name=\"robots\" content=\"index, follow, max-snippet:-1, max-image-preview:large, max-video-preview:-1\" \/>\n<link rel=\"canonical\" href=\"https:\/\/www.recom.link\/sl\/porocila-o-tranzicijski-pravicnosti-v-postjugoslovanskih-drzavah\/\" \/>\n<meta property=\"og:locale\" content=\"sl_SI\" \/>\n<meta property=\"og:type\" content=\"article\" \/>\n<meta property=\"og:title\" content=\"Poro\u010dila o tranzicijski pravi\u010dnosti v postjugoslovanskih dr\u017eavah - REKOM ~ KOMRA ~ RECOM\" \/>\n<meta property=\"og:description\" content=\"Predmet teh poro\u010dil so relevantni dogodki s podro\u010dja tranzicijske pravi\u010dnosti v dr\u017eavah biv\u0161e SFRJ: sodni procesi za vojne zlo\u010dine v...\" \/>\n<meta property=\"og:url\" content=\"https:\/\/www.recom.link\/sl\/porocila-o-tranzicijski-pravicnosti-v-postjugoslovanskih-drzavah\/\" \/>\n<meta property=\"og:site_name\" content=\"REKOM ~ KOMRA ~ RECOM\" \/>\n<meta property=\"article:publisher\" content=\"https:\/\/www.facebook.com\/ZaREKOM.PerKOMRA.ForRECOM\/\" \/>\n<meta property=\"article:published_time\" content=\"2020-03-21T21:03:44+00:00\" \/>\n<meta property=\"og:image\" content=\"http:\/\/..\/wp-content\/uploads\/2014\/12\/20150312120355-216x300.jpg\" \/>\n<meta name=\"author\" content=\"Recom Editor\" \/>\n<meta name=\"twitter:card\" content=\"summary_large_image\" \/>\n<meta name=\"twitter:creator\" content=\"@REKOM_KOMRA\" \/>\n<meta name=\"twitter:site\" content=\"@REKOM_KOMRA\" \/>\n<meta name=\"twitter:label1\" content=\"Written by\" \/>\n\t<meta name=\"twitter:data1\" content=\"Recom Editor\" \/>\n\t<meta name=\"twitter:label2\" content=\"Est. reading time\" \/>\n\t<meta name=\"twitter:data2\" content=\"2 minuti\" \/>\n<script type=\"application\/ld+json\" class=\"yoast-schema-graph\">{\"@context\":\"https:\/\/schema.org\",\"@graph\":[{\"@type\":\"WebPage\",\"@id\":\"https:\/\/www.recom.link\/sl\/porocila-o-tranzicijski-pravicnosti-v-postjugoslovanskih-drzavah\/\",\"url\":\"https:\/\/www.recom.link\/sl\/porocila-o-tranzicijski-pravicnosti-v-postjugoslovanskih-drzavah\/\",\"name\":\"Poro\u010dila o tranzicijski pravi\u010dnosti v postjugoslovanskih dr\u017eavah - REKOM ~ KOMRA ~ RECOM\",\"isPartOf\":{\"@id\":\"https:\/\/www.recom.link\/en\/#website\"},\"datePublished\":\"2020-03-21T21:03:44+00:00\",\"author\":{\"@id\":\"https:\/\/www.recom.link\/en\/#\/schema\/person\/0b0fce47cdf986c8b4194146b69999a3\"},\"breadcrumb\":{\"@id\":\"https:\/\/www.recom.link\/sl\/porocila-o-tranzicijski-pravicnosti-v-postjugoslovanskih-drzavah\/#breadcrumb\"},\"inLanguage\":\"sl-SI\",\"potentialAction\":[{\"@type\":\"ReadAction\",\"target\":[\"https:\/\/www.recom.link\/sl\/porocila-o-tranzicijski-pravicnosti-v-postjugoslovanskih-drzavah\/\"]}]},{\"@type\":\"BreadcrumbList\",\"@id\":\"https:\/\/www.recom.link\/sl\/porocila-o-tranzicijski-pravicnosti-v-postjugoslovanskih-drzavah\/#breadcrumb\",\"itemListElement\":[{\"@type\":\"ListItem\",\"position\":1,\"name\":\"Home\",\"item\":\"https:\/\/www.recom.link\/en\/\"},{\"@type\":\"ListItem\",\"position\":2,\"name\":\"Poro\u010dila o tranzicijski pravi\u010dnosti v postjugoslovanskih dr\u017eavah\"}]},{\"@type\":\"WebSite\",\"@id\":\"https:\/\/www.recom.link\/en\/#website\",\"url\":\"https:\/\/www.recom.link\/en\/\",\"name\":\"REKOM ~ KOMRA ~ RECOM\",\"description\":\"\",\"potentialAction\":[{\"@type\":\"SearchAction\",\"target\":{\"@type\":\"EntryPoint\",\"urlTemplate\":\"https:\/\/www.recom.link\/en\/?s={search_term_string}\"},\"query-input\":{\"@type\":\"PropertyValueSpecification\",\"valueRequired\":true,\"valueName\":\"search_term_string\"}}],\"inLanguage\":\"sl-SI\"},{\"@type\":\"Person\",\"@id\":\"https:\/\/www.recom.link\/en\/#\/schema\/person\/0b0fce47cdf986c8b4194146b69999a3\",\"name\":\"Recom Editor\",\"image\":{\"@type\":\"ImageObject\",\"inLanguage\":\"sl-SI\",\"@id\":\"https:\/\/www.recom.link\/en\/#\/schema\/person\/image\/\",\"url\":\"https:\/\/secure.gravatar.com\/avatar\/b345ee03975bccfc62280b0fd1ffd916?s=96&d=mm&r=g\",\"contentUrl\":\"https:\/\/secure.gravatar.com\/avatar\/b345ee03975bccfc62280b0fd1ffd916?s=96&d=mm&r=g\",\"caption\":\"Recom Editor\"},\"url\":\"https:\/\/www.recom.link\/sl\/author\/jelanag\/\"}]}<\/script>\n<!-- \/ Yoast SEO plugin. -->","yoast_head_json":{"title":"Poro\u010dila o tranzicijski pravi\u010dnosti v postjugoslovanskih dr\u017eavah - REKOM ~ KOMRA ~ RECOM","robots":{"index":"index","follow":"follow","max-snippet":"max-snippet:-1","max-image-preview":"max-image-preview:large","max-video-preview":"max-video-preview:-1"},"canonical":"https:\/\/www.recom.link\/sl\/porocila-o-tranzicijski-pravicnosti-v-postjugoslovanskih-drzavah\/","og_locale":"sl_SI","og_type":"article","og_title":"Poro\u010dila o tranzicijski pravi\u010dnosti v postjugoslovanskih dr\u017eavah - REKOM ~ KOMRA ~ RECOM","og_description":"Predmet teh poro\u010dil so relevantni dogodki s podro\u010dja tranzicijske pravi\u010dnosti v dr\u017eavah biv\u0161e SFRJ: sodni procesi za vojne zlo\u010dine v...","og_url":"https:\/\/www.recom.link\/sl\/porocila-o-tranzicijski-pravicnosti-v-postjugoslovanskih-drzavah\/","og_site_name":"REKOM ~ KOMRA ~ RECOM","article_publisher":"https:\/\/www.facebook.com\/ZaREKOM.PerKOMRA.ForRECOM\/","article_published_time":"2020-03-21T21:03:44+00:00","og_image":[{"url":"..\/wp-content\/uploads\/2014\/12\/20150312120355-216x300.jpg","type":"","width":"","height":""}],"author":"Recom Editor","twitter_card":"summary_large_image","twitter_creator":"@REKOM_KOMRA","twitter_site":"@REKOM_KOMRA","twitter_misc":{"Written by":"Recom Editor","Est. reading time":"2 minuti"},"schema":{"@context":"https:\/\/schema.org","@graph":[{"@type":"WebPage","@id":"https:\/\/www.recom.link\/sl\/porocila-o-tranzicijski-pravicnosti-v-postjugoslovanskih-drzavah\/","url":"https:\/\/www.recom.link\/sl\/porocila-o-tranzicijski-pravicnosti-v-postjugoslovanskih-drzavah\/","name":"Poro\u010dila o tranzicijski pravi\u010dnosti v postjugoslovanskih dr\u017eavah - REKOM ~ KOMRA ~ RECOM","isPartOf":{"@id":"https:\/\/www.recom.link\/en\/#website"},"datePublished":"2020-03-21T21:03:44+00:00","author":{"@id":"https:\/\/www.recom.link\/en\/#\/schema\/person\/0b0fce47cdf986c8b4194146b69999a3"},"breadcrumb":{"@id":"https:\/\/www.recom.link\/sl\/porocila-o-tranzicijski-pravicnosti-v-postjugoslovanskih-drzavah\/#breadcrumb"},"inLanguage":"sl-SI","potentialAction":[{"@type":"ReadAction","target":["https:\/\/www.recom.link\/sl\/porocila-o-tranzicijski-pravicnosti-v-postjugoslovanskih-drzavah\/"]}]},{"@type":"BreadcrumbList","@id":"https:\/\/www.recom.link\/sl\/porocila-o-tranzicijski-pravicnosti-v-postjugoslovanskih-drzavah\/#breadcrumb","itemListElement":[{"@type":"ListItem","position":1,"name":"Home","item":"https:\/\/www.recom.link\/en\/"},{"@type":"ListItem","position":2,"name":"Poro\u010dila o tranzicijski pravi\u010dnosti v postjugoslovanskih dr\u017eavah"}]},{"@type":"WebSite","@id":"https:\/\/www.recom.link\/en\/#website","url":"https:\/\/www.recom.link\/en\/","name":"REKOM ~ KOMRA ~ RECOM","description":"","potentialAction":[{"@type":"SearchAction","target":{"@type":"EntryPoint","urlTemplate":"https:\/\/www.recom.link\/en\/?s={search_term_string}"},"query-input":{"@type":"PropertyValueSpecification","valueRequired":true,"valueName":"search_term_string"}}],"inLanguage":"sl-SI"},{"@type":"Person","@id":"https:\/\/www.recom.link\/en\/#\/schema\/person\/0b0fce47cdf986c8b4194146b69999a3","name":"Recom Editor","image":{"@type":"ImageObject","inLanguage":"sl-SI","@id":"https:\/\/www.recom.link\/en\/#\/schema\/person\/image\/","url":"https:\/\/secure.gravatar.com\/avatar\/b345ee03975bccfc62280b0fd1ffd916?s=96&d=mm&r=g","contentUrl":"https:\/\/secure.gravatar.com\/avatar\/b345ee03975bccfc62280b0fd1ffd916?s=96&d=mm&r=g","caption":"Recom Editor"},"url":"https:\/\/www.recom.link\/sl\/author\/jelanag\/"}]}},"_links":{"self":[{"href":"https:\/\/www.recom.link\/sl\/wp-json\/wp\/v2\/posts\/169059"}],"collection":[{"href":"https:\/\/www.recom.link\/sl\/wp-json\/wp\/v2\/posts"}],"about":[{"href":"https:\/\/www.recom.link\/sl\/wp-json\/wp\/v2\/types\/post"}],"author":[{"embeddable":true,"href":"https:\/\/www.recom.link\/sl\/wp-json\/wp\/v2\/users\/8"}],"replies":[{"embeddable":true,"href":"https:\/\/www.recom.link\/sl\/wp-json\/wp\/v2\/comments?post=169059"}],"version-history":[{"count":1,"href":"https:\/\/www.recom.link\/sl\/wp-json\/wp\/v2\/posts\/169059\/revisions"}],"predecessor-version":[{"id":169060,"href":"https:\/\/www.recom.link\/sl\/wp-json\/wp\/v2\/posts\/169059\/revisions\/169060"}],"wp:attachment":[{"href":"https:\/\/www.recom.link\/sl\/wp-json\/wp\/v2\/media?parent=169059"}],"wp:term":[{"taxonomy":"category","embeddable":true,"href":"https:\/\/www.recom.link\/sl\/wp-json\/wp\/v2\/categories?post=169059"},{"taxonomy":"post_tag","embeddable":true,"href":"https:\/\/www.recom.link\/sl\/wp-json\/wp\/v2\/tags?post=169059"}],"curies":[{"name":"wp","href":"https:\/\/api.w.org\/{rel}","templated":true}]}}