{"id":124904,"date":"2015-01-15T17:47:37","date_gmt":"2015-01-15T16:47:37","guid":{"rendered":"http:\/\/www.recom.link\/proces-rekom-oktobar-decembar-2014-2\/"},"modified":"2015-03-05T17:45:58","modified_gmt":"2015-03-05T16:45:58","slug":"proces-rekom-oktobar-decembar-2014","status":"publish","type":"post","link":"https:\/\/www.recom.link\/sl\/proces-rekom-oktobar-decembar-2014\/","title":{"rendered":"Poro\u010dilo o Procesu REKOM: oktober \u2013 december 2014."},"content":{"rendered":"<p><strong><a href=\"http:\/\/www.recom.link\/wp-content\/uploads\/2015\/01\/grafika-skupstina.jpg\"><img loading=\"lazy\" decoding=\"async\" class=\"alignnone  wp-image-122383\" src=\"http:\/\/www.recom.link\/wp-content\/uploads\/2015\/01\/grafika-skupstina-300x300.jpg\" alt=\"grafika-skupstina\" width=\"253\" height=\"253\" srcset=\"https:\/\/www.recom.link\/wp-content\/uploads\/2015\/01\/grafika-skupstina-300x300.jpg 300w, https:\/\/www.recom.link\/wp-content\/uploads\/2015\/01\/grafika-skupstina-150x150.jpg 150w, https:\/\/www.recom.link\/wp-content\/uploads\/2015\/01\/grafika-skupstina-1024x1024.jpg 1024w, https:\/\/www.recom.link\/wp-content\/uploads\/2015\/01\/grafika-skupstina-1200x1200.jpg 1200w\" sizes=\"(max-width: 253px) 100vw, 253px\" \/><\/a><\/strong><\/p>\n<p>Odposlanci za REKOM so kon\u010dali svoj mandat 28.10.2014. V letu dni so s skupnim delom in na konzultacijah s predsedniki in \u010dlani Predsedstva BIH, ki so jih delegirali, pripravili <strong>Spremembe Statuta REKOM-a<\/strong>, ki po njihovem mnenju predstavljajo pravne in ustavne mo\u017enosti za ustanovitev REKOM-a.<\/p>\n<p><strong>VII Skup\u0161\u010dina Koalicije za REKOM<\/strong><\/p>\n<p>Skladno s pravili Koalicije za REKOM Skup\u0161\u010dina Koalicije sprejme odlo\u010ditev o podpori Spremembam Statuta REKOM-a, ki ga je sprejela 25.3.2011.<\/p>\n<p>To je bil povod, da je Koalicija 14. novembra 2014 v Beogradu (Srbija) izpeljala Skup\u0161\u010dino, sedmo po vrsti, ob udele\u017ebi 104 delegatov, ki so predstavljali 1950 \u010dlanov\/\u010dlanic. Delegati so ob enem glasu proti in dveh vzdr\u017eanih podprli <strong>Spremembe Statuta REKOM-a<\/strong>, ki so jih pripravili odposlanci predsednikov \u010crne Gore, Srbije, Hrva\u0161ke in Kosova, bo\u0161nja\u0161kega in hrva\u0161kega \u010dlana Predsedstva BiH, ki so tako opravili svojo nalogo preveriti ustavne in pravne mo\u017enosti za ustanovitev REKOM-a v vsaki dr\u017eavi posebej.<\/p>\n<p>V ob\u0161irni razpravi so delegati ocenili, da je s Spremembami \u201ebistvo predloga Statuta ohranjeno, da ukinitev represivnih pooblastil odklanja pomisleke, da REKOM prevzema pooblastila sodnih organov, in da je postopek kandidiranja in volitev selekcijskih odborov in \u010dlanov Komisije znatno poenostavljen\u201c. V imenu Koalicije za REKOM so delegati kot nadvse dobrodo\u0161le ozna\u010dili spremembe financiranja Komisije, ki predvidevajo, da se bo REKOM financiral z doma\u010dimi in tujimi donacijami in sredstvi mednarodnih organizacij in ne iz prispevkov dr\u017eav, kot je predlagala Koalicija.<\/p>\n<p>Delegati so posebej podprli stali\u0161\u010de odposlancev, da se med cilje Komisije uvrsti tudi \u201eizbolj\u0161anje izobra\u017eevalnih programov skladno z dejstvi, ki jih ugotovi Komisija.\u201c<\/p>\n<p>V zvezi s podporo Spremembam Statuta je Koalicija v sporo\u010dilu za javnost poudarila, da je bilo med odposlanci in predsedniki \/ \u010dlani Predsedstva dose\u017eeno popolno soglasje o tem, da mora Komisija ugotoviti dejstva o vojnih zlo\u010dinih in drugih kr\u0161itvah \u010dlovekovih pravic med 1. januarjem 1991 in decembrom 2001. Koalicija je opozorila, da sta bili v zvezi z nalogo REKOM-a, da \u201erazi\u0161\u010de politi\u010dne in dru\u017ebene okoli\u0161\u010dine, ki so odlo\u010dilno prispevale k izbruhu vojn in k temu, da so bili storjeni vojni zlo\u010dini in druge kr\u0161itve \u010dlovekovih pravic\u201c, izra\u017eeni dve mnenji: \u201eklju\u010dno je, da REKOM razi\u0161\u010de vzroke vojne\u201c in \u201eraziskovanje vzrokov vojne je mogo\u010de \u0161ele po ugotovitvi dejstev o vojnih zlo\u010dinih\u201c, ki sta povsem skladni s predlogi Koalicije za REKOM.<\/p>\n<p><a href=\"http:\/\/www.recom.link\/wp-content\/uploads\/2015\/01\/Poro\u010dilo-o-procesu-REKOM-oktober-\u2013-december-2014..pdf\">Poro\u010dilo o procesu REKOM-oktober \u2013 december 2014.<\/a><\/p>\n","protected":false},"excerpt":{"rendered":"Odposlanci za REKOM so kon\u010dali svoj mandat 28.10.2014. V letu dni so s skupnim delom in na konzultacijah s predsedniki&#8230; ","protected":false},"author":8,"featured_media":122383,"comment_status":"open","ping_status":"open","sticky":false,"template":"","format":"standard","meta":{"_acf_changed":false,"footnotes":""},"categories":[828],"tags":[],"class_list":["post-124904","post","type-post","status-publish","format-standard","has-post-thumbnail","hentry","category-porocila-sl"],"acf":[],"yoast_head":"<!-- This site is optimized with the Yoast SEO plugin v25.6 - https:\/\/yoast.com\/wordpress\/plugins\/seo\/ -->\n<title>Poro\u010dilo o Procesu REKOM: oktober \u2013 december 2014. - REKOM ~ KOMRA ~ RECOM<\/title>\n<meta name=\"robots\" content=\"index, follow, max-snippet:-1, max-image-preview:large, max-video-preview:-1\" \/>\n<link rel=\"canonical\" href=\"https:\/\/www.recom.link\/sl\/proces-rekom-oktobar-decembar-2014\/\" \/>\n<meta property=\"og:locale\" content=\"sl_SI\" \/>\n<meta property=\"og:type\" content=\"article\" \/>\n<meta property=\"og:title\" content=\"Poro\u010dilo o Procesu REKOM: oktober \u2013 december 2014. - REKOM ~ KOMRA ~ RECOM\" \/>\n<meta property=\"og:description\" content=\"Odposlanci za REKOM so kon\u010dali svoj mandat 28.10.2014. V letu dni so s skupnim delom in na konzultacijah s predsedniki...\" \/>\n<meta property=\"og:url\" content=\"https:\/\/www.recom.link\/sl\/proces-rekom-oktobar-decembar-2014\/\" \/>\n<meta property=\"og:site_name\" content=\"REKOM ~ KOMRA ~ RECOM\" \/>\n<meta property=\"article:publisher\" content=\"https:\/\/www.facebook.com\/ZaREKOM.PerKOMRA.ForRECOM\/\" \/>\n<meta property=\"article:published_time\" content=\"2015-01-15T16:47:37+00:00\" \/>\n<meta property=\"article:modified_time\" content=\"2015-03-05T16:45:58+00:00\" \/>\n<meta property=\"og:image\" content=\"https:\/\/www.recom.link\/wp-content\/uploads\/2015\/01\/grafika-skupstina.jpg\" \/>\n\t<meta property=\"og:image:width\" content=\"2953\" \/>\n\t<meta property=\"og:image:height\" content=\"2953\" \/>\n\t<meta property=\"og:image:type\" content=\"image\/jpeg\" \/>\n<meta name=\"author\" content=\"Recom Editor\" \/>\n<meta name=\"twitter:card\" content=\"summary_large_image\" \/>\n<meta name=\"twitter:creator\" content=\"@REKOM_KOMRA\" \/>\n<meta name=\"twitter:site\" content=\"@REKOM_KOMRA\" \/>\n<meta name=\"twitter:label1\" content=\"Written by\" \/>\n\t<meta name=\"twitter:data1\" content=\"Recom Editor\" \/>\n\t<meta name=\"twitter:label2\" content=\"Est. reading time\" \/>\n\t<meta name=\"twitter:data2\" content=\"2 minuti\" \/>\n<script type=\"application\/ld+json\" class=\"yoast-schema-graph\">{\"@context\":\"https:\/\/schema.org\",\"@graph\":[{\"@type\":\"WebPage\",\"@id\":\"https:\/\/www.recom.link\/sl\/proces-rekom-oktobar-decembar-2014\/\",\"url\":\"https:\/\/www.recom.link\/sl\/proces-rekom-oktobar-decembar-2014\/\",\"name\":\"Poro\u010dilo o Procesu REKOM: oktober \u2013 december 2014. - REKOM ~ KOMRA ~ RECOM\",\"isPartOf\":{\"@id\":\"https:\/\/www.recom.link\/en\/#website\"},\"primaryImageOfPage\":{\"@id\":\"https:\/\/www.recom.link\/sl\/proces-rekom-oktobar-decembar-2014\/#primaryimage\"},\"image\":{\"@id\":\"https:\/\/www.recom.link\/sl\/proces-rekom-oktobar-decembar-2014\/#primaryimage\"},\"thumbnailUrl\":\"https:\/\/www.recom.link\/wp-content\/uploads\/2015\/01\/grafika-skupstina.jpg\",\"datePublished\":\"2015-01-15T16:47:37+00:00\",\"dateModified\":\"2015-03-05T16:45:58+00:00\",\"author\":{\"@id\":\"https:\/\/www.recom.link\/en\/#\/schema\/person\/0b0fce47cdf986c8b4194146b69999a3\"},\"breadcrumb\":{\"@id\":\"https:\/\/www.recom.link\/sl\/proces-rekom-oktobar-decembar-2014\/#breadcrumb\"},\"inLanguage\":\"sl-SI\",\"potentialAction\":[{\"@type\":\"ReadAction\",\"target\":[\"https:\/\/www.recom.link\/sl\/proces-rekom-oktobar-decembar-2014\/\"]}]},{\"@type\":\"ImageObject\",\"inLanguage\":\"sl-SI\",\"@id\":\"https:\/\/www.recom.link\/sl\/proces-rekom-oktobar-decembar-2014\/#primaryimage\",\"url\":\"https:\/\/www.recom.link\/wp-content\/uploads\/2015\/01\/grafika-skupstina.jpg\",\"contentUrl\":\"https:\/\/www.recom.link\/wp-content\/uploads\/2015\/01\/grafika-skupstina.jpg\",\"width\":2953,\"height\":2953},{\"@type\":\"BreadcrumbList\",\"@id\":\"https:\/\/www.recom.link\/sl\/proces-rekom-oktobar-decembar-2014\/#breadcrumb\",\"itemListElement\":[{\"@type\":\"ListItem\",\"position\":1,\"name\":\"Home\",\"item\":\"https:\/\/www.recom.link\/en\/\"},{\"@type\":\"ListItem\",\"position\":2,\"name\":\"Poro\u010dilo o Procesu REKOM: oktober \u2013 december 2014.\"}]},{\"@type\":\"WebSite\",\"@id\":\"https:\/\/www.recom.link\/en\/#website\",\"url\":\"https:\/\/www.recom.link\/en\/\",\"name\":\"REKOM ~ KOMRA ~ RECOM\",\"description\":\"\",\"potentialAction\":[{\"@type\":\"SearchAction\",\"target\":{\"@type\":\"EntryPoint\",\"urlTemplate\":\"https:\/\/www.recom.link\/en\/?s={search_term_string}\"},\"query-input\":{\"@type\":\"PropertyValueSpecification\",\"valueRequired\":true,\"valueName\":\"search_term_string\"}}],\"inLanguage\":\"sl-SI\"},{\"@type\":\"Person\",\"@id\":\"https:\/\/www.recom.link\/en\/#\/schema\/person\/0b0fce47cdf986c8b4194146b69999a3\",\"name\":\"Recom Editor\",\"image\":{\"@type\":\"ImageObject\",\"inLanguage\":\"sl-SI\",\"@id\":\"https:\/\/www.recom.link\/en\/#\/schema\/person\/image\/\",\"url\":\"https:\/\/secure.gravatar.com\/avatar\/b345ee03975bccfc62280b0fd1ffd916?s=96&d=mm&r=g\",\"contentUrl\":\"https:\/\/secure.gravatar.com\/avatar\/b345ee03975bccfc62280b0fd1ffd916?s=96&d=mm&r=g\",\"caption\":\"Recom Editor\"},\"url\":\"https:\/\/www.recom.link\/sl\/author\/jelanag\/\"}]}<\/script>\n<!-- \/ Yoast SEO plugin. -->","yoast_head_json":{"title":"Poro\u010dilo o Procesu REKOM: oktober \u2013 december 2014. - REKOM ~ KOMRA ~ RECOM","robots":{"index":"index","follow":"follow","max-snippet":"max-snippet:-1","max-image-preview":"max-image-preview:large","max-video-preview":"max-video-preview:-1"},"canonical":"https:\/\/www.recom.link\/sl\/proces-rekom-oktobar-decembar-2014\/","og_locale":"sl_SI","og_type":"article","og_title":"Poro\u010dilo o Procesu REKOM: oktober \u2013 december 2014. - REKOM ~ KOMRA ~ RECOM","og_description":"Odposlanci za REKOM so kon\u010dali svoj mandat 28.10.2014. V letu dni so s skupnim delom in na konzultacijah s predsedniki...","og_url":"https:\/\/www.recom.link\/sl\/proces-rekom-oktobar-decembar-2014\/","og_site_name":"REKOM ~ KOMRA ~ RECOM","article_publisher":"https:\/\/www.facebook.com\/ZaREKOM.PerKOMRA.ForRECOM\/","article_published_time":"2015-01-15T16:47:37+00:00","article_modified_time":"2015-03-05T16:45:58+00:00","og_image":[{"width":2953,"height":2953,"url":"https:\/\/www.recom.link\/wp-content\/uploads\/2015\/01\/grafika-skupstina.jpg","type":"image\/jpeg"}],"author":"Recom Editor","twitter_card":"summary_large_image","twitter_creator":"@REKOM_KOMRA","twitter_site":"@REKOM_KOMRA","twitter_misc":{"Written by":"Recom Editor","Est. reading time":"2 minuti"},"schema":{"@context":"https:\/\/schema.org","@graph":[{"@type":"WebPage","@id":"https:\/\/www.recom.link\/sl\/proces-rekom-oktobar-decembar-2014\/","url":"https:\/\/www.recom.link\/sl\/proces-rekom-oktobar-decembar-2014\/","name":"Poro\u010dilo o Procesu REKOM: oktober \u2013 december 2014. - REKOM ~ KOMRA ~ RECOM","isPartOf":{"@id":"https:\/\/www.recom.link\/en\/#website"},"primaryImageOfPage":{"@id":"https:\/\/www.recom.link\/sl\/proces-rekom-oktobar-decembar-2014\/#primaryimage"},"image":{"@id":"https:\/\/www.recom.link\/sl\/proces-rekom-oktobar-decembar-2014\/#primaryimage"},"thumbnailUrl":"https:\/\/www.recom.link\/wp-content\/uploads\/2015\/01\/grafika-skupstina.jpg","datePublished":"2015-01-15T16:47:37+00:00","dateModified":"2015-03-05T16:45:58+00:00","author":{"@id":"https:\/\/www.recom.link\/en\/#\/schema\/person\/0b0fce47cdf986c8b4194146b69999a3"},"breadcrumb":{"@id":"https:\/\/www.recom.link\/sl\/proces-rekom-oktobar-decembar-2014\/#breadcrumb"},"inLanguage":"sl-SI","potentialAction":[{"@type":"ReadAction","target":["https:\/\/www.recom.link\/sl\/proces-rekom-oktobar-decembar-2014\/"]}]},{"@type":"ImageObject","inLanguage":"sl-SI","@id":"https:\/\/www.recom.link\/sl\/proces-rekom-oktobar-decembar-2014\/#primaryimage","url":"https:\/\/www.recom.link\/wp-content\/uploads\/2015\/01\/grafika-skupstina.jpg","contentUrl":"https:\/\/www.recom.link\/wp-content\/uploads\/2015\/01\/grafika-skupstina.jpg","width":2953,"height":2953},{"@type":"BreadcrumbList","@id":"https:\/\/www.recom.link\/sl\/proces-rekom-oktobar-decembar-2014\/#breadcrumb","itemListElement":[{"@type":"ListItem","position":1,"name":"Home","item":"https:\/\/www.recom.link\/en\/"},{"@type":"ListItem","position":2,"name":"Poro\u010dilo o Procesu REKOM: oktober \u2013 december 2014."}]},{"@type":"WebSite","@id":"https:\/\/www.recom.link\/en\/#website","url":"https:\/\/www.recom.link\/en\/","name":"REKOM ~ KOMRA ~ RECOM","description":"","potentialAction":[{"@type":"SearchAction","target":{"@type":"EntryPoint","urlTemplate":"https:\/\/www.recom.link\/en\/?s={search_term_string}"},"query-input":{"@type":"PropertyValueSpecification","valueRequired":true,"valueName":"search_term_string"}}],"inLanguage":"sl-SI"},{"@type":"Person","@id":"https:\/\/www.recom.link\/en\/#\/schema\/person\/0b0fce47cdf986c8b4194146b69999a3","name":"Recom Editor","image":{"@type":"ImageObject","inLanguage":"sl-SI","@id":"https:\/\/www.recom.link\/en\/#\/schema\/person\/image\/","url":"https:\/\/secure.gravatar.com\/avatar\/b345ee03975bccfc62280b0fd1ffd916?s=96&d=mm&r=g","contentUrl":"https:\/\/secure.gravatar.com\/avatar\/b345ee03975bccfc62280b0fd1ffd916?s=96&d=mm&r=g","caption":"Recom Editor"},"url":"https:\/\/www.recom.link\/sl\/author\/jelanag\/"}]}},"_links":{"self":[{"href":"https:\/\/www.recom.link\/sl\/wp-json\/wp\/v2\/posts\/124904"}],"collection":[{"href":"https:\/\/www.recom.link\/sl\/wp-json\/wp\/v2\/posts"}],"about":[{"href":"https:\/\/www.recom.link\/sl\/wp-json\/wp\/v2\/types\/post"}],"author":[{"embeddable":true,"href":"https:\/\/www.recom.link\/sl\/wp-json\/wp\/v2\/users\/8"}],"replies":[{"embeddable":true,"href":"https:\/\/www.recom.link\/sl\/wp-json\/wp\/v2\/comments?post=124904"}],"version-history":[{"count":4,"href":"https:\/\/www.recom.link\/sl\/wp-json\/wp\/v2\/posts\/124904\/revisions"}],"predecessor-version":[{"id":126328,"href":"https:\/\/www.recom.link\/sl\/wp-json\/wp\/v2\/posts\/124904\/revisions\/126328"}],"wp:featuredmedia":[{"embeddable":true,"href":"https:\/\/www.recom.link\/sl\/wp-json\/wp\/v2\/media\/122383"}],"wp:attachment":[{"href":"https:\/\/www.recom.link\/sl\/wp-json\/wp\/v2\/media?parent=124904"}],"wp:term":[{"taxonomy":"category","embeddable":true,"href":"https:\/\/www.recom.link\/sl\/wp-json\/wp\/v2\/categories?post=124904"},{"taxonomy":"post_tag","embeddable":true,"href":"https:\/\/www.recom.link\/sl\/wp-json\/wp\/v2\/tags?post=124904"}],"curies":[{"name":"wp","href":"https:\/\/api.w.org\/{rel}","templated":true}]}}