{"id":122851,"date":"2014-11-15T15:32:08","date_gmt":"2014-11-15T14:32:08","guid":{"rendered":"http:\/\/www.recom.link\/desanka-pejcinovic-2\/"},"modified":"2015-08-06T10:23:21","modified_gmt":"2015-08-06T09:23:21","slug":"desanka-pejcinovic","status":"publish","type":"post","link":"https:\/\/www.recom.link\/sl\/desanka-pejcinovic\/","title":{"rendered":"Desanka Pej\u010dinovi\u0107"},"content":{"rendered":"<p><em>Na zasedanju \u2019Javna pri\u010danja \u017ertev\u2019 na <a href=\"http:\/\/www.recom.link\/sl\/x-medunarodni-forum-za-tranzicionu-pravdu-u-post-jugoslovenskim-zemljama-4\/\" target=\"_blank\">Desetem forumu za tranzicijsko pravi\u010dnost<\/a> v Beogradu 15-16. novembra 2014 se je \u00a0iz publike priglasila k besedi <\/em>Desanka Pej\u010dinovi\u0107, begunka s Kosova. Zadnji\u010d je videla svojega devetnajstletnega sina Slobodana 26. marca 1999, ko je po zajtrku \u0161el v mesto (Pe\u0107). Od sosede je sli\u0161ala, da je od\u0161el z albanskimi tovari\u0161i prek hriba.<\/p>\n<p>\u201eMe smo pripravljene vse to odpustiti in stati poni\u017eno zaradi resnice. Ni jih med mrtvimi, ni jih med \u017eivimi in zato prosim, ne le REKOM temve\u010d vse ljudi dobre volje, karakterne, \u0161irokega srca, da nam pomagajo. Nevzdr\u017eno je \u010dakati na kosti, da mu napravim grob, da se mu oddol\u017eim kot mati. Morda sem vas obremenila, a te\u017eko mi je, vi me boste razumeli bolje kot drugi.\u201c<\/p>\n<p>Desanka je prebrala pesem Dragice Majstorovi\u0107, katere sin Ivan, dijak III razreda gimnazije v Pri\u0161tini, je pogre\u0161an od 19. avgusta 1999. <em>Njena pesem ima naslov \u201eMorilec\u201c.<\/em><\/p>\n<p>&nbsp;<\/p>\n<p>Transkript in video sta na voljo samo v BHSC jezikih.<\/p>\n<p><a href=\"http:\/\/www.recom.link\/wp-content\/uploads\/2014\/11\/Svedo%C4%8Denje-Desanka-Pej%C4%8Dinovi%C4%87.pdf\">Svedo\u010denje Desanka Pej\u010dinovi\u0107<\/a><\/p>\n<p>&nbsp;<\/p>\n<p><iframe loading=\"lazy\" src=\"\/\/www.youtube.com\/embed\/cL3BsvdbluE\" width=\"521\" height=\"293\" frameborder=\"0\" allowfullscreen=\"allowfullscreen\"><\/iframe><\/p>\n","protected":false},"excerpt":{"rendered":"Na zasedanju \u2019Javna pri\u010danja \u017ertev\u2019 na Desetem forumu za tranzicijsko pravi\u010dnost v Beogradu 15-16. novembra 2014 se je \u00a0iz publike&#8230; ","protected":false},"author":8,"featured_media":125063,"comment_status":"open","ping_status":"open","sticky":false,"template":"","format":"video","meta":{"_acf_changed":false,"footnotes":""},"categories":[589],"tags":[],"class_list":["post-122851","post","type-post","status-publish","format-video","has-post-thumbnail","hentry","category-glas-zrtev","post_format-post-format-video"],"acf":[],"yoast_head":"<!-- This site is optimized with the Yoast SEO plugin v25.6 - https:\/\/yoast.com\/wordpress\/plugins\/seo\/ -->\n<title>Desanka Pej\u010dinovi\u0107 - REKOM ~ KOMRA ~ RECOM<\/title>\n<meta name=\"robots\" content=\"index, follow, max-snippet:-1, max-image-preview:large, max-video-preview:-1\" \/>\n<link rel=\"canonical\" href=\"https:\/\/www.recom.link\/en\/desanka-pejcinovic\/\" \/>\n<meta property=\"og:locale\" content=\"sl_SI\" \/>\n<meta property=\"og:type\" content=\"article\" \/>\n<meta property=\"og:title\" content=\"Desanka Pej\u010dinovi\u0107 - REKOM ~ KOMRA ~ RECOM\" \/>\n<meta property=\"og:description\" content=\"Na zasedanju \u2019Javna pri\u010danja \u017ertev\u2019 na Desetem forumu za tranzicijsko pravi\u010dnost v Beogradu 15-16. novembra 2014 se je \u00a0iz publike...\" \/>\n<meta property=\"og:url\" content=\"https:\/\/www.recom.link\/en\/desanka-pejcinovic\/\" \/>\n<meta property=\"og:site_name\" content=\"REKOM ~ KOMRA ~ RECOM\" \/>\n<meta property=\"article:publisher\" content=\"https:\/\/www.facebook.com\/ZaREKOM.PerKOMRA.ForRECOM\/\" \/>\n<meta property=\"article:published_time\" content=\"2014-11-15T14:32:08+00:00\" \/>\n<meta property=\"article:modified_time\" content=\"2015-08-06T09:23:21+00:00\" \/>\n<meta property=\"og:image\" content=\"https:\/\/www.recom.link\/wp-content\/uploads\/2014\/11\/IMG_8790.jpg\" \/>\n\t<meta property=\"og:image:width\" content=\"1200\" \/>\n\t<meta property=\"og:image:height\" content=\"800\" \/>\n\t<meta property=\"og:image:type\" content=\"image\/jpeg\" \/>\n<meta name=\"author\" content=\"Recom Editor\" \/>\n<meta name=\"twitter:card\" content=\"summary_large_image\" \/>\n<meta name=\"twitter:creator\" content=\"@REKOM_KOMRA\" \/>\n<meta name=\"twitter:site\" content=\"@REKOM_KOMRA\" \/>\n<meta name=\"twitter:label1\" content=\"Written by\" \/>\n\t<meta name=\"twitter:data1\" content=\"Recom Editor\" \/>\n\t<meta name=\"twitter:label2\" content=\"Est. reading time\" \/>\n\t<meta name=\"twitter:data2\" content=\"1 minuta\" \/>\n<script type=\"application\/ld+json\" class=\"yoast-schema-graph\">{\"@context\":\"https:\/\/schema.org\",\"@graph\":[{\"@type\":\"WebPage\",\"@id\":\"https:\/\/www.recom.link\/en\/desanka-pejcinovic\/\",\"url\":\"https:\/\/www.recom.link\/en\/desanka-pejcinovic\/\",\"name\":\"Desanka Pej\u010dinovi\u0107 - REKOM ~ KOMRA ~ RECOM\",\"isPartOf\":{\"@id\":\"https:\/\/www.recom.link\/en\/#website\"},\"primaryImageOfPage\":{\"@id\":\"https:\/\/www.recom.link\/en\/desanka-pejcinovic\/#primaryimage\"},\"image\":{\"@id\":\"https:\/\/www.recom.link\/en\/desanka-pejcinovic\/#primaryimage\"},\"thumbnailUrl\":\"https:\/\/www.recom.link\/wp-content\/uploads\/2014\/11\/IMG_8790.jpg\",\"datePublished\":\"2014-11-15T14:32:08+00:00\",\"dateModified\":\"2015-08-06T09:23:21+00:00\",\"author\":{\"@id\":\"https:\/\/www.recom.link\/en\/#\/schema\/person\/0b0fce47cdf986c8b4194146b69999a3\"},\"breadcrumb\":{\"@id\":\"https:\/\/www.recom.link\/en\/desanka-pejcinovic\/#breadcrumb\"},\"inLanguage\":\"sl-SI\",\"potentialAction\":[{\"@type\":\"ReadAction\",\"target\":[\"https:\/\/www.recom.link\/en\/desanka-pejcinovic\/\"]}]},{\"@type\":\"ImageObject\",\"inLanguage\":\"sl-SI\",\"@id\":\"https:\/\/www.recom.link\/en\/desanka-pejcinovic\/#primaryimage\",\"url\":\"https:\/\/www.recom.link\/wp-content\/uploads\/2014\/11\/IMG_8790.jpg\",\"contentUrl\":\"https:\/\/www.recom.link\/wp-content\/uploads\/2014\/11\/IMG_8790.jpg\",\"width\":1200,\"height\":800},{\"@type\":\"BreadcrumbList\",\"@id\":\"https:\/\/www.recom.link\/en\/desanka-pejcinovic\/#breadcrumb\",\"itemListElement\":[{\"@type\":\"ListItem\",\"position\":1,\"name\":\"Home\",\"item\":\"https:\/\/www.recom.link\/en\/\"},{\"@type\":\"ListItem\",\"position\":2,\"name\":\"Desanka Pej\u010dinovi\u0107\"}]},{\"@type\":\"WebSite\",\"@id\":\"https:\/\/www.recom.link\/en\/#website\",\"url\":\"https:\/\/www.recom.link\/en\/\",\"name\":\"REKOM ~ KOMRA ~ RECOM\",\"description\":\"\",\"potentialAction\":[{\"@type\":\"SearchAction\",\"target\":{\"@type\":\"EntryPoint\",\"urlTemplate\":\"https:\/\/www.recom.link\/en\/?s={search_term_string}\"},\"query-input\":{\"@type\":\"PropertyValueSpecification\",\"valueRequired\":true,\"valueName\":\"search_term_string\"}}],\"inLanguage\":\"sl-SI\"},{\"@type\":\"Person\",\"@id\":\"https:\/\/www.recom.link\/en\/#\/schema\/person\/0b0fce47cdf986c8b4194146b69999a3\",\"name\":\"Recom Editor\",\"image\":{\"@type\":\"ImageObject\",\"inLanguage\":\"sl-SI\",\"@id\":\"https:\/\/www.recom.link\/en\/#\/schema\/person\/image\/\",\"url\":\"https:\/\/secure.gravatar.com\/avatar\/b345ee03975bccfc62280b0fd1ffd916?s=96&d=mm&r=g\",\"contentUrl\":\"https:\/\/secure.gravatar.com\/avatar\/b345ee03975bccfc62280b0fd1ffd916?s=96&d=mm&r=g\",\"caption\":\"Recom Editor\"},\"url\":\"https:\/\/www.recom.link\/sl\/author\/jelanag\/\"}]}<\/script>\n<!-- \/ Yoast SEO plugin. -->","yoast_head_json":{"title":"Desanka Pej\u010dinovi\u0107 - REKOM ~ KOMRA ~ RECOM","robots":{"index":"index","follow":"follow","max-snippet":"max-snippet:-1","max-image-preview":"max-image-preview:large","max-video-preview":"max-video-preview:-1"},"canonical":"https:\/\/www.recom.link\/en\/desanka-pejcinovic\/","og_locale":"sl_SI","og_type":"article","og_title":"Desanka Pej\u010dinovi\u0107 - REKOM ~ KOMRA ~ RECOM","og_description":"Na zasedanju \u2019Javna pri\u010danja \u017ertev\u2019 na Desetem forumu za tranzicijsko pravi\u010dnost v Beogradu 15-16. novembra 2014 se je \u00a0iz publike...","og_url":"https:\/\/www.recom.link\/en\/desanka-pejcinovic\/","og_site_name":"REKOM ~ KOMRA ~ RECOM","article_publisher":"https:\/\/www.facebook.com\/ZaREKOM.PerKOMRA.ForRECOM\/","article_published_time":"2014-11-15T14:32:08+00:00","article_modified_time":"2015-08-06T09:23:21+00:00","og_image":[{"width":1200,"height":800,"url":"https:\/\/www.recom.link\/wp-content\/uploads\/2014\/11\/IMG_8790.jpg","type":"image\/jpeg"}],"author":"Recom Editor","twitter_card":"summary_large_image","twitter_creator":"@REKOM_KOMRA","twitter_site":"@REKOM_KOMRA","twitter_misc":{"Written by":"Recom Editor","Est. reading time":"1 minuta"},"schema":{"@context":"https:\/\/schema.org","@graph":[{"@type":"WebPage","@id":"https:\/\/www.recom.link\/en\/desanka-pejcinovic\/","url":"https:\/\/www.recom.link\/en\/desanka-pejcinovic\/","name":"Desanka Pej\u010dinovi\u0107 - REKOM ~ KOMRA ~ RECOM","isPartOf":{"@id":"https:\/\/www.recom.link\/en\/#website"},"primaryImageOfPage":{"@id":"https:\/\/www.recom.link\/en\/desanka-pejcinovic\/#primaryimage"},"image":{"@id":"https:\/\/www.recom.link\/en\/desanka-pejcinovic\/#primaryimage"},"thumbnailUrl":"https:\/\/www.recom.link\/wp-content\/uploads\/2014\/11\/IMG_8790.jpg","datePublished":"2014-11-15T14:32:08+00:00","dateModified":"2015-08-06T09:23:21+00:00","author":{"@id":"https:\/\/www.recom.link\/en\/#\/schema\/person\/0b0fce47cdf986c8b4194146b69999a3"},"breadcrumb":{"@id":"https:\/\/www.recom.link\/en\/desanka-pejcinovic\/#breadcrumb"},"inLanguage":"sl-SI","potentialAction":[{"@type":"ReadAction","target":["https:\/\/www.recom.link\/en\/desanka-pejcinovic\/"]}]},{"@type":"ImageObject","inLanguage":"sl-SI","@id":"https:\/\/www.recom.link\/en\/desanka-pejcinovic\/#primaryimage","url":"https:\/\/www.recom.link\/wp-content\/uploads\/2014\/11\/IMG_8790.jpg","contentUrl":"https:\/\/www.recom.link\/wp-content\/uploads\/2014\/11\/IMG_8790.jpg","width":1200,"height":800},{"@type":"BreadcrumbList","@id":"https:\/\/www.recom.link\/en\/desanka-pejcinovic\/#breadcrumb","itemListElement":[{"@type":"ListItem","position":1,"name":"Home","item":"https:\/\/www.recom.link\/en\/"},{"@type":"ListItem","position":2,"name":"Desanka Pej\u010dinovi\u0107"}]},{"@type":"WebSite","@id":"https:\/\/www.recom.link\/en\/#website","url":"https:\/\/www.recom.link\/en\/","name":"REKOM ~ KOMRA ~ RECOM","description":"","potentialAction":[{"@type":"SearchAction","target":{"@type":"EntryPoint","urlTemplate":"https:\/\/www.recom.link\/en\/?s={search_term_string}"},"query-input":{"@type":"PropertyValueSpecification","valueRequired":true,"valueName":"search_term_string"}}],"inLanguage":"sl-SI"},{"@type":"Person","@id":"https:\/\/www.recom.link\/en\/#\/schema\/person\/0b0fce47cdf986c8b4194146b69999a3","name":"Recom Editor","image":{"@type":"ImageObject","inLanguage":"sl-SI","@id":"https:\/\/www.recom.link\/en\/#\/schema\/person\/image\/","url":"https:\/\/secure.gravatar.com\/avatar\/b345ee03975bccfc62280b0fd1ffd916?s=96&d=mm&r=g","contentUrl":"https:\/\/secure.gravatar.com\/avatar\/b345ee03975bccfc62280b0fd1ffd916?s=96&d=mm&r=g","caption":"Recom Editor"},"url":"https:\/\/www.recom.link\/sl\/author\/jelanag\/"}]}},"_links":{"self":[{"href":"https:\/\/www.recom.link\/sl\/wp-json\/wp\/v2\/posts\/122851"}],"collection":[{"href":"https:\/\/www.recom.link\/sl\/wp-json\/wp\/v2\/posts"}],"about":[{"href":"https:\/\/www.recom.link\/sl\/wp-json\/wp\/v2\/types\/post"}],"author":[{"embeddable":true,"href":"https:\/\/www.recom.link\/sl\/wp-json\/wp\/v2\/users\/8"}],"replies":[{"embeddable":true,"href":"https:\/\/www.recom.link\/sl\/wp-json\/wp\/v2\/comments?post=122851"}],"version-history":[{"count":14,"href":"https:\/\/www.recom.link\/sl\/wp-json\/wp\/v2\/posts\/122851\/revisions"}],"predecessor-version":[{"id":134424,"href":"https:\/\/www.recom.link\/sl\/wp-json\/wp\/v2\/posts\/122851\/revisions\/134424"}],"wp:featuredmedia":[{"embeddable":true,"href":"https:\/\/www.recom.link\/sl\/wp-json\/wp\/v2\/media\/125063"}],"wp:attachment":[{"href":"https:\/\/www.recom.link\/sl\/wp-json\/wp\/v2\/media?parent=122851"}],"wp:term":[{"taxonomy":"category","embeddable":true,"href":"https:\/\/www.recom.link\/sl\/wp-json\/wp\/v2\/categories?post=122851"},{"taxonomy":"post_tag","embeddable":true,"href":"https:\/\/www.recom.link\/sl\/wp-json\/wp\/v2\/tags?post=122851"}],"curies":[{"name":"wp","href":"https:\/\/api.w.org\/{rel}","templated":true}]}}