{"id":120011,"date":"2009-06-26T00:00:00","date_gmt":"2009-06-26T00:00:00","guid":{"rendered":"http:\/\/www.recom.link\/konsultacije-sa-civilnim-drustvom-4-2\/"},"modified":"2015-03-09T16:06:04","modified_gmt":"2015-03-09T15:06:04","slug":"konsultacije-sa-civilnim-drustvom-4","status":"publish","type":"post","link":"https:\/\/www.recom.link\/sl\/konsultacije-sa-civilnim-drustvom-4\/","title":{"rendered":"NVO &#8211; Pe\u0107\/Pej\u00eb, Kosovo &#8211; 26. 06. 2009"},"content":{"rendered":"<h3>Lokalne konzultacije s civilno dru\u017ebo o ustanovitvi REKOM-a<\/h3>\n<p>&nbsp;<\/p>\n<p>Konzultacije je organizirala nevladna organizacija<em> Syri i Vizionit<\/em>. Sodelovalo je 34 predstavnikov nevladnih organizacij, zdru\u017eenj veteranov in medijev. Debato so spremljali \u0161tirje predstavniki ob\u010dinske oblasti iz Pe\u0107i\/Pej\u00eb, Istoka\/Istoq in Kline\/Klin\u00eb, kot tudi trije predstavniki mednarodnih organizacij. Uvodni\u010darji so bili Salem \u010corbo (Zdru\u017eenje Povratek in vzdr\u017eni obstanek, BiH), Bekim Blakaj (FHP Kosovo), Valdete Idrizi (Community Building Mitrovica, Kosovo) in Veton Mujaj (NVO Syri i Vizionit, Kosovo). Poro\u010dala sta <em>Zeri<\/em> in TV <em>Dukagjin<\/em>.<\/p>\n<p>Na voljo samo v BHSC jezikih<\/p>\n<p><a href=\"http:\/\/www.recom.link\/wp-content\/uploads\/2009\/06\/Lokalne-konsultacije-s-civilnim-dru\u0161tvom-o-Inicijativi-REKOM.pdf\">Lokalne konsultacije s civilnim dru\u0161tvom o Inicijativi REKOM<\/a><\/p>\n<p><a href=\"http:\/\/www.recom.link\/wp-content\/uploads\/2009\/06\/Transkript1.pdf\">Transkript<\/a><\/p>\n<p><iframe loading=\"lazy\" src=\"\/\/www.youtube.com\/embed\/aNt3PmGLfYg?rel=0&amp;showinfo=0\" width=\"420\" height=\"315\" frameborder=\"0\" allowfullscreen=\"allowfullscreen\"><\/iframe><\/p>\n","protected":false},"excerpt":{"rendered":"Lokalne konzultacije s civilno dru\u017ebo o ustanovitvi REKOM-a &nbsp; Konzultacije je organizirala nevladna organizacija Syri i Vizionit. Sodelovalo je 34&#8230; ","protected":false},"author":8,"featured_media":0,"comment_status":"closed","ping_status":"closed","sticky":false,"template":"","format":"standard","meta":{"_acf_changed":false,"footnotes":""},"categories":[572],"tags":[1158],"class_list":["post-120011","post","type-post","status-publish","format-standard","hentry","category-konzultacije","tag-2009-sl"],"acf":[],"yoast_head":"<!-- This site is optimized with the Yoast SEO plugin v25.6 - https:\/\/yoast.com\/wordpress\/plugins\/seo\/ -->\n<title>NVO - Pe\u0107\/Pej\u00eb, Kosovo - 26. 06. 2009 - REKOM ~ KOMRA ~ RECOM<\/title>\n<meta name=\"robots\" content=\"index, follow, max-snippet:-1, max-image-preview:large, max-video-preview:-1\" \/>\n<link rel=\"canonical\" href=\"https:\/\/www.recom.link\/sl\/konsultacije-sa-civilnim-drustvom-4\/\" \/>\n<meta property=\"og:locale\" content=\"sl_SI\" \/>\n<meta property=\"og:type\" content=\"article\" \/>\n<meta property=\"og:title\" content=\"NVO - Pe\u0107\/Pej\u00eb, Kosovo - 26. 06. 2009 - REKOM ~ KOMRA ~ RECOM\" \/>\n<meta property=\"og:description\" content=\"Lokalne konzultacije s civilno dru\u017ebo o ustanovitvi REKOM-a &nbsp; Konzultacije je organizirala nevladna organizacija Syri i Vizionit. Sodelovalo je 34...\" \/>\n<meta property=\"og:url\" content=\"https:\/\/www.recom.link\/sl\/konsultacije-sa-civilnim-drustvom-4\/\" \/>\n<meta property=\"og:site_name\" content=\"REKOM ~ KOMRA ~ RECOM\" \/>\n<meta property=\"article:publisher\" content=\"https:\/\/www.facebook.com\/ZaREKOM.PerKOMRA.ForRECOM\/\" \/>\n<meta property=\"article:published_time\" content=\"2009-06-26T00:00:00+00:00\" \/>\n<meta property=\"article:modified_time\" content=\"2015-03-09T15:06:04+00:00\" \/>\n<meta name=\"author\" content=\"Recom Editor\" \/>\n<meta name=\"twitter:card\" content=\"summary_large_image\" \/>\n<meta name=\"twitter:creator\" content=\"@REKOM_KOMRA\" \/>\n<meta name=\"twitter:site\" content=\"@REKOM_KOMRA\" \/>\n<meta name=\"twitter:label1\" content=\"Written by\" \/>\n\t<meta name=\"twitter:data1\" content=\"Recom Editor\" \/>\n\t<meta name=\"twitter:label2\" content=\"Est. reading time\" \/>\n\t<meta name=\"twitter:data2\" content=\"1 minuta\" \/>\n<script type=\"application\/ld+json\" class=\"yoast-schema-graph\">{\"@context\":\"https:\/\/schema.org\",\"@graph\":[{\"@type\":\"WebPage\",\"@id\":\"https:\/\/www.recom.link\/sl\/konsultacije-sa-civilnim-drustvom-4\/\",\"url\":\"https:\/\/www.recom.link\/sl\/konsultacije-sa-civilnim-drustvom-4\/\",\"name\":\"NVO - Pe\u0107\/Pej\u00eb, Kosovo - 26. 06. 2009 - REKOM ~ KOMRA ~ RECOM\",\"isPartOf\":{\"@id\":\"https:\/\/www.recom.link\/en\/#website\"},\"datePublished\":\"2009-06-26T00:00:00+00:00\",\"dateModified\":\"2015-03-09T15:06:04+00:00\",\"author\":{\"@id\":\"https:\/\/www.recom.link\/en\/#\/schema\/person\/0b0fce47cdf986c8b4194146b69999a3\"},\"breadcrumb\":{\"@id\":\"https:\/\/www.recom.link\/sl\/konsultacije-sa-civilnim-drustvom-4\/#breadcrumb\"},\"inLanguage\":\"sl-SI\",\"potentialAction\":[{\"@type\":\"ReadAction\",\"target\":[\"https:\/\/www.recom.link\/sl\/konsultacije-sa-civilnim-drustvom-4\/\"]}]},{\"@type\":\"BreadcrumbList\",\"@id\":\"https:\/\/www.recom.link\/sl\/konsultacije-sa-civilnim-drustvom-4\/#breadcrumb\",\"itemListElement\":[{\"@type\":\"ListItem\",\"position\":1,\"name\":\"Home\",\"item\":\"https:\/\/www.recom.link\/en\/\"},{\"@type\":\"ListItem\",\"position\":2,\"name\":\"NVO &#8211; Pe\u0107\/Pej\u00eb, Kosovo &#8211; 26. 06. 2009\"}]},{\"@type\":\"WebSite\",\"@id\":\"https:\/\/www.recom.link\/en\/#website\",\"url\":\"https:\/\/www.recom.link\/en\/\",\"name\":\"REKOM ~ KOMRA ~ RECOM\",\"description\":\"\",\"potentialAction\":[{\"@type\":\"SearchAction\",\"target\":{\"@type\":\"EntryPoint\",\"urlTemplate\":\"https:\/\/www.recom.link\/en\/?s={search_term_string}\"},\"query-input\":{\"@type\":\"PropertyValueSpecification\",\"valueRequired\":true,\"valueName\":\"search_term_string\"}}],\"inLanguage\":\"sl-SI\"},{\"@type\":\"Person\",\"@id\":\"https:\/\/www.recom.link\/en\/#\/schema\/person\/0b0fce47cdf986c8b4194146b69999a3\",\"name\":\"Recom Editor\",\"image\":{\"@type\":\"ImageObject\",\"inLanguage\":\"sl-SI\",\"@id\":\"https:\/\/www.recom.link\/en\/#\/schema\/person\/image\/\",\"url\":\"https:\/\/secure.gravatar.com\/avatar\/b345ee03975bccfc62280b0fd1ffd916?s=96&d=mm&r=g\",\"contentUrl\":\"https:\/\/secure.gravatar.com\/avatar\/b345ee03975bccfc62280b0fd1ffd916?s=96&d=mm&r=g\",\"caption\":\"Recom Editor\"},\"url\":\"https:\/\/www.recom.link\/sl\/author\/jelanag\/\"}]}<\/script>\n<!-- \/ Yoast SEO plugin. -->","yoast_head_json":{"title":"NVO - Pe\u0107\/Pej\u00eb, Kosovo - 26. 06. 2009 - REKOM ~ KOMRA ~ RECOM","robots":{"index":"index","follow":"follow","max-snippet":"max-snippet:-1","max-image-preview":"max-image-preview:large","max-video-preview":"max-video-preview:-1"},"canonical":"https:\/\/www.recom.link\/sl\/konsultacije-sa-civilnim-drustvom-4\/","og_locale":"sl_SI","og_type":"article","og_title":"NVO - Pe\u0107\/Pej\u00eb, Kosovo - 26. 06. 2009 - REKOM ~ KOMRA ~ RECOM","og_description":"Lokalne konzultacije s civilno dru\u017ebo o ustanovitvi REKOM-a &nbsp; Konzultacije je organizirala nevladna organizacija Syri i Vizionit. Sodelovalo je 34...","og_url":"https:\/\/www.recom.link\/sl\/konsultacije-sa-civilnim-drustvom-4\/","og_site_name":"REKOM ~ KOMRA ~ RECOM","article_publisher":"https:\/\/www.facebook.com\/ZaREKOM.PerKOMRA.ForRECOM\/","article_published_time":"2009-06-26T00:00:00+00:00","article_modified_time":"2015-03-09T15:06:04+00:00","author":"Recom Editor","twitter_card":"summary_large_image","twitter_creator":"@REKOM_KOMRA","twitter_site":"@REKOM_KOMRA","twitter_misc":{"Written by":"Recom Editor","Est. reading time":"1 minuta"},"schema":{"@context":"https:\/\/schema.org","@graph":[{"@type":"WebPage","@id":"https:\/\/www.recom.link\/sl\/konsultacije-sa-civilnim-drustvom-4\/","url":"https:\/\/www.recom.link\/sl\/konsultacije-sa-civilnim-drustvom-4\/","name":"NVO - Pe\u0107\/Pej\u00eb, Kosovo - 26. 06. 2009 - REKOM ~ KOMRA ~ RECOM","isPartOf":{"@id":"https:\/\/www.recom.link\/en\/#website"},"datePublished":"2009-06-26T00:00:00+00:00","dateModified":"2015-03-09T15:06:04+00:00","author":{"@id":"https:\/\/www.recom.link\/en\/#\/schema\/person\/0b0fce47cdf986c8b4194146b69999a3"},"breadcrumb":{"@id":"https:\/\/www.recom.link\/sl\/konsultacije-sa-civilnim-drustvom-4\/#breadcrumb"},"inLanguage":"sl-SI","potentialAction":[{"@type":"ReadAction","target":["https:\/\/www.recom.link\/sl\/konsultacije-sa-civilnim-drustvom-4\/"]}]},{"@type":"BreadcrumbList","@id":"https:\/\/www.recom.link\/sl\/konsultacije-sa-civilnim-drustvom-4\/#breadcrumb","itemListElement":[{"@type":"ListItem","position":1,"name":"Home","item":"https:\/\/www.recom.link\/en\/"},{"@type":"ListItem","position":2,"name":"NVO &#8211; Pe\u0107\/Pej\u00eb, Kosovo &#8211; 26. 06. 2009"}]},{"@type":"WebSite","@id":"https:\/\/www.recom.link\/en\/#website","url":"https:\/\/www.recom.link\/en\/","name":"REKOM ~ KOMRA ~ RECOM","description":"","potentialAction":[{"@type":"SearchAction","target":{"@type":"EntryPoint","urlTemplate":"https:\/\/www.recom.link\/en\/?s={search_term_string}"},"query-input":{"@type":"PropertyValueSpecification","valueRequired":true,"valueName":"search_term_string"}}],"inLanguage":"sl-SI"},{"@type":"Person","@id":"https:\/\/www.recom.link\/en\/#\/schema\/person\/0b0fce47cdf986c8b4194146b69999a3","name":"Recom Editor","image":{"@type":"ImageObject","inLanguage":"sl-SI","@id":"https:\/\/www.recom.link\/en\/#\/schema\/person\/image\/","url":"https:\/\/secure.gravatar.com\/avatar\/b345ee03975bccfc62280b0fd1ffd916?s=96&d=mm&r=g","contentUrl":"https:\/\/secure.gravatar.com\/avatar\/b345ee03975bccfc62280b0fd1ffd916?s=96&d=mm&r=g","caption":"Recom Editor"},"url":"https:\/\/www.recom.link\/sl\/author\/jelanag\/"}]}},"_links":{"self":[{"href":"https:\/\/www.recom.link\/sl\/wp-json\/wp\/v2\/posts\/120011"}],"collection":[{"href":"https:\/\/www.recom.link\/sl\/wp-json\/wp\/v2\/posts"}],"about":[{"href":"https:\/\/www.recom.link\/sl\/wp-json\/wp\/v2\/types\/post"}],"author":[{"embeddable":true,"href":"https:\/\/www.recom.link\/sl\/wp-json\/wp\/v2\/users\/8"}],"replies":[{"embeddable":true,"href":"https:\/\/www.recom.link\/sl\/wp-json\/wp\/v2\/comments?post=120011"}],"version-history":[{"count":2,"href":"https:\/\/www.recom.link\/sl\/wp-json\/wp\/v2\/posts\/120011\/revisions"}],"predecessor-version":[{"id":126787,"href":"https:\/\/www.recom.link\/sl\/wp-json\/wp\/v2\/posts\/120011\/revisions\/126787"}],"wp:attachment":[{"href":"https:\/\/www.recom.link\/sl\/wp-json\/wp\/v2\/media?parent=120011"}],"wp:term":[{"taxonomy":"category","embeddable":true,"href":"https:\/\/www.recom.link\/sl\/wp-json\/wp\/v2\/categories?post=120011"},{"taxonomy":"post_tag","embeddable":true,"href":"https:\/\/www.recom.link\/sl\/wp-json\/wp\/v2\/tags?post=120011"}],"curies":[{"name":"wp","href":"https:\/\/api.w.org\/{rel}","templated":true}]}}