{"id":114420,"date":"2008-10-29T11:20:10","date_gmt":"2008-10-29T10:20:10","guid":{"rendered":"http:\/\/www.recom.link\/milena-radevic-3-2\/"},"modified":"2016-06-28T12:53:48","modified_gmt":"2016-06-28T11:53:48","slug":"milena-radevic-3","status":"publish","type":"post","link":"https:\/\/www.recom.link\/sl\/milena-radevic-3\/","title":{"rendered":"Milena Radevi\u0107"},"content":{"rendered":"<p><em>Sin Milene Radevi\u0107, Ivan, je bil ubit 14. 12. 1998 v kavarni Panda v Pe\u0107i\/Pej\u00eb, skupaj s petimi tovari\u0161i &#8211; Zoranom, Vukoto, Svetislavom, Ivanom in Draganom. Ivan je bil najstarej\u0161i, imel je 25 let. Najmlaj\u0161i ubiti mladeni\u010d je imel 14 let. \u0160est mesecev po tem usodnem dogodku je bil ugrabljen njen mo\u017e Bogdan Radevi\u0107. Milena je bila trpin\u010dena in vr\u017eena iz dru\u017einske hi\u0161e in se je komajda re\u0161ila pred lin\u010dem s strani stanovalcev iz ulice, v kateri je \u017eivela 30 let. \u201cSem pregnana oseba, brez naslova, moj edini naslov je moja \u0161tevilka mobilnega telefona\u201d je rekla med pri\u010danjem na <\/em><a href=\"http:\/\/Sin Milene Radevi\u0107, Ivan, je bil ubit 14. 12. 1998 v kavarni Panda v Pe\u0107i\/Pej\u00eb, skupaj s petimi tovari\u0161i - Zoranom, Vukoto, Svetislavom, Ivanom in Draganom. Ivan je bil najstarej\u0161i, imel je 25 let. Najmlaj\u0161i ubiti mladeni\u010d je imel 14 let. \u0160est mesecev po tem usodnem dogodku je bil ugrabljen njen mo\u017e Bogdan Radevi\u0107. Milena je bila trpin\u010dena in vr\u017eena iz dru\u017einske hi\u0161e in se je komajda re\u0161ila pred lin\u010dem s strani stanovalcev iz ulice, v kateri je \u017eivela 30 let. \u201cSem pregnana oseba, brez naslova, moj edini naslov je moja \u0161tevilka mobilnega telefona\u201d je rekla med pri\u010danjem na \u010cetrtem forumu za tranzicijsko pravi\u010dnost 28-29. 10. 2008 v Pri\u0161tini\/Prishtin\u00eb, Kosovo.\"><strong><em>\u010cetrtem forumu za tranzicijsko pravi\u010dnost<\/em><\/strong><\/a><em> 28-29. 10. 2008 v Pri\u0161tini\/Prishtin\u00eb, Kosovo.<\/em><\/p>\n<p><em>\u00a0<\/em><\/p>\n<p><a href=\"http:\/\/www.recom.link\/wp-content\/uploads\/2014\/12\/Svedo%C4%8Denje-Milena-Radevi%C4%87.pdf\">Svedo\u010denje Milena Radevi\u0107<\/a><\/p>\n<p>&nbsp;<\/p>\n<p><iframe loading=\"lazy\" src=\"\/\/www.youtube.com\/embed\/iZt24hpkweA\" width=\"420\" height=\"315\" frameborder=\"0\" allowfullscreen=\"allowfullscreen\"><\/iframe><\/p>\n","protected":false},"excerpt":{"rendered":"Sin Milene Radevi\u0107, Ivan, je bil ubit 14. 12. 1998 v kavarni Panda v Pe\u0107i\/Pej\u00eb, skupaj s petimi tovari\u0161i &#8211;&#8230; ","protected":false},"author":8,"featured_media":139622,"comment_status":"closed","ping_status":"closed","sticky":false,"template":"","format":"video","meta":{"_acf_changed":false,"footnotes":""},"categories":[589],"tags":[],"class_list":["post-114420","post","type-post","status-publish","format-video","has-post-thumbnail","hentry","category-glas-zrtev","post_format-post-format-video"],"acf":[],"yoast_head":"<!-- This site is optimized with the Yoast SEO plugin v25.6 - https:\/\/yoast.com\/wordpress\/plugins\/seo\/ -->\n<title>Milena Radevi\u0107 - REKOM ~ KOMRA ~ RECOM<\/title>\n<meta name=\"robots\" content=\"index, follow, max-snippet:-1, max-image-preview:large, max-video-preview:-1\" \/>\n<link rel=\"canonical\" href=\"https:\/\/www.recom.link\/en\/milena-radevic-3\/\" \/>\n<meta property=\"og:locale\" content=\"sl_SI\" \/>\n<meta property=\"og:type\" content=\"article\" \/>\n<meta property=\"og:title\" content=\"Milena Radevi\u0107 - REKOM ~ KOMRA ~ RECOM\" \/>\n<meta property=\"og:description\" content=\"Sin Milene Radevi\u0107, Ivan, je bil ubit 14. 12. 1998 v kavarni Panda v Pe\u0107i\/Pej\u00eb, skupaj s petimi tovari\u0161i &#8211;...\" \/>\n<meta property=\"og:url\" content=\"https:\/\/www.recom.link\/en\/milena-radevic-3\/\" \/>\n<meta property=\"og:site_name\" content=\"REKOM ~ KOMRA ~ RECOM\" \/>\n<meta property=\"article:publisher\" content=\"https:\/\/www.facebook.com\/ZaREKOM.PerKOMRA.ForRECOM\/\" \/>\n<meta property=\"article:published_time\" content=\"2008-10-29T10:20:10+00:00\" \/>\n<meta property=\"article:modified_time\" content=\"2016-06-28T11:53:48+00:00\" \/>\n<meta property=\"og:image\" content=\"https:\/\/www.recom.link\/wp-content\/uploads\/2008\/10\/Milena-Radevic.jpg\" \/>\n\t<meta property=\"og:image:width\" content=\"3216\" \/>\n\t<meta property=\"og:image:height\" content=\"2136\" \/>\n\t<meta property=\"og:image:type\" content=\"image\/jpeg\" \/>\n<meta name=\"author\" content=\"Recom Editor\" \/>\n<meta name=\"twitter:card\" content=\"summary_large_image\" \/>\n<meta name=\"twitter:creator\" content=\"@REKOM_KOMRA\" \/>\n<meta name=\"twitter:site\" content=\"@REKOM_KOMRA\" \/>\n<meta name=\"twitter:label1\" content=\"Written by\" \/>\n\t<meta name=\"twitter:data1\" content=\"Recom Editor\" \/>\n\t<meta name=\"twitter:label2\" content=\"Est. reading time\" \/>\n\t<meta name=\"twitter:data2\" content=\"1 minuta\" \/>\n<script type=\"application\/ld+json\" class=\"yoast-schema-graph\">{\"@context\":\"https:\/\/schema.org\",\"@graph\":[{\"@type\":\"WebPage\",\"@id\":\"https:\/\/www.recom.link\/en\/milena-radevic-3\/\",\"url\":\"https:\/\/www.recom.link\/en\/milena-radevic-3\/\",\"name\":\"Milena Radevi\u0107 - REKOM ~ KOMRA ~ RECOM\",\"isPartOf\":{\"@id\":\"https:\/\/www.recom.link\/en\/#website\"},\"primaryImageOfPage\":{\"@id\":\"https:\/\/www.recom.link\/en\/milena-radevic-3\/#primaryimage\"},\"image\":{\"@id\":\"https:\/\/www.recom.link\/en\/milena-radevic-3\/#primaryimage\"},\"thumbnailUrl\":\"https:\/\/www.recom.link\/wp-content\/uploads\/2008\/10\/Milena-Radevic.jpg\",\"datePublished\":\"2008-10-29T10:20:10+00:00\",\"dateModified\":\"2016-06-28T11:53:48+00:00\",\"author\":{\"@id\":\"https:\/\/www.recom.link\/en\/#\/schema\/person\/0b0fce47cdf986c8b4194146b69999a3\"},\"breadcrumb\":{\"@id\":\"https:\/\/www.recom.link\/en\/milena-radevic-3\/#breadcrumb\"},\"inLanguage\":\"sl-SI\",\"potentialAction\":[{\"@type\":\"ReadAction\",\"target\":[\"https:\/\/www.recom.link\/en\/milena-radevic-3\/\"]}]},{\"@type\":\"ImageObject\",\"inLanguage\":\"sl-SI\",\"@id\":\"https:\/\/www.recom.link\/en\/milena-radevic-3\/#primaryimage\",\"url\":\"https:\/\/www.recom.link\/wp-content\/uploads\/2008\/10\/Milena-Radevic.jpg\",\"contentUrl\":\"https:\/\/www.recom.link\/wp-content\/uploads\/2008\/10\/Milena-Radevic.jpg\",\"width\":3216,\"height\":2136},{\"@type\":\"BreadcrumbList\",\"@id\":\"https:\/\/www.recom.link\/en\/milena-radevic-3\/#breadcrumb\",\"itemListElement\":[{\"@type\":\"ListItem\",\"position\":1,\"name\":\"Home\",\"item\":\"https:\/\/www.recom.link\/en\/\"},{\"@type\":\"ListItem\",\"position\":2,\"name\":\"Milena Radevi\u0107\"}]},{\"@type\":\"WebSite\",\"@id\":\"https:\/\/www.recom.link\/en\/#website\",\"url\":\"https:\/\/www.recom.link\/en\/\",\"name\":\"REKOM ~ KOMRA ~ RECOM\",\"description\":\"\",\"potentialAction\":[{\"@type\":\"SearchAction\",\"target\":{\"@type\":\"EntryPoint\",\"urlTemplate\":\"https:\/\/www.recom.link\/en\/?s={search_term_string}\"},\"query-input\":{\"@type\":\"PropertyValueSpecification\",\"valueRequired\":true,\"valueName\":\"search_term_string\"}}],\"inLanguage\":\"sl-SI\"},{\"@type\":\"Person\",\"@id\":\"https:\/\/www.recom.link\/en\/#\/schema\/person\/0b0fce47cdf986c8b4194146b69999a3\",\"name\":\"Recom Editor\",\"image\":{\"@type\":\"ImageObject\",\"inLanguage\":\"sl-SI\",\"@id\":\"https:\/\/www.recom.link\/en\/#\/schema\/person\/image\/\",\"url\":\"https:\/\/secure.gravatar.com\/avatar\/b345ee03975bccfc62280b0fd1ffd916?s=96&d=mm&r=g\",\"contentUrl\":\"https:\/\/secure.gravatar.com\/avatar\/b345ee03975bccfc62280b0fd1ffd916?s=96&d=mm&r=g\",\"caption\":\"Recom Editor\"},\"url\":\"https:\/\/www.recom.link\/sl\/author\/jelanag\/\"}]}<\/script>\n<!-- \/ Yoast SEO plugin. -->","yoast_head_json":{"title":"Milena Radevi\u0107 - REKOM ~ KOMRA ~ RECOM","robots":{"index":"index","follow":"follow","max-snippet":"max-snippet:-1","max-image-preview":"max-image-preview:large","max-video-preview":"max-video-preview:-1"},"canonical":"https:\/\/www.recom.link\/en\/milena-radevic-3\/","og_locale":"sl_SI","og_type":"article","og_title":"Milena Radevi\u0107 - REKOM ~ KOMRA ~ RECOM","og_description":"Sin Milene Radevi\u0107, Ivan, je bil ubit 14. 12. 1998 v kavarni Panda v Pe\u0107i\/Pej\u00eb, skupaj s petimi tovari\u0161i &#8211;...","og_url":"https:\/\/www.recom.link\/en\/milena-radevic-3\/","og_site_name":"REKOM ~ KOMRA ~ RECOM","article_publisher":"https:\/\/www.facebook.com\/ZaREKOM.PerKOMRA.ForRECOM\/","article_published_time":"2008-10-29T10:20:10+00:00","article_modified_time":"2016-06-28T11:53:48+00:00","og_image":[{"width":3216,"height":2136,"url":"https:\/\/www.recom.link\/wp-content\/uploads\/2008\/10\/Milena-Radevic.jpg","type":"image\/jpeg"}],"author":"Recom Editor","twitter_card":"summary_large_image","twitter_creator":"@REKOM_KOMRA","twitter_site":"@REKOM_KOMRA","twitter_misc":{"Written by":"Recom Editor","Est. reading time":"1 minuta"},"schema":{"@context":"https:\/\/schema.org","@graph":[{"@type":"WebPage","@id":"https:\/\/www.recom.link\/en\/milena-radevic-3\/","url":"https:\/\/www.recom.link\/en\/milena-radevic-3\/","name":"Milena Radevi\u0107 - REKOM ~ KOMRA ~ RECOM","isPartOf":{"@id":"https:\/\/www.recom.link\/en\/#website"},"primaryImageOfPage":{"@id":"https:\/\/www.recom.link\/en\/milena-radevic-3\/#primaryimage"},"image":{"@id":"https:\/\/www.recom.link\/en\/milena-radevic-3\/#primaryimage"},"thumbnailUrl":"https:\/\/www.recom.link\/wp-content\/uploads\/2008\/10\/Milena-Radevic.jpg","datePublished":"2008-10-29T10:20:10+00:00","dateModified":"2016-06-28T11:53:48+00:00","author":{"@id":"https:\/\/www.recom.link\/en\/#\/schema\/person\/0b0fce47cdf986c8b4194146b69999a3"},"breadcrumb":{"@id":"https:\/\/www.recom.link\/en\/milena-radevic-3\/#breadcrumb"},"inLanguage":"sl-SI","potentialAction":[{"@type":"ReadAction","target":["https:\/\/www.recom.link\/en\/milena-radevic-3\/"]}]},{"@type":"ImageObject","inLanguage":"sl-SI","@id":"https:\/\/www.recom.link\/en\/milena-radevic-3\/#primaryimage","url":"https:\/\/www.recom.link\/wp-content\/uploads\/2008\/10\/Milena-Radevic.jpg","contentUrl":"https:\/\/www.recom.link\/wp-content\/uploads\/2008\/10\/Milena-Radevic.jpg","width":3216,"height":2136},{"@type":"BreadcrumbList","@id":"https:\/\/www.recom.link\/en\/milena-radevic-3\/#breadcrumb","itemListElement":[{"@type":"ListItem","position":1,"name":"Home","item":"https:\/\/www.recom.link\/en\/"},{"@type":"ListItem","position":2,"name":"Milena Radevi\u0107"}]},{"@type":"WebSite","@id":"https:\/\/www.recom.link\/en\/#website","url":"https:\/\/www.recom.link\/en\/","name":"REKOM ~ KOMRA ~ RECOM","description":"","potentialAction":[{"@type":"SearchAction","target":{"@type":"EntryPoint","urlTemplate":"https:\/\/www.recom.link\/en\/?s={search_term_string}"},"query-input":{"@type":"PropertyValueSpecification","valueRequired":true,"valueName":"search_term_string"}}],"inLanguage":"sl-SI"},{"@type":"Person","@id":"https:\/\/www.recom.link\/en\/#\/schema\/person\/0b0fce47cdf986c8b4194146b69999a3","name":"Recom Editor","image":{"@type":"ImageObject","inLanguage":"sl-SI","@id":"https:\/\/www.recom.link\/en\/#\/schema\/person\/image\/","url":"https:\/\/secure.gravatar.com\/avatar\/b345ee03975bccfc62280b0fd1ffd916?s=96&d=mm&r=g","contentUrl":"https:\/\/secure.gravatar.com\/avatar\/b345ee03975bccfc62280b0fd1ffd916?s=96&d=mm&r=g","caption":"Recom Editor"},"url":"https:\/\/www.recom.link\/sl\/author\/jelanag\/"}]}},"_links":{"self":[{"href":"https:\/\/www.recom.link\/sl\/wp-json\/wp\/v2\/posts\/114420"}],"collection":[{"href":"https:\/\/www.recom.link\/sl\/wp-json\/wp\/v2\/posts"}],"about":[{"href":"https:\/\/www.recom.link\/sl\/wp-json\/wp\/v2\/types\/post"}],"author":[{"embeddable":true,"href":"https:\/\/www.recom.link\/sl\/wp-json\/wp\/v2\/users\/8"}],"replies":[{"embeddable":true,"href":"https:\/\/www.recom.link\/sl\/wp-json\/wp\/v2\/comments?post=114420"}],"version-history":[{"count":6,"href":"https:\/\/www.recom.link\/sl\/wp-json\/wp\/v2\/posts\/114420\/revisions"}],"predecessor-version":[{"id":139648,"href":"https:\/\/www.recom.link\/sl\/wp-json\/wp\/v2\/posts\/114420\/revisions\/139648"}],"wp:featuredmedia":[{"embeddable":true,"href":"https:\/\/www.recom.link\/sl\/wp-json\/wp\/v2\/media\/139622"}],"wp:attachment":[{"href":"https:\/\/www.recom.link\/sl\/wp-json\/wp\/v2\/media?parent=114420"}],"wp:term":[{"taxonomy":"category","embeddable":true,"href":"https:\/\/www.recom.link\/sl\/wp-json\/wp\/v2\/categories?post=114420"},{"taxonomy":"post_tag","embeddable":true,"href":"https:\/\/www.recom.link\/sl\/wp-json\/wp\/v2\/tags?post=114420"}],"curies":[{"name":"wp","href":"https:\/\/api.w.org\/{rel}","templated":true}]}}