{"id":56825,"date":"2011-05-23T00:00:00","date_gmt":"2011-05-23T00:00:00","guid":{"rendered":"http:\/\/www.recom.link\/political-support-to-recom-in-serbia\/"},"modified":"2015-03-20T15:52:26","modified_gmt":"2015-03-20T14:52:26","slug":"political-support-to-recom-in-serbia","status":"publish","type":"post","link":"https:\/\/www.recom.link\/en\/political-support-to-recom-in-serbia\/","title":{"rendered":"Political Support to RECOM in Serbia"},"content":{"rendered":"<p><a href=\"http:\/\/www.recom.link\/wp-content\/uploads\/2011\/11\/t_REKOM-znak-mali1.jpg\"><img loading=\"lazy\" decoding=\"async\" class=\"alignnone  wp-image-128264\" src=\"http:\/\/www.recom.link\/wp-content\/uploads\/2011\/11\/t_REKOM-znak-mali1.jpg\" alt=\"t_REKOM-znak-mali\" width=\"196\" height=\"194\" \/><\/a><\/p>\n<p>Besides initial support of the President of Serbia, Boris Tadi\u0107, and the President of the Liberal Democratic Party, the Initiative for the establishment of theRegional Commission for Establishing Facts About All Victims of Wars 1991-2001 on the Territory of the Former Yugoslavia (RECOM) also received support from a number of politicians and political parties in Serbia since the beginning of the signatures collection campaign on April 26.<\/p>\n<p>The Vice President of the Democratic Party (DS), <strong>Jelena Trivan,<\/strong> signed the initiative for establishing RECOM on May 17 and highlighted that DS offers its full political and operational support for the establishment of the inter-governmental commission, which \u201cthe President of DS and the President of Serbia, Boris Tadi\u0107, gave last year\u201d in order to collect one million signatures necessary for this initiative to become the initiative of all successor countries of the former Yugoslavia.<\/p>\n<p>\u201cAll victims deserve the truth, and perpetrators deserve punishment\u201d, Ms Trivan said stating that it is in Serbia\u2019s best interest to put an end to the past, to establish the truth and facts because, as she said, this is the only way Leading towards reconciliation in the region. President of the DS Executive Board, Marko \u0110uri\u0161i\u0107, and the Secretary of the Party, Tamara Tripi\u0107, also gave their signatures of support.<\/p>\n<p>President of the Government of Vojvodina, <strong>Bojan Pajti\u0107, <\/strong>signed for RECOM on May 16, in the centre of Novi Sad. \u201cPeople are not numbers. Every victim has a life, love, and hope. Hence, every death in the Balkans deserves a full name, every perpetrator deserves punishment, and every citizen deserves the truth and justice. This is the only way to have peace and common future. For this reason I signed this initiative on behalf of the Province\u201d, Pajti\u0107 stated at this occasion.<\/p>\n<p>\u201cI signed this initiative for establishing RECOM with great pleasure because we must not forget what happened and we must not let it happen again. As a member of the Parliament, I will strive to have this initiative as soon as possible on the agenda of the Parliament of Serbia\u201d, <strong>Suzana Grubje\u0161i\u0107<\/strong>, a member of the Presidency of the United Regions of Serbia (URS), after signing for RECOM, together with members of the URS youth network on May 19 at the Republic Square in Belgrade. President of the United Regions of Serbia, <strong>Mla\u0111an Dinki\u0107, <\/strong>also signed the initiative for RECOM.<\/p>\n<p>Among first persons who gave support signatures in early May were MP\u2019s from <strong>LDP<\/strong>. President of the LDP MP\u2019s association, <strong>\u010cedomir Jovanovi\u0107, <\/strong>stated on May 5, that dealing with the past through punishment of responsible individuals, respect of the rights of victims, and work on the prevention of crimes is the only way to lay foundation for a democratic society, which will be able to build up good relations in the region and in the world.<\/p>\n<p>\u201cOnly with a truthful relation towards crimes from the past will we be able to say that we are devoted to the building of the future in which something like this will not happen again. This is the only guarantee that our children will not have to go through the horrors that many generations of our society had to go through\u201d, Jovanovi\u0107 stated.<\/p>\n<p>A member of the Parliament from LDP, <strong>Kenan Hajdarevi\u0107, thinks<\/strong> that it is unbelievable that so many years after the completion of the horrific conflicts on the territory of the former Yugoslavia, we still do not know the exact number of victims.<\/p>\n<p>\u201cWe are facing the denial of judicial facts, perpetrators are presented as heroes, and the rights of victims are very often ignored. I think that it is very important to establish RECOM because of the responsibility towards victims, their families and in order to prevent manipulation of the facts in the future,\u201d Hajdarevi\u0107 stressed.<\/p>\n<p>President of the League of Social Democrats of Vojvodina (LSV), <strong>Nenad \u010canak, <\/strong>called for people to support the establishment of the Commission on May 7 when he signed the initiative for RECOM in the centre of Novi Sad.<\/p>\n<p>\u201cThere are two things without a limit, the truth and repugnance. Our region is contaminated with lies and that is the reason why we need to take a joint action\u201d, \u010canak said.<\/p>\n<p>\u201cI do not know what will be the result of this initiative, but every attempt needs to be supported because every trace of the fight for truth is important; especiallybecause it seems that on the territory of the former Yugoslavia there is a massive attempt to forget \u2013 victims do not want to remember the horrors, and executioners want to run away from their responsibility\u201d, \u010canak stated. He added that there are many things from the past, which need to be resolved, but victims are the priority. A member of the Parliament and the spokesperson for LSV Aleksandra Jerkov also signed the Initiative for RECOM.<\/p>\n<p>President of the Parliament of the Republic of Serbia, <strong>Slavica \u0110uki\u0107 Dejanovi\u0107,<\/strong> had a meeting with representatives of the Coalition for RECOM on May 12 during which she supported the idea of compiling a register of the victims of wars waged on the territory of the former Yugoslavia in the period 1991- 2001 and she stressed that time must not conceal or forget any victim.<\/p>\n<p>\u201cThere will be no reconciliation in the region until families of the dead, kidnapped, and killed obtain satisfaction\u201d, <strong>Oliver Ivanovi\u0107<\/strong>, a state secretary in the Ministry for Kosovo and Metohija stated when giving his support for the establishment of RECOM on May 16.<\/p>\n<p>He does not believe that all perpetrators of crimes will be prosecuted: \u201cThis regional initiative for reconciliation can help to forget the problem that we had in the region during 1990s\u201d, Ivanovi\u0107 said and added that after the reconciliation process begins, then we can think about long-term political stability.<\/p>\n<p>President of the First Working Roundtable of the Pact for Stability of the South East Europe and former Minister of Foreign Affairs of Serbia and Montenegro <strong>Goran Svilanovi\u0107<\/strong> said after giving his support that it would be good \u201cif we all could agree that the ones convicted before ICTY are war criminals\u201d. He added that, according to public reactions to verdicts in war crimes cases, he could conclude that all people defended their \u201cheroes\u201d who were perceived as war criminals by the opposite side.<\/p>\n<p>\u201cThis is the main reason why RECOM should be supported. RECOM gathers victims, who are able to overcome national identities, to offer a hand to each other, and say that it is important for them that their family members are found, that the states need to cooperate on the issue of missing persons and prosecution of individuals responsible for these crimes\u201d, Svilanovi\u0107 said. \u00a0He thinks that victims need to put pressure on politicians in the region to cooperate.<\/p>\n<p>\u201cIt is important for us to finally have information about the number of people who were killed, who those people were, under which circumstances they died, and to establish the responsibility of individuals who committed, organized or incited crimes\u201d, Svilanovi\u0107 concluded<\/p>\n<p><strong>\u017darko Kora\u0107<\/strong>, President of the Social Democratic Union, <strong>Riza Haljimi<\/strong> (Riza Halimi), a member of the Parliament and the President of the Democratic Action Party, <strong>Judita Popovi\u0107<\/strong>, Vice President of the Parliament of Serbia, <strong>Rada Trajkovi\u0107<\/strong>, leader of the United Serb List, mayors of Valjevo, Pan\u010devo, Bujanovac, Subotica, Pre\u0161evo, Sombor, Zaje\u010da, etc, also gave their signatures of support.<\/p>\n","protected":false},"excerpt":{"rendered":"<p>Besides initial support of the President of Serbia, Boris Tadi\u0107, and the President of the Liberal Democratic Party, the Initiative for the establishment of theRegional Commission for Establishing Facts About All Victims of Wars 1991-2001 on the Territory of the Former Yugoslavia (RECOM) also received support from a number of politicians and political parties in Serbia since the beginning of the signatures collection campaign on April 26.<\/p>","protected":false},"author":8,"featured_media":56826,"comment_status":"closed","ping_status":"closed","sticky":false,"template":"","format":"standard","meta":{"_acf_changed":false,"footnotes":""},"categories":[633],"tags":[],"class_list":["post-56825","post","type-post","status-publish","format-standard","has-post-thumbnail","hentry","category-news"],"acf":[],"yoast_head":"<!-- This site is optimized with the Yoast SEO plugin v25.6 - https:\/\/yoast.com\/wordpress\/plugins\/seo\/ -->\n<title>Political Support to RECOM in Serbia - REKOM ~ KOMRA ~ RECOM<\/title>\n<meta name=\"robots\" content=\"index, follow, max-snippet:-1, max-image-preview:large, max-video-preview:-1\" \/>\n<link rel=\"canonical\" href=\"https:\/\/www.recom.link\/en\/political-support-to-recom-in-serbia\/\" \/>\n<meta property=\"og:locale\" content=\"en_US\" \/>\n<meta property=\"og:type\" content=\"article\" \/>\n<meta property=\"og:title\" content=\"Political Support to RECOM in Serbia - REKOM ~ KOMRA ~ RECOM\" \/>\n<meta property=\"og:description\" content=\"Besides initial support of the President of Serbia, Boris Tadi\u0107, and the President of the Liberal Democratic Party, the Initiative for the establishment of theRegional Commission for Establishing Facts About All Victims of Wars 1991-2001 on the Territory of the Former Yugoslavia (RECOM) also received support from a number of politicians and political parties in Serbia since the beginning of the signatures collection campaign on April 26.\" \/>\n<meta property=\"og:url\" content=\"https:\/\/www.recom.link\/en\/political-support-to-recom-in-serbia\/\" \/>\n<meta property=\"og:site_name\" content=\"REKOM ~ KOMRA ~ RECOM\" \/>\n<meta property=\"article:publisher\" content=\"https:\/\/www.facebook.com\/ZaREKOM.PerKOMRA.ForRECOM\/\" \/>\n<meta property=\"article:published_time\" content=\"2011-05-23T00:00:00+00:00\" \/>\n<meta property=\"article:modified_time\" content=\"2015-03-20T14:52:26+00:00\" \/>\n<meta property=\"og:image\" content=\"https:\/\/www.recom.link\/wp-content\/uploads\/2014\/06\/t_skupstina.jpg\" \/>\n\t<meta property=\"og:image:width\" content=\"160\" \/>\n\t<meta property=\"og:image:height\" content=\"120\" \/>\n\t<meta property=\"og:image:type\" content=\"image\/jpeg\" \/>\n<meta name=\"author\" content=\"Recom Editor\" \/>\n<meta name=\"twitter:card\" content=\"summary_large_image\" \/>\n<meta name=\"twitter:creator\" content=\"@REKOM_KOMRA\" \/>\n<meta name=\"twitter:site\" content=\"@REKOM_KOMRA\" \/>\n<meta name=\"twitter:label1\" content=\"Written by\" \/>\n\t<meta name=\"twitter:data1\" content=\"Recom Editor\" \/>\n\t<meta name=\"twitter:label2\" content=\"Est. reading time\" \/>\n\t<meta name=\"twitter:data2\" content=\"6 minutes\" \/>\n<script type=\"application\/ld+json\" class=\"yoast-schema-graph\">{\"@context\":\"https:\/\/schema.org\",\"@graph\":[{\"@type\":\"WebPage\",\"@id\":\"https:\/\/www.recom.link\/en\/political-support-to-recom-in-serbia\/\",\"url\":\"https:\/\/www.recom.link\/en\/political-support-to-recom-in-serbia\/\",\"name\":\"Political Support to RECOM in Serbia - REKOM ~ KOMRA ~ RECOM\",\"isPartOf\":{\"@id\":\"https:\/\/www.recom.link\/en\/#website\"},\"primaryImageOfPage\":{\"@id\":\"https:\/\/www.recom.link\/en\/political-support-to-recom-in-serbia\/#primaryimage\"},\"image\":{\"@id\":\"https:\/\/www.recom.link\/en\/political-support-to-recom-in-serbia\/#primaryimage\"},\"thumbnailUrl\":\"https:\/\/www.recom.link\/wp-content\/uploads\/2014\/06\/t_skupstina.jpg\",\"datePublished\":\"2011-05-23T00:00:00+00:00\",\"dateModified\":\"2015-03-20T14:52:26+00:00\",\"author\":{\"@id\":\"https:\/\/www.recom.link\/en\/#\/schema\/person\/0b0fce47cdf986c8b4194146b69999a3\"},\"breadcrumb\":{\"@id\":\"https:\/\/www.recom.link\/en\/political-support-to-recom-in-serbia\/#breadcrumb\"},\"inLanguage\":\"en-US\",\"potentialAction\":[{\"@type\":\"ReadAction\",\"target\":[\"https:\/\/www.recom.link\/en\/political-support-to-recom-in-serbia\/\"]}]},{\"@type\":\"ImageObject\",\"inLanguage\":\"en-US\",\"@id\":\"https:\/\/www.recom.link\/en\/political-support-to-recom-in-serbia\/#primaryimage\",\"url\":\"https:\/\/www.recom.link\/wp-content\/uploads\/2014\/06\/t_skupstina.jpg\",\"contentUrl\":\"https:\/\/www.recom.link\/wp-content\/uploads\/2014\/06\/t_skupstina.jpg\",\"width\":160,\"height\":120},{\"@type\":\"BreadcrumbList\",\"@id\":\"https:\/\/www.recom.link\/en\/political-support-to-recom-in-serbia\/#breadcrumb\",\"itemListElement\":[{\"@type\":\"ListItem\",\"position\":1,\"name\":\"Home\",\"item\":\"https:\/\/www.recom.link\/en\/\"},{\"@type\":\"ListItem\",\"position\":2,\"name\":\"Political Support to RECOM in Serbia\"}]},{\"@type\":\"WebSite\",\"@id\":\"https:\/\/www.recom.link\/en\/#website\",\"url\":\"https:\/\/www.recom.link\/en\/\",\"name\":\"REKOM ~ KOMRA ~ RECOM\",\"description\":\"\",\"potentialAction\":[{\"@type\":\"SearchAction\",\"target\":{\"@type\":\"EntryPoint\",\"urlTemplate\":\"https:\/\/www.recom.link\/en\/?s={search_term_string}\"},\"query-input\":{\"@type\":\"PropertyValueSpecification\",\"valueRequired\":true,\"valueName\":\"search_term_string\"}}],\"inLanguage\":\"en-US\"},{\"@type\":\"Person\",\"@id\":\"https:\/\/www.recom.link\/en\/#\/schema\/person\/0b0fce47cdf986c8b4194146b69999a3\",\"name\":\"Recom Editor\",\"image\":{\"@type\":\"ImageObject\",\"inLanguage\":\"en-US\",\"@id\":\"https:\/\/www.recom.link\/en\/#\/schema\/person\/image\/\",\"url\":\"https:\/\/secure.gravatar.com\/avatar\/b345ee03975bccfc62280b0fd1ffd916?s=96&d=mm&r=g\",\"contentUrl\":\"https:\/\/secure.gravatar.com\/avatar\/b345ee03975bccfc62280b0fd1ffd916?s=96&d=mm&r=g\",\"caption\":\"Recom Editor\"},\"url\":\"https:\/\/www.recom.link\/en\/author\/jelanag\/\"}]}<\/script>\n<!-- \/ Yoast SEO plugin. -->","yoast_head_json":{"title":"Political Support to RECOM in Serbia - REKOM ~ KOMRA ~ RECOM","robots":{"index":"index","follow":"follow","max-snippet":"max-snippet:-1","max-image-preview":"max-image-preview:large","max-video-preview":"max-video-preview:-1"},"canonical":"https:\/\/www.recom.link\/en\/political-support-to-recom-in-serbia\/","og_locale":"en_US","og_type":"article","og_title":"Political Support to RECOM in Serbia - REKOM ~ KOMRA ~ RECOM","og_description":"Besides initial support of the President of Serbia, Boris Tadi\u0107, and the President of the Liberal Democratic Party, the Initiative for the establishment of theRegional Commission for Establishing Facts About All Victims of Wars 1991-2001 on the Territory of the Former Yugoslavia (RECOM) also received support from a number of politicians and political parties in Serbia since the beginning of the signatures collection campaign on April 26.","og_url":"https:\/\/www.recom.link\/en\/political-support-to-recom-in-serbia\/","og_site_name":"REKOM ~ KOMRA ~ RECOM","article_publisher":"https:\/\/www.facebook.com\/ZaREKOM.PerKOMRA.ForRECOM\/","article_published_time":"2011-05-23T00:00:00+00:00","article_modified_time":"2015-03-20T14:52:26+00:00","og_image":[{"width":160,"height":120,"url":"https:\/\/www.recom.link\/wp-content\/uploads\/2014\/06\/t_skupstina.jpg","type":"image\/jpeg"}],"author":"Recom Editor","twitter_card":"summary_large_image","twitter_creator":"@REKOM_KOMRA","twitter_site":"@REKOM_KOMRA","twitter_misc":{"Written by":"Recom Editor","Est. reading time":"6 minutes"},"schema":{"@context":"https:\/\/schema.org","@graph":[{"@type":"WebPage","@id":"https:\/\/www.recom.link\/en\/political-support-to-recom-in-serbia\/","url":"https:\/\/www.recom.link\/en\/political-support-to-recom-in-serbia\/","name":"Political Support to RECOM in Serbia - REKOM ~ KOMRA ~ RECOM","isPartOf":{"@id":"https:\/\/www.recom.link\/en\/#website"},"primaryImageOfPage":{"@id":"https:\/\/www.recom.link\/en\/political-support-to-recom-in-serbia\/#primaryimage"},"image":{"@id":"https:\/\/www.recom.link\/en\/political-support-to-recom-in-serbia\/#primaryimage"},"thumbnailUrl":"https:\/\/www.recom.link\/wp-content\/uploads\/2014\/06\/t_skupstina.jpg","datePublished":"2011-05-23T00:00:00+00:00","dateModified":"2015-03-20T14:52:26+00:00","author":{"@id":"https:\/\/www.recom.link\/en\/#\/schema\/person\/0b0fce47cdf986c8b4194146b69999a3"},"breadcrumb":{"@id":"https:\/\/www.recom.link\/en\/political-support-to-recom-in-serbia\/#breadcrumb"},"inLanguage":"en-US","potentialAction":[{"@type":"ReadAction","target":["https:\/\/www.recom.link\/en\/political-support-to-recom-in-serbia\/"]}]},{"@type":"ImageObject","inLanguage":"en-US","@id":"https:\/\/www.recom.link\/en\/political-support-to-recom-in-serbia\/#primaryimage","url":"https:\/\/www.recom.link\/wp-content\/uploads\/2014\/06\/t_skupstina.jpg","contentUrl":"https:\/\/www.recom.link\/wp-content\/uploads\/2014\/06\/t_skupstina.jpg","width":160,"height":120},{"@type":"BreadcrumbList","@id":"https:\/\/www.recom.link\/en\/political-support-to-recom-in-serbia\/#breadcrumb","itemListElement":[{"@type":"ListItem","position":1,"name":"Home","item":"https:\/\/www.recom.link\/en\/"},{"@type":"ListItem","position":2,"name":"Political Support to RECOM in Serbia"}]},{"@type":"WebSite","@id":"https:\/\/www.recom.link\/en\/#website","url":"https:\/\/www.recom.link\/en\/","name":"REKOM ~ KOMRA ~ RECOM","description":"","potentialAction":[{"@type":"SearchAction","target":{"@type":"EntryPoint","urlTemplate":"https:\/\/www.recom.link\/en\/?s={search_term_string}"},"query-input":{"@type":"PropertyValueSpecification","valueRequired":true,"valueName":"search_term_string"}}],"inLanguage":"en-US"},{"@type":"Person","@id":"https:\/\/www.recom.link\/en\/#\/schema\/person\/0b0fce47cdf986c8b4194146b69999a3","name":"Recom Editor","image":{"@type":"ImageObject","inLanguage":"en-US","@id":"https:\/\/www.recom.link\/en\/#\/schema\/person\/image\/","url":"https:\/\/secure.gravatar.com\/avatar\/b345ee03975bccfc62280b0fd1ffd916?s=96&d=mm&r=g","contentUrl":"https:\/\/secure.gravatar.com\/avatar\/b345ee03975bccfc62280b0fd1ffd916?s=96&d=mm&r=g","caption":"Recom Editor"},"url":"https:\/\/www.recom.link\/en\/author\/jelanag\/"}]}},"_links":{"self":[{"href":"https:\/\/www.recom.link\/en\/wp-json\/wp\/v2\/posts\/56825"}],"collection":[{"href":"https:\/\/www.recom.link\/en\/wp-json\/wp\/v2\/posts"}],"about":[{"href":"https:\/\/www.recom.link\/en\/wp-json\/wp\/v2\/types\/post"}],"author":[{"embeddable":true,"href":"https:\/\/www.recom.link\/en\/wp-json\/wp\/v2\/users\/8"}],"replies":[{"embeddable":true,"href":"https:\/\/www.recom.link\/en\/wp-json\/wp\/v2\/comments?post=56825"}],"version-history":[{"count":1,"href":"https:\/\/www.recom.link\/en\/wp-json\/wp\/v2\/posts\/56825\/revisions"}],"predecessor-version":[{"id":128697,"href":"https:\/\/www.recom.link\/en\/wp-json\/wp\/v2\/posts\/56825\/revisions\/128697"}],"wp:featuredmedia":[{"embeddable":true,"href":"https:\/\/www.recom.link\/en\/wp-json\/wp\/v2\/media\/56826"}],"wp:attachment":[{"href":"https:\/\/www.recom.link\/en\/wp-json\/wp\/v2\/media?parent=56825"}],"wp:term":[{"taxonomy":"category","embeddable":true,"href":"https:\/\/www.recom.link\/en\/wp-json\/wp\/v2\/categories?post=56825"},{"taxonomy":"post_tag","embeddable":true,"href":"https:\/\/www.recom.link\/en\/wp-json\/wp\/v2\/tags?post=56825"}],"curies":[{"name":"wp","href":"https:\/\/api.w.org\/{rel}","templated":true}]}}