{"id":56653,"date":"2010-07-29T00:00:00","date_gmt":"2010-07-29T00:00:00","guid":{"rendered":"http:\/\/www.recom.link\/consultation-with-religious-communities-2\/"},"modified":"2015-01-20T19:31:42","modified_gmt":"2015-01-20T18:31:42","slug":"consultation-with-religious-communities-2","status":"publish","type":"post","link":"https:\/\/www.recom.link\/en\/consultation-with-religious-communities-2\/","title":{"rendered":"Religious Communities-Prizren, Kosovo-July 29, 2010"},"content":{"rendered":"<h3 data-canvas-width=\"354.1589999999999\">National consultation with religious communities on the RECOM Initiative<\/h3>\n<p>&nbsp;<\/p>\n<p>The consultation in Prizren was organized by the Humanitarian Law Center, Kosovo. The gathering was attended by 46 participants \u2013 representatives of the Islamic Community, the Catholic Church, the Serbian Orthodox Church, and the Protestant-Evangelical Church. The discussion was moderated by Bekim Blakaj (Humanitarian Law Center, Kosovo), and the introductory speeches were given by Veton Mujaj (Syri i Vizionit, Pe\u0107\/Pej\u00eb, Kosovo), Nata\u0161a Kandi\u0107 (Humanitarian Law Center, Belgrade, Serbia), and Ismail Hasani, religious sociologist from Pri\u0161tina\/Prishtin\u00eb. At the beginning of the consultation Ruzhdi Rexha, vice president of the Prizren municipality greeted the participants and expressed his support for the RECOM Initiative. Six media outlets reported from the consultation: RTV Besa, TV Prizren, Koha Ditore, TV Kosova, Radio Kosova, and KTV.<\/p>\n<p><a href=\"http:\/\/www.recom.link\/wp-content\/uploads\/2010\/07\/Opinions-Suggestions-and-Recommendations-.pdf\" target=\"_blank\">Opinions, Suggestions, and Recommendations<\/a><\/p>\n<p><iframe loading=\"lazy\" width=\"420\" height=\"315\" src=\"\/\/www.youtube.com\/embed\/1vQKgk0AGQg?rel=0\" frameborder=\"0\" allowfullscreen><\/iframe><\/p>\n","protected":false},"excerpt":{"rendered":"National consultation with religious communities on the RECOM Initiative &nbsp; The consultation in Prizren was organized by the Humanitarian Law&#8230; ","protected":false},"author":8,"featured_media":0,"comment_status":"closed","ping_status":"closed","sticky":false,"template":"","format":"standard","meta":{"_acf_changed":false,"footnotes":""},"categories":[631],"tags":[1478,1473,1472,1491],"class_list":["post-56653","post","type-post","status-publish","format-standard","hentry","category-consultations","tag-2010-en","tag-kosovo-en","tag-national-consultation","tag-religious-communities"],"acf":[],"yoast_head":"<!-- This site is optimized with the Yoast SEO plugin v25.6 - https:\/\/yoast.com\/wordpress\/plugins\/seo\/ -->\n<title>Religious Communities-Prizren, Kosovo-July 29, 2010 - REKOM ~ KOMRA ~ RECOM<\/title>\n<meta name=\"robots\" content=\"index, follow, max-snippet:-1, max-image-preview:large, max-video-preview:-1\" \/>\n<link rel=\"canonical\" href=\"https:\/\/www.recom.link\/en\/consultation-with-religious-communities-2\/\" \/>\n<meta property=\"og:locale\" content=\"en_US\" \/>\n<meta property=\"og:type\" content=\"article\" \/>\n<meta property=\"og:title\" content=\"Religious Communities-Prizren, Kosovo-July 29, 2010 - REKOM ~ KOMRA ~ RECOM\" \/>\n<meta property=\"og:description\" content=\"National consultation with religious communities on the RECOM Initiative &nbsp; The consultation in Prizren was organized by the Humanitarian Law...\" \/>\n<meta property=\"og:url\" content=\"https:\/\/www.recom.link\/en\/consultation-with-religious-communities-2\/\" \/>\n<meta property=\"og:site_name\" content=\"REKOM ~ KOMRA ~ RECOM\" \/>\n<meta property=\"article:publisher\" content=\"https:\/\/www.facebook.com\/ZaREKOM.PerKOMRA.ForRECOM\/\" \/>\n<meta property=\"article:published_time\" content=\"2010-07-29T00:00:00+00:00\" \/>\n<meta property=\"article:modified_time\" content=\"2015-01-20T18:31:42+00:00\" \/>\n<meta name=\"author\" content=\"Recom Editor\" \/>\n<meta name=\"twitter:card\" content=\"summary_large_image\" \/>\n<meta name=\"twitter:creator\" content=\"@REKOM_KOMRA\" \/>\n<meta name=\"twitter:site\" content=\"@REKOM_KOMRA\" \/>\n<meta name=\"twitter:label1\" content=\"Written by\" \/>\n\t<meta name=\"twitter:data1\" content=\"Recom Editor\" \/>\n\t<meta name=\"twitter:label2\" content=\"Est. reading time\" \/>\n\t<meta name=\"twitter:data2\" content=\"1 minute\" \/>\n<script type=\"application\/ld+json\" class=\"yoast-schema-graph\">{\"@context\":\"https:\/\/schema.org\",\"@graph\":[{\"@type\":\"WebPage\",\"@id\":\"https:\/\/www.recom.link\/en\/consultation-with-religious-communities-2\/\",\"url\":\"https:\/\/www.recom.link\/en\/consultation-with-religious-communities-2\/\",\"name\":\"Religious Communities-Prizren, Kosovo-July 29, 2010 - REKOM ~ KOMRA ~ RECOM\",\"isPartOf\":{\"@id\":\"https:\/\/www.recom.link\/en\/#website\"},\"datePublished\":\"2010-07-29T00:00:00+00:00\",\"dateModified\":\"2015-01-20T18:31:42+00:00\",\"author\":{\"@id\":\"https:\/\/www.recom.link\/en\/#\/schema\/person\/0b0fce47cdf986c8b4194146b69999a3\"},\"breadcrumb\":{\"@id\":\"https:\/\/www.recom.link\/en\/consultation-with-religious-communities-2\/#breadcrumb\"},\"inLanguage\":\"en-US\",\"potentialAction\":[{\"@type\":\"ReadAction\",\"target\":[\"https:\/\/www.recom.link\/en\/consultation-with-religious-communities-2\/\"]}]},{\"@type\":\"BreadcrumbList\",\"@id\":\"https:\/\/www.recom.link\/en\/consultation-with-religious-communities-2\/#breadcrumb\",\"itemListElement\":[{\"@type\":\"ListItem\",\"position\":1,\"name\":\"Home\",\"item\":\"https:\/\/www.recom.link\/en\/\"},{\"@type\":\"ListItem\",\"position\":2,\"name\":\"Religious Communities-Prizren, Kosovo-July 29, 2010\"}]},{\"@type\":\"WebSite\",\"@id\":\"https:\/\/www.recom.link\/en\/#website\",\"url\":\"https:\/\/www.recom.link\/en\/\",\"name\":\"REKOM ~ KOMRA ~ RECOM\",\"description\":\"\",\"potentialAction\":[{\"@type\":\"SearchAction\",\"target\":{\"@type\":\"EntryPoint\",\"urlTemplate\":\"https:\/\/www.recom.link\/en\/?s={search_term_string}\"},\"query-input\":{\"@type\":\"PropertyValueSpecification\",\"valueRequired\":true,\"valueName\":\"search_term_string\"}}],\"inLanguage\":\"en-US\"},{\"@type\":\"Person\",\"@id\":\"https:\/\/www.recom.link\/en\/#\/schema\/person\/0b0fce47cdf986c8b4194146b69999a3\",\"name\":\"Recom Editor\",\"image\":{\"@type\":\"ImageObject\",\"inLanguage\":\"en-US\",\"@id\":\"https:\/\/www.recom.link\/en\/#\/schema\/person\/image\/\",\"url\":\"https:\/\/secure.gravatar.com\/avatar\/b345ee03975bccfc62280b0fd1ffd916?s=96&d=mm&r=g\",\"contentUrl\":\"https:\/\/secure.gravatar.com\/avatar\/b345ee03975bccfc62280b0fd1ffd916?s=96&d=mm&r=g\",\"caption\":\"Recom Editor\"},\"url\":\"https:\/\/www.recom.link\/en\/author\/jelanag\/\"}]}<\/script>\n<!-- \/ Yoast SEO plugin. -->","yoast_head_json":{"title":"Religious Communities-Prizren, Kosovo-July 29, 2010 - REKOM ~ KOMRA ~ RECOM","robots":{"index":"index","follow":"follow","max-snippet":"max-snippet:-1","max-image-preview":"max-image-preview:large","max-video-preview":"max-video-preview:-1"},"canonical":"https:\/\/www.recom.link\/en\/consultation-with-religious-communities-2\/","og_locale":"en_US","og_type":"article","og_title":"Religious Communities-Prizren, Kosovo-July 29, 2010 - REKOM ~ KOMRA ~ RECOM","og_description":"National consultation with religious communities on the RECOM Initiative &nbsp; The consultation in Prizren was organized by the Humanitarian Law...","og_url":"https:\/\/www.recom.link\/en\/consultation-with-religious-communities-2\/","og_site_name":"REKOM ~ KOMRA ~ RECOM","article_publisher":"https:\/\/www.facebook.com\/ZaREKOM.PerKOMRA.ForRECOM\/","article_published_time":"2010-07-29T00:00:00+00:00","article_modified_time":"2015-01-20T18:31:42+00:00","author":"Recom Editor","twitter_card":"summary_large_image","twitter_creator":"@REKOM_KOMRA","twitter_site":"@REKOM_KOMRA","twitter_misc":{"Written by":"Recom Editor","Est. reading time":"1 minute"},"schema":{"@context":"https:\/\/schema.org","@graph":[{"@type":"WebPage","@id":"https:\/\/www.recom.link\/en\/consultation-with-religious-communities-2\/","url":"https:\/\/www.recom.link\/en\/consultation-with-religious-communities-2\/","name":"Religious Communities-Prizren, Kosovo-July 29, 2010 - REKOM ~ KOMRA ~ RECOM","isPartOf":{"@id":"https:\/\/www.recom.link\/en\/#website"},"datePublished":"2010-07-29T00:00:00+00:00","dateModified":"2015-01-20T18:31:42+00:00","author":{"@id":"https:\/\/www.recom.link\/en\/#\/schema\/person\/0b0fce47cdf986c8b4194146b69999a3"},"breadcrumb":{"@id":"https:\/\/www.recom.link\/en\/consultation-with-religious-communities-2\/#breadcrumb"},"inLanguage":"en-US","potentialAction":[{"@type":"ReadAction","target":["https:\/\/www.recom.link\/en\/consultation-with-religious-communities-2\/"]}]},{"@type":"BreadcrumbList","@id":"https:\/\/www.recom.link\/en\/consultation-with-religious-communities-2\/#breadcrumb","itemListElement":[{"@type":"ListItem","position":1,"name":"Home","item":"https:\/\/www.recom.link\/en\/"},{"@type":"ListItem","position":2,"name":"Religious Communities-Prizren, Kosovo-July 29, 2010"}]},{"@type":"WebSite","@id":"https:\/\/www.recom.link\/en\/#website","url":"https:\/\/www.recom.link\/en\/","name":"REKOM ~ KOMRA ~ RECOM","description":"","potentialAction":[{"@type":"SearchAction","target":{"@type":"EntryPoint","urlTemplate":"https:\/\/www.recom.link\/en\/?s={search_term_string}"},"query-input":{"@type":"PropertyValueSpecification","valueRequired":true,"valueName":"search_term_string"}}],"inLanguage":"en-US"},{"@type":"Person","@id":"https:\/\/www.recom.link\/en\/#\/schema\/person\/0b0fce47cdf986c8b4194146b69999a3","name":"Recom Editor","image":{"@type":"ImageObject","inLanguage":"en-US","@id":"https:\/\/www.recom.link\/en\/#\/schema\/person\/image\/","url":"https:\/\/secure.gravatar.com\/avatar\/b345ee03975bccfc62280b0fd1ffd916?s=96&d=mm&r=g","contentUrl":"https:\/\/secure.gravatar.com\/avatar\/b345ee03975bccfc62280b0fd1ffd916?s=96&d=mm&r=g","caption":"Recom Editor"},"url":"https:\/\/www.recom.link\/en\/author\/jelanag\/"}]}},"_links":{"self":[{"href":"https:\/\/www.recom.link\/en\/wp-json\/wp\/v2\/posts\/56653"}],"collection":[{"href":"https:\/\/www.recom.link\/en\/wp-json\/wp\/v2\/posts"}],"about":[{"href":"https:\/\/www.recom.link\/en\/wp-json\/wp\/v2\/types\/post"}],"author":[{"embeddable":true,"href":"https:\/\/www.recom.link\/en\/wp-json\/wp\/v2\/users\/8"}],"replies":[{"embeddable":true,"href":"https:\/\/www.recom.link\/en\/wp-json\/wp\/v2\/comments?post=56653"}],"version-history":[{"count":5,"href":"https:\/\/www.recom.link\/en\/wp-json\/wp\/v2\/posts\/56653\/revisions"}],"predecessor-version":[{"id":121130,"href":"https:\/\/www.recom.link\/en\/wp-json\/wp\/v2\/posts\/56653\/revisions\/121130"}],"wp:attachment":[{"href":"https:\/\/www.recom.link\/en\/wp-json\/wp\/v2\/media?parent=56653"}],"wp:term":[{"taxonomy":"category","embeddable":true,"href":"https:\/\/www.recom.link\/en\/wp-json\/wp\/v2\/categories?post=56653"},{"taxonomy":"post_tag","embeddable":true,"href":"https:\/\/www.recom.link\/en\/wp-json\/wp\/v2\/tags?post=56653"}],"curies":[{"name":"wp","href":"https:\/\/api.w.org\/{rel}","templated":true}]}}