{"id":191614,"date":"2026-09-03T15:29:49","date_gmt":"2026-09-03T14:29:49","guid":{"rendered":"https:\/\/www.recom.link\/?p=191614"},"modified":"2026-09-03T15:29:49","modified_gmt":"2026-09-03T14:29:49","slug":"international-day-of-the-disappeared-in-the-shadow-of-the-death-of-a-man-convicted-of-genocide","status":"publish","type":"post","link":"https:\/\/www.recom.link\/en\/international-day-of-the-disappeared-in-the-shadow-of-the-death-of-a-man-convicted-of-genocide\/","title":{"rendered":"International Day of the Disappeared in the Shadow of the Death of a Man Convicted of Genocide"},"content":{"rendered":"<p>Across the countries of the former Yugoslavia, the International Day of the Disappeared, 30 August 2026, was marked largely as a matter of protocol. Declarations of concern for all missing persons were not accompanied by joint demands, agreements on cooperation, or access to archival records that states treat as a matter of \u201cnational interest\u201d.<\/p>\n<p>&nbsp;<\/p>\n<p>The death of Ratko Mladi\u0107, the wartime commander of the Army of Republika Srpska, dominated the public sphere. Mladi\u0107 was convicted by a final judgment of the genocide of approximately 8,000 Bosniaks in Srebrenica in July 1995; the persecution and forcible transfer of Bosniaks and Croats throughout Bosnia and Herzegovina; the sniping, shelling and terrorisation of civilians during the siege of Sarajevo; and the taking of UN peacekeepers hostage during the 1995 NATO air strikes. <em>(Source: <\/em><a href=\"https:\/\/www.irmct.org\/en\/cases\/mict-13-56\"><em>IRMCT, final judgment in the Mladi\u0107 case<\/em><\/a><em>, 8 June 2021.)<\/em><\/p>\n<p>&nbsp;<\/p>\n<p>In Serbia and Republika Srpska, the authorities pushed the fate of those who went missing in the wars of the 1990s out of public view, replacing it with expressions of gratitude to Ratko Mladi\u0107 for his alleged \u201cdefence of the Serbian people\u201d, accusations that The Hague was responsible for his death, and messages that the state owed him a military funeral and state honours.<\/p>\n<p>&nbsp;<\/p>\n<p>In Serbia, government-controlled media inflamed nationalist sentiment. <em>Informer<\/em> published the headline \u201cRatko Mladi\u0107 Murdered\u201d, claiming that his death was a \u201ccrime following torture in Scheveningen\u201d, while <em>Ve\u010dernje novosti<\/em> ran the headline \u201cThe Hague Killed the Creator of Srpska\u201d. Informer TV announced that \u201cthe Hague Tribunal extinguished the general\u2019s life\u201d. Radio Television of Serbia opened its main news programme with archive footage of Mladi\u0107 in uniform, without mentioning the crimes for which he had been sentenced by a final judgment to life imprisonment. <em>(Source: <\/em><a href=\"https:\/\/www.istinomer.rs\/analize\/provladini-mediji-o-smrti-ratka-mladica-general-ubijen-u-hagu\/\"><em>Istinomer<\/em><\/a><em>, 28 August 2026.)<\/em><\/p>\n<p>A large mural depicting Ratko Mladi\u0107 was painted in the centre of Obrenovac, bearing the message: \u201cI will live as long as our kin and people endure. Even those who refuse will cross themselves.\u201d After it was completed, people gathered in front of the mural, lit flares and set off fireworks in farewell. <em>(Sources: <\/em><a href=\"https:\/\/nsuzivo.rs\/srbija\/ratko-mladic-dobio-mural-u-obrenovcu-zivecu-dok-ima-naseg-plemena-i-naroda-gradjani-se-oprostili-od-generala-uz-njegovu-poznatu-recenicu\/\"><em>NS U\u017eivo<\/em><\/a><em> and <\/em><a href=\"https:\/\/www.glassrpske.com\/lat\/novosti\/srbija\/pogledajte-kako-se-obrenovac-oprostio-od-generala-maldica-video\/650440\"><em>Glas Srpske<\/em><\/a><em>, 1 September 2026.)<\/em><\/p>\n<p>Serbian Minister of Justice Nenad Vuji\u0107 was the first official to respond to the news of Ratko Mladi\u0107\u2019s death. He informed the public that he had sent a team to The Hague to arrange the repatriation of the remains and that Mladi\u0107 would be buried with the highest state and military honours. Milo\u0161 Vu\u010devi\u0107, president of the ruling party, spoke of officers who had \u201cdefended the Serbian people\u201d, while Interior Minister Ivica Da\u010di\u0107 accused the Hague Tribunal of showing its \u201canti-civilisational face\u201d in the cases of Slobodan Milo\u0161evi\u0107 and Ratko Mladi\u0107. Serbian President Aleksandar Vu\u010di\u0107 toned down the justice minister\u2019s announcement of state and military honours by referring to a \u201cdecent and dignified\u201d funeral, to be arranged with the family. At the same time, he accused the Hague Tribunal of having wanted Mladi\u0107 to die in prison and then spoke of \u201cdouble standards\u201d. <em>(Sources: <\/em><a href=\"https:\/\/www.rts.rs\/lat\/vesti\/drustvo\/6028212\/vujic-mladic-ce-biti-sahranjen-uz-najvise-drzavne-i-vojne-pocasti.html\"><em>RTS<\/em><\/a><em>, <\/em><a href=\"https:\/\/rtv.rs\/sr_lat\/politika\/vucevic-general-mladic-ce-ako-porodica-zeli-biti-sahranjen-u-srbiji-kako-dolikuje_1739337.html\"><em>RTV<\/em><\/a><em>, <\/em><a href=\"https:\/\/www.blic.rs\/vesti\/politika\/dacic-u-slucaju-milosevica-i-mladica-haski-tribunal-pokazao-anticivilizacijsko-lice\/nfctw11\"><em>Blic<\/em><\/a><em> and <\/em><a href=\"https:\/\/www.reuters.com\/world\/serbias-vucic-raps-uncivilised-un-court-over-handling-mladic-death-2026-08-28\/\"><em>Reuters<\/em><\/a><em>, 28 August 2026.)<\/em><\/p>\n<p>&nbsp;<\/p>\n<p>In Zvornik, Republika Srpska, a march displaying his photographs and the flags of Serbia and Republika Srpska was organised only hours after Mladi\u0107\u2019s death. Gatherings and religious services in his honour were held across Republika Srpska. In Bratunac, a memorial service was held at the Church of the Dormition of the Most Holy Mother of God and attended by many citizens and members of the local Veterans\u2019 Organisation. A book of condolences was also opened in the Bratunac memorial room, where people recorded messages of gratitude. With the support of the Republika Srpska authorities, veterans\u2019 organisations began collecting the details of people interested in organised travel to the funeral, even though neither the date nor the place of burial had yet been announced. <em>(Source: <\/em><a href=\"https:\/\/www.srna.rs\/novost\/1424663\/sluzen-parastos-i-odata-pocast-generalu-mladicu\"><em>SRNA<\/em><\/a><em>, 28 August 2026.)<\/em><\/p>\n<p>&nbsp;<\/p>\n<p>Unlike in Serbia, the International Day of the Disappeared was more visible in Bosnia and Herzegovina through gatherings of families, exhibitions and media reports. Even there, however, the observance was accompanied by reports about the announced state and military honours for Mladi\u0107 in Serbia and the gatherings held in his honour in Republika Srpska. Representatives of state institutions and associations of families spoke of the need to locate all missing persons, but their specific statements and demands were again directed primarily towards victims from their own national communities.<\/p>\n<p><strong>\u00a0<\/strong><\/p>\n<p><strong>Facts about the Missing<\/strong><\/p>\n<p>&nbsp;<\/p>\n<p>In Bosnia and Herzegovina, 7,588 persons are still missing. The Missing Persons Institute of Bosnia and Herzegovina states that approximately 900 people who disappeared following the fall of Srebrenica remain missing. According to Detektor, the families of ten identified victims have not yet consented to their burial, mainly because only incomplete sets of their remains have been found. DNA identifications exist for another 36 victims, but their families have not completed the formal identification procedure. <em>(Sources: <\/em><a href=\"https:\/\/detektor.ba\/2026\/08\/28\/sve-manje-potencijalnih-svjedoka-i-informacija-bitnih-za-pronalazak-nestalih\/\"><em>Missing Persons Institute of Bosnia and Herzegovina\/Detektor<\/em><\/a><em>, 28 August 2026, and <\/em><a href=\"https:\/\/detektor.ba\/2026\/07\/02\/u-srebrenici-ce-biti-ukopano-deset-zrtava-genocida\/\"><em>Detektor<\/em><\/a><em>, 2 July 2026.)<\/em><\/p>\n<p>&nbsp;<\/p>\n<p>According to official data, 1,725 persons remain missing in Croatia: the fate of 1,341 persons is unknown, while 384 persons are known to have died but their burial sites remain unknown. The Croatian Ministry of Veterans\u2019 Affairs states that the fate of 20 persons was resolved during 2026. They include six persons of Serbian ethnicity whose remains had been exhumed in Vinkovci, Pa\u010detin, Donji Raji\u0107, Petrinja, Dobropoljci and Zadar. <em>(Sources: <\/em><a href=\"https:\/\/branitelji.gov.hr\/vijesti\/u-vukovaru-obiljezen-dan-sjecanja-na-nestale-u-domovinskom-ratu-i-medjunarodni-dan-nestalih-osoba\/5257\"><em>Croatian Ministry of Veterans\u2019 Affairs<\/em><\/a><em>, 30 August 2026; HLC records concerning identified persons of Serbian ethnicity, as of 1 September 2026.)<\/em><\/p>\n<p>According to the records of the <em>Veritas<\/em> association, the fate of 1,462 persons of Serbian ethnicity from Croatia remains unresolved, including 1,053 civilians and 403 women. <em>(Source: <\/em><a href=\"https:\/\/www.veritas.org.rs\/e-veritas-28-08-2026-saopstenje-za-javnost-povodom-medunarodnog-dana-nestalih-30-avgust\/\"><em>Veritas Documentation and Information Centre<\/em><\/a><em>, 28 August 2026.)<\/em><\/p>\n<p>&nbsp;<\/p>\n<p>Approximately 1,600 persons remain missing in connection with the war in Kosovo. <em>(Source: <\/em><a href=\"https:\/\/icmp.int\/news\/progress-in-efforts-to-resolve-missing-persons-cases-from-the-kosovo-conflict\/\"><em>ICMP<\/em><\/a><em>, 27 August 2026.)<\/em> The establishment of the Serbia\u2013Kosovo Joint Commission and its first meeting in January 2026 did not lead to joint operational work. <em>(Source: <\/em><a href=\"https:\/\/www.eeas.europa.eu\/eeas\/statement-eusr-belgrade-pristina-dialogue-occasion-first-trilateral-meeting-joint-commission-missing_en\"><em>EEAS<\/em><\/a><em>, 23 January 2026.)<\/em> There is no public record of joint field verifications or exhumations, reciprocal access to locations and archives, or cases resolved through joint work. Serbia has not initiated the re-examination of any previously exhumed mass grave for which the Kosovo Commission on Missing Persons requested a renewed search. <em>(Sources: HLC review of publicly available information through 1 September 2026; <\/em><a href=\"https:\/\/www.slobodnaevropa.org\/a\/grobnica-novi-pazar-kosovo-nestali-srbija\/33107238.html\"><em>Radio Free Europe<\/em><\/a><em>, 5 September 2024.)<\/em><\/p>\n<p>&nbsp;<\/p>\n<p>The International Commission on Missing Persons (ICMP) reported that, between September 2024 and August 2026, it submitted to the competent commissions 60 new DNA match reports that could lead to new identifications. <em>(Source: <\/em><a href=\"https:\/\/icmp.int\/news\/progress-in-efforts-to-resolve-missing-persons-cases-from-the-kosovo-conflict\/\"><em>ICMP<\/em><\/a><em>, 27 August 2026.)<\/em><\/p>\n<p>&nbsp;<\/p>\n<p>According to the records of the RECOM Reconciliation Network, HLC and HLC Kosovo, the identities of at least 33 missing persons were established between July 2024 and 1 September 2026. They include 31 Albanians and Ru\u017eica \u0160taki\u0107, a Montenegrin woman from \u0110akovica\/Gjakov\u00eb. Their identities were established through DNA analysis carried out by ICMP. The Serbian Government Commission on Missing Persons also reported the identification of one Roma person, but the person\u2019s name, the place and date of exhumation, and the date of identification have not been made public. <em>(Sources: records of the RECOM Reconciliation Network, HLC and HLC Kosovo, as of 1 September 2026; Serbian Government Commission on Missing Persons, statement by Veljko Odalovi\u0107, 28 August 2026.)<\/em><\/p>\n<p><strong>\u00a0<\/strong><\/p>\n<p><strong>Missing Persons Identified in Connection with the War in Kosovo<\/strong><\/p>\n<p><strong>30 July 2024\u20131 September 2026<\/strong><\/p>\n<p><em>(Source: Kosovo Memory Book Database)<\/em><\/p>\n<p><strong>\u00a0<\/strong><\/p>\n<p><strong>Gani (Rifat and Mihane) Baleci<\/strong><\/p>\n<p>&nbsp;<\/p>\n<p>Gani died on 31 March 1999 in a hospital in Pri\u0161tina\/Prishtin\u00eb from injuries sustained when the tractor he was driving overturned. Immediately after the war, the family learned that he had been buried in the cemetery in Mati\u010dane\/Matiqan, but after some time the grave was relocated to a site unknown to the family. His remains were exhumed on 5 October 2023 in Mati\u010dane\/Matiqan. The Institute of Forensic Medicine in Pri\u0161tina\/Prishtin\u00eb issued the death and identification certificate in early July 2024.<\/p>\n<p>Gani was buried on 14 July 2024 in Novo \u010cikatovo\/\u00c7ikatov\u00eb e Re, municipality of Glogovac\/Drenas.<\/p>\n<p><strong>\u00a0<\/strong><\/p>\n<p><strong>Ru\u017eica (Nikola and Milosava) \u0160taki\u0107<\/strong><\/p>\n<p>&nbsp;<\/p>\n<p>Until 8 June 1999, Ru\u017eica worked as a cashier at the Kompresor company in \u0110akovica\/Gjakov\u00eb. Her colleagues last saw her that day. Her remains were exhumed in \u0110akovica\/Gjakov\u00eb, but the precise location is not known. The Institute of Forensic Medicine in Pri\u0161tina\/Prishtin\u00eb issued the death and identification certificate on 16 October 2024.<\/p>\n<p>She was buried on 11 April 2025 in Gnjili Potok near Andrijevica, Montenegro, where her mother is also buried.<\/p>\n<p><strong>\u00a0<\/strong><\/p>\n<p><strong>Feriz (Haxhi and Zoje) Mrasori<\/strong><\/p>\n<p>&nbsp;<\/p>\n<p>Serbian forces executed Feriz and more than 100 other Albanian men on 31 March 1999 in Pusto Selo\/Pastasell\u00eb. His remains were collected and buried by a family from Savrovo\/Savrov\u00eb, who believed that they belonged to a member of their family. Twenty-four years later, the buried remains were exhumed. The autopsy established that the cause of death was a gunshot wound to the right side of the skull. The Institute of Forensic Medicine in Pri\u0161tina\/Prishtin\u00eb issued the death and identification certificate in early December 2024.<\/p>\n<p>Feriz was buried on 18 December 2024 in the war victims\u2019 cemetery in Pusto Selo\/Pastasell\u00eb.<\/p>\n<p><strong>\u00a0<\/strong><\/p>\n<p><strong>Selman (Halit and Halumshahe) Dema<\/strong><\/p>\n<p>&nbsp;<\/p>\n<p>Selman was last seen on 4 May 1999 in the family\u2019s Ilirajana household-appliance shop in Orahovac\/Rahovec. In the presence of Dr Vekoslav Simi\u0107, members of the police of the Republic of Serbia took Selman, his wife and his brother away from the shop. His remains were exhumed on 26 October 2023 in Du\u0161anovo\/Arben\u00eb near Prizren. The autopsy established that the cause of death was a gunshot wound to the head. The Institute of Forensic Medicine in Pri\u0161tina\/Prishtin\u00eb issued the death and identification certificate in early December 2024.<\/p>\n<p>Selman was buried on 21 December 2024 in Orahovac\/Rahovec.<\/p>\n<p><strong>\u00a0<\/strong><\/p>\n<p><strong>Ismail (Hazir and Nazife) Parduzi and Ilmi (Fazli and Xhyl\u00eb) Aliu<\/strong><\/p>\n<p>&nbsp;<\/p>\n<p>They were last seen on 14 April 1999, when officers of the Mitrovica Secretariat of Internal Affairs (SUP) took them from Fahredin Berisha\u2019s house in the southern part of Mitrovica\/Mitrovic\u00eb for an \u201cinformational interview\u201d.<\/p>\n<p>Their remains were exhumed in 2023 from the cemetery in Vidomiri\u0107\/Vidimiriq. The Institute of Forensic Medicine in Pri\u0161tina\/Prishtin\u00eb issued the death and identification certificates for the remains in early October 2024.<\/p>\n<p>Ismail was buried on 26 October 2024 in Vesekovce\/Vesekofc, and Ilmi on 20 December 2024 in Strovce\/Strofc, municipality of Vu\u010ditrn\/Vushtrri.<\/p>\n<p><strong>\u00a0<\/strong><\/p>\n<p><strong>Ramadan (Jonuz and Hilmije) Hoxha, Xhavit (Zymer and Miradije) Maloku, Xheladin (Jetish and Hajrije) Kabashi, Agim (Hysen and Elheme) Syla and Besim (Bajram and Fahrije) Berisha<\/strong><\/p>\n<p>&nbsp;<\/p>\n<p>Members of the Yugoslav Army (VJ) executed Ramadan, Xhavit, Xheladin, Agim and Besim, together with at least 30 other Albanians, on 30 March 1999 beside a concrete wall on the road from Poljance\/Polac towards Srbica\/Skenderaj.<\/p>\n<p>The remains of Ramadan, Xhavit, Agim and Xheladin were exhumed in 2023 from the cemetery near the former ammunition factory in Prekaz. The available information indicates that the autopsy established the cause of Xhavit\u2019s death as a gunshot wound to the pelvic region and the cause of Besim\u2019s death as a gunshot wound to the head, while the cause of Agim\u2019s death was not established. The Institute of Forensic Medicine in Pri\u0161tina\/Prishtin\u00eb issued the death and identification certificates for the remains of Ramadan, Xhavit, Agim and Besim in late September 2024, and for Xheladin in early January 2025.<\/p>\n<p>Ramadan was buried on 1 October 2024 in Domonek\/Domanek. Xhavit was buried the same day in Polu\u017ee\/Poluzh\u00eb, and Agim and Besim in \u0160tutice\/Shtutic\u00eb. Xheladin was buried on 19 January 2025 in the fallen fighters\u2019 cemetery in Poljance\/Polac.<\/p>\n<p><strong>\u00a0<\/strong><\/p>\n<p><strong>Adem (Hazir and Xhev\u00eb) Gashi, Osman (Kadri and Nefise) Fejza, Sheremet (Brahim and Zoje) Ismajli, Bekim (Hashim and Aze) Hasani, Bekim (Muharrem and Zyhra) Gashi, Mentor (Xhemail and Shukrije) Myrtaj, Vehbi (Pajazit and Fetije) Halilaj, Mentor (Maliq and Ganimete) Kryeziu, Sahit (Ahmet and Xhemile) Gashi, Sabedin (Kadri and Nafije) Kryeziu and Shk\u00eblzen (Rifat and Dinore) Hajdaraj<\/strong><\/p>\n<p>&nbsp;<\/p>\n<p>They were last seen on 2 April 1999 in Kraljan\/Kralan, among a group of 95 young men detained by members of the Yugoslav Army while their families were forced to leave for Albania. After the war, in September 2001, the remains of 19 men were discovered in a mass grave beside Lake Peru\u0107ac in Serbia, while the remains of 16 men were found in cemeteries in \u0110akovica\/Gjakov\u00eb and Kraljan\/Kralan. Their remains were exhumed on 19 October 2023 in Bistra\u017ein\/Bistrazhin. The autopsy did not establish a specific cause of death. The Institute of Forensic Medicine in Pri\u0161tina\/Prishtin\u00eb issued the death and identification certificates for the remains on 14 February 2025.<\/p>\n<p>Adem Gashi, Osman Fejza, Sheremet Ismajli, Bekim Hasani, Sahit Gashi, Bekim Gashi and Shk\u00eblzen Hajdaraj were buried on 4 April 2025 in the Crveni breg\/Kodra e Kuqe war victims\u2019 cemetery in Grabanica\/Grabanic\u00eb. Mentor Myrtaj was buried the same day in Jo\u0161anica\/Jashanic\u00eb, Mentor Kryeziu in Bobovac\/Bubavec, and Vehbi Halilaj in Lap\u010devo\/Llapqev\u00eb. Sabedin Kryeziu was buried on 21 March 2025 in Mle\u010dan\/Mleqan.<\/p>\n<p><strong>\u00a0<\/strong><\/p>\n<p><strong>Elhami (Qamili and Habibe) Tahiraga<\/strong><\/p>\n<p>Elhami was killed on 18 July 1998 near the petrol station at the entrance to Orahovac\/Rahovec. His body remained in the car at which members of Serbian forces had fired. The remains were exhumed on 9 September 2003 in Orahovac\/Rahovec. The autopsy did not establish a specific cause of death. The Institute of Forensic Medicine in Pri\u0161tina\/Prishtin\u00eb issued the death and identification certificate on 18 February 2025.<\/p>\n<p>He was buried on 25 April 2025 in Orahovac\/Rahovec.<\/p>\n<p><strong>\u00a0<\/strong><\/p>\n<p><strong>Xhemali (Bajram and Sabrije) Kabashi<\/strong><\/p>\n<p>&nbsp;<\/p>\n<p>The remains were exhumed on two separate occasions, on 27 July 2000 and 29 October 2024, from the cemetery in Sopine\/Sopij\u00eb, municipality of Suva Reka\/Suharek\u00eb. The autopsy established that the cause of death was a gunshot wound to the abdomen. The Institute of Forensic Medicine in Pri\u0161tina\/Prishtin\u00eb issued the death and identification certificate on 3 November 2025.<\/p>\n<p>He was buried on 16 November 2025 in the cemetery in Sopine\/Sopij\u00eb.<\/p>\n<p><strong>\u00a0<\/strong><\/p>\n<p><strong>Rasim (Mehmet and Rukije) Koci<\/strong><\/p>\n<p>&nbsp;<\/p>\n<p>Rasim was last seen by his relative Hysen Shoshi on 3 April 1999 in Skivjane\/Skivjan, when Rasim stopped at his house on the way to Ramoc. He was soaked from the rain. He stayed for four hours, until his clothes had dried. Hysen gave him a bicycle and Rasim set off towards Ramoc, but never arrived. His remains were exhumed on 17 October 2003 near the Drim\/Drin River in Mala Kru\u0161a\/Krush\u00eb e Vog\u00ebl, municipality of Prizren. The autopsy did not establish the cause of death. The Institute of Forensic Medicine in Pri\u0161tina\/Prishtin\u00eb issued the death and identification certificate on 22 January 2026.<\/p>\n<p>He was buried on 31 January 2026 in the war victims\u2019 cemetery in the \u010cabrat\/\u00c7abrat neighbourhood of \u0110akovica\/Gjakov\u00eb.<\/p>\n<p><strong>\u00a0<\/strong><\/p>\n<p><strong>Agron (Sdari and Zejnepe) Gjocaj<\/strong><\/p>\n<p>&nbsp;<\/p>\n<p>Agron was last seen on 16 August 1998, when he entered a minefield on Mount Bogi\u0107evica\/Bogi\u00e7evica as part of a group of KLA members. His remains were exhumed on 28 June 2025 in the cemetery in \u0110akovica\/Gjakov\u00eb. The cause of death was not established. The Institute of Forensic Medicine in Pri\u0161tina\/Prishtin\u00eb issued the death and identification certificate on 4 February 2026.<\/p>\n<p>He was buried on 21 February 2026 in the Memorial Complex for Fallen Fighters in Babalo\u0107\/Baballoq, municipality of De\u010dane\/De\u00e7an.<\/p>\n<p><strong>\u00a0<\/strong><\/p>\n<p><strong>Masar (Ymer and Zoj\u00eb) Dushi, Bali (Pajazit and Sofije) Gashi and Fadil (Shaban and Hamide) Elezaj<\/strong><\/p>\n<p>&nbsp;<\/p>\n<p>They were last seen on 4 April 1999 in Kraljan\/Kralan, among a group of 95 young Albanian civilians detained by Serbian forces while their families were sent towards Albania. Their remains were exhumed on 19 October 2023 in Bistra\u017ein\/Bistrazhin. The cause of death was not established. The Institute of Forensic Medicine in Pri\u0161tina\/Prishtin\u00eb issued the death and identification certificates for the remains on 4 February 2026.<\/p>\n<p>They were buried on 27 February 2026 in the Crveni breg\/Kodra e Kuqe fallen fighters\u2019 cemetery in Grabanica\/Grabanic\u00eb.<\/p>\n<p><strong>\u00a0<\/strong><\/p>\n<p><strong>Myrteza (Skender and Dudije) Dylhasi<\/strong><\/p>\n<p>At around noon on 27 March 1999, Myrteza, his father Skender, Manduha Jetishi and her two sons, Fatos and Shpend, were in the home of their neighbour Halim Qerkezi in \u0110akovica\/Gjakov\u00eb when three masked police officers arrived. They took Halim and his four sons from the house, along with their relatives Vegim and Shpetim, Skender and Myrteza, and Manduha\u2019s sons Fatos and Shpend.<\/p>\n<p>Myrteza\u2019s remains were exhumed in \u0110onaj\/Gjonaj, near the Drim\/Drin River. The remains of Myrteza\u2019s father Skender, Halim and his sons Armend and Ardian, as well as Shpetim and Shpend, have still not been identified.<\/p>\n<p>Myrteza was buried on 6 March 2026 in the cemetery of the \u010cabrat\/\u00c7abrat Memorial Complex in \u0110akovica\/Gjakov\u00eb.<\/p>\n<p><strong>\u00a0<\/strong><\/p>\n<p><strong>Sinan (Fadil and Lumnie) Dauti<\/strong><\/p>\n<p>&nbsp;<\/p>\n<p>Nine-year-old Sinan was seriously wounded when Serbian forces shelled Gornje Prekaze\/Prekaz i Ep\u00ebrm, municipality of Srbica\/Skenderaj, on 12 April 1999. He died of his injuries in the hospital in Kosovska Mitrovica\/Mitrovic\u00eb. His remains were exhumed on 27 November 2024 from the cemetery in Suvi Do\/Suhodoll, municipality of Mitrovica\/Mitrovic\u00eb.<\/p>\n<p>The Institute of Forensic Medicine in Pri\u0161tina\/Prishtin\u00eb issued the death and identification certificate for the remains on 14 April 2026. He was buried on 18 April 2026 in the cemetery in Gornje Prekaze\/Prekaz i Ep\u00ebrm.<\/p>\n<p><strong>\u00a0<\/strong><\/p>\n<p><strong>Hajdar (Sali and Ajshe) Pepaj<\/strong><\/p>\n<p>&nbsp;<\/p>\n<p>Hajdar was killed on 22 May 1999 in Dubrava Prison near Istok, when members of a Special Police unit of the Serbian Ministry of the Interior killed more than 60 Albanian prisoners. At the prisoners\u2019 cemetery, Hajdar\u2019s wife recognised his clothes among the displayed clothing of prisoners who had been buried, but his body was not in the grave bearing the same number as the clothes.<\/p>\n<p>Hajdar\u2019s remains were exhumed on 11 July 2025 in Pustenik\/Pusat e Nik\u00ebs, municipality of \u0110eneral Jankovi\u0107\/Hani i Elezit. The autopsy established that the cause of death was a firearm injury to the shoulder. The Institute of Forensic Medicine in Pri\u0161tina\/Prishtin\u00eb issued the death and identification certificate on 20 June 2026.<\/p>\n<p>He was buried on 21 June 2026 in the cemetery in Kodralije\/Kodrali.<\/p>\n<p><strong>\u00a0<\/strong><\/p>\n<p><strong>Exhumations in the Municipality of Zubin Potok<\/strong><\/p>\n<p>&nbsp;<\/p>\n<p>In August 2026, the remains of at least 23 persons were exhumed in the villages of Kaludra\/Kallud\u00ebr and Jabuka\/Jabuk\u00eb. There are strong indications that the remains belong to Albanian civilians who left Kosovska Mitrovica\/Mitrovic\u00eb on 19 April 1999, seeking refuge in Montenegro. It took more than two decades to verify the information about this grave, even though the Serbian Ministry of the Interior, UNMIK and the Kosovo Police possessed information about the crime and the possible burial site. <em>(Sources: <\/em><a href=\"https:\/\/kryeministri.rks-gov.net\/en\/news\/prezantohet-raporti-permbledhes-i-komisionit-qeveritar-per-persona-te-zhdukur-per-germimet-ne-komunen-e-zubin-potokut\/\"><em>Kosovo Government Commission on Missing Persons<\/em><\/a><em>, 24 August 2026; HLC Archives.)<\/em><\/p>\n<p><strong>\u00a0<\/strong><\/p>\n<p><strong>Conclusion<\/strong><\/p>\n<p>&nbsp;<\/p>\n<p>This year\u2019s observance of the International Day of the Disappeared again showed that missing persons in the countries of the former Yugoslavia continue to be divided along national lines. Politicians and representatives of family associations speak of every family\u2019s right to the truth, yet in practice they address only \u201ctheir own\u201d victims and assign responsibility for the impasse solely to the other side.<\/p>\n<p>In Serbia, the International Day of the Disappeared was displaced by the public glorification of Ratko Mladi\u0107, convicted by a final judgment of genocide and other war crimes. This is not merely a falsification of the past, but the dehumanisation of the victims of crimes in Bosnia and Herzegovina: their names and fates, and the suffering of their families, were removed from the public sphere so that its centre could be occupied by a man convicted of genocide, murder, persecution and terrorising civilians, who evaded justice for 16 years.<\/p>\n<p>&nbsp;<\/p>\n<p>The Serbia\u2013Kosovo Joint Commission has produced no operational results: no joint field verification has been carried out, reciprocal access to archives and locations has not been established, and Serbia has not begun the renewed search of previously exhumed mass graves requested by the Kosovo commission. A commission that does not lead to the exchange of information and the recovery of remains does not constitute cooperation; it merely simulates it.<\/p>\n<p>&nbsp;<\/p>\n<p>The right to the truth has no nationality. When the state publicly celebrates a man convicted of genocide and institutions guard archives and information as national possessions, the missing are denied visibility, victims are denied human dignity, and their families are denied answers.<\/p>\n<p>&nbsp;<\/p>\n<p>Nata\u0161a Kandi\u0107<\/p>\n<p>RECOM Reconciliation Network, HLC and HLC Kosovo<\/p>\n","protected":false},"excerpt":{"rendered":"Across the countries of the former Yugoslavia, the International Day of the Disappeared, 30 August 2026, was marked largely as&#8230; ","protected":false},"author":119,"featured_media":191444,"comment_status":"closed","ping_status":"open","sticky":false,"template":"","format":"standard","meta":{"_acf_changed":false,"footnotes":""},"categories":[2651,633],"tags":[],"class_list":["post-191614","post","type-post","status-publish","format-standard","has-post-thumbnail","hentry","category-frontpage","category-news"],"acf":[],"yoast_head":"<!-- This site is optimized with the Yoast SEO plugin v25.6 - https:\/\/yoast.com\/wordpress\/plugins\/seo\/ -->\n<title>International Day of the Disappeared in the Shadow of the Death of a Man Convicted of Genocide - REKOM ~ KOMRA ~ RECOM<\/title>\n<meta name=\"robots\" content=\"index, follow, max-snippet:-1, max-image-preview:large, max-video-preview:-1\" \/>\n<link rel=\"canonical\" href=\"https:\/\/www.recom.link\/en\/international-day-of-the-disappeared-in-the-shadow-of-the-death-of-a-man-convicted-of-genocide\/\" \/>\n<meta property=\"og:locale\" content=\"en_US\" \/>\n<meta property=\"og:type\" content=\"article\" \/>\n<meta property=\"og:title\" content=\"International Day of the Disappeared in the Shadow of the Death of a Man Convicted of Genocide - REKOM ~ KOMRA ~ RECOM\" \/>\n<meta property=\"og:description\" content=\"Across the countries of the former Yugoslavia, the International Day of the Disappeared, 30 August 2026, was marked largely as...\" \/>\n<meta property=\"og:url\" content=\"https:\/\/www.recom.link\/en\/international-day-of-the-disappeared-in-the-shadow-of-the-death-of-a-man-convicted-of-genocide\/\" \/>\n<meta property=\"og:site_name\" content=\"REKOM ~ KOMRA ~ RECOM\" \/>\n<meta property=\"article:publisher\" content=\"https:\/\/www.facebook.com\/ZaREKOM.PerKOMRA.ForRECOM\/\" \/>\n<meta property=\"article:published_time\" content=\"2026-09-03T14:29:49+00:00\" \/>\n<meta property=\"og:image\" content=\"https:\/\/www.recom.link\/wp-content\/uploads\/2025\/08\/recom-recom.link-slide.jpg\" \/>\n\t<meta property=\"og:image:width\" content=\"1280\" \/>\n\t<meta property=\"og:image:height\" content=\"960\" \/>\n\t<meta property=\"og:image:type\" content=\"image\/jpeg\" \/>\n<meta name=\"author\" content=\"HLC Administrator\" \/>\n<meta name=\"twitter:card\" content=\"summary_large_image\" \/>\n<meta name=\"twitter:creator\" content=\"@REKOM_KOMRA\" \/>\n<meta name=\"twitter:site\" content=\"@REKOM_KOMRA\" \/>\n<meta name=\"twitter:label1\" content=\"Written by\" \/>\n\t<meta name=\"twitter:data1\" content=\"HLC Administrator\" \/>\n\t<meta name=\"twitter:label2\" content=\"Est. reading time\" \/>\n\t<meta name=\"twitter:data2\" content=\"15 minutes\" \/>\n<script type=\"application\/ld+json\" class=\"yoast-schema-graph\">{\"@context\":\"https:\/\/schema.org\",\"@graph\":[{\"@type\":\"WebPage\",\"@id\":\"https:\/\/www.recom.link\/en\/international-day-of-the-disappeared-in-the-shadow-of-the-death-of-a-man-convicted-of-genocide\/\",\"url\":\"https:\/\/www.recom.link\/en\/international-day-of-the-disappeared-in-the-shadow-of-the-death-of-a-man-convicted-of-genocide\/\",\"name\":\"International Day of the Disappeared in the Shadow of the Death of a Man Convicted of Genocide - REKOM ~ KOMRA ~ RECOM\",\"isPartOf\":{\"@id\":\"https:\/\/www.recom.link\/en\/#website\"},\"primaryImageOfPage\":{\"@id\":\"https:\/\/www.recom.link\/en\/international-day-of-the-disappeared-in-the-shadow-of-the-death-of-a-man-convicted-of-genocide\/#primaryimage\"},\"image\":{\"@id\":\"https:\/\/www.recom.link\/en\/international-day-of-the-disappeared-in-the-shadow-of-the-death-of-a-man-convicted-of-genocide\/#primaryimage\"},\"thumbnailUrl\":\"https:\/\/www.recom.link\/wp-content\/uploads\/2025\/08\/recom-recom.link-slide.jpg\",\"datePublished\":\"2026-09-03T14:29:49+00:00\",\"author\":{\"@id\":\"https:\/\/www.recom.link\/en\/#\/schema\/person\/50c4297d8319599d2f438cb549eeb7b6\"},\"breadcrumb\":{\"@id\":\"https:\/\/www.recom.link\/en\/international-day-of-the-disappeared-in-the-shadow-of-the-death-of-a-man-convicted-of-genocide\/#breadcrumb\"},\"inLanguage\":\"en-US\",\"potentialAction\":[{\"@type\":\"ReadAction\",\"target\":[\"https:\/\/www.recom.link\/en\/international-day-of-the-disappeared-in-the-shadow-of-the-death-of-a-man-convicted-of-genocide\/\"]}]},{\"@type\":\"ImageObject\",\"inLanguage\":\"en-US\",\"@id\":\"https:\/\/www.recom.link\/en\/international-day-of-the-disappeared-in-the-shadow-of-the-death-of-a-man-convicted-of-genocide\/#primaryimage\",\"url\":\"https:\/\/www.recom.link\/wp-content\/uploads\/2025\/08\/recom-recom.link-slide.jpg\",\"contentUrl\":\"https:\/\/www.recom.link\/wp-content\/uploads\/2025\/08\/recom-recom.link-slide.jpg\",\"width\":1280,\"height\":960},{\"@type\":\"BreadcrumbList\",\"@id\":\"https:\/\/www.recom.link\/en\/international-day-of-the-disappeared-in-the-shadow-of-the-death-of-a-man-convicted-of-genocide\/#breadcrumb\",\"itemListElement\":[{\"@type\":\"ListItem\",\"position\":1,\"name\":\"Home\",\"item\":\"https:\/\/www.recom.link\/en\/\"},{\"@type\":\"ListItem\",\"position\":2,\"name\":\"International Day of the Disappeared in the Shadow of the Death of a Man Convicted of Genocide\"}]},{\"@type\":\"WebSite\",\"@id\":\"https:\/\/www.recom.link\/en\/#website\",\"url\":\"https:\/\/www.recom.link\/en\/\",\"name\":\"REKOM ~ KOMRA ~ RECOM\",\"description\":\"\",\"potentialAction\":[{\"@type\":\"SearchAction\",\"target\":{\"@type\":\"EntryPoint\",\"urlTemplate\":\"https:\/\/www.recom.link\/en\/?s={search_term_string}\"},\"query-input\":{\"@type\":\"PropertyValueSpecification\",\"valueRequired\":true,\"valueName\":\"search_term_string\"}}],\"inLanguage\":\"en-US\"},{\"@type\":\"Person\",\"@id\":\"https:\/\/www.recom.link\/en\/#\/schema\/person\/50c4297d8319599d2f438cb549eeb7b6\",\"name\":\"HLC Administrator\",\"image\":{\"@type\":\"ImageObject\",\"inLanguage\":\"en-US\",\"@id\":\"https:\/\/www.recom.link\/en\/#\/schema\/person\/image\/\",\"url\":\"https:\/\/secure.gravatar.com\/avatar\/bc1b075d137bf993746277fd93f94367?s=96&d=mm&r=g\",\"contentUrl\":\"https:\/\/secure.gravatar.com\/avatar\/bc1b075d137bf993746277fd93f94367?s=96&d=mm&r=g\",\"caption\":\"HLC Administrator\"},\"url\":\"https:\/\/www.recom.link\/en\/author\/hlcadmin\/\"}]}<\/script>\n<!-- \/ Yoast SEO plugin. -->","yoast_head_json":{"title":"International Day of the Disappeared in the Shadow of the Death of a Man Convicted of Genocide - REKOM ~ KOMRA ~ RECOM","robots":{"index":"index","follow":"follow","max-snippet":"max-snippet:-1","max-image-preview":"max-image-preview:large","max-video-preview":"max-video-preview:-1"},"canonical":"https:\/\/www.recom.link\/en\/international-day-of-the-disappeared-in-the-shadow-of-the-death-of-a-man-convicted-of-genocide\/","og_locale":"en_US","og_type":"article","og_title":"International Day of the Disappeared in the Shadow of the Death of a Man Convicted of Genocide - REKOM ~ KOMRA ~ RECOM","og_description":"Across the countries of the former Yugoslavia, the International Day of the Disappeared, 30 August 2026, was marked largely as...","og_url":"https:\/\/www.recom.link\/en\/international-day-of-the-disappeared-in-the-shadow-of-the-death-of-a-man-convicted-of-genocide\/","og_site_name":"REKOM ~ KOMRA ~ RECOM","article_publisher":"https:\/\/www.facebook.com\/ZaREKOM.PerKOMRA.ForRECOM\/","article_published_time":"2026-09-03T14:29:49+00:00","og_image":[{"width":1280,"height":960,"url":"https:\/\/www.recom.link\/wp-content\/uploads\/2025\/08\/recom-recom.link-slide.jpg","type":"image\/jpeg"}],"author":"HLC Administrator","twitter_card":"summary_large_image","twitter_creator":"@REKOM_KOMRA","twitter_site":"@REKOM_KOMRA","twitter_misc":{"Written by":"HLC Administrator","Est. reading time":"15 minutes"},"schema":{"@context":"https:\/\/schema.org","@graph":[{"@type":"WebPage","@id":"https:\/\/www.recom.link\/en\/international-day-of-the-disappeared-in-the-shadow-of-the-death-of-a-man-convicted-of-genocide\/","url":"https:\/\/www.recom.link\/en\/international-day-of-the-disappeared-in-the-shadow-of-the-death-of-a-man-convicted-of-genocide\/","name":"International Day of the Disappeared in the Shadow of the Death of a Man Convicted of Genocide - REKOM ~ KOMRA ~ RECOM","isPartOf":{"@id":"https:\/\/www.recom.link\/en\/#website"},"primaryImageOfPage":{"@id":"https:\/\/www.recom.link\/en\/international-day-of-the-disappeared-in-the-shadow-of-the-death-of-a-man-convicted-of-genocide\/#primaryimage"},"image":{"@id":"https:\/\/www.recom.link\/en\/international-day-of-the-disappeared-in-the-shadow-of-the-death-of-a-man-convicted-of-genocide\/#primaryimage"},"thumbnailUrl":"https:\/\/www.recom.link\/wp-content\/uploads\/2025\/08\/recom-recom.link-slide.jpg","datePublished":"2026-09-03T14:29:49+00:00","author":{"@id":"https:\/\/www.recom.link\/en\/#\/schema\/person\/50c4297d8319599d2f438cb549eeb7b6"},"breadcrumb":{"@id":"https:\/\/www.recom.link\/en\/international-day-of-the-disappeared-in-the-shadow-of-the-death-of-a-man-convicted-of-genocide\/#breadcrumb"},"inLanguage":"en-US","potentialAction":[{"@type":"ReadAction","target":["https:\/\/www.recom.link\/en\/international-day-of-the-disappeared-in-the-shadow-of-the-death-of-a-man-convicted-of-genocide\/"]}]},{"@type":"ImageObject","inLanguage":"en-US","@id":"https:\/\/www.recom.link\/en\/international-day-of-the-disappeared-in-the-shadow-of-the-death-of-a-man-convicted-of-genocide\/#primaryimage","url":"https:\/\/www.recom.link\/wp-content\/uploads\/2025\/08\/recom-recom.link-slide.jpg","contentUrl":"https:\/\/www.recom.link\/wp-content\/uploads\/2025\/08\/recom-recom.link-slide.jpg","width":1280,"height":960},{"@type":"BreadcrumbList","@id":"https:\/\/www.recom.link\/en\/international-day-of-the-disappeared-in-the-shadow-of-the-death-of-a-man-convicted-of-genocide\/#breadcrumb","itemListElement":[{"@type":"ListItem","position":1,"name":"Home","item":"https:\/\/www.recom.link\/en\/"},{"@type":"ListItem","position":2,"name":"International Day of the Disappeared in the Shadow of the Death of a Man Convicted of Genocide"}]},{"@type":"WebSite","@id":"https:\/\/www.recom.link\/en\/#website","url":"https:\/\/www.recom.link\/en\/","name":"REKOM ~ KOMRA ~ RECOM","description":"","potentialAction":[{"@type":"SearchAction","target":{"@type":"EntryPoint","urlTemplate":"https:\/\/www.recom.link\/en\/?s={search_term_string}"},"query-input":{"@type":"PropertyValueSpecification","valueRequired":true,"valueName":"search_term_string"}}],"inLanguage":"en-US"},{"@type":"Person","@id":"https:\/\/www.recom.link\/en\/#\/schema\/person\/50c4297d8319599d2f438cb549eeb7b6","name":"HLC Administrator","image":{"@type":"ImageObject","inLanguage":"en-US","@id":"https:\/\/www.recom.link\/en\/#\/schema\/person\/image\/","url":"https:\/\/secure.gravatar.com\/avatar\/bc1b075d137bf993746277fd93f94367?s=96&d=mm&r=g","contentUrl":"https:\/\/secure.gravatar.com\/avatar\/bc1b075d137bf993746277fd93f94367?s=96&d=mm&r=g","caption":"HLC Administrator"},"url":"https:\/\/www.recom.link\/en\/author\/hlcadmin\/"}]}},"_links":{"self":[{"href":"https:\/\/www.recom.link\/en\/wp-json\/wp\/v2\/posts\/191614"}],"collection":[{"href":"https:\/\/www.recom.link\/en\/wp-json\/wp\/v2\/posts"}],"about":[{"href":"https:\/\/www.recom.link\/en\/wp-json\/wp\/v2\/types\/post"}],"author":[{"embeddable":true,"href":"https:\/\/www.recom.link\/en\/wp-json\/wp\/v2\/users\/119"}],"replies":[{"embeddable":true,"href":"https:\/\/www.recom.link\/en\/wp-json\/wp\/v2\/comments?post=191614"}],"version-history":[{"count":1,"href":"https:\/\/www.recom.link\/en\/wp-json\/wp\/v2\/posts\/191614\/revisions"}],"predecessor-version":[{"id":191615,"href":"https:\/\/www.recom.link\/en\/wp-json\/wp\/v2\/posts\/191614\/revisions\/191615"}],"wp:featuredmedia":[{"embeddable":true,"href":"https:\/\/www.recom.link\/en\/wp-json\/wp\/v2\/media\/191444"}],"wp:attachment":[{"href":"https:\/\/www.recom.link\/en\/wp-json\/wp\/v2\/media?parent=191614"}],"wp:term":[{"taxonomy":"category","embeddable":true,"href":"https:\/\/www.recom.link\/en\/wp-json\/wp\/v2\/categories?post=191614"},{"taxonomy":"post_tag","embeddable":true,"href":"https:\/\/www.recom.link\/en\/wp-json\/wp\/v2\/tags?post=191614"}],"curies":[{"name":"wp","href":"https:\/\/api.w.org\/{rel}","templated":true}]}}