{"id":186083,"date":"2020-12-20T09:59:37","date_gmt":"2020-12-20T08:59:37","guid":{"rendered":"https:\/\/www.recom.link\/?p=186083"},"modified":"2020-12-19T21:34:37","modified_gmt":"2020-12-19T20:34:37","slug":"xiii-forum-for-transitional-justice","status":"publish","type":"post","link":"https:\/\/www.recom.link\/en\/xiii-forum-for-transitional-justice\/","title":{"rendered":"Nata\u0161a Kandi\u0107: The Civil Society Organisations Gathered Around the RECOM Reconciliation Network Are Not Giving Up"},"content":{"rendered":"<p><strong>Nata\u0161a Kandi\u0107, ahead of the\u00a0XIII Forum for Transitional Justice in post-Yugoslav Countries<\/strong><\/p>\n<p>This year\u2019s forum does not offer the allure of travelling to different parts of the former Yugoslavia, of greetings with the question \u201cHave you found him?\u201d, and \u010ceda Mari\u0107 replying with a radiant smile, \u201cI\u2019ve been very fortunate \u2013 we\u2019ve found him!\u201d, the vivid memory of how in 2006 the victims\u2019 families of the victims sat in \u201cethnic groups\u201d, and of the changes expressed by Gordana \u0110iki\u0107 in 2011, with the words, \u201cThank you all. I\u2019ve learned how to listen, to understand other people\u2019s pain.\u201d<\/p>\n<p>In a situation when we cannot organize live debates, on account of the pandemic, we still cannot accept the new practice that politics, regional cooperation, the media, and the public have no space for the issue of the heavy burden of the heritage of our recent past. It is devastating that all the post-Yugoslav countries, with the exception of Montenegro, have given up on the Regional List of the victims of the 1990s wars &#8211; some because of new priorities, some because they recognise only national verification of victims, some out of fear that such a list would affect the existing \u2018national truth about the past\u2019, and some because they don\u2019t accept that \u201cthe rulings in The Hague determine the status of the victims and be the source of reconciliation.\u201d However, the civil society organisations gathered around the RECOM Reconciliation Network are not giving up. They continue to oversee the process of transitional justice, and to contribute directly to reconciliation and the development of a remembrance culture, by documenting the individual victims, and comparing facts about human losses, the imprisonment of civilians, the torture of prisoners of war and civilian detainees, and the circumstances of abductions, illegal detentions, disappearances and concealment of mortal remains, based on the facts, personal experiences and plurality opinions.<\/p>\n<p>&nbsp;<\/p>\n<p><strong>XIII Forum for Transitional Justice<\/strong><\/p>\n<p>&nbsp;<\/p>\n<figure id=\"attachment_186084\" aria-describedby=\"caption-attachment-186084\" style=\"width: 646px\" class=\"wp-caption aligncenter\"><a href=\"https:\/\/www.recom.link\/wp-content\/uploads\/2020\/12\/AGENDA-ENG.jpg\"><img loading=\"lazy\" decoding=\"async\" class=\"wp-image-186084 \" src=\"https:\/\/www.recom.link\/wp-content\/uploads\/2020\/12\/AGENDA-ENG.jpg\" alt=\"XIII Forum For Transitional Justice Agenda\" width=\"646\" height=\"808\" srcset=\"https:\/\/www.recom.link\/wp-content\/uploads\/2020\/12\/AGENDA-ENG.jpg 1080w, https:\/\/www.recom.link\/wp-content\/uploads\/2020\/12\/AGENDA-ENG-240x300.jpg 240w, https:\/\/www.recom.link\/wp-content\/uploads\/2020\/12\/AGENDA-ENG-819x1024.jpg 819w, https:\/\/www.recom.link\/wp-content\/uploads\/2020\/12\/AGENDA-ENG-768x960.jpg 768w\" sizes=\"(max-width: 646px) 100vw, 646px\" \/><\/a><figcaption id=\"caption-attachment-186084\" class=\"wp-caption-text\">XIII Forum For Transitional Justice Agenda<\/figcaption><\/figure>\n<p>The first panel, on Monday, December 21st 2020, addresses the issues of where we are with respect to transitional justice and confrontation of the past, and whether the crisis that has emerged can be stopped, or whether we should start everything anew. This will be discussed by \u017darko Puhovski, a longstanding advocate of the establishment of RECOM, Sla\u0111ana Lazi\u0107, who deals with crises in the transition process, Thomas Unger, an expert on the political situation in the region, and Sabina \u010cehaji\u0107, who will present the public apologies offered by Willy Brandt, Nelson Mandela, Boris Yeltsin, Junichiro Koizumi, and Barack Obama, and invite us to consider why public apologies by politicians in the Balkans do not have the power to change our attitude towards the past. Within this panel, Professor Vojllca Krasniqi will present her view of the process of transitional justice in Kosovo. The debate will be moderated by Tea Gorjanc Prelevi\u0107, longstanding activist of the RECOM regional network.<\/p>\n<p>Join <a href=\"https:\/\/www.recom.link\/en\/stocktaking-of-transitional-justice-challenges-as-opportunities\/\" target=\"_blank\" rel=\"noopener\"><strong>\u201cStocktaking of Transitional Justice \u2013 Challenges as Opportunities\u201c<\/strong><\/a>: https:\/\/live.kudoway.eu\/br\/110219261330<\/p>\n<p>The second panel, on December 21st , will offer a critical analysis of the official remembrance policies in the post-Yugoslav countries, and explore the practices of victims commemorations. This topic will be discussed by Jelena \u0110ureinovi\u0107, Lea David, Sven Mileki\u0107 and British anthropologist Stephanie Schwandner-Sievers.<\/p>\n<p>Join <a href=\"https:\/\/www.recom.link\/en\/politics-of-memory-and-commemorations-of-victims\/\" target=\"_blank\" rel=\"noopener\"><strong>\u201cPolitics of Memory and Commemorations of Victims\u201c<\/strong><\/a>: https:\/\/live.kudoway.eu\/br\/110213546651<\/p>\n<p>The third panel, on December 22nd, will include Manfred Nowak and Thomas Osorio, who have since 1993 been involved, as UN experts, in establishing regional cooperation and international support in the search for mortal remains. Panelist Ivan Gruji\u0107 headed the Republic of Croatia Commission on Missing Persons for 23 years, and he will use his experience and knowledge to remind us of the good that has been done in the past decades and what needs to be changed in the near future. Ivan Jovanovi\u0107, leader of the UNDP project,\u00a0will speak about the link between processing war crimes and the search for missing persons, as well as about the discovery of the Ki\u017eevak mass grave near Ra\u0161ka. On behalf of the RECOM Reconciliation Network, Nata\u0161a Kandi\u0107 will present the results of the research into the circumstances of disappearances in Kosovo, in the context of their link with discovered mass graves, the political silence in connection with the group disappearances of civilians (about which the parties to the conflict have information), and the increasingly noticeable silence about destroyed mortal remains, which additionally threatens the development of a remembrance of those among the dead whose bodies are missing.<\/p>\n<p>Join \u00a0<a href=\"https:\/\/www.recom.link\/en\/the-issue-of-missing-persons-the-priority-of-regional-cooperation\/\" target=\"_blank\" rel=\"noopener\"><strong>\u201cThe Issue of Missing Persons \u2013 The Priority of Regional Cooperation\u201c<\/strong><\/a>: https:\/\/live.kudoway.eu\/br\/110218285756<\/p>\n<p><a href=\"https:\/\/www.recom.link\/en\/the-xiii-forum-for-transitional-justice-in-post-yugoslav-countries\/\" target=\"_blank\" rel=\"noopener\"><strong>A preview of the XIII Forum for Transitional Justice in post-Yugoslav Countries with the participants&#8217; biographies<\/strong><\/a><\/p>\n","protected":false},"excerpt":{"rendered":"Nata\u0161a Kandi\u0107, ahead of the\u00a0XIII Forum for Transitional Justice in post-Yugoslav Countries This year\u2019s forum does not offer the allure&#8230; ","protected":false},"author":8,"featured_media":186078,"comment_status":"closed","ping_status":"open","sticky":false,"template":"","format":"standard","meta":{"_acf_changed":false,"footnotes":""},"categories":[779],"tags":[1747,2002],"class_list":["post-186083","post","type-post","status-publish","format-standard","has-post-thumbnail","hentry","category-forum-for-transitional-justice","tag-natasa-kandic","tag-transitional-justice"],"acf":[],"yoast_head":"<!-- This site is optimized with the Yoast SEO plugin v25.6 - https:\/\/yoast.com\/wordpress\/plugins\/seo\/ -->\n<title>XIII Forum for Transitional Justice REKOM ~ KOMRA ~ RECOM<\/title>\n<meta name=\"description\" content=\"REKOM ~ KOMRA ~ RECOM Nata\u0161a Kandi\u0107, ahead of the\u00a0XIII Forum for Transitional Justice in post-Yugoslav Countries\" \/>\n<meta name=\"robots\" content=\"index, follow, max-snippet:-1, max-image-preview:large, max-video-preview:-1\" \/>\n<link rel=\"canonical\" href=\"https:\/\/www.recom.link\/en\/xiii-forum-for-transitional-justice\/\" \/>\n<meta property=\"og:locale\" content=\"en_US\" \/>\n<meta property=\"og:type\" content=\"article\" \/>\n<meta property=\"og:title\" content=\"XIII Forum for Transitional Justice REKOM ~ KOMRA ~ RECOM\" \/>\n<meta property=\"og:description\" content=\"REKOM ~ KOMRA ~ RECOM Nata\u0161a Kandi\u0107, ahead of the\u00a0XIII Forum for Transitional Justice in post-Yugoslav Countries\" \/>\n<meta property=\"og:url\" content=\"https:\/\/www.recom.link\/en\/xiii-forum-for-transitional-justice\/\" \/>\n<meta property=\"og:site_name\" content=\"REKOM ~ KOMRA ~ RECOM\" \/>\n<meta property=\"article:publisher\" content=\"https:\/\/www.facebook.com\/ZaREKOM.PerKOMRA.ForRECOM\/\" \/>\n<meta property=\"article:published_time\" content=\"2020-12-20T08:59:37+00:00\" \/>\n<meta property=\"og:image\" content=\"https:\/\/www.recom.link\/wp-content\/uploads\/2020\/12\/Capturenk.png\" \/>\n\t<meta property=\"og:image:width\" content=\"799\" \/>\n\t<meta property=\"og:image:height\" content=\"447\" \/>\n\t<meta property=\"og:image:type\" content=\"image\/png\" \/>\n<meta name=\"author\" content=\"Recom Editor\" \/>\n<meta name=\"twitter:card\" content=\"summary_large_image\" \/>\n<meta name=\"twitter:creator\" content=\"@REKOM_KOMRA\" \/>\n<meta name=\"twitter:site\" content=\"@REKOM_KOMRA\" \/>\n<meta name=\"twitter:label1\" content=\"Written by\" \/>\n\t<meta name=\"twitter:data1\" content=\"Recom Editor\" \/>\n\t<meta name=\"twitter:label2\" content=\"Est. reading time\" \/>\n\t<meta name=\"twitter:data2\" content=\"4 minutes\" \/>\n<script type=\"application\/ld+json\" class=\"yoast-schema-graph\">{\"@context\":\"https:\/\/schema.org\",\"@graph\":[{\"@type\":\"WebPage\",\"@id\":\"https:\/\/www.recom.link\/en\/xiii-forum-for-transitional-justice\/\",\"url\":\"https:\/\/www.recom.link\/en\/xiii-forum-for-transitional-justice\/\",\"name\":\"XIII Forum for Transitional Justice REKOM ~ KOMRA ~ RECOM\",\"isPartOf\":{\"@id\":\"https:\/\/www.recom.link\/en\/#website\"},\"primaryImageOfPage\":{\"@id\":\"https:\/\/www.recom.link\/en\/xiii-forum-for-transitional-justice\/#primaryimage\"},\"image\":{\"@id\":\"https:\/\/www.recom.link\/en\/xiii-forum-for-transitional-justice\/#primaryimage\"},\"thumbnailUrl\":\"https:\/\/www.recom.link\/wp-content\/uploads\/2020\/12\/Capturenk.png\",\"datePublished\":\"2020-12-20T08:59:37+00:00\",\"author\":{\"@id\":\"https:\/\/www.recom.link\/en\/#\/schema\/person\/0b0fce47cdf986c8b4194146b69999a3\"},\"description\":\"REKOM ~ KOMRA ~ RECOM Nata\u0161a Kandi\u0107, ahead of the\u00a0XIII Forum for Transitional Justice in post-Yugoslav Countries\",\"breadcrumb\":{\"@id\":\"https:\/\/www.recom.link\/en\/xiii-forum-for-transitional-justice\/#breadcrumb\"},\"inLanguage\":\"en-US\",\"potentialAction\":[{\"@type\":\"ReadAction\",\"target\":[\"https:\/\/www.recom.link\/en\/xiii-forum-for-transitional-justice\/\"]}]},{\"@type\":\"ImageObject\",\"inLanguage\":\"en-US\",\"@id\":\"https:\/\/www.recom.link\/en\/xiii-forum-for-transitional-justice\/#primaryimage\",\"url\":\"https:\/\/www.recom.link\/wp-content\/uploads\/2020\/12\/Capturenk.png\",\"contentUrl\":\"https:\/\/www.recom.link\/wp-content\/uploads\/2020\/12\/Capturenk.png\",\"width\":799,\"height\":447},{\"@type\":\"BreadcrumbList\",\"@id\":\"https:\/\/www.recom.link\/en\/xiii-forum-for-transitional-justice\/#breadcrumb\",\"itemListElement\":[{\"@type\":\"ListItem\",\"position\":1,\"name\":\"Home\",\"item\":\"https:\/\/www.recom.link\/en\/\"},{\"@type\":\"ListItem\",\"position\":2,\"name\":\"Nata\u0161a Kandi\u0107: The Civil Society Organisations Gathered Around the RECOM Reconciliation Network Are Not Giving Up\"}]},{\"@type\":\"WebSite\",\"@id\":\"https:\/\/www.recom.link\/en\/#website\",\"url\":\"https:\/\/www.recom.link\/en\/\",\"name\":\"REKOM ~ KOMRA ~ RECOM\",\"description\":\"\",\"potentialAction\":[{\"@type\":\"SearchAction\",\"target\":{\"@type\":\"EntryPoint\",\"urlTemplate\":\"https:\/\/www.recom.link\/en\/?s={search_term_string}\"},\"query-input\":{\"@type\":\"PropertyValueSpecification\",\"valueRequired\":true,\"valueName\":\"search_term_string\"}}],\"inLanguage\":\"en-US\"},{\"@type\":\"Person\",\"@id\":\"https:\/\/www.recom.link\/en\/#\/schema\/person\/0b0fce47cdf986c8b4194146b69999a3\",\"name\":\"Recom Editor\",\"image\":{\"@type\":\"ImageObject\",\"inLanguage\":\"en-US\",\"@id\":\"https:\/\/www.recom.link\/en\/#\/schema\/person\/image\/\",\"url\":\"https:\/\/secure.gravatar.com\/avatar\/b345ee03975bccfc62280b0fd1ffd916?s=96&d=mm&r=g\",\"contentUrl\":\"https:\/\/secure.gravatar.com\/avatar\/b345ee03975bccfc62280b0fd1ffd916?s=96&d=mm&r=g\",\"caption\":\"Recom Editor\"},\"url\":\"https:\/\/www.recom.link\/en\/author\/jelanag\/\"}]}<\/script>\n<!-- \/ Yoast SEO plugin. -->","yoast_head_json":{"title":"XIII Forum for Transitional Justice REKOM ~ KOMRA ~ RECOM","description":"REKOM ~ KOMRA ~ RECOM Nata\u0161a Kandi\u0107, ahead of the\u00a0XIII Forum for Transitional Justice in post-Yugoslav Countries","robots":{"index":"index","follow":"follow","max-snippet":"max-snippet:-1","max-image-preview":"max-image-preview:large","max-video-preview":"max-video-preview:-1"},"canonical":"https:\/\/www.recom.link\/en\/xiii-forum-for-transitional-justice\/","og_locale":"en_US","og_type":"article","og_title":"XIII Forum for Transitional Justice REKOM ~ KOMRA ~ RECOM","og_description":"REKOM ~ KOMRA ~ RECOM Nata\u0161a Kandi\u0107, ahead of the\u00a0XIII Forum for Transitional Justice in post-Yugoslav Countries","og_url":"https:\/\/www.recom.link\/en\/xiii-forum-for-transitional-justice\/","og_site_name":"REKOM ~ KOMRA ~ RECOM","article_publisher":"https:\/\/www.facebook.com\/ZaREKOM.PerKOMRA.ForRECOM\/","article_published_time":"2020-12-20T08:59:37+00:00","og_image":[{"width":799,"height":447,"url":"https:\/\/www.recom.link\/wp-content\/uploads\/2020\/12\/Capturenk.png","type":"image\/png"}],"author":"Recom Editor","twitter_card":"summary_large_image","twitter_creator":"@REKOM_KOMRA","twitter_site":"@REKOM_KOMRA","twitter_misc":{"Written by":"Recom Editor","Est. reading time":"4 minutes"},"schema":{"@context":"https:\/\/schema.org","@graph":[{"@type":"WebPage","@id":"https:\/\/www.recom.link\/en\/xiii-forum-for-transitional-justice\/","url":"https:\/\/www.recom.link\/en\/xiii-forum-for-transitional-justice\/","name":"XIII Forum for Transitional Justice REKOM ~ KOMRA ~ RECOM","isPartOf":{"@id":"https:\/\/www.recom.link\/en\/#website"},"primaryImageOfPage":{"@id":"https:\/\/www.recom.link\/en\/xiii-forum-for-transitional-justice\/#primaryimage"},"image":{"@id":"https:\/\/www.recom.link\/en\/xiii-forum-for-transitional-justice\/#primaryimage"},"thumbnailUrl":"https:\/\/www.recom.link\/wp-content\/uploads\/2020\/12\/Capturenk.png","datePublished":"2020-12-20T08:59:37+00:00","author":{"@id":"https:\/\/www.recom.link\/en\/#\/schema\/person\/0b0fce47cdf986c8b4194146b69999a3"},"description":"REKOM ~ KOMRA ~ RECOM Nata\u0161a Kandi\u0107, ahead of the\u00a0XIII Forum for Transitional Justice in post-Yugoslav Countries","breadcrumb":{"@id":"https:\/\/www.recom.link\/en\/xiii-forum-for-transitional-justice\/#breadcrumb"},"inLanguage":"en-US","potentialAction":[{"@type":"ReadAction","target":["https:\/\/www.recom.link\/en\/xiii-forum-for-transitional-justice\/"]}]},{"@type":"ImageObject","inLanguage":"en-US","@id":"https:\/\/www.recom.link\/en\/xiii-forum-for-transitional-justice\/#primaryimage","url":"https:\/\/www.recom.link\/wp-content\/uploads\/2020\/12\/Capturenk.png","contentUrl":"https:\/\/www.recom.link\/wp-content\/uploads\/2020\/12\/Capturenk.png","width":799,"height":447},{"@type":"BreadcrumbList","@id":"https:\/\/www.recom.link\/en\/xiii-forum-for-transitional-justice\/#breadcrumb","itemListElement":[{"@type":"ListItem","position":1,"name":"Home","item":"https:\/\/www.recom.link\/en\/"},{"@type":"ListItem","position":2,"name":"Nata\u0161a Kandi\u0107: The Civil Society Organisations Gathered Around the RECOM Reconciliation Network Are Not Giving Up"}]},{"@type":"WebSite","@id":"https:\/\/www.recom.link\/en\/#website","url":"https:\/\/www.recom.link\/en\/","name":"REKOM ~ KOMRA ~ RECOM","description":"","potentialAction":[{"@type":"SearchAction","target":{"@type":"EntryPoint","urlTemplate":"https:\/\/www.recom.link\/en\/?s={search_term_string}"},"query-input":{"@type":"PropertyValueSpecification","valueRequired":true,"valueName":"search_term_string"}}],"inLanguage":"en-US"},{"@type":"Person","@id":"https:\/\/www.recom.link\/en\/#\/schema\/person\/0b0fce47cdf986c8b4194146b69999a3","name":"Recom Editor","image":{"@type":"ImageObject","inLanguage":"en-US","@id":"https:\/\/www.recom.link\/en\/#\/schema\/person\/image\/","url":"https:\/\/secure.gravatar.com\/avatar\/b345ee03975bccfc62280b0fd1ffd916?s=96&d=mm&r=g","contentUrl":"https:\/\/secure.gravatar.com\/avatar\/b345ee03975bccfc62280b0fd1ffd916?s=96&d=mm&r=g","caption":"Recom Editor"},"url":"https:\/\/www.recom.link\/en\/author\/jelanag\/"}]}},"_links":{"self":[{"href":"https:\/\/www.recom.link\/en\/wp-json\/wp\/v2\/posts\/186083"}],"collection":[{"href":"https:\/\/www.recom.link\/en\/wp-json\/wp\/v2\/posts"}],"about":[{"href":"https:\/\/www.recom.link\/en\/wp-json\/wp\/v2\/types\/post"}],"author":[{"embeddable":true,"href":"https:\/\/www.recom.link\/en\/wp-json\/wp\/v2\/users\/8"}],"replies":[{"embeddable":true,"href":"https:\/\/www.recom.link\/en\/wp-json\/wp\/v2\/comments?post=186083"}],"version-history":[{"count":1,"href":"https:\/\/www.recom.link\/en\/wp-json\/wp\/v2\/posts\/186083\/revisions"}],"predecessor-version":[{"id":186089,"href":"https:\/\/www.recom.link\/en\/wp-json\/wp\/v2\/posts\/186083\/revisions\/186089"}],"wp:featuredmedia":[{"embeddable":true,"href":"https:\/\/www.recom.link\/en\/wp-json\/wp\/v2\/media\/186078"}],"wp:attachment":[{"href":"https:\/\/www.recom.link\/en\/wp-json\/wp\/v2\/media?parent=186083"}],"wp:term":[{"taxonomy":"category","embeddable":true,"href":"https:\/\/www.recom.link\/en\/wp-json\/wp\/v2\/categories?post=186083"},{"taxonomy":"post_tag","embeddable":true,"href":"https:\/\/www.recom.link\/en\/wp-json\/wp\/v2\/tags?post=186083"}],"curies":[{"name":"wp","href":"https:\/\/api.w.org\/{rel}","templated":true}]}}