{"id":185759,"date":"2020-10-24T15:02:32","date_gmt":"2020-10-24T14:02:32","guid":{"rendered":"https:\/\/www.recom.link\/?p=185759"},"modified":"2020-12-01T12:00:49","modified_gmt":"2020-12-01T11:00:49","slug":"debate-on-the-politics-of-memory-and-remembrance-practices-in-southeast-europe","status":"publish","type":"post","link":"https:\/\/www.recom.link\/en\/debate-on-the-politics-of-memory-and-remembrance-practices-in-southeast-europe\/","title":{"rendered":"RECOM Reconciliation Network: Debate on the Politics of Memory and Remembrance Practices in Southeast Europe"},"content":{"rendered":"<p data-pm-slice=\"1 1 []\">On October 22, 2020, Humanitarian Law Center Kosovo organized a debate on the politics of memory and remembrance practices in Southeast Europe, on behalf of RECOM Reconciliation Network. The panelists, Ana Milo\u0161evi\u0107, Vjeran Pavlakovi\u0107, Naum Trajanovski and Venera \u00c7o\u00e7aj, have tried to give some answers to questions about memory politics dynamics and perspectives for the mutual future of post-Yugoslav countries. The debate was open and led by Vjollca Krasniqi.<\/p>\n<p>Ana Milo\u0161evi\u0107 considers how EU integration process has affected memory politics in Western Balkan Countries which have shared past, separate presents and might have a future together in the EU. She explains that EU memory framework, as a consensus based on member states\u2019 historical experiences, is exported to countries, which selectively and tactfully download certain parts of memory norms, motivated by political gains and social capital.<\/p>\n<p>Vjeran Pavlakovi\u0107 focuses on trends in Croatian Memory Politics. He points out that commemorative practices are blurring distinct historical periods &#8211; Second World War and Homeland War into one national narrative. Political actors who used to speak differently at different places create, in his opinion, \u201ccommunities of remembrance\u201d.<\/p>\n<p>Naum Trajanovski reflects on the case of North Macedonia and its relations with Bulgaria and Greece. He argues that there is a template already made and given by international stakeholders which oversees dynamic, multidirectional aspects happening on the ground. This is well demonstrated with empty phrases such as \u201cLeave the history to historians\u201d.<\/p>\n<p>Venera \u00c7o\u00e7aj elaborates situation in Kosovo Memory Practices. She believes that Kosovo Liberation Army remains central in commemorative narratives presenting participants as heroes, \u201cfounding fathers\u201d<em>. <\/em>This is present both in institutional and private remembrance practices, covered by different initiatives coming from both spheres. She also analyses role of gender in remembrance practices.<\/p>\n<p>&nbsp;<\/p>\n<p><iframe loading=\"lazy\" src=\"https:\/\/www.youtube.com\/embed\/QDQfhbrJfdA\" width=\"560\" height=\"315\" frameborder=\"0\" allowfullscreen=\"allowfullscreen\"><\/iframe><\/p>\n<p>&nbsp;<\/p>\n","protected":false},"excerpt":{"rendered":"On October 22, 2020, Humanitarian Law Center Kosovo organized a debate on the politics of memory and remembrance practices in&#8230; ","protected":false},"author":8,"featured_media":185754,"comment_status":"closed","ping_status":"open","sticky":false,"template":"","format":"standard","meta":{"_acf_changed":false,"footnotes":""},"categories":[1925],"tags":[2235,2253,1941],"class_list":["post-185759","post","type-post","status-publish","format-standard","has-post-thumbnail","hentry","category-debates-2","tag-hlc-kosovo","tag-online-debate","tag-recom"],"acf":[],"yoast_head":"<!-- This site is optimized with the Yoast SEO plugin v25.6 - https:\/\/yoast.com\/wordpress\/plugins\/seo\/ -->\n<title>Debate-on-the-politics-of-memory-and-remembrance-practices -<\/title>\n<meta name=\"description\" content=\"Humanitarian Law Center Kosovo organized a debate on the politics of memory and remembrance practices in Southeast Europe, on behalf of RECOM Reconciliation Network.\" \/>\n<meta name=\"robots\" content=\"index, follow, max-snippet:-1, max-image-preview:large, max-video-preview:-1\" \/>\n<link rel=\"canonical\" href=\"https:\/\/www.recom.link\/en\/debate-on-the-politics-of-memory-and-remembrance-practices-in-southeast-europe\/\" \/>\n<meta property=\"og:locale\" content=\"en_US\" \/>\n<meta property=\"og:type\" content=\"article\" \/>\n<meta property=\"og:title\" content=\"Debate-on-the-politics-of-memory-and-remembrance-practices -\" \/>\n<meta property=\"og:description\" content=\"Humanitarian Law Center Kosovo organized a debate on the politics of memory and remembrance practices in Southeast Europe, on behalf of RECOM Reconciliation Network.\" \/>\n<meta property=\"og:url\" content=\"https:\/\/www.recom.link\/en\/debate-on-the-politics-of-memory-and-remembrance-practices-in-southeast-europe\/\" \/>\n<meta property=\"og:site_name\" content=\"REKOM ~ KOMRA ~ RECOM\" \/>\n<meta property=\"article:publisher\" content=\"https:\/\/www.facebook.com\/ZaREKOM.PerKOMRA.ForRECOM\/\" \/>\n<meta property=\"article:published_time\" content=\"2020-10-24T14:02:32+00:00\" \/>\n<meta property=\"article:modified_time\" content=\"2020-12-01T11:00:49+00:00\" \/>\n<meta property=\"og:image\" content=\"https:\/\/www.recom.link\/wp-content\/uploads\/2020\/10\/Hvataj-4.png\" \/>\n\t<meta property=\"og:image:width\" content=\"1190\" \/>\n\t<meta property=\"og:image:height\" content=\"508\" \/>\n\t<meta property=\"og:image:type\" content=\"image\/png\" \/>\n<meta name=\"author\" content=\"Recom Editor\" \/>\n<meta name=\"twitter:card\" content=\"summary_large_image\" \/>\n<meta name=\"twitter:creator\" content=\"@REKOM_KOMRA\" \/>\n<meta name=\"twitter:site\" content=\"@REKOM_KOMRA\" \/>\n<meta name=\"twitter:label1\" content=\"Written by\" \/>\n\t<meta name=\"twitter:data1\" content=\"Recom Editor\" \/>\n\t<meta name=\"twitter:label2\" content=\"Est. reading time\" \/>\n\t<meta name=\"twitter:data2\" content=\"1 minute\" \/>\n<script type=\"application\/ld+json\" class=\"yoast-schema-graph\">{\"@context\":\"https:\/\/schema.org\",\"@graph\":[{\"@type\":\"WebPage\",\"@id\":\"https:\/\/www.recom.link\/en\/debate-on-the-politics-of-memory-and-remembrance-practices-in-southeast-europe\/\",\"url\":\"https:\/\/www.recom.link\/en\/debate-on-the-politics-of-memory-and-remembrance-practices-in-southeast-europe\/\",\"name\":\"Debate-on-the-politics-of-memory-and-remembrance-practices -\",\"isPartOf\":{\"@id\":\"https:\/\/www.recom.link\/en\/#website\"},\"primaryImageOfPage\":{\"@id\":\"https:\/\/www.recom.link\/en\/debate-on-the-politics-of-memory-and-remembrance-practices-in-southeast-europe\/#primaryimage\"},\"image\":{\"@id\":\"https:\/\/www.recom.link\/en\/debate-on-the-politics-of-memory-and-remembrance-practices-in-southeast-europe\/#primaryimage\"},\"thumbnailUrl\":\"https:\/\/www.recom.link\/wp-content\/uploads\/2020\/10\/Hvataj-4.png\",\"datePublished\":\"2020-10-24T14:02:32+00:00\",\"dateModified\":\"2020-12-01T11:00:49+00:00\",\"author\":{\"@id\":\"https:\/\/www.recom.link\/en\/#\/schema\/person\/0b0fce47cdf986c8b4194146b69999a3\"},\"description\":\"Humanitarian Law Center Kosovo organized a debate on the politics of memory and remembrance practices in Southeast Europe, on behalf of RECOM Reconciliation Network.\",\"breadcrumb\":{\"@id\":\"https:\/\/www.recom.link\/en\/debate-on-the-politics-of-memory-and-remembrance-practices-in-southeast-europe\/#breadcrumb\"},\"inLanguage\":\"en-US\",\"potentialAction\":[{\"@type\":\"ReadAction\",\"target\":[\"https:\/\/www.recom.link\/en\/debate-on-the-politics-of-memory-and-remembrance-practices-in-southeast-europe\/\"]}]},{\"@type\":\"ImageObject\",\"inLanguage\":\"en-US\",\"@id\":\"https:\/\/www.recom.link\/en\/debate-on-the-politics-of-memory-and-remembrance-practices-in-southeast-europe\/#primaryimage\",\"url\":\"https:\/\/www.recom.link\/wp-content\/uploads\/2020\/10\/Hvataj-4.png\",\"contentUrl\":\"https:\/\/www.recom.link\/wp-content\/uploads\/2020\/10\/Hvataj-4.png\",\"width\":1190,\"height\":508,\"caption\":\"Debata o politikama pam\u0107enja i praksama se\u0107anja\"},{\"@type\":\"BreadcrumbList\",\"@id\":\"https:\/\/www.recom.link\/en\/debate-on-the-politics-of-memory-and-remembrance-practices-in-southeast-europe\/#breadcrumb\",\"itemListElement\":[{\"@type\":\"ListItem\",\"position\":1,\"name\":\"Home\",\"item\":\"https:\/\/www.recom.link\/en\/\"},{\"@type\":\"ListItem\",\"position\":2,\"name\":\"RECOM Reconciliation Network: Debate on the Politics of Memory and Remembrance Practices in Southeast Europe\"}]},{\"@type\":\"WebSite\",\"@id\":\"https:\/\/www.recom.link\/en\/#website\",\"url\":\"https:\/\/www.recom.link\/en\/\",\"name\":\"REKOM ~ KOMRA ~ RECOM\",\"description\":\"\",\"potentialAction\":[{\"@type\":\"SearchAction\",\"target\":{\"@type\":\"EntryPoint\",\"urlTemplate\":\"https:\/\/www.recom.link\/en\/?s={search_term_string}\"},\"query-input\":{\"@type\":\"PropertyValueSpecification\",\"valueRequired\":true,\"valueName\":\"search_term_string\"}}],\"inLanguage\":\"en-US\"},{\"@type\":\"Person\",\"@id\":\"https:\/\/www.recom.link\/en\/#\/schema\/person\/0b0fce47cdf986c8b4194146b69999a3\",\"name\":\"Recom Editor\",\"image\":{\"@type\":\"ImageObject\",\"inLanguage\":\"en-US\",\"@id\":\"https:\/\/www.recom.link\/en\/#\/schema\/person\/image\/\",\"url\":\"https:\/\/secure.gravatar.com\/avatar\/b345ee03975bccfc62280b0fd1ffd916?s=96&d=mm&r=g\",\"contentUrl\":\"https:\/\/secure.gravatar.com\/avatar\/b345ee03975bccfc62280b0fd1ffd916?s=96&d=mm&r=g\",\"caption\":\"Recom Editor\"},\"url\":\"https:\/\/www.recom.link\/en\/author\/jelanag\/\"}]}<\/script>\n<!-- \/ Yoast SEO plugin. -->","yoast_head_json":{"title":"Debate-on-the-politics-of-memory-and-remembrance-practices -","description":"Humanitarian Law Center Kosovo organized a debate on the politics of memory and remembrance practices in Southeast Europe, on behalf of RECOM Reconciliation Network.","robots":{"index":"index","follow":"follow","max-snippet":"max-snippet:-1","max-image-preview":"max-image-preview:large","max-video-preview":"max-video-preview:-1"},"canonical":"https:\/\/www.recom.link\/en\/debate-on-the-politics-of-memory-and-remembrance-practices-in-southeast-europe\/","og_locale":"en_US","og_type":"article","og_title":"Debate-on-the-politics-of-memory-and-remembrance-practices -","og_description":"Humanitarian Law Center Kosovo organized a debate on the politics of memory and remembrance practices in Southeast Europe, on behalf of RECOM Reconciliation Network.","og_url":"https:\/\/www.recom.link\/en\/debate-on-the-politics-of-memory-and-remembrance-practices-in-southeast-europe\/","og_site_name":"REKOM ~ KOMRA ~ RECOM","article_publisher":"https:\/\/www.facebook.com\/ZaREKOM.PerKOMRA.ForRECOM\/","article_published_time":"2020-10-24T14:02:32+00:00","article_modified_time":"2020-12-01T11:00:49+00:00","og_image":[{"width":1190,"height":508,"url":"https:\/\/www.recom.link\/wp-content\/uploads\/2020\/10\/Hvataj-4.png","type":"image\/png"}],"author":"Recom Editor","twitter_card":"summary_large_image","twitter_creator":"@REKOM_KOMRA","twitter_site":"@REKOM_KOMRA","twitter_misc":{"Written by":"Recom Editor","Est. reading time":"1 minute"},"schema":{"@context":"https:\/\/schema.org","@graph":[{"@type":"WebPage","@id":"https:\/\/www.recom.link\/en\/debate-on-the-politics-of-memory-and-remembrance-practices-in-southeast-europe\/","url":"https:\/\/www.recom.link\/en\/debate-on-the-politics-of-memory-and-remembrance-practices-in-southeast-europe\/","name":"Debate-on-the-politics-of-memory-and-remembrance-practices -","isPartOf":{"@id":"https:\/\/www.recom.link\/en\/#website"},"primaryImageOfPage":{"@id":"https:\/\/www.recom.link\/en\/debate-on-the-politics-of-memory-and-remembrance-practices-in-southeast-europe\/#primaryimage"},"image":{"@id":"https:\/\/www.recom.link\/en\/debate-on-the-politics-of-memory-and-remembrance-practices-in-southeast-europe\/#primaryimage"},"thumbnailUrl":"https:\/\/www.recom.link\/wp-content\/uploads\/2020\/10\/Hvataj-4.png","datePublished":"2020-10-24T14:02:32+00:00","dateModified":"2020-12-01T11:00:49+00:00","author":{"@id":"https:\/\/www.recom.link\/en\/#\/schema\/person\/0b0fce47cdf986c8b4194146b69999a3"},"description":"Humanitarian Law Center Kosovo organized a debate on the politics of memory and remembrance practices in Southeast Europe, on behalf of RECOM Reconciliation Network.","breadcrumb":{"@id":"https:\/\/www.recom.link\/en\/debate-on-the-politics-of-memory-and-remembrance-practices-in-southeast-europe\/#breadcrumb"},"inLanguage":"en-US","potentialAction":[{"@type":"ReadAction","target":["https:\/\/www.recom.link\/en\/debate-on-the-politics-of-memory-and-remembrance-practices-in-southeast-europe\/"]}]},{"@type":"ImageObject","inLanguage":"en-US","@id":"https:\/\/www.recom.link\/en\/debate-on-the-politics-of-memory-and-remembrance-practices-in-southeast-europe\/#primaryimage","url":"https:\/\/www.recom.link\/wp-content\/uploads\/2020\/10\/Hvataj-4.png","contentUrl":"https:\/\/www.recom.link\/wp-content\/uploads\/2020\/10\/Hvataj-4.png","width":1190,"height":508,"caption":"Debata o politikama pam\u0107enja i praksama se\u0107anja"},{"@type":"BreadcrumbList","@id":"https:\/\/www.recom.link\/en\/debate-on-the-politics-of-memory-and-remembrance-practices-in-southeast-europe\/#breadcrumb","itemListElement":[{"@type":"ListItem","position":1,"name":"Home","item":"https:\/\/www.recom.link\/en\/"},{"@type":"ListItem","position":2,"name":"RECOM Reconciliation Network: Debate on the Politics of Memory and Remembrance Practices in Southeast Europe"}]},{"@type":"WebSite","@id":"https:\/\/www.recom.link\/en\/#website","url":"https:\/\/www.recom.link\/en\/","name":"REKOM ~ KOMRA ~ RECOM","description":"","potentialAction":[{"@type":"SearchAction","target":{"@type":"EntryPoint","urlTemplate":"https:\/\/www.recom.link\/en\/?s={search_term_string}"},"query-input":{"@type":"PropertyValueSpecification","valueRequired":true,"valueName":"search_term_string"}}],"inLanguage":"en-US"},{"@type":"Person","@id":"https:\/\/www.recom.link\/en\/#\/schema\/person\/0b0fce47cdf986c8b4194146b69999a3","name":"Recom Editor","image":{"@type":"ImageObject","inLanguage":"en-US","@id":"https:\/\/www.recom.link\/en\/#\/schema\/person\/image\/","url":"https:\/\/secure.gravatar.com\/avatar\/b345ee03975bccfc62280b0fd1ffd916?s=96&d=mm&r=g","contentUrl":"https:\/\/secure.gravatar.com\/avatar\/b345ee03975bccfc62280b0fd1ffd916?s=96&d=mm&r=g","caption":"Recom Editor"},"url":"https:\/\/www.recom.link\/en\/author\/jelanag\/"}]}},"_links":{"self":[{"href":"https:\/\/www.recom.link\/en\/wp-json\/wp\/v2\/posts\/185759"}],"collection":[{"href":"https:\/\/www.recom.link\/en\/wp-json\/wp\/v2\/posts"}],"about":[{"href":"https:\/\/www.recom.link\/en\/wp-json\/wp\/v2\/types\/post"}],"author":[{"embeddable":true,"href":"https:\/\/www.recom.link\/en\/wp-json\/wp\/v2\/users\/8"}],"replies":[{"embeddable":true,"href":"https:\/\/www.recom.link\/en\/wp-json\/wp\/v2\/comments?post=185759"}],"version-history":[{"count":1,"href":"https:\/\/www.recom.link\/en\/wp-json\/wp\/v2\/posts\/185759\/revisions"}],"predecessor-version":[{"id":185760,"href":"https:\/\/www.recom.link\/en\/wp-json\/wp\/v2\/posts\/185759\/revisions\/185760"}],"wp:featuredmedia":[{"embeddable":true,"href":"https:\/\/www.recom.link\/en\/wp-json\/wp\/v2\/media\/185754"}],"wp:attachment":[{"href":"https:\/\/www.recom.link\/en\/wp-json\/wp\/v2\/media?parent=185759"}],"wp:term":[{"taxonomy":"category","embeddable":true,"href":"https:\/\/www.recom.link\/en\/wp-json\/wp\/v2\/categories?post=185759"},{"taxonomy":"post_tag","embeddable":true,"href":"https:\/\/www.recom.link\/en\/wp-json\/wp\/v2\/tags?post=185759"}],"curies":[{"name":"wp","href":"https:\/\/api.w.org\/{rel}","templated":true}]}}