{"id":138610,"date":"2016-04-20T11:35:26","date_gmt":"2016-04-20T10:35:26","guid":{"rendered":"http:\/\/www.recom.link\/neispricane-price-o-proterivanjima-porodica-vojnih-lica-2\/"},"modified":"2016-04-20T12:01:36","modified_gmt":"2016-04-20T11:01:36","slug":"neispricane-price-o-proterivanjima-porodica-vojnih-lica","status":"publish","type":"post","link":"https:\/\/www.recom.link\/en\/neispricane-price-o-proterivanjima-porodica-vojnih-lica\/","title":{"rendered":"Untold Stories of Croatia\u2019s Wartime Forced Evictions"},"content":{"rendered":"<div id=\"stcpDiv\">\n<div id=\"stcpDiv\">In the first of a two-part series, people who were violently evicted from Yugoslav Army apartments during the 1990s war in Croatia recall their desperate struggles to win their homes back<\/div>\n<p><em>\u00a0<\/em><\/p>\n<p>By Sven Mileki\u0107, BIRN<\/p>\n<\/div>\n<div><\/div>\n<div><\/div>\n<div>\n<figure id=\"attachment_138601\" aria-describedby=\"caption-attachment-138601\" style=\"width: 476px\" class=\"wp-caption alignnone\"><a href=\"http:\/\/www.recom.link\/wp-content\/uploads\/2016\/04\/Slovenka-Marinkovic-today.-Photo-curtosy-of-Slovenka-Marinkovic.jpg\"><img loading=\"lazy\" decoding=\"async\" class=\"wp-image-138601\" src=\"http:\/\/www.recom.link\/wp-content\/uploads\/2016\/04\/Slovenka-Marinkovic-today.-Photo-curtosy-of-Slovenka-Marinkovic-300x225.jpg\" alt=\"OLYMPUS DIGITAL CAMERA\" width=\"476\" height=\"357\" srcset=\"https:\/\/www.recom.link\/wp-content\/uploads\/2016\/04\/Slovenka-Marinkovic-today.-Photo-curtosy-of-Slovenka-Marinkovic-300x225.jpg 300w, https:\/\/www.recom.link\/wp-content\/uploads\/2016\/04\/Slovenka-Marinkovic-today.-Photo-curtosy-of-Slovenka-Marinkovic.jpg 640w\" sizes=\"(max-width: 476px) 100vw, 476px\" \/><\/a><figcaption id=\"caption-attachment-138601\" class=\"wp-caption-text\">Slovenka Marinkovic remembers the 1990s with unease. Photo courtesy of Slovenka Marinkovic.<\/figcaption><\/figure>\n<\/div>\n<div><\/div>\n<div><\/div>\n<div>\n<div id=\"stcpDiv\">\n<div id=\"stcpDiv\">\n<p>\u201cI can\u2019t even believe that all this happened to me. Really. My mind can\u2019t comprehend it,\u201d 64-year-old Slovenka Marinkovic said as she sat in her cosy apartment in the Croatian coastal city of Split &#8211; the home from which she was forcibly evicted during wartime.<\/p>\n<p>\u201cFor the purposes of the lawsuit, the doctor asked me to describe how I felt at the moment that this was happening in my apartment. I was already crying just thinking about it. I said to him: I simply put myself in the position that this isn\u2019t happening to me, otherwise I would go insane,\u201d she added.<\/p>\n<p>Marinkovic was one of the many victims of forced, sometimes extremely violent and almost exclusively illegal evictions of Croatian citizens from apartments given to its employees (both officers and civilians) by the former Yugoslav People\u2019s Army, JNA, during the 1990s.<\/p>\n<p>Most of those evicted were women living alone with children or elderly relatives &#8211; and most were Serbs.<\/p>\n<p>Under the Yugoslav socialist regime there were limited rights to private property. The JNA owned between 35,000 and 40,000 apartments and houses in Croatia, to which it gave hereditary tenancy rights to its employees.<\/p>\n<p>When the war broke out in 1991, soldiers and armed vigilantes, sometimes aided by the military police, forcedly broke into many of these homes and threw out the occupants, targeting mostly but not exclusively Serbs.<\/p>\n<p>Some of these evictions were carried out on the basis of defence ministry \u2018decisions on temporary use\u2019 of apartments, but some were carried out completely illegally, at gunpoint.<\/p>\n<p>Since most of the people involved in carrying out the evictions were either active or reservist soldiers, the police claimed to have no jurisdiction over the issue, leaving everything to the military police, who condoned the majority of them.<\/p>\n<p>The number of people forcibly and illegally kicked out of their homes between 1991 and 1997 remains unknown, but some NGOs dealing with the issue estimate the figure at around 10,000.<\/p>\n<p>Although some of them later returned to their apartments after years of legal struggle, others never got back their property and left Croatia for good.<\/p>\n<p>But most of those who were lucky and persistent enough in their legal campaigns to get back their homes never received any compensation for the property stolen from the apartments &#8211; and none of them were compensated for the stress and the health problems that they suffered as a result of being kicked out.<\/p>\n<p><strong>Death threats and armed raids<\/strong><\/p>\n<p>Slovenka Marinkovic, who was born in the Serbian town of Leskovac, moved to Split in 1972 with her husband, who was a JNA officer. She separated from him in 1987 and he left Croatia with the JNA in 1991 at the beginning of the war, leaving their apartment\u2019s tenancy rights to her.<\/p>\n<p>Her 18-year-old daughter also left Split in 1991, enrolling in college in Belgrade, followed by her younger daughter who also went to Serbia to live with her grandmother after being threatened with rape and murder on the phone several times because her father was a JNA officer.<\/p>\n<p>Marinkovic was under a lot of pressure herself; her phone line was cut off and she was accused by her colleagues at the local pharmacy of \u201caiding rebel Serbs in [the town of] Knin\u201d.<\/p>\n<p>She said that in 1993 there was one failed attempt by a group of soldiers to take her apartment, which she stopped by getting together with her female neighbours. But later that year, the local Croatian Defence Forces, HOS, unit, which was named after WWII-era fascist commander Rafael Boban, became more active in carrying out illegal forced evictions.<\/p>\n<p>According to Marinkovic and Tonci Majic, a local activist who tried to stop the evictions, the unit was led by their commander Ivan Perkusic, alias \u2018Barba\u2019. Rudjer Boskovic Street, near her apartment, was the epicentre of the Rafael Boban unit\u2019s activities, where they evicted dozens of families and where today, a monument to the unit stands.<\/p>\n<p>When Perkusic evicted a mother and her small daughter from an upper floor of Marinkovic\u2019s building, forcing the woman out with a gun to her head, she said his fighters then transformed the apartment into a centre for dealing drugs and illegal gambling, and she realised that he would soon come to her door too.<\/p>\n<\/div>\n<figure id=\"attachment_138602\" aria-describedby=\"caption-attachment-138602\" style=\"width: 596px\" class=\"wp-caption alignnone\"><a href=\"http:\/\/www.recom.link\/wp-content\/uploads\/2016\/04\/Feral-Tribune-on-Marinkovic-case.-Photo-curtosy-of-Tonci-Majic.jpg\"><img loading=\"lazy\" decoding=\"async\" class=\"wp-image-138602\" src=\"http:\/\/www.recom.link\/wp-content\/uploads\/2016\/04\/Feral-Tribune-on-Marinkovic-case.-Photo-curtosy-of-Tonci-Majic-300x225.jpg\" alt=\"Feral Tribune on Marinkovic case. Photo curtosy of Tonci Majic\" width=\"596\" height=\"447\" srcset=\"https:\/\/www.recom.link\/wp-content\/uploads\/2016\/04\/Feral-Tribune-on-Marinkovic-case.-Photo-curtosy-of-Tonci-Majic-300x225.jpg 300w, https:\/\/www.recom.link\/wp-content\/uploads\/2016\/04\/Feral-Tribune-on-Marinkovic-case.-Photo-curtosy-of-Tonci-Majic.jpg 640w\" sizes=\"(max-width: 596px) 100vw, 596px\" \/><\/a><figcaption id=\"caption-attachment-138602\" class=\"wp-caption-text\">Anti-establishment newspaper Feral Tribune reported on Marinkovic&#8217;s and other women&#8217;s evictions, under the sarcastic headline &#8220;Expelling &#8216;Chetnik Women'&#8221;. Photo courtesy of Tonci Majic.<\/figcaption><\/figure>\n<\/div>\n<\/div>\n<div><\/div>\n<div><\/div>\n<div><\/div>\n<div>\n<div id=\"stcpDiv\">\n<div id=\"stcpDiv\">\n<p>When Perkusic and his armed associates did knock in February 1994, she refused to open up, but he broke down the door and got in anyway. One of them called the police, and two officers arrived but they couldn\u2019t do anything to help her.<\/p>\n<p>\u201cThese poor policemen&#8230; I was so mad and so angry, I was arguing with [the soldiers], I was so belligerent and [the policemen said] to me: \u2018Please, please, don\u2019t let them kill you &#8211; anything can happen,\u2019\u201d Marinkovic said.<\/p>\n<p>Because she was angry, Marinkovic told them that Croatian citizens \u201cwill never get a state\u201d if they behaved like this. One of the soldiers went to hit her and Majic came to her defence, getting his nose broken in the process.<\/p>\n<p>Marinkovic and Majic were taken by the military police to the Lora military prison in Split, where Serb civilians were tortured during the war, according to court judgements, but released after a few hours after the intervention of deputy defence minister Goran Dodig.<\/p>\n<p>They tried to get back in to Marinkovic\u2019s apartment, but there were already a lot of soldiers there, stealing her possessions.<\/p>\n<p>\u201cI told the military police that these people are&#8230; stealing my things, and asked whether it was normal for them to just watch.And one said to me, do I have receipts for these things? I asked him which ones, and he just said that it all belonged to Croatia,\u201d she recalled, laughing ironically.<\/p>\n<p>Dodig helped them to arrange a meeting with the head of the military police, Mate Lausic, but he refused to help.<\/p>\n<p>\u201cWhen I told him that the soldier occupying my apartment should be taken out, he said: \u2018No, Mrs. Marinkovic, I have no moral right to expel a Croatian soldier from your apartment,\u2019\u201d she said.<\/p>\n<p>She eventually got her apartment back six years later, in 2000, winning a case against the former soldier living there. She also got some compensation for her damaged and stolen possessions as well as a refund for the rent she paid while not living at home.<\/p>\n<p>She also launched a case seeking damages for the mental anguish caused by the whole incident &#8211; the first and only evicted person to have done this. Although she was awarded around 10,000 euros at Split\u2019s municipal court, the county and supreme courts ruled against her, saying the incident would not have had a lasting impact on her mental state.<\/p>\n<p>\u201cHorrible, it was horrible,\u201d she said. \u201cWhat has always bothered me is that they act as if nothing happened here. They suggest that all was well and good; that people were left to live normally, that no one here had a problem.\u201d<\/p>\n<p><strong>\u2018Suddenly I became invisible\u2019<\/strong><\/p>\n<p>Slobodanka Postic, a 71-year-old teacher of English, Polish and Russian, used to work as an interpreter at the JNA\u2019s military academy in Zagreb &#8211; until 1991, when everyone lost their jobs after the academy was taken over by the Croatian defence ministry.<\/p>\n<p>As well as struggling to find a new job, she saw some of her friends and acquaintances turning their backs on her because of her mixed ethnic background.<\/p>\n<p>\u201cI then realised who my friends were, because a number of people simply ceased to see me; suddenly you become invisible,\u201d Postic said.<\/p>\n<p>In 1992, her child went to live with family friends in the Polish city of Cracow. The following year, Postic visited Cracow with her partner and mother, but as soon as she arrived, she got a message saying that some soldiers had broken into her apartment.<\/p>\n<p>She and her partner went back to Zagreb the next morning, but it was too late.<\/p>\n<p>&nbsp;<\/p>\n<\/div>\n<figure id=\"attachment_138603\" aria-describedby=\"caption-attachment-138603\" style=\"width: 527px\" class=\"wp-caption alignnone\"><a href=\"http:\/\/www.recom.link\/wp-content\/uploads\/2016\/04\/Slovenka-Marinkovic-middle-and-Tonci-Majic-right-on-the-press-conference-after-the-eviction.-Photo-curtosy-of-Tonci-Majic.jpg\"><img loading=\"lazy\" decoding=\"async\" class=\"wp-image-138603\" src=\"http:\/\/www.recom.link\/wp-content\/uploads\/2016\/04\/Slovenka-Marinkovic-middle-and-Tonci-Majic-right-on-the-press-conference-after-the-eviction.-Photo-curtosy-of-Tonci-Majic-300x225.jpg\" alt=\"Slovenka Marinkovi\u0107 (u sredini) i Ton\u010di Maji\u0107 (desno) na tiskovnoj konferenciji nakon iseljenja. Fotografiju ustupio Ton\u010di Maji\u0107. - See more at: http:\/\/www.balkaninsight.com\/rs\/article\/neispri%C4%8Dane-pri%C4%8De-ratnih-prisilnih-delo%C5%BEacija-u-hrvatskoj-04-19-2016#sthash.5Kr4vsym.dpuf\" width=\"527\" height=\"395\" srcset=\"https:\/\/www.recom.link\/wp-content\/uploads\/2016\/04\/Slovenka-Marinkovic-middle-and-Tonci-Majic-right-on-the-press-conference-after-the-eviction.-Photo-curtosy-of-Tonci-Majic-300x225.jpg 300w, https:\/\/www.recom.link\/wp-content\/uploads\/2016\/04\/Slovenka-Marinkovic-middle-and-Tonci-Majic-right-on-the-press-conference-after-the-eviction.-Photo-curtosy-of-Tonci-Majic.jpg 640w\" sizes=\"(max-width: 527px) 100vw, 527px\" \/><\/a><figcaption id=\"caption-attachment-138603\" class=\"wp-caption-text\">Slovenka Marinkovic (middle) and Tonci Majic (right) at a press conference after the eviction. Photo courtesy of Tonci Majic.<\/figcaption><\/figure>\n<\/div>\n<\/div>\n<div><\/div>\n<div><\/div>\n<div><\/div>\n<div>\n<div id=\"stcpDiv\">\n<div id=\"stcpDiv\">\n<p>\u201cWe arrived at the apartment during the night; the lock had been changed. We rang the bell and a woman opened it and said that the apartment had been assigned to her,\u201d she said.<\/p>\n<p>She told the woman and some soldiers who were in the apartment that it was hers and that she had no intention of leaving it. A group of seven or eight armed men came and took them inside and started asking questions.<\/p>\n<p>\u201cBecause I translated into Russian and Polish, I had a table over the computer [keyboard] with the Russian and Polish alphabets, with all the letters&#8230; For them, it was a proof that I had encrypted messages,\u201d she said with a little smile.<\/p>\n<p>Postic said she went to the apartment with a document proving she had the right to the tenancy, but the document was taken from her and the police who came later could not enter the property and subsequently said that they had no jurisdiction over the case.<\/p>\n<p>She went to the defence ministry, where a woman who was working there told her: \u201cI would leave Croatia if I were you.\u201dThen while applying for welfare benefits, as she was a single parent without work and a permanent residence, office clerks said that she had to change her address in order to receive mail, which would cause her to lose the tenancy rights to her apartment after six months.<\/p>\n<p>When she was at the municipal court, filing some documents for her case, one court official said to another: \u201cI\u2019ll come back to you once when I am done with this Chetnik woman.\u201d<\/p>\n<p><strong>Mementoes and books lost forever<\/strong><\/p>\n<p>A couple of months after Postic was evicted, a neighbour called her to say that people were taking her things out of the apartment. When she arrived, she saw uniformed men loading her possessions onto trucks.<\/p>\n<p>When she asked them where they were taking them, one of them responded: \u201cMadam, you should be killed, not given a reply about where your things are going.\u201d One soldier then threw her child\u2019s pillow down from her first-floor apartment to taunt her, while another young serviceman stuffed his pockets with her Kinder eggs.<\/p>\n<p>Although she was told that most of the things, including a collection of rare dictionaries that she used for her work, had been taken to a military warehouse, they were not there.<\/p>\n<p>\u201cI spent that summer in someone else\u2019s shoes and clothes, going around antique shops hoping to see one of my books, although I didn\u2019t have a penny&#8230; Years later, with some new bookshelves, I would still lift my arm to where the encyclopaedia or dictionary [that was taken] used to be,\u201d she said sadly.<\/p>\n<p>Postic had no money to pay for lawyers but she was a member of the Civic Committee for Human Rights NGO, which funded her cases against the defence ministry for taking the decision to give temporary use of her apartment to someone else.<\/p>\n<p>In the end, she won the case against the ministry and finally got her apartment back in 2005 &#8211; but she and her daughter lost everything they had there.<\/p>\n<p>\u201cI remember when we got the apartment years later, my child wrote to me from America, where she was studying: \u2018Mum, please just don\u2019t sell the apartment until I see it&#8230;\u2019 And then I remember that when we were selling it, that we stroked the walls of the apartment with our hands,\u201d she said, almost crying.<\/p>\n<p><strong>A 15-year struggle for justice<\/strong><\/p>\n<p>Mirjana Jakopec was a Croat married to a Serb JNA officer, Milutin Jovicevic. Working as a bank clerk in the northern town of Varazdin, she got tenancy of a JNA apartment in the 1960s, which she then gave up so that both of them could get a place together in Zagreb.<\/p>\n<p>&nbsp;<\/p>\n<\/div>\n<figure id=\"attachment_138604\" aria-describedby=\"caption-attachment-138604\" style=\"width: 508px\" class=\"wp-caption alignnone\"><a href=\"http:\/\/www.recom.link\/wp-content\/uploads\/2016\/04\/Crucial-decision-passed-by-administrative-court-in-March-1995.-Photo-curtosy-of-Mirjana-Jakopec.jpg\"><img loading=\"lazy\" decoding=\"async\" class=\"wp-image-138604\" src=\"http:\/\/www.recom.link\/wp-content\/uploads\/2016\/04\/Crucial-decision-passed-by-administrative-court-in-March-1995.-Photo-curtosy-of-Mirjana-Jakopec-300x225.jpg\" alt=\"Klju\u010dna odluka Upravnog suda donijeta u o\u017eujku 1995. godine, kojom se Mirjani Jakopec potvr\u0111uje stanarsko pravo i ukida rje\u0161enje za privremeno kori\u0161tenje stana veteranu Juri Mrkonji. Fotografiju ustupila Mirjana Jakopec.\" width=\"508\" height=\"381\" srcset=\"https:\/\/www.recom.link\/wp-content\/uploads\/2016\/04\/Crucial-decision-passed-by-administrative-court-in-March-1995.-Photo-curtosy-of-Mirjana-Jakopec-300x225.jpg 300w, https:\/\/www.recom.link\/wp-content\/uploads\/2016\/04\/Crucial-decision-passed-by-administrative-court-in-March-1995.-Photo-curtosy-of-Mirjana-Jakopec.jpg 640w\" sizes=\"(max-width: 508px) 100vw, 508px\" \/><\/a><figcaption id=\"caption-attachment-138604\" class=\"wp-caption-text\">The crucial ruling by the administrative court in March 1995, confirming Mirjana Jakopec&#8217;s right to tenancy and nullfying veteran Jure Mrkonja&#8217;s licence for temporary use of her apartment. Photo courtesy of Mirjana Jakopec.<\/figcaption><\/figure>\n<\/div>\n<\/div>\n<div><\/div>\n<div><\/div>\n<div>\n<div id=\"stcpDiv\">\n<div id=\"stcpDiv\">\n<p>Jakopec, who is now 71, divorced Jovicevic in 1990, the year he was moved with the JNA from Zagreb to Belgrade.<\/p>\n<p>As a Croat who was married to a JNA officer, she and her son Jovica were harassed from the early 1990s onwards in Zagreb; one time, ten armed men came to her door in an attempt to intimidate her into leaving.<\/p>\n<p>She claims that the defence ministry never sent any documents saying that her right to the tenancy was being challenged. But when her son came home one day the end of August 1992, he found that the lock had been changed and that someone else &#8211; a war veteran called Jure Mrkonja &#8211; was in the apartment.<\/p>\n<p>When she asked Mrkonja to leave, he refused.<\/p>\n<p>\u201cHe said: \u2018I\u2019ve got nothing to do with you. I\u2019ve got a [tenancy] decision [from the defence ministry], it\u2019s mine,\u2019 he said. I told him: \u2018But it is not yours; they can give away the whole city\u2026 but this is mine,\u2019\u201d she said.<\/p>\n<p>Mrkonja gave her a week to take her things out of the apartment. She went to the police, who said they did not have any jurisdiction over soldiers.<\/p>\n<p>Jakopec later discovered that her right to the tenancy had been waived a month earlier, but she explained that the housing committee at the defence ministry had made two illegal moves while doing so.<\/p>\n<p>First it produced an internal report wrongly saying she was not living there anymore and so the apartment could be given to someone else because they were not the legal tenants. Then it gave a licence for temporary use to Mrkonja, which was later proven to be unconstitutional.<\/p>\n<p>Jakopec spent around 25,000 euros on lawyers, who were able to win her a case at the administrative court in March 1995, which rescinded the decision to revoke the tenancy the previous year.<\/p>\n<p>But the decision was not enforced, and the case then dragged on through the courts for 12 more years.<\/p>\n<p>Finally, one day in December 2005, during one of her occasional walks around the building in which the apartment is located, she saw that there were no lights on. She called her neighbour to ask if there was anybody inside.<\/p>\n<p>&nbsp;<\/p>\n<\/div>\n<figure id=\"attachment_138605\" aria-describedby=\"caption-attachment-138605\" style=\"width: 455px\" class=\"wp-caption alignnone\"><a href=\"http:\/\/www.recom.link\/wp-content\/uploads\/2016\/04\/Mirjana-Jakopec-right-upon-returning-to-her-apartment-in-2005.-Curtosy-of-Mirjana-Jakopec.jpg\"><img loading=\"lazy\" decoding=\"async\" class=\"wp-image-138605\" src=\"http:\/\/www.recom.link\/wp-content\/uploads\/2016\/04\/Mirjana-Jakopec-right-upon-returning-to-her-apartment-in-2005.-Curtosy-of-Mirjana-Jakopec-300x225.jpg\" alt=\"Mirjana Jakopec (desno), nakon \u0161to je 2005. dobila natrag svoj stan. Fotografiju ustupila Mirjana Jakopec. \" width=\"455\" height=\"341\" srcset=\"https:\/\/www.recom.link\/wp-content\/uploads\/2016\/04\/Mirjana-Jakopec-right-upon-returning-to-her-apartment-in-2005.-Curtosy-of-Mirjana-Jakopec-300x225.jpg 300w, https:\/\/www.recom.link\/wp-content\/uploads\/2016\/04\/Mirjana-Jakopec-right-upon-returning-to-her-apartment-in-2005.-Curtosy-of-Mirjana-Jakopec.jpg 640w\" sizes=\"(max-width: 455px) 100vw, 455px\" \/><\/a><figcaption id=\"caption-attachment-138605\" class=\"wp-caption-text\">Mirjana Jakopec (right), after being given back her apartment in 2005. Photo courtesy of Mirjana Jakopec.<\/figcaption><\/figure>\n<\/div>\n<\/div>\n<div><\/div>\n<div><\/div>\n<div><\/div>\n<div>\n<div id=\"stcpDiv\">\n<div id=\"stcpDiv\">\n<p>\u201cHe said to that Mrkonja left and moved out of the apartment,\u201d she said.<\/p>\n<p>\u201cThe lawyer came with me and rang the bell. When there was no reply, he said: \u2018Get into the house.\u2019\u201d<\/p>\n<p>Activist Semina Loncar called a locksmith, telling him that Jakopec had lost the key, while another activist, Zoran Pusic, brought a sofa and two chairs, so it looked like she was already living there. Jakopec took possession immediately and Mrkonja never returned.<\/p>\n<p>Jakopec finally won her case at the municipal court in 2007, ending her 15-year-long struggle to officially restore her tenancy of the apartment, although she had to repay an additional 17,000 euros to the state, plus additional costs for damage to the apartment caused by Mrkonja. Her garage and car, which were both confiscated, were never returned.<\/p>\n<p>\u201cYou know, when my lawyer called and said \u2018we won the case\u2019, I said, \u2018I do not believe you; that is impossible,\u2019\u201d she recalled.<\/p>\n<p>\u201cAfter all the manipulations and the attempts to defeat me, they didn\u2019t succeed. I was stronger,\u201d she added with a smile.<\/p>\n<p>\u201cI am one of the very few who managed to get back into their apartment, but only thanks to the fact that I was persistent.\u201d<\/p>\n<p>&nbsp;<\/p>\n<\/div>\n<\/div>\n<div>(Published <a href=\"http:\/\/www.balkaninsight.com\/en\/article\/untold-stories-of-croatia-s-wartime-forced-evictions-04-19-2016\">BIRN, 20.04.2016.<\/a>)<\/div>\n<div><\/div>\n<\/div>\n","protected":false},"excerpt":{"rendered":"In the first of a two-part series, people who were violently evicted from Yugoslav Army apartments during the 1990s war&#8230; ","protected":false},"author":8,"featured_media":138603,"comment_status":"closed","ping_status":"closed","sticky":false,"template":"","format":"standard","meta":{"_acf_changed":false,"footnotes":""},"categories":[594],"tags":[],"class_list":["post-138610","post","type-post","status-publish","format-standard","has-post-thumbnail","hentry","category-transitional-justice"],"acf":[],"yoast_head":"<!-- This site is optimized with the Yoast SEO plugin v25.6 - https:\/\/yoast.com\/wordpress\/plugins\/seo\/ -->\n<title>Untold Stories of Croatia\u2019s Wartime Forced Evictions - REKOM ~ KOMRA ~ RECOM<\/title>\n<meta name=\"robots\" content=\"index, follow, max-snippet:-1, max-image-preview:large, max-video-preview:-1\" \/>\n<link rel=\"canonical\" href=\"https:\/\/www.recom.link\/en\/neispricane-price-o-proterivanjima-porodica-vojnih-lica\/\" \/>\n<meta property=\"og:locale\" content=\"en_US\" \/>\n<meta property=\"og:type\" content=\"article\" \/>\n<meta property=\"og:title\" content=\"Untold Stories of Croatia\u2019s Wartime Forced Evictions - REKOM ~ KOMRA ~ RECOM\" \/>\n<meta property=\"og:description\" content=\"In the first of a two-part series, people who were violently evicted from Yugoslav Army apartments during the 1990s war...\" \/>\n<meta property=\"og:url\" content=\"https:\/\/www.recom.link\/en\/neispricane-price-o-proterivanjima-porodica-vojnih-lica\/\" \/>\n<meta property=\"og:site_name\" content=\"REKOM ~ KOMRA ~ RECOM\" \/>\n<meta property=\"article:publisher\" content=\"https:\/\/www.facebook.com\/ZaREKOM.PerKOMRA.ForRECOM\/\" \/>\n<meta property=\"article:published_time\" content=\"2016-04-20T10:35:26+00:00\" \/>\n<meta property=\"article:modified_time\" content=\"2016-04-20T11:01:36+00:00\" \/>\n<meta property=\"og:image\" content=\"https:\/\/www.recom.link\/wp-content\/uploads\/2016\/04\/Slovenka-Marinkovic-middle-and-Tonci-Majic-right-on-the-press-conference-after-the-eviction.-Photo-curtosy-of-Tonci-Majic.jpg\" \/>\n\t<meta property=\"og:image:width\" content=\"640\" \/>\n\t<meta property=\"og:image:height\" content=\"480\" \/>\n\t<meta property=\"og:image:type\" content=\"image\/jpeg\" \/>\n<meta name=\"author\" content=\"Recom Editor\" \/>\n<meta name=\"twitter:card\" content=\"summary_large_image\" \/>\n<meta name=\"twitter:creator\" content=\"@REKOM_KOMRA\" \/>\n<meta name=\"twitter:site\" content=\"@REKOM_KOMRA\" \/>\n<meta name=\"twitter:label1\" content=\"Written by\" \/>\n\t<meta name=\"twitter:data1\" content=\"Recom Editor\" \/>\n\t<meta name=\"twitter:label2\" content=\"Est. reading time\" \/>\n\t<meta name=\"twitter:data2\" content=\"13 minutes\" \/>\n<script type=\"application\/ld+json\" class=\"yoast-schema-graph\">{\"@context\":\"https:\/\/schema.org\",\"@graph\":[{\"@type\":\"WebPage\",\"@id\":\"https:\/\/www.recom.link\/en\/neispricane-price-o-proterivanjima-porodica-vojnih-lica\/\",\"url\":\"https:\/\/www.recom.link\/en\/neispricane-price-o-proterivanjima-porodica-vojnih-lica\/\",\"name\":\"Untold Stories of Croatia\u2019s Wartime Forced Evictions - REKOM ~ KOMRA ~ RECOM\",\"isPartOf\":{\"@id\":\"https:\/\/www.recom.link\/en\/#website\"},\"primaryImageOfPage\":{\"@id\":\"https:\/\/www.recom.link\/en\/neispricane-price-o-proterivanjima-porodica-vojnih-lica\/#primaryimage\"},\"image\":{\"@id\":\"https:\/\/www.recom.link\/en\/neispricane-price-o-proterivanjima-porodica-vojnih-lica\/#primaryimage\"},\"thumbnailUrl\":\"https:\/\/www.recom.link\/wp-content\/uploads\/2016\/04\/Slovenka-Marinkovic-middle-and-Tonci-Majic-right-on-the-press-conference-after-the-eviction.-Photo-curtosy-of-Tonci-Majic.jpg\",\"datePublished\":\"2016-04-20T10:35:26+00:00\",\"dateModified\":\"2016-04-20T11:01:36+00:00\",\"author\":{\"@id\":\"https:\/\/www.recom.link\/en\/#\/schema\/person\/0b0fce47cdf986c8b4194146b69999a3\"},\"breadcrumb\":{\"@id\":\"https:\/\/www.recom.link\/en\/neispricane-price-o-proterivanjima-porodica-vojnih-lica\/#breadcrumb\"},\"inLanguage\":\"en-US\",\"potentialAction\":[{\"@type\":\"ReadAction\",\"target\":[\"https:\/\/www.recom.link\/en\/neispricane-price-o-proterivanjima-porodica-vojnih-lica\/\"]}]},{\"@type\":\"ImageObject\",\"inLanguage\":\"en-US\",\"@id\":\"https:\/\/www.recom.link\/en\/neispricane-price-o-proterivanjima-porodica-vojnih-lica\/#primaryimage\",\"url\":\"https:\/\/www.recom.link\/wp-content\/uploads\/2016\/04\/Slovenka-Marinkovic-middle-and-Tonci-Majic-right-on-the-press-conference-after-the-eviction.-Photo-curtosy-of-Tonci-Majic.jpg\",\"contentUrl\":\"https:\/\/www.recom.link\/wp-content\/uploads\/2016\/04\/Slovenka-Marinkovic-middle-and-Tonci-Majic-right-on-the-press-conference-after-the-eviction.-Photo-curtosy-of-Tonci-Majic.jpg\",\"width\":640,\"height\":480,\"caption\":\"Slovenka Marinkovi\u0107 (u sredini) i Ton\u010di Maji\u0107 (desno) na tiskovnoj konferenciji nakon iseljenja. Fotografiju ustupio Ton\u010di Maji\u0107. - See more at: http:\/\/www.balkaninsight.com\/rs\/article\/neispri%C4%8Dane-pri%C4%8De-ratnih-prisilnih-delo%C5%BEacija-u-hrvatskoj-04-19-2016#sthash.5Kr4vsym.dpuf\"},{\"@type\":\"BreadcrumbList\",\"@id\":\"https:\/\/www.recom.link\/en\/neispricane-price-o-proterivanjima-porodica-vojnih-lica\/#breadcrumb\",\"itemListElement\":[{\"@type\":\"ListItem\",\"position\":1,\"name\":\"Home\",\"item\":\"https:\/\/www.recom.link\/en\/\"},{\"@type\":\"ListItem\",\"position\":2,\"name\":\"Untold Stories of Croatia\u2019s Wartime Forced Evictions\"}]},{\"@type\":\"WebSite\",\"@id\":\"https:\/\/www.recom.link\/en\/#website\",\"url\":\"https:\/\/www.recom.link\/en\/\",\"name\":\"REKOM ~ KOMRA ~ RECOM\",\"description\":\"\",\"potentialAction\":[{\"@type\":\"SearchAction\",\"target\":{\"@type\":\"EntryPoint\",\"urlTemplate\":\"https:\/\/www.recom.link\/en\/?s={search_term_string}\"},\"query-input\":{\"@type\":\"PropertyValueSpecification\",\"valueRequired\":true,\"valueName\":\"search_term_string\"}}],\"inLanguage\":\"en-US\"},{\"@type\":\"Person\",\"@id\":\"https:\/\/www.recom.link\/en\/#\/schema\/person\/0b0fce47cdf986c8b4194146b69999a3\",\"name\":\"Recom Editor\",\"image\":{\"@type\":\"ImageObject\",\"inLanguage\":\"en-US\",\"@id\":\"https:\/\/www.recom.link\/en\/#\/schema\/person\/image\/\",\"url\":\"https:\/\/secure.gravatar.com\/avatar\/b345ee03975bccfc62280b0fd1ffd916?s=96&d=mm&r=g\",\"contentUrl\":\"https:\/\/secure.gravatar.com\/avatar\/b345ee03975bccfc62280b0fd1ffd916?s=96&d=mm&r=g\",\"caption\":\"Recom Editor\"},\"url\":\"https:\/\/www.recom.link\/en\/author\/jelanag\/\"}]}<\/script>\n<!-- \/ Yoast SEO plugin. -->","yoast_head_json":{"title":"Untold Stories of Croatia\u2019s Wartime Forced Evictions - REKOM ~ KOMRA ~ RECOM","robots":{"index":"index","follow":"follow","max-snippet":"max-snippet:-1","max-image-preview":"max-image-preview:large","max-video-preview":"max-video-preview:-1"},"canonical":"https:\/\/www.recom.link\/en\/neispricane-price-o-proterivanjima-porodica-vojnih-lica\/","og_locale":"en_US","og_type":"article","og_title":"Untold Stories of Croatia\u2019s Wartime Forced Evictions - REKOM ~ KOMRA ~ RECOM","og_description":"In the first of a two-part series, people who were violently evicted from Yugoslav Army apartments during the 1990s war...","og_url":"https:\/\/www.recom.link\/en\/neispricane-price-o-proterivanjima-porodica-vojnih-lica\/","og_site_name":"REKOM ~ KOMRA ~ RECOM","article_publisher":"https:\/\/www.facebook.com\/ZaREKOM.PerKOMRA.ForRECOM\/","article_published_time":"2016-04-20T10:35:26+00:00","article_modified_time":"2016-04-20T11:01:36+00:00","og_image":[{"width":640,"height":480,"url":"https:\/\/www.recom.link\/wp-content\/uploads\/2016\/04\/Slovenka-Marinkovic-middle-and-Tonci-Majic-right-on-the-press-conference-after-the-eviction.-Photo-curtosy-of-Tonci-Majic.jpg","type":"image\/jpeg"}],"author":"Recom Editor","twitter_card":"summary_large_image","twitter_creator":"@REKOM_KOMRA","twitter_site":"@REKOM_KOMRA","twitter_misc":{"Written by":"Recom Editor","Est. reading time":"13 minutes"},"schema":{"@context":"https:\/\/schema.org","@graph":[{"@type":"WebPage","@id":"https:\/\/www.recom.link\/en\/neispricane-price-o-proterivanjima-porodica-vojnih-lica\/","url":"https:\/\/www.recom.link\/en\/neispricane-price-o-proterivanjima-porodica-vojnih-lica\/","name":"Untold Stories of Croatia\u2019s Wartime Forced Evictions - REKOM ~ KOMRA ~ RECOM","isPartOf":{"@id":"https:\/\/www.recom.link\/en\/#website"},"primaryImageOfPage":{"@id":"https:\/\/www.recom.link\/en\/neispricane-price-o-proterivanjima-porodica-vojnih-lica\/#primaryimage"},"image":{"@id":"https:\/\/www.recom.link\/en\/neispricane-price-o-proterivanjima-porodica-vojnih-lica\/#primaryimage"},"thumbnailUrl":"https:\/\/www.recom.link\/wp-content\/uploads\/2016\/04\/Slovenka-Marinkovic-middle-and-Tonci-Majic-right-on-the-press-conference-after-the-eviction.-Photo-curtosy-of-Tonci-Majic.jpg","datePublished":"2016-04-20T10:35:26+00:00","dateModified":"2016-04-20T11:01:36+00:00","author":{"@id":"https:\/\/www.recom.link\/en\/#\/schema\/person\/0b0fce47cdf986c8b4194146b69999a3"},"breadcrumb":{"@id":"https:\/\/www.recom.link\/en\/neispricane-price-o-proterivanjima-porodica-vojnih-lica\/#breadcrumb"},"inLanguage":"en-US","potentialAction":[{"@type":"ReadAction","target":["https:\/\/www.recom.link\/en\/neispricane-price-o-proterivanjima-porodica-vojnih-lica\/"]}]},{"@type":"ImageObject","inLanguage":"en-US","@id":"https:\/\/www.recom.link\/en\/neispricane-price-o-proterivanjima-porodica-vojnih-lica\/#primaryimage","url":"https:\/\/www.recom.link\/wp-content\/uploads\/2016\/04\/Slovenka-Marinkovic-middle-and-Tonci-Majic-right-on-the-press-conference-after-the-eviction.-Photo-curtosy-of-Tonci-Majic.jpg","contentUrl":"https:\/\/www.recom.link\/wp-content\/uploads\/2016\/04\/Slovenka-Marinkovic-middle-and-Tonci-Majic-right-on-the-press-conference-after-the-eviction.-Photo-curtosy-of-Tonci-Majic.jpg","width":640,"height":480,"caption":"Slovenka Marinkovi\u0107 (u sredini) i Ton\u010di Maji\u0107 (desno) na tiskovnoj konferenciji nakon iseljenja. Fotografiju ustupio Ton\u010di Maji\u0107. - See more at: http:\/\/www.balkaninsight.com\/rs\/article\/neispri%C4%8Dane-pri%C4%8De-ratnih-prisilnih-delo%C5%BEacija-u-hrvatskoj-04-19-2016#sthash.5Kr4vsym.dpuf"},{"@type":"BreadcrumbList","@id":"https:\/\/www.recom.link\/en\/neispricane-price-o-proterivanjima-porodica-vojnih-lica\/#breadcrumb","itemListElement":[{"@type":"ListItem","position":1,"name":"Home","item":"https:\/\/www.recom.link\/en\/"},{"@type":"ListItem","position":2,"name":"Untold Stories of Croatia\u2019s Wartime Forced Evictions"}]},{"@type":"WebSite","@id":"https:\/\/www.recom.link\/en\/#website","url":"https:\/\/www.recom.link\/en\/","name":"REKOM ~ KOMRA ~ RECOM","description":"","potentialAction":[{"@type":"SearchAction","target":{"@type":"EntryPoint","urlTemplate":"https:\/\/www.recom.link\/en\/?s={search_term_string}"},"query-input":{"@type":"PropertyValueSpecification","valueRequired":true,"valueName":"search_term_string"}}],"inLanguage":"en-US"},{"@type":"Person","@id":"https:\/\/www.recom.link\/en\/#\/schema\/person\/0b0fce47cdf986c8b4194146b69999a3","name":"Recom Editor","image":{"@type":"ImageObject","inLanguage":"en-US","@id":"https:\/\/www.recom.link\/en\/#\/schema\/person\/image\/","url":"https:\/\/secure.gravatar.com\/avatar\/b345ee03975bccfc62280b0fd1ffd916?s=96&d=mm&r=g","contentUrl":"https:\/\/secure.gravatar.com\/avatar\/b345ee03975bccfc62280b0fd1ffd916?s=96&d=mm&r=g","caption":"Recom Editor"},"url":"https:\/\/www.recom.link\/en\/author\/jelanag\/"}]}},"_links":{"self":[{"href":"https:\/\/www.recom.link\/en\/wp-json\/wp\/v2\/posts\/138610"}],"collection":[{"href":"https:\/\/www.recom.link\/en\/wp-json\/wp\/v2\/posts"}],"about":[{"href":"https:\/\/www.recom.link\/en\/wp-json\/wp\/v2\/types\/post"}],"author":[{"embeddable":true,"href":"https:\/\/www.recom.link\/en\/wp-json\/wp\/v2\/users\/8"}],"replies":[{"embeddable":true,"href":"https:\/\/www.recom.link\/en\/wp-json\/wp\/v2\/comments?post=138610"}],"version-history":[{"count":4,"href":"https:\/\/www.recom.link\/en\/wp-json\/wp\/v2\/posts\/138610\/revisions"}],"predecessor-version":[{"id":138618,"href":"https:\/\/www.recom.link\/en\/wp-json\/wp\/v2\/posts\/138610\/revisions\/138618"}],"wp:featuredmedia":[{"embeddable":true,"href":"https:\/\/www.recom.link\/en\/wp-json\/wp\/v2\/media\/138603"}],"wp:attachment":[{"href":"https:\/\/www.recom.link\/en\/wp-json\/wp\/v2\/media?parent=138610"}],"wp:term":[{"taxonomy":"category","embeddable":true,"href":"https:\/\/www.recom.link\/en\/wp-json\/wp\/v2\/categories?post=138610"},{"taxonomy":"post_tag","embeddable":true,"href":"https:\/\/www.recom.link\/en\/wp-json\/wp\/v2\/tags?post=138610"}],"curies":[{"name":"wp","href":"https:\/\/api.w.org\/{rel}","templated":true}]}}