{"id":64848,"date":"2011-05-23T00:00:00","date_gmt":"2011-05-23T00:00:00","guid":{"rendered":"http:\/\/www.recom.link\/politicka-podrska-inicijativi-za-rekom-u-crnoj-gori-4\/"},"modified":"2015-03-20T16:05:11","modified_gmt":"2015-03-20T15:05:11","slug":"politicka-podrska-inicijativi-za-rekom-u-crnoj-gori-4","status":"publish","type":"post","link":"https:\/\/www.recom.link\/bhsc\/politicka-podrska-inicijativi-za-rekom-u-crnoj-gori-4\/","title":{"rendered":"Politi\u010dka podr\u0161ka Inicijativi za REKOM u Crnoj Gori"},"content":{"rendered":"<p><a href=\"http:\/\/www.recom.link\/wp-content\/uploads\/2011\/11\/t_REKOM-znak-mali1.jpg\"><img loading=\"lazy\" decoding=\"async\" class=\"alignnone  wp-image-128264\" src=\"http:\/\/www.recom.link\/wp-content\/uploads\/2011\/11\/t_REKOM-znak-mali1.jpg\" alt=\"t_REKOM-znak-mali\" width=\"156\" height=\"155\" \/><\/a><\/p>\n<p>Crna Gora nedvosmisleno je pokazala da prepoznaje zna\u010daj Inicijative za REKOM \u0161to je potvr\u0111eno podr\u0161kom za osnivanje REKOM-a <span style=\"color: #ff8c00;\">predsednika Filipa Vujanovi\u0107a,<\/span> dok je <span style=\"color: #ff8c00;\">predsednik Vlade dr Igor Luk\u0161i<\/span>\u0107 svoju podr\u0161ku demonstrirao i javno dav\u0161i svoj potpis za REKOM.<\/p>\n<p>\u201cSvjestan \u010dinjenice da je potreba na\u0161ih dru\u0161tava za suo\u010davanjem s pro\u0161lo\u0161\u0107u zasnovanim na \u010dinjenicama i dokazima, smatram da bi osnivanje regionalne i nezavisne komisije bilo vrijedno za proces pomirenja na prostoru Zapadnog Balkana. Uvjeren sam da komisija mo\u017ee poslu\u017eiti kao dobra osnova za zajedni\u010dko razumijevanje pro\u0161losti \u0161to je klju\u010dno za za pomirenje u regionu. Upravo zbog toga je va\u017eno da se veliki broj gra\u0111ana Crne Gore ali i \u010ditavog regiona aktivno uklju\u010dio u podr\u0161ku inicijativi i nadam se da \u0107e nadle\u017eni organi svih dr\u017eava na prostoru biv\u0161e Jugoslavije dati svoju punu podr\u0161ku i pomo\u0107i osnivanje Komisije\u201d, rekao je Luk\u0161i\u0107.<\/p>\n<p>Osim toga REKOM je u Crnoj Gori podr\u017eao i <span style=\"color: #ff8c00;\">Parlament Republike Crne Gore 30. juna 2010.<\/span><\/p>\n<p>Predstavnici Koalicije za REKOM u Crnoj Gori razgovarali su u Podgorici sa predsednikom poslani\u010dkog kluba albanskih partija, <strong>Amirom Hollajem<\/strong>. Inicijativa dobila punu podr\u0161ku albanskih partija. <strong>Hollaj<\/strong> je, kao predsednik kluba poslanika, istakao da je njihov stav po ovom pitanju jedinstven, i da su ciljevi koje bi REKOM trebalo da ostvari vi\u0161e nego potrebni na\u0161im dru\u0161tvima. Podse\u0107aju\u0107i koliko je va\u017eno ne zaboraviti ono \u0161to se de\u0161avalo ratnih devedesetih, kazao je da je to teret koji se ne sme ostaviti budu\u0107im generacijama, i da na\u0161a dru\u0161tva upravo njima duguju istinsko suo\u010davanje sa pro\u0161lo\u0161\u0107u.<\/p>\n<p>Osnivanje REKOM-a ranije su podr\u017eali i poslani\u010dki klubovi Socijaldemokratske partije, Bo\u0161nja\u010dke stranke, Socijalisti\u010dke narodne partije, Nove srpske demokratije i Demokratske partije socijalista.<\/p>\n","protected":false},"excerpt":{"rendered":"<p>Crna Gora nedvosmisleno je pokazala da prepoznaje zna\u010daj Inicijative za REKOM \u0161to je potvr\u0111eno podr\u0161kom za osnivanje REKOM-a <span style=\"color: rgb(255, 140, 0);\">predsednika Filipa Vujanovi\u0107a,<\/span> dok je<span style=\"color: rgb(255, 140, 0);\"> predsednik Vlade dr Igor Luk\u0161i\u0107<\/span> svoju podr\u0161ku demonstrirao i javno dav\u0161i svoj potpis za REKOM.<\/p>","protected":false},"author":8,"featured_media":56713,"comment_status":"closed","ping_status":"closed","sticky":false,"template":"","format":"standard","meta":{"_acf_changed":false,"footnotes":""},"categories":[422],"tags":[],"class_list":["post-64848","post","type-post","status-publish","format-standard","has-post-thumbnail","hentry","category-vesti-bhsc"],"acf":[],"yoast_head":"<!-- This site is optimized with the Yoast SEO plugin v25.6 - https:\/\/yoast.com\/wordpress\/plugins\/seo\/ -->\n<title>Politi\u010dka podr\u0161ka Inicijativi za REKOM u Crnoj Gori - REKOM ~ KOMRA ~ RECOM<\/title>\n<meta name=\"robots\" content=\"index, follow, max-snippet:-1, max-image-preview:large, max-video-preview:-1\" \/>\n<link rel=\"canonical\" href=\"https:\/\/www.recom.link\/bhsc\/politicka-podrska-inicijativi-za-rekom-u-crnoj-gori-4\/\" \/>\n<meta property=\"og:locale\" content=\"en_US\" \/>\n<meta property=\"og:type\" content=\"article\" \/>\n<meta property=\"og:title\" content=\"Politi\u010dka podr\u0161ka Inicijativi za REKOM u Crnoj Gori - REKOM ~ KOMRA ~ RECOM\" \/>\n<meta property=\"og:description\" content=\"Crna Gora nedvosmisleno je pokazala da prepoznaje zna\u010daj Inicijative za REKOM \u0161to je potvr\u0111eno podr\u0161kom za osnivanje REKOM-a predsednika Filipa Vujanovi\u0107a, dok je predsednik Vlade dr Igor Luk\u0161i\u0107 svoju podr\u0161ku demonstrirao i javno dav\u0161i svoj potpis za REKOM.\" \/>\n<meta property=\"og:url\" content=\"https:\/\/www.recom.link\/bhsc\/politicka-podrska-inicijativi-za-rekom-u-crnoj-gori-4\/\" \/>\n<meta property=\"og:site_name\" content=\"REKOM ~ KOMRA ~ RECOM\" \/>\n<meta property=\"article:publisher\" content=\"https:\/\/www.facebook.com\/ZaREKOM.PerKOMRA.ForRECOM\/\" \/>\n<meta property=\"article:published_time\" content=\"2011-05-23T00:00:00+00:00\" \/>\n<meta property=\"article:modified_time\" content=\"2015-03-20T15:05:11+00:00\" \/>\n<meta property=\"og:image\" content=\"https:\/\/www.recom.link\/wp-content\/uploads\/2014\/06\/t_1.jpg\" \/>\n\t<meta property=\"og:image:width\" content=\"800\" \/>\n\t<meta property=\"og:image:height\" content=\"535\" \/>\n\t<meta property=\"og:image:type\" content=\"image\/jpeg\" \/>\n<meta name=\"author\" content=\"Recom Editor\" \/>\n<meta name=\"twitter:card\" content=\"summary_large_image\" \/>\n<meta name=\"twitter:creator\" content=\"@REKOM_KOMRA\" \/>\n<meta name=\"twitter:site\" content=\"@REKOM_KOMRA\" \/>\n<meta name=\"twitter:label1\" content=\"Written by\" \/>\n\t<meta name=\"twitter:data1\" content=\"Recom Editor\" \/>\n\t<meta name=\"twitter:label2\" content=\"Est. reading time\" \/>\n\t<meta name=\"twitter:data2\" content=\"2 minutes\" \/>\n<script type=\"application\/ld+json\" class=\"yoast-schema-graph\">{\"@context\":\"https:\/\/schema.org\",\"@graph\":[{\"@type\":\"WebPage\",\"@id\":\"https:\/\/www.recom.link\/bhsc\/politicka-podrska-inicijativi-za-rekom-u-crnoj-gori-4\/\",\"url\":\"https:\/\/www.recom.link\/bhsc\/politicka-podrska-inicijativi-za-rekom-u-crnoj-gori-4\/\",\"name\":\"Politi\u010dka podr\u0161ka Inicijativi za REKOM u Crnoj Gori - REKOM ~ KOMRA ~ RECOM\",\"isPartOf\":{\"@id\":\"https:\/\/www.recom.link\/en\/#website\"},\"primaryImageOfPage\":{\"@id\":\"https:\/\/www.recom.link\/bhsc\/politicka-podrska-inicijativi-za-rekom-u-crnoj-gori-4\/#primaryimage\"},\"image\":{\"@id\":\"https:\/\/www.recom.link\/bhsc\/politicka-podrska-inicijativi-za-rekom-u-crnoj-gori-4\/#primaryimage\"},\"thumbnailUrl\":\"https:\/\/www.recom.link\/wp-content\/uploads\/2014\/06\/t_1.jpg\",\"datePublished\":\"2011-05-23T00:00:00+00:00\",\"dateModified\":\"2015-03-20T15:05:11+00:00\",\"author\":{\"@id\":\"https:\/\/www.recom.link\/en\/#\/schema\/person\/0b0fce47cdf986c8b4194146b69999a3\"},\"breadcrumb\":{\"@id\":\"https:\/\/www.recom.link\/bhsc\/politicka-podrska-inicijativi-za-rekom-u-crnoj-gori-4\/#breadcrumb\"},\"inLanguage\":\"bhsc\",\"potentialAction\":[{\"@type\":\"ReadAction\",\"target\":[\"https:\/\/www.recom.link\/bhsc\/politicka-podrska-inicijativi-za-rekom-u-crnoj-gori-4\/\"]}]},{\"@type\":\"ImageObject\",\"inLanguage\":\"bhsc\",\"@id\":\"https:\/\/www.recom.link\/bhsc\/politicka-podrska-inicijativi-za-rekom-u-crnoj-gori-4\/#primaryimage\",\"url\":\"https:\/\/www.recom.link\/wp-content\/uploads\/2014\/06\/t_1.jpg\",\"contentUrl\":\"https:\/\/www.recom.link\/wp-content\/uploads\/2014\/06\/t_1.jpg\",\"width\":800,\"height\":535},{\"@type\":\"BreadcrumbList\",\"@id\":\"https:\/\/www.recom.link\/bhsc\/politicka-podrska-inicijativi-za-rekom-u-crnoj-gori-4\/#breadcrumb\",\"itemListElement\":[{\"@type\":\"ListItem\",\"position\":1,\"name\":\"Home\",\"item\":\"https:\/\/www.recom.link\/en\/\"},{\"@type\":\"ListItem\",\"position\":2,\"name\":\"Politi\u010dka podr\u0161ka Inicijativi za REKOM u Crnoj Gori\"}]},{\"@type\":\"WebSite\",\"@id\":\"https:\/\/www.recom.link\/en\/#website\",\"url\":\"https:\/\/www.recom.link\/en\/\",\"name\":\"REKOM ~ KOMRA ~ RECOM\",\"description\":\"\",\"potentialAction\":[{\"@type\":\"SearchAction\",\"target\":{\"@type\":\"EntryPoint\",\"urlTemplate\":\"https:\/\/www.recom.link\/en\/?s={search_term_string}\"},\"query-input\":{\"@type\":\"PropertyValueSpecification\",\"valueRequired\":true,\"valueName\":\"search_term_string\"}}],\"inLanguage\":\"bhsc\"},{\"@type\":\"Person\",\"@id\":\"https:\/\/www.recom.link\/en\/#\/schema\/person\/0b0fce47cdf986c8b4194146b69999a3\",\"name\":\"Recom Editor\",\"image\":{\"@type\":\"ImageObject\",\"inLanguage\":\"bhsc\",\"@id\":\"https:\/\/www.recom.link\/en\/#\/schema\/person\/image\/\",\"url\":\"https:\/\/secure.gravatar.com\/avatar\/b345ee03975bccfc62280b0fd1ffd916?s=96&d=mm&r=g\",\"contentUrl\":\"https:\/\/secure.gravatar.com\/avatar\/b345ee03975bccfc62280b0fd1ffd916?s=96&d=mm&r=g\",\"caption\":\"Recom Editor\"},\"url\":\"https:\/\/www.recom.link\/bhsc\/author\/jelanag\/\"}]}<\/script>\n<!-- \/ Yoast SEO plugin. -->","yoast_head_json":{"title":"Politi\u010dka podr\u0161ka Inicijativi za REKOM u Crnoj Gori - REKOM ~ KOMRA ~ RECOM","robots":{"index":"index","follow":"follow","max-snippet":"max-snippet:-1","max-image-preview":"max-image-preview:large","max-video-preview":"max-video-preview:-1"},"canonical":"https:\/\/www.recom.link\/bhsc\/politicka-podrska-inicijativi-za-rekom-u-crnoj-gori-4\/","og_locale":"en_US","og_type":"article","og_title":"Politi\u010dka podr\u0161ka Inicijativi za REKOM u Crnoj Gori - REKOM ~ KOMRA ~ RECOM","og_description":"Crna Gora nedvosmisleno je pokazala da prepoznaje zna\u010daj Inicijative za REKOM \u0161to je potvr\u0111eno podr\u0161kom za osnivanje REKOM-a predsednika Filipa Vujanovi\u0107a, dok je predsednik Vlade dr Igor Luk\u0161i\u0107 svoju podr\u0161ku demonstrirao i javno dav\u0161i svoj potpis za REKOM.","og_url":"https:\/\/www.recom.link\/bhsc\/politicka-podrska-inicijativi-za-rekom-u-crnoj-gori-4\/","og_site_name":"REKOM ~ KOMRA ~ RECOM","article_publisher":"https:\/\/www.facebook.com\/ZaREKOM.PerKOMRA.ForRECOM\/","article_published_time":"2011-05-23T00:00:00+00:00","article_modified_time":"2015-03-20T15:05:11+00:00","og_image":[{"width":800,"height":535,"url":"https:\/\/www.recom.link\/wp-content\/uploads\/2014\/06\/t_1.jpg","type":"image\/jpeg"}],"author":"Recom Editor","twitter_card":"summary_large_image","twitter_creator":"@REKOM_KOMRA","twitter_site":"@REKOM_KOMRA","twitter_misc":{"Written by":"Recom Editor","Est. reading time":"2 minutes"},"schema":{"@context":"https:\/\/schema.org","@graph":[{"@type":"WebPage","@id":"https:\/\/www.recom.link\/bhsc\/politicka-podrska-inicijativi-za-rekom-u-crnoj-gori-4\/","url":"https:\/\/www.recom.link\/bhsc\/politicka-podrska-inicijativi-za-rekom-u-crnoj-gori-4\/","name":"Politi\u010dka podr\u0161ka Inicijativi za REKOM u Crnoj Gori - REKOM ~ KOMRA ~ RECOM","isPartOf":{"@id":"https:\/\/www.recom.link\/en\/#website"},"primaryImageOfPage":{"@id":"https:\/\/www.recom.link\/bhsc\/politicka-podrska-inicijativi-za-rekom-u-crnoj-gori-4\/#primaryimage"},"image":{"@id":"https:\/\/www.recom.link\/bhsc\/politicka-podrska-inicijativi-za-rekom-u-crnoj-gori-4\/#primaryimage"},"thumbnailUrl":"https:\/\/www.recom.link\/wp-content\/uploads\/2014\/06\/t_1.jpg","datePublished":"2011-05-23T00:00:00+00:00","dateModified":"2015-03-20T15:05:11+00:00","author":{"@id":"https:\/\/www.recom.link\/en\/#\/schema\/person\/0b0fce47cdf986c8b4194146b69999a3"},"breadcrumb":{"@id":"https:\/\/www.recom.link\/bhsc\/politicka-podrska-inicijativi-za-rekom-u-crnoj-gori-4\/#breadcrumb"},"inLanguage":"bhsc","potentialAction":[{"@type":"ReadAction","target":["https:\/\/www.recom.link\/bhsc\/politicka-podrska-inicijativi-za-rekom-u-crnoj-gori-4\/"]}]},{"@type":"ImageObject","inLanguage":"bhsc","@id":"https:\/\/www.recom.link\/bhsc\/politicka-podrska-inicijativi-za-rekom-u-crnoj-gori-4\/#primaryimage","url":"https:\/\/www.recom.link\/wp-content\/uploads\/2014\/06\/t_1.jpg","contentUrl":"https:\/\/www.recom.link\/wp-content\/uploads\/2014\/06\/t_1.jpg","width":800,"height":535},{"@type":"BreadcrumbList","@id":"https:\/\/www.recom.link\/bhsc\/politicka-podrska-inicijativi-za-rekom-u-crnoj-gori-4\/#breadcrumb","itemListElement":[{"@type":"ListItem","position":1,"name":"Home","item":"https:\/\/www.recom.link\/en\/"},{"@type":"ListItem","position":2,"name":"Politi\u010dka podr\u0161ka Inicijativi za REKOM u Crnoj Gori"}]},{"@type":"WebSite","@id":"https:\/\/www.recom.link\/en\/#website","url":"https:\/\/www.recom.link\/en\/","name":"REKOM ~ KOMRA ~ RECOM","description":"","potentialAction":[{"@type":"SearchAction","target":{"@type":"EntryPoint","urlTemplate":"https:\/\/www.recom.link\/en\/?s={search_term_string}"},"query-input":{"@type":"PropertyValueSpecification","valueRequired":true,"valueName":"search_term_string"}}],"inLanguage":"bhsc"},{"@type":"Person","@id":"https:\/\/www.recom.link\/en\/#\/schema\/person\/0b0fce47cdf986c8b4194146b69999a3","name":"Recom Editor","image":{"@type":"ImageObject","inLanguage":"bhsc","@id":"https:\/\/www.recom.link\/en\/#\/schema\/person\/image\/","url":"https:\/\/secure.gravatar.com\/avatar\/b345ee03975bccfc62280b0fd1ffd916?s=96&d=mm&r=g","contentUrl":"https:\/\/secure.gravatar.com\/avatar\/b345ee03975bccfc62280b0fd1ffd916?s=96&d=mm&r=g","caption":"Recom Editor"},"url":"https:\/\/www.recom.link\/bhsc\/author\/jelanag\/"}]}},"_links":{"self":[{"href":"https:\/\/www.recom.link\/bhsc\/wp-json\/wp\/v2\/posts\/64848"}],"collection":[{"href":"https:\/\/www.recom.link\/bhsc\/wp-json\/wp\/v2\/posts"}],"about":[{"href":"https:\/\/www.recom.link\/bhsc\/wp-json\/wp\/v2\/types\/post"}],"author":[{"embeddable":true,"href":"https:\/\/www.recom.link\/bhsc\/wp-json\/wp\/v2\/users\/8"}],"replies":[{"embeddable":true,"href":"https:\/\/www.recom.link\/bhsc\/wp-json\/wp\/v2\/comments?post=64848"}],"version-history":[{"count":1,"href":"https:\/\/www.recom.link\/bhsc\/wp-json\/wp\/v2\/posts\/64848\/revisions"}],"predecessor-version":[{"id":128729,"href":"https:\/\/www.recom.link\/bhsc\/wp-json\/wp\/v2\/posts\/64848\/revisions\/128729"}],"wp:featuredmedia":[{"embeddable":true,"href":"https:\/\/www.recom.link\/bhsc\/wp-json\/wp\/v2\/media\/56713"}],"wp:attachment":[{"href":"https:\/\/www.recom.link\/bhsc\/wp-json\/wp\/v2\/media?parent=64848"}],"wp:term":[{"taxonomy":"category","embeddable":true,"href":"https:\/\/www.recom.link\/bhsc\/wp-json\/wp\/v2\/categories?post=64848"},{"taxonomy":"post_tag","embeddable":true,"href":"https:\/\/www.recom.link\/bhsc\/wp-json\/wp\/v2\/tags?post=64848"}],"curies":[{"name":"wp","href":"https:\/\/api.w.org\/{rel}","templated":true}]}}