{"id":64844,"date":"2011-05-23T00:00:00","date_gmt":"2011-05-23T00:00:00","guid":{"rendered":"http:\/\/www.recom.link\/politicka-podrska-rekom-u-u-srbiji-3\/"},"modified":"2015-03-20T15:51:21","modified_gmt":"2015-03-20T14:51:21","slug":"politicka-podrska-rekom-u-u-srbiji-3","status":"publish","type":"post","link":"https:\/\/www.recom.link\/bhsc\/politicka-podrska-rekom-u-u-srbiji-3\/","title":{"rendered":"Politi\u010dka podr\u0161ka REKOM-u u Srbiji"},"content":{"rendered":"<p><a href=\"http:\/\/www.recom.link\/wp-content\/uploads\/2011\/11\/t_REKOM-znak-mali1.jpg\"><img loading=\"lazy\" decoding=\"async\" class=\"alignnone  wp-image-128264\" src=\"http:\/\/www.recom.link\/wp-content\/uploads\/2011\/11\/t_REKOM-znak-mali1.jpg\" alt=\"t_REKOM-znak-mali\" width=\"174\" height=\"173\" \/><\/a><\/p>\n<p>Pored inicijalne podr\u0161ke predsednika Srbije Borisa Tadi\u0107a i Liberalno demokratske partije, Inicijativa za osnivanje Regionalne komisije za utvr\u0111ivanje \u010dinjenica o svim \u017ertvama ratova 1991-2001. na prostoru nekada\u0161nje SFRJ (REKOM), dobila je u Srbiji od 26. aprila, po\u010detka kampanje prikupljanja potpisa, podr\u0161ku brojnih politi\u010dara i politi\u010dkih partija.<\/p>\n<p>Potpredsednica Demokratske stranke (DS) <strong>Jelena Trivan<\/strong> potpisala je 17. maja inicijativu za osnivanje REKOM-a i istakla da DS daje punu politi\u010dku i operativnu podr\u0161ku za osnivanje me\u0111udr\u017eavne komisije koju je \u201epro\u0161le godine pru\u017eio i predsednik DS-a i predsednik Srbije Boris Tadi\u0107\u201c, kako bi se prikupio milion potpisa neophodnih da ta inicijativa postane inicijativa svih dr\u017eava nekada\u0161nje SFRJ.<\/p>\n<p>\u201cSve \u017ertve zaslu\u017euju istinu, a zlo\u010dinci osudu\u201d, rekla je Trivan navode\u0107i da je u interesu Srbije da se stavi ta\u010dka na pro\u0161lost, utvrde istina i \u010dinjenice jer je to, kako je istakla, jedini put ka pomirenju u regionu. Potpise podr\u0161ke dali su i predsednik Izvr\u0161nog odbora DS-a Marko \u0110uri\u0161i\u0107 i sekretarica stranke Tamara Tripi\u0107.<\/p>\n<p>Predsednik Vlade Vojvodine <strong>Bojan Pajti\u0107 <\/strong>potpisao je za REKOM 16. maja u centru Novog Sada. \u201cLjudi nisu brojevi. Svaka \u017ertva imala je svoj \u017eivot, ljubav, nadu. Zato svaka smrt na Balkanu zaslu\u017euje ime i prezime, svaki zlo\u010dinac zaslu\u017euje kaznu, a svaki gra\u0111anin istinu i pravdu. Samo tako ima\u0107emo mir i zajedni\u010dku budu\u0107nost. Zbog toga sam u ime pokrajinske vlade potpisao ovu inicijativu\u201d, rekao je tada Pajti\u0107.<\/p>\n<p>\u201cSa velikim zadovoljstvom sam potpisala inicijativu za osnivanje REKOM-a, jer ne smemo da zaboravimo \u0161ta se de\u0161avalo i ne smemo da dozvolimo da se to ponovi. Kao narodna poslanica, trudi\u0107u se da ta inicijativa \u0161to pre bude uvr\u0161tena u dnevni red parlamenta Srbije\u201d, kazala je <strong>Suzana Grubje\u0161i\u0107<\/strong>, \u010dlanica Predsedni\u0161tva Ujedinjenih regiona Srbije (URS), nakon \u0161to je 19. maja sa \u010dlanovima Omladinske mre\u017ee URS Beograd potpisala za REKOM na beogradskom Trgu Republike. Inicijativu za REKOM potpisao je i predsednik Ujedinjenih regiona Srbije <strong>Mla\u0111an Dinki\u0107<\/strong>.<\/p>\n<p>Me\u0111u prvim potpisnicima po\u010detkom maja bili su poslanici <strong>LDP<\/strong>-a. Predsednik poslani\u010dke grupe LDP-a <strong>\u010cedomir Jovanovi\u0107<\/strong> je 5. maja izjavio da su suo\u010davanje s pro\u0161lo\u0161\u0107u kroz ka\u017enjavanje odgovornih, po\u0161tovanje prava \u017ertava i rad na prevenciji zlo\u010dina jedini na\u010din da se stvori osnova demokratskog dru\u0161tva koje \u0107e mo\u0107i da gradi dobre odnose u regionu i svetu.<\/p>\n<p>\u201cSamo iskrenim odnosom prema zlo\u010dinima iz pro\u0161losti, mo\u017eemo re\u0107i da smo posve\u0107eni izgradnji budu\u0107nosti u kojoj se sli\u010dno ne\u0107e ponoviti. To je jedina garancija da i na\u0161a deca ne\u0107e morati da prolaze kroz strahote kroz koje su mnoge generacije na\u0161eg dru\u0161tva pro\u0161le\u201d, rekao je Jovanovi\u0107.<\/p>\n<p>Poslanik LDP-a <strong>Kenan Hajdarevi\u0107 <\/strong>smatra neverovatnim da se ni toliko godina nakon zavr\u0161etka stravi\u010dnih sukoba na teritoriji biv\u0161e Jugoslavije ne zna ta\u010dan broj stradalih.<\/p>\n<p>\u201eSuo\u010deni smo sa negiranjem sudski potvr\u0111enih \u010dinjenica, zlo\u010dinci se predstavljaju kao heroji, a prava \u017ertava se veoma \u010desto ignori\u0161u. Zbog obaveze prema \u017ertvama, njihovim porodicama i kako bi se predupredila zloupotreba podataka u budu\u0107nosti mi\u0161ljenja sam da je veoma va\u017eno osnivanje REKOMA\u201c, naglasio je Hajdarevi\u0107.<\/p>\n<p>Lider Lige socijaldemokrata Vojvodine (LSV) <strong>Nenad \u010canak <\/strong>je 7. maja, potpisuju\u0107i inicijativu za REKOM u centru Novog Sada pozvao na podr\u0161ku osnivanju Komisije.<\/p>\n<p>\u201cDve stvari nemaju granicu, a to su istina i zaga\u0111enje. Na\u0161i prostori su zaga\u0111eni la\u017eima i upravo zbog toga mora da se preduzme zajedni\u010dka akcija\u201d, rekao je \u010canak.<\/p>\n<p>\u201cNe znam kakav \u0107e biti rezultat ove inicijative, ali svaki poku\u0161aj mora da se podr\u017ei, jer je svaki trag borbe za istinu va\u017ean. Tim pre \u0161to se \u010dini da je na prostoru biv\u0161e Jugoslavije do\u0161lo do masovnog zaborava &#8211; \u017ertve ne \u017eele da se se\u0107aju strahota, a d\u017eelati \u017eele da pobegnu od odgovornosti\u201d, kazao je \u010canak. On je dodao da mnogo stvari iz pro\u0161losti treba da se re\u0161i, ali su \u017ertve prioritet. Inicijativu za REKOM potpisala je i portparolka i narodna poslanica LSV Aleksandra Jerkov.<\/p>\n<p>Predsednica Narodne skup\u0161tine Republike Srbije <strong>Slavica \u0110uki\u0107 Dejanovi\u0107<\/strong> je 12. maja na sastanku sa predstavnicima Koalicije za REKOM podr\u017eala ideju da se sa\u010dini registar stradalih u ratovima na prostoru nekada\u0161nje SFRJ od 1991. do 2001. godine i naglasila da vreme ne sme bilo kog stradalog da sakrije ili zaboravi.<\/p>\n<p>\u201eNe\u0107e biti pomirenja u regionu dok porodice nestalih, kidnapovanih i ubijenih ne dobiju satisfakciju\u201c, rekao je <strong>Oliver Ivanovi\u0107<\/strong>, dr\u017eavni sekretar u Ministarstvu za Kosovo i Metohiju, dok se 16. maja pridru\u017eivao podr\u0161ci za osnivanje REKOM-a.<\/p>\n<p>On ne veruje da \u0107e svi izvr\u0161ioci zlo\u010dina biti optu\u017eeni: \u201eOvakva regionalna inicijativa o pomirenju mo\u017ee da pomogne da se zaborave problemi koje je region imao u \u201990-tim godinama\u201c, rekao je Ivanovi\u0107 i dodao da tek nakon po\u010detka procesa pomirenja mo\u017ee da se razmi\u0161lja o dugoro\u010dnoj politi\u010dkoj stabilnosti.<\/p>\n<p>Predsednik Prvog radnog stola Pakta za stabilnost jugoisto\u010dne Evrope i nekada\u0161nji ministar spoljnih poslova SCG <strong>Goran Svilanovi\u0107<\/strong> je nakon izra\u017eavanja podr\u0161ke rekao da bi bilo dobro \u201ekad bismo se svi slo\u017eili da oni koji su za ratne zlo\u010dine osu\u0111eni u Hagu jesu ratni zlo\u010dinci\u201c. On je dodao da po reakcijama javnosti na sudske presude po\u010diniocima ratnih zlo\u010dina mo\u017ee da se zaklju\u010di da su svi branili svoje \u201eheroje\u201c, koji su u u o\u010dima drugih bili zlo\u010dinci.<\/p>\n<p>\u201eUpravo to je su\u0161tinski razlog za\u0161to treba podr\u017eati REKOM. REKOM okuplja \u017ertve koje su u stanju da prevazi\u0111u nacionalne identitete, pru\u017ee ruku jedni drugima i ka\u017eu da im je stalo da se prona\u0111u njihovi srodnici, da dr\u017eave treba da sara\u0111uju po pitanju nestalih i progona onih koji su odgovorni za zlo\u010dine\u201c, rekao je Svilanovi\u0107. Svilanovi\u0107 misli da \u017ertve treba da izvr\u0161e pritisak na regionalne politi\u010dare da sara\u0111uju.<\/p>\n<p>\u201eTo je va\u017eno da bismo kona\u010dno imali podatke o tome koliko je ljudi stradalo, ko su ti ljudi, u kojim okolnostima su stradali, i da se utvrdi odgovornost onih koji su po\u010dinili, organizovali ili podsticali zlo\u010dine\u201c, zaklju\u010dio je Svilanovi\u0107.<\/p>\n<p>Potpise podr\u0161ke dali su i <strong>\u017darko Kora\u0107<\/strong>, predsednik Socijaldemokratske unije, <strong>Riza Haljimi<\/strong> (Riza Halimi), narodni poslanik i predsednik Partije za demokratsko delovanje, <strong>Judita Popovi\u0107<\/strong>, potpredsednica Skup\u0161tine Srbije, gradona\u010delnici Valjeva, Pan\u010deva, Bujanovca, Subotice, Pre\u0161eva, Sombora, Zaje\u010dara i drugi.<\/p>\n","protected":false},"excerpt":{"rendered":"<p>Pored inicijalne podr\u0161ke predsednika Srbije Borisa Tadi\u0107a i Liberalno demokratske partije, Inicijativa za osnivanje Regionalne komisije za utvr\u0111ivanje \u010dinjenica o svim \u017ertvama ratova 1991-2001. na prostoru nekada\u0161nje SFRJ (REKOM), dobila je u Srbiji od 26. aprila, po\u010detka kampanje prikupljanja potpisa, podr\u0161ku brojnih politi\u010dara i politi\u010dkih partija.<\/p>","protected":false},"author":8,"featured_media":56826,"comment_status":"closed","ping_status":"closed","sticky":false,"template":"","format":"standard","meta":{"_acf_changed":false,"footnotes":""},"categories":[422],"tags":[],"class_list":["post-64844","post","type-post","status-publish","format-standard","has-post-thumbnail","hentry","category-vesti-bhsc"],"acf":[],"yoast_head":"<!-- This site is optimized with the Yoast SEO plugin v25.6 - https:\/\/yoast.com\/wordpress\/plugins\/seo\/ -->\n<title>Politi\u010dka podr\u0161ka REKOM-u u Srbiji - REKOM ~ KOMRA ~ RECOM<\/title>\n<meta name=\"robots\" content=\"index, follow, max-snippet:-1, max-image-preview:large, max-video-preview:-1\" \/>\n<link rel=\"canonical\" href=\"https:\/\/www.recom.link\/bhsc\/politicka-podrska-rekom-u-u-srbiji-3\/\" \/>\n<meta property=\"og:locale\" content=\"en_US\" \/>\n<meta property=\"og:type\" content=\"article\" \/>\n<meta property=\"og:title\" content=\"Politi\u010dka podr\u0161ka REKOM-u u Srbiji - REKOM ~ KOMRA ~ RECOM\" \/>\n<meta property=\"og:description\" content=\"Pored inicijalne podr\u0161ke predsednika Srbije Borisa Tadi\u0107a i Liberalno demokratske partije, Inicijativa za osnivanje Regionalne komisije za utvr\u0111ivanje \u010dinjenica o svim \u017ertvama ratova 1991-2001. na prostoru nekada\u0161nje SFRJ (REKOM), dobila je u Srbiji od 26. aprila, po\u010detka kampanje prikupljanja potpisa, podr\u0161ku brojnih politi\u010dara i politi\u010dkih partija.\" \/>\n<meta property=\"og:url\" content=\"https:\/\/www.recom.link\/bhsc\/politicka-podrska-rekom-u-u-srbiji-3\/\" \/>\n<meta property=\"og:site_name\" content=\"REKOM ~ KOMRA ~ RECOM\" \/>\n<meta property=\"article:publisher\" content=\"https:\/\/www.facebook.com\/ZaREKOM.PerKOMRA.ForRECOM\/\" \/>\n<meta property=\"article:published_time\" content=\"2011-05-23T00:00:00+00:00\" \/>\n<meta property=\"article:modified_time\" content=\"2015-03-20T14:51:21+00:00\" \/>\n<meta property=\"og:image\" content=\"https:\/\/www.recom.link\/wp-content\/uploads\/2014\/06\/t_skupstina.jpg\" \/>\n\t<meta property=\"og:image:width\" content=\"160\" \/>\n\t<meta property=\"og:image:height\" content=\"120\" \/>\n\t<meta property=\"og:image:type\" content=\"image\/jpeg\" \/>\n<meta name=\"author\" content=\"Recom Editor\" \/>\n<meta name=\"twitter:card\" content=\"summary_large_image\" \/>\n<meta name=\"twitter:creator\" content=\"@REKOM_KOMRA\" \/>\n<meta name=\"twitter:site\" content=\"@REKOM_KOMRA\" \/>\n<meta name=\"twitter:label1\" content=\"Written by\" \/>\n\t<meta name=\"twitter:data1\" content=\"Recom Editor\" \/>\n\t<meta name=\"twitter:label2\" content=\"Est. reading time\" \/>\n\t<meta name=\"twitter:data2\" content=\"5 minutes\" \/>\n<script type=\"application\/ld+json\" class=\"yoast-schema-graph\">{\"@context\":\"https:\/\/schema.org\",\"@graph\":[{\"@type\":\"WebPage\",\"@id\":\"https:\/\/www.recom.link\/bhsc\/politicka-podrska-rekom-u-u-srbiji-3\/\",\"url\":\"https:\/\/www.recom.link\/bhsc\/politicka-podrska-rekom-u-u-srbiji-3\/\",\"name\":\"Politi\u010dka podr\u0161ka REKOM-u u Srbiji - REKOM ~ KOMRA ~ RECOM\",\"isPartOf\":{\"@id\":\"https:\/\/www.recom.link\/en\/#website\"},\"primaryImageOfPage\":{\"@id\":\"https:\/\/www.recom.link\/bhsc\/politicka-podrska-rekom-u-u-srbiji-3\/#primaryimage\"},\"image\":{\"@id\":\"https:\/\/www.recom.link\/bhsc\/politicka-podrska-rekom-u-u-srbiji-3\/#primaryimage\"},\"thumbnailUrl\":\"https:\/\/www.recom.link\/wp-content\/uploads\/2014\/06\/t_skupstina.jpg\",\"datePublished\":\"2011-05-23T00:00:00+00:00\",\"dateModified\":\"2015-03-20T14:51:21+00:00\",\"author\":{\"@id\":\"https:\/\/www.recom.link\/en\/#\/schema\/person\/0b0fce47cdf986c8b4194146b69999a3\"},\"breadcrumb\":{\"@id\":\"https:\/\/www.recom.link\/bhsc\/politicka-podrska-rekom-u-u-srbiji-3\/#breadcrumb\"},\"inLanguage\":\"bhsc\",\"potentialAction\":[{\"@type\":\"ReadAction\",\"target\":[\"https:\/\/www.recom.link\/bhsc\/politicka-podrska-rekom-u-u-srbiji-3\/\"]}]},{\"@type\":\"ImageObject\",\"inLanguage\":\"bhsc\",\"@id\":\"https:\/\/www.recom.link\/bhsc\/politicka-podrska-rekom-u-u-srbiji-3\/#primaryimage\",\"url\":\"https:\/\/www.recom.link\/wp-content\/uploads\/2014\/06\/t_skupstina.jpg\",\"contentUrl\":\"https:\/\/www.recom.link\/wp-content\/uploads\/2014\/06\/t_skupstina.jpg\",\"width\":160,\"height\":120},{\"@type\":\"BreadcrumbList\",\"@id\":\"https:\/\/www.recom.link\/bhsc\/politicka-podrska-rekom-u-u-srbiji-3\/#breadcrumb\",\"itemListElement\":[{\"@type\":\"ListItem\",\"position\":1,\"name\":\"Home\",\"item\":\"https:\/\/www.recom.link\/en\/\"},{\"@type\":\"ListItem\",\"position\":2,\"name\":\"Politi\u010dka podr\u0161ka REKOM-u u Srbiji\"}]},{\"@type\":\"WebSite\",\"@id\":\"https:\/\/www.recom.link\/en\/#website\",\"url\":\"https:\/\/www.recom.link\/en\/\",\"name\":\"REKOM ~ KOMRA ~ RECOM\",\"description\":\"\",\"potentialAction\":[{\"@type\":\"SearchAction\",\"target\":{\"@type\":\"EntryPoint\",\"urlTemplate\":\"https:\/\/www.recom.link\/en\/?s={search_term_string}\"},\"query-input\":{\"@type\":\"PropertyValueSpecification\",\"valueRequired\":true,\"valueName\":\"search_term_string\"}}],\"inLanguage\":\"bhsc\"},{\"@type\":\"Person\",\"@id\":\"https:\/\/www.recom.link\/en\/#\/schema\/person\/0b0fce47cdf986c8b4194146b69999a3\",\"name\":\"Recom Editor\",\"image\":{\"@type\":\"ImageObject\",\"inLanguage\":\"bhsc\",\"@id\":\"https:\/\/www.recom.link\/en\/#\/schema\/person\/image\/\",\"url\":\"https:\/\/secure.gravatar.com\/avatar\/b345ee03975bccfc62280b0fd1ffd916?s=96&d=mm&r=g\",\"contentUrl\":\"https:\/\/secure.gravatar.com\/avatar\/b345ee03975bccfc62280b0fd1ffd916?s=96&d=mm&r=g\",\"caption\":\"Recom Editor\"},\"url\":\"https:\/\/www.recom.link\/bhsc\/author\/jelanag\/\"}]}<\/script>\n<!-- \/ Yoast SEO plugin. -->","yoast_head_json":{"title":"Politi\u010dka podr\u0161ka REKOM-u u Srbiji - REKOM ~ KOMRA ~ RECOM","robots":{"index":"index","follow":"follow","max-snippet":"max-snippet:-1","max-image-preview":"max-image-preview:large","max-video-preview":"max-video-preview:-1"},"canonical":"https:\/\/www.recom.link\/bhsc\/politicka-podrska-rekom-u-u-srbiji-3\/","og_locale":"en_US","og_type":"article","og_title":"Politi\u010dka podr\u0161ka REKOM-u u Srbiji - REKOM ~ KOMRA ~ RECOM","og_description":"Pored inicijalne podr\u0161ke predsednika Srbije Borisa Tadi\u0107a i Liberalno demokratske partije, Inicijativa za osnivanje Regionalne komisije za utvr\u0111ivanje \u010dinjenica o svim \u017ertvama ratova 1991-2001. na prostoru nekada\u0161nje SFRJ (REKOM), dobila je u Srbiji od 26. aprila, po\u010detka kampanje prikupljanja potpisa, podr\u0161ku brojnih politi\u010dara i politi\u010dkih partija.","og_url":"https:\/\/www.recom.link\/bhsc\/politicka-podrska-rekom-u-u-srbiji-3\/","og_site_name":"REKOM ~ KOMRA ~ RECOM","article_publisher":"https:\/\/www.facebook.com\/ZaREKOM.PerKOMRA.ForRECOM\/","article_published_time":"2011-05-23T00:00:00+00:00","article_modified_time":"2015-03-20T14:51:21+00:00","og_image":[{"width":160,"height":120,"url":"https:\/\/www.recom.link\/wp-content\/uploads\/2014\/06\/t_skupstina.jpg","type":"image\/jpeg"}],"author":"Recom Editor","twitter_card":"summary_large_image","twitter_creator":"@REKOM_KOMRA","twitter_site":"@REKOM_KOMRA","twitter_misc":{"Written by":"Recom Editor","Est. reading time":"5 minutes"},"schema":{"@context":"https:\/\/schema.org","@graph":[{"@type":"WebPage","@id":"https:\/\/www.recom.link\/bhsc\/politicka-podrska-rekom-u-u-srbiji-3\/","url":"https:\/\/www.recom.link\/bhsc\/politicka-podrska-rekom-u-u-srbiji-3\/","name":"Politi\u010dka podr\u0161ka REKOM-u u Srbiji - REKOM ~ KOMRA ~ RECOM","isPartOf":{"@id":"https:\/\/www.recom.link\/en\/#website"},"primaryImageOfPage":{"@id":"https:\/\/www.recom.link\/bhsc\/politicka-podrska-rekom-u-u-srbiji-3\/#primaryimage"},"image":{"@id":"https:\/\/www.recom.link\/bhsc\/politicka-podrska-rekom-u-u-srbiji-3\/#primaryimage"},"thumbnailUrl":"https:\/\/www.recom.link\/wp-content\/uploads\/2014\/06\/t_skupstina.jpg","datePublished":"2011-05-23T00:00:00+00:00","dateModified":"2015-03-20T14:51:21+00:00","author":{"@id":"https:\/\/www.recom.link\/en\/#\/schema\/person\/0b0fce47cdf986c8b4194146b69999a3"},"breadcrumb":{"@id":"https:\/\/www.recom.link\/bhsc\/politicka-podrska-rekom-u-u-srbiji-3\/#breadcrumb"},"inLanguage":"bhsc","potentialAction":[{"@type":"ReadAction","target":["https:\/\/www.recom.link\/bhsc\/politicka-podrska-rekom-u-u-srbiji-3\/"]}]},{"@type":"ImageObject","inLanguage":"bhsc","@id":"https:\/\/www.recom.link\/bhsc\/politicka-podrska-rekom-u-u-srbiji-3\/#primaryimage","url":"https:\/\/www.recom.link\/wp-content\/uploads\/2014\/06\/t_skupstina.jpg","contentUrl":"https:\/\/www.recom.link\/wp-content\/uploads\/2014\/06\/t_skupstina.jpg","width":160,"height":120},{"@type":"BreadcrumbList","@id":"https:\/\/www.recom.link\/bhsc\/politicka-podrska-rekom-u-u-srbiji-3\/#breadcrumb","itemListElement":[{"@type":"ListItem","position":1,"name":"Home","item":"https:\/\/www.recom.link\/en\/"},{"@type":"ListItem","position":2,"name":"Politi\u010dka podr\u0161ka REKOM-u u Srbiji"}]},{"@type":"WebSite","@id":"https:\/\/www.recom.link\/en\/#website","url":"https:\/\/www.recom.link\/en\/","name":"REKOM ~ KOMRA ~ RECOM","description":"","potentialAction":[{"@type":"SearchAction","target":{"@type":"EntryPoint","urlTemplate":"https:\/\/www.recom.link\/en\/?s={search_term_string}"},"query-input":{"@type":"PropertyValueSpecification","valueRequired":true,"valueName":"search_term_string"}}],"inLanguage":"bhsc"},{"@type":"Person","@id":"https:\/\/www.recom.link\/en\/#\/schema\/person\/0b0fce47cdf986c8b4194146b69999a3","name":"Recom Editor","image":{"@type":"ImageObject","inLanguage":"bhsc","@id":"https:\/\/www.recom.link\/en\/#\/schema\/person\/image\/","url":"https:\/\/secure.gravatar.com\/avatar\/b345ee03975bccfc62280b0fd1ffd916?s=96&d=mm&r=g","contentUrl":"https:\/\/secure.gravatar.com\/avatar\/b345ee03975bccfc62280b0fd1ffd916?s=96&d=mm&r=g","caption":"Recom Editor"},"url":"https:\/\/www.recom.link\/bhsc\/author\/jelanag\/"}]}},"_links":{"self":[{"href":"https:\/\/www.recom.link\/bhsc\/wp-json\/wp\/v2\/posts\/64844"}],"collection":[{"href":"https:\/\/www.recom.link\/bhsc\/wp-json\/wp\/v2\/posts"}],"about":[{"href":"https:\/\/www.recom.link\/bhsc\/wp-json\/wp\/v2\/types\/post"}],"author":[{"embeddable":true,"href":"https:\/\/www.recom.link\/bhsc\/wp-json\/wp\/v2\/users\/8"}],"replies":[{"embeddable":true,"href":"https:\/\/www.recom.link\/bhsc\/wp-json\/wp\/v2\/comments?post=64844"}],"version-history":[{"count":1,"href":"https:\/\/www.recom.link\/bhsc\/wp-json\/wp\/v2\/posts\/64844\/revisions"}],"predecessor-version":[{"id":128694,"href":"https:\/\/www.recom.link\/bhsc\/wp-json\/wp\/v2\/posts\/64844\/revisions\/128694"}],"wp:featuredmedia":[{"embeddable":true,"href":"https:\/\/www.recom.link\/bhsc\/wp-json\/wp\/v2\/media\/56826"}],"wp:attachment":[{"href":"https:\/\/www.recom.link\/bhsc\/wp-json\/wp\/v2\/media?parent=64844"}],"wp:term":[{"taxonomy":"category","embeddable":true,"href":"https:\/\/www.recom.link\/bhsc\/wp-json\/wp\/v2\/categories?post=64844"},{"taxonomy":"post_tag","embeddable":true,"href":"https:\/\/www.recom.link\/bhsc\/wp-json\/wp\/v2\/tags?post=64844"}],"curies":[{"name":"wp","href":"https:\/\/api.w.org\/{rel}","templated":true}]}}