{"id":64574,"date":"2010-09-04T00:00:00","date_gmt":"2010-09-04T00:00:00","guid":{"rendered":"http:\/\/www.recom.link\/konsultacije-sa-intelektualcima-5\/"},"modified":"2015-01-20T19:57:47","modified_gmt":"2015-01-20T18:57:47","slug":"konsultacije-sa-intelektualcima-5","status":"publish","type":"post","link":"https:\/\/www.recom.link\/bhsc\/konsultacije-sa-intelektualcima-5\/","title":{"rendered":"Intelektualci-Banja Luka, BiH-04.09.2010."},"content":{"rendered":"<h3>Regionalne konsultacije sa intelektualcima\/kama o Inicijativi za osnivanje REKOM<\/h3>\n<p>Konsultacije su organizovali Udru\u017eenje BH novinari i Centar informativno-pravne pomo\u0107i iz Zvornika. U\u010destvovalo je ukupno 42 u\u010desnika\/ca i gostiju. Moderator je bio Lazar Stojanovi\u0107 (Fond za humanitarno pravo, Srbija). O konsultacijama su izvestili BH TV, Nezavisne novine, ONASA i BHRT &#8211; HT 1. Pre samih konsultacija je odr\u017eana TV debata na ATV, u kojoj su u\u010destvovali Arsim Gerxhaliu (Kosovo), Slavko Kuki\u0107, Ismet Sejfija, Mladen Mirosavljevi\u0107, Sr\u0111an Puhalo(BiH), \u017darko Puhovski (Hrvatska), \u017delimir \u017dilnik i Lazar Stojanovi\u0107 (Srbija).<\/p>\n<p><a href=\"http:\/\/www.recom.link\/wp-content\/uploads\/2010\/09\/Predlozi-mi\u0161ljenja-i-preporuke-ue\u010dsnika.pdf\">Predlozi, mi\u0161ljenja i preporuke <\/a><\/p>\n<p><a href=\"http:\/\/www.recom.link\/wp-content\/uploads\/2010\/09\/Transkript2.pdf\">Transkript<\/a><\/p>\n<p><iframe loading=\"lazy\" width=\"420\" height=\"315\" src=\"\/\/www.youtube.com\/embed\/tDEF9N5mGlY?rel=0\" frameborder=\"0\" allowfullscreen><\/iframe><\/p>\n","protected":false},"excerpt":{"rendered":"Regionalne konsultacije sa intelektualcima\/kama o Inicijativi za osnivanje REKOM Konsultacije su organizovali Udru\u017eenje BH novinari i Centar informativno-pravne pomo\u0107i iz&#8230; ","protected":false},"author":8,"featured_media":0,"comment_status":"closed","ping_status":"closed","sticky":false,"template":"","format":"standard","meta":{"_acf_changed":false,"footnotes":""},"categories":[420],"tags":[1006,1041,1103,1003],"class_list":["post-64574","post","type-post","status-publish","format-standard","hentry","category-konsultacije-bhsc","tag-1006","tag-bih","tag-intelektualci","tag-regionalne-konsultacije"],"acf":[],"yoast_head":"<!-- This site is optimized with the Yoast SEO plugin v25.6 - https:\/\/yoast.com\/wordpress\/plugins\/seo\/ -->\n<title>Intelektualci-Banja Luka, BiH-04.09.2010. - REKOM ~ KOMRA ~ RECOM<\/title>\n<meta name=\"robots\" content=\"index, follow, max-snippet:-1, max-image-preview:large, max-video-preview:-1\" \/>\n<link rel=\"canonical\" href=\"https:\/\/www.recom.link\/bhsc\/konsultacije-sa-intelektualcima-5\/\" \/>\n<meta property=\"og:locale\" content=\"en_US\" \/>\n<meta property=\"og:type\" content=\"article\" \/>\n<meta property=\"og:title\" content=\"Intelektualci-Banja Luka, BiH-04.09.2010. - REKOM ~ KOMRA ~ RECOM\" \/>\n<meta property=\"og:description\" content=\"Regionalne konsultacije sa intelektualcima\/kama o Inicijativi za osnivanje REKOM Konsultacije su organizovali Udru\u017eenje BH novinari i Centar informativno-pravne pomo\u0107i iz...\" \/>\n<meta property=\"og:url\" content=\"https:\/\/www.recom.link\/bhsc\/konsultacije-sa-intelektualcima-5\/\" \/>\n<meta property=\"og:site_name\" content=\"REKOM ~ KOMRA ~ RECOM\" \/>\n<meta property=\"article:publisher\" content=\"https:\/\/www.facebook.com\/ZaREKOM.PerKOMRA.ForRECOM\/\" \/>\n<meta property=\"article:published_time\" content=\"2010-09-04T00:00:00+00:00\" \/>\n<meta property=\"article:modified_time\" content=\"2015-01-20T18:57:47+00:00\" \/>\n<meta name=\"author\" content=\"Recom Editor\" \/>\n<meta name=\"twitter:card\" content=\"summary_large_image\" \/>\n<meta name=\"twitter:creator\" content=\"@REKOM_KOMRA\" \/>\n<meta name=\"twitter:site\" content=\"@REKOM_KOMRA\" \/>\n<meta name=\"twitter:label1\" content=\"Written by\" \/>\n\t<meta name=\"twitter:data1\" content=\"Recom Editor\" \/>\n<script type=\"application\/ld+json\" class=\"yoast-schema-graph\">{\"@context\":\"https:\/\/schema.org\",\"@graph\":[{\"@type\":\"WebPage\",\"@id\":\"https:\/\/www.recom.link\/bhsc\/konsultacije-sa-intelektualcima-5\/\",\"url\":\"https:\/\/www.recom.link\/bhsc\/konsultacije-sa-intelektualcima-5\/\",\"name\":\"Intelektualci-Banja Luka, BiH-04.09.2010. - REKOM ~ KOMRA ~ RECOM\",\"isPartOf\":{\"@id\":\"https:\/\/www.recom.link\/en\/#website\"},\"datePublished\":\"2010-09-04T00:00:00+00:00\",\"dateModified\":\"2015-01-20T18:57:47+00:00\",\"author\":{\"@id\":\"https:\/\/www.recom.link\/en\/#\/schema\/person\/0b0fce47cdf986c8b4194146b69999a3\"},\"breadcrumb\":{\"@id\":\"https:\/\/www.recom.link\/bhsc\/konsultacije-sa-intelektualcima-5\/#breadcrumb\"},\"inLanguage\":\"bhsc\",\"potentialAction\":[{\"@type\":\"ReadAction\",\"target\":[\"https:\/\/www.recom.link\/bhsc\/konsultacije-sa-intelektualcima-5\/\"]}]},{\"@type\":\"BreadcrumbList\",\"@id\":\"https:\/\/www.recom.link\/bhsc\/konsultacije-sa-intelektualcima-5\/#breadcrumb\",\"itemListElement\":[{\"@type\":\"ListItem\",\"position\":1,\"name\":\"Home\",\"item\":\"https:\/\/www.recom.link\/en\/\"},{\"@type\":\"ListItem\",\"position\":2,\"name\":\"Intelektualci-Banja Luka, BiH-04.09.2010.\"}]},{\"@type\":\"WebSite\",\"@id\":\"https:\/\/www.recom.link\/en\/#website\",\"url\":\"https:\/\/www.recom.link\/en\/\",\"name\":\"REKOM ~ KOMRA ~ RECOM\",\"description\":\"\",\"potentialAction\":[{\"@type\":\"SearchAction\",\"target\":{\"@type\":\"EntryPoint\",\"urlTemplate\":\"https:\/\/www.recom.link\/en\/?s={search_term_string}\"},\"query-input\":{\"@type\":\"PropertyValueSpecification\",\"valueRequired\":true,\"valueName\":\"search_term_string\"}}],\"inLanguage\":\"bhsc\"},{\"@type\":\"Person\",\"@id\":\"https:\/\/www.recom.link\/en\/#\/schema\/person\/0b0fce47cdf986c8b4194146b69999a3\",\"name\":\"Recom Editor\",\"image\":{\"@type\":\"ImageObject\",\"inLanguage\":\"bhsc\",\"@id\":\"https:\/\/www.recom.link\/en\/#\/schema\/person\/image\/\",\"url\":\"https:\/\/secure.gravatar.com\/avatar\/b345ee03975bccfc62280b0fd1ffd916?s=96&d=mm&r=g\",\"contentUrl\":\"https:\/\/secure.gravatar.com\/avatar\/b345ee03975bccfc62280b0fd1ffd916?s=96&d=mm&r=g\",\"caption\":\"Recom Editor\"},\"url\":\"https:\/\/www.recom.link\/bhsc\/author\/jelanag\/\"}]}<\/script>\n<!-- \/ Yoast SEO plugin. -->","yoast_head_json":{"title":"Intelektualci-Banja Luka, BiH-04.09.2010. - REKOM ~ KOMRA ~ RECOM","robots":{"index":"index","follow":"follow","max-snippet":"max-snippet:-1","max-image-preview":"max-image-preview:large","max-video-preview":"max-video-preview:-1"},"canonical":"https:\/\/www.recom.link\/bhsc\/konsultacije-sa-intelektualcima-5\/","og_locale":"en_US","og_type":"article","og_title":"Intelektualci-Banja Luka, BiH-04.09.2010. - REKOM ~ KOMRA ~ RECOM","og_description":"Regionalne konsultacije sa intelektualcima\/kama o Inicijativi za osnivanje REKOM Konsultacije su organizovali Udru\u017eenje BH novinari i Centar informativno-pravne pomo\u0107i iz...","og_url":"https:\/\/www.recom.link\/bhsc\/konsultacije-sa-intelektualcima-5\/","og_site_name":"REKOM ~ KOMRA ~ RECOM","article_publisher":"https:\/\/www.facebook.com\/ZaREKOM.PerKOMRA.ForRECOM\/","article_published_time":"2010-09-04T00:00:00+00:00","article_modified_time":"2015-01-20T18:57:47+00:00","author":"Recom Editor","twitter_card":"summary_large_image","twitter_creator":"@REKOM_KOMRA","twitter_site":"@REKOM_KOMRA","twitter_misc":{"Written by":"Recom Editor"},"schema":{"@context":"https:\/\/schema.org","@graph":[{"@type":"WebPage","@id":"https:\/\/www.recom.link\/bhsc\/konsultacije-sa-intelektualcima-5\/","url":"https:\/\/www.recom.link\/bhsc\/konsultacije-sa-intelektualcima-5\/","name":"Intelektualci-Banja Luka, BiH-04.09.2010. - REKOM ~ KOMRA ~ RECOM","isPartOf":{"@id":"https:\/\/www.recom.link\/en\/#website"},"datePublished":"2010-09-04T00:00:00+00:00","dateModified":"2015-01-20T18:57:47+00:00","author":{"@id":"https:\/\/www.recom.link\/en\/#\/schema\/person\/0b0fce47cdf986c8b4194146b69999a3"},"breadcrumb":{"@id":"https:\/\/www.recom.link\/bhsc\/konsultacije-sa-intelektualcima-5\/#breadcrumb"},"inLanguage":"bhsc","potentialAction":[{"@type":"ReadAction","target":["https:\/\/www.recom.link\/bhsc\/konsultacije-sa-intelektualcima-5\/"]}]},{"@type":"BreadcrumbList","@id":"https:\/\/www.recom.link\/bhsc\/konsultacije-sa-intelektualcima-5\/#breadcrumb","itemListElement":[{"@type":"ListItem","position":1,"name":"Home","item":"https:\/\/www.recom.link\/en\/"},{"@type":"ListItem","position":2,"name":"Intelektualci-Banja Luka, BiH-04.09.2010."}]},{"@type":"WebSite","@id":"https:\/\/www.recom.link\/en\/#website","url":"https:\/\/www.recom.link\/en\/","name":"REKOM ~ KOMRA ~ RECOM","description":"","potentialAction":[{"@type":"SearchAction","target":{"@type":"EntryPoint","urlTemplate":"https:\/\/www.recom.link\/en\/?s={search_term_string}"},"query-input":{"@type":"PropertyValueSpecification","valueRequired":true,"valueName":"search_term_string"}}],"inLanguage":"bhsc"},{"@type":"Person","@id":"https:\/\/www.recom.link\/en\/#\/schema\/person\/0b0fce47cdf986c8b4194146b69999a3","name":"Recom Editor","image":{"@type":"ImageObject","inLanguage":"bhsc","@id":"https:\/\/www.recom.link\/en\/#\/schema\/person\/image\/","url":"https:\/\/secure.gravatar.com\/avatar\/b345ee03975bccfc62280b0fd1ffd916?s=96&d=mm&r=g","contentUrl":"https:\/\/secure.gravatar.com\/avatar\/b345ee03975bccfc62280b0fd1ffd916?s=96&d=mm&r=g","caption":"Recom Editor"},"url":"https:\/\/www.recom.link\/bhsc\/author\/jelanag\/"}]}},"_links":{"self":[{"href":"https:\/\/www.recom.link\/bhsc\/wp-json\/wp\/v2\/posts\/64574"}],"collection":[{"href":"https:\/\/www.recom.link\/bhsc\/wp-json\/wp\/v2\/posts"}],"about":[{"href":"https:\/\/www.recom.link\/bhsc\/wp-json\/wp\/v2\/types\/post"}],"author":[{"embeddable":true,"href":"https:\/\/www.recom.link\/bhsc\/wp-json\/wp\/v2\/users\/8"}],"replies":[{"embeddable":true,"href":"https:\/\/www.recom.link\/bhsc\/wp-json\/wp\/v2\/comments?post=64574"}],"version-history":[{"count":6,"href":"https:\/\/www.recom.link\/bhsc\/wp-json\/wp\/v2\/posts\/64574\/revisions"}],"predecessor-version":[{"id":121157,"href":"https:\/\/www.recom.link\/bhsc\/wp-json\/wp\/v2\/posts\/64574\/revisions\/121157"}],"wp:attachment":[{"href":"https:\/\/www.recom.link\/bhsc\/wp-json\/wp\/v2\/media?parent=64574"}],"wp:term":[{"taxonomy":"category","embeddable":true,"href":"https:\/\/www.recom.link\/bhsc\/wp-json\/wp\/v2\/categories?post=64574"},{"taxonomy":"post_tag","embeddable":true,"href":"https:\/\/www.recom.link\/bhsc\/wp-json\/wp\/v2\/tags?post=64574"}],"curies":[{"name":"wp","href":"https:\/\/api.w.org\/{rel}","templated":true}]}}