{"id":64570,"date":"2010-07-14T00:00:00","date_gmt":"2010-07-14T00:00:00","guid":{"rendered":"http:\/\/www.recom.link\/konsultacije-o-nacrtu-statuta-rekom-2\/"},"modified":"2015-04-03T16:06:43","modified_gmt":"2015-04-03T15:06:43","slug":"konsultacije-o-nacrtu-statuta-rekom-2","status":"publish","type":"post","link":"https:\/\/www.recom.link\/bhsc\/konsultacije-o-nacrtu-statuta-rekom-2\/","title":{"rendered":"NVO-Osijek, Hrvatska-13.07.2010."},"content":{"rendered":"<div>\n<h3>Lokalne konzultacije s organizacijama civilnog dru\u0161tva o Nacrtu statuta REKOM<\/h3>\n<\/div>\n<div>Documenta \u2013 Centar za suo\u010davanje s pro\u0161lo\u0161\u0107u organizirala je u ime regionalne Koalicije za osnivanje REKOM-a lokalne konzultacije u Osijeku\u00a0 o nacrtu Statuta Regionalne komisije za ustanovljenje i javno izno\u0161enje \u010dinjenica o ratnim zlo\u010dinima i drugim te\u0161kim povredama ljudskih prava u biv\u0161oj Jugoslaviji (REKOM).<\/div>\n<div><\/div>\n<div>Na konzultacijama su sudjelovali predstavnici\/e organizacija za za\u0161titu ljudskih prava, udruge \u017ertava i obitelji \u017ertava stradalih i nestalih, organizacije mladih, \u017eenskih grupa i profesionalnih udruga.<\/div>\n<div><\/div>\n<div><\/div>\n<div><a href=\"http:\/\/www.recom.link\/sr\/lokalne-konzultacije-o-nacrtu-statuta-rekom-a-u-osijeku-i-vukovaru-13-14-srpnja-2010\/\" target=\"_blank\">Saop\u0161tenje<\/a><\/div>\n<p><a href=\"http:\/\/www.recom.link\/wp-content\/uploads\/2010\/07\/Nacrt-statuta-komentari.pdf\">Nacrt statuta &#8211; komentari<\/a><\/p>\n<p><a href=\"http:\/\/www.recom.link\/wp-content\/uploads\/2010\/07\/Transkript1.pdf\">Transkript<\/a><\/p>\n","protected":false},"excerpt":{"rendered":"Lokalne konzultacije s organizacijama civilnog dru\u0161tva o Nacrtu statuta REKOM Documenta \u2013 Centar za suo\u010davanje s pro\u0161lo\u0161\u0107u organizirala je u&#8230; ","protected":false},"author":8,"featured_media":0,"comment_status":"closed","ping_status":"closed","sticky":false,"template":"","format":"standard","meta":{"_acf_changed":false,"footnotes":""},"categories":[420],"tags":[1006,1048,1091,1026,983],"class_list":["post-64570","post","type-post","status-publish","format-standard","hentry","category-konsultacije-bhsc","tag-1006","tag-hrvatska","tag-lokalne-zajednice","tag-nacrt-statuta","tag-nvo"],"acf":[],"yoast_head":"<!-- This site is optimized with the Yoast SEO plugin v25.6 - https:\/\/yoast.com\/wordpress\/plugins\/seo\/ -->\n<title>NVO-Osijek, Hrvatska-13.07.2010. - REKOM ~ KOMRA ~ RECOM<\/title>\n<meta name=\"robots\" content=\"index, follow, max-snippet:-1, max-image-preview:large, max-video-preview:-1\" \/>\n<link rel=\"canonical\" href=\"https:\/\/www.recom.link\/bhsc\/konsultacije-o-nacrtu-statuta-rekom-2\/\" \/>\n<meta property=\"og:locale\" content=\"en_US\" \/>\n<meta property=\"og:type\" content=\"article\" \/>\n<meta property=\"og:title\" content=\"NVO-Osijek, Hrvatska-13.07.2010. - REKOM ~ KOMRA ~ RECOM\" \/>\n<meta property=\"og:description\" content=\"Lokalne konzultacije s organizacijama civilnog dru\u0161tva o Nacrtu statuta REKOM Documenta \u2013 Centar za suo\u010davanje s pro\u0161lo\u0161\u0107u organizirala je u...\" \/>\n<meta property=\"og:url\" content=\"https:\/\/www.recom.link\/bhsc\/konsultacije-o-nacrtu-statuta-rekom-2\/\" \/>\n<meta property=\"og:site_name\" content=\"REKOM ~ KOMRA ~ RECOM\" \/>\n<meta property=\"article:publisher\" content=\"https:\/\/www.facebook.com\/ZaREKOM.PerKOMRA.ForRECOM\/\" \/>\n<meta property=\"article:published_time\" content=\"2010-07-14T00:00:00+00:00\" \/>\n<meta property=\"article:modified_time\" content=\"2015-04-03T15:06:43+00:00\" \/>\n<meta name=\"author\" content=\"Recom Editor\" \/>\n<meta name=\"twitter:card\" content=\"summary_large_image\" \/>\n<meta name=\"twitter:creator\" content=\"@REKOM_KOMRA\" \/>\n<meta name=\"twitter:site\" content=\"@REKOM_KOMRA\" \/>\n<meta name=\"twitter:label1\" content=\"Written by\" \/>\n\t<meta name=\"twitter:data1\" content=\"Recom Editor\" \/>\n<script type=\"application\/ld+json\" class=\"yoast-schema-graph\">{\"@context\":\"https:\/\/schema.org\",\"@graph\":[{\"@type\":\"WebPage\",\"@id\":\"https:\/\/www.recom.link\/bhsc\/konsultacije-o-nacrtu-statuta-rekom-2\/\",\"url\":\"https:\/\/www.recom.link\/bhsc\/konsultacije-o-nacrtu-statuta-rekom-2\/\",\"name\":\"NVO-Osijek, Hrvatska-13.07.2010. - REKOM ~ KOMRA ~ RECOM\",\"isPartOf\":{\"@id\":\"https:\/\/www.recom.link\/en\/#website\"},\"datePublished\":\"2010-07-14T00:00:00+00:00\",\"dateModified\":\"2015-04-03T15:06:43+00:00\",\"author\":{\"@id\":\"https:\/\/www.recom.link\/en\/#\/schema\/person\/0b0fce47cdf986c8b4194146b69999a3\"},\"breadcrumb\":{\"@id\":\"https:\/\/www.recom.link\/bhsc\/konsultacije-o-nacrtu-statuta-rekom-2\/#breadcrumb\"},\"inLanguage\":\"bhsc\",\"potentialAction\":[{\"@type\":\"ReadAction\",\"target\":[\"https:\/\/www.recom.link\/bhsc\/konsultacije-o-nacrtu-statuta-rekom-2\/\"]}]},{\"@type\":\"BreadcrumbList\",\"@id\":\"https:\/\/www.recom.link\/bhsc\/konsultacije-o-nacrtu-statuta-rekom-2\/#breadcrumb\",\"itemListElement\":[{\"@type\":\"ListItem\",\"position\":1,\"name\":\"Home\",\"item\":\"https:\/\/www.recom.link\/en\/\"},{\"@type\":\"ListItem\",\"position\":2,\"name\":\"NVO-Osijek, Hrvatska-13.07.2010.\"}]},{\"@type\":\"WebSite\",\"@id\":\"https:\/\/www.recom.link\/en\/#website\",\"url\":\"https:\/\/www.recom.link\/en\/\",\"name\":\"REKOM ~ KOMRA ~ RECOM\",\"description\":\"\",\"potentialAction\":[{\"@type\":\"SearchAction\",\"target\":{\"@type\":\"EntryPoint\",\"urlTemplate\":\"https:\/\/www.recom.link\/en\/?s={search_term_string}\"},\"query-input\":{\"@type\":\"PropertyValueSpecification\",\"valueRequired\":true,\"valueName\":\"search_term_string\"}}],\"inLanguage\":\"bhsc\"},{\"@type\":\"Person\",\"@id\":\"https:\/\/www.recom.link\/en\/#\/schema\/person\/0b0fce47cdf986c8b4194146b69999a3\",\"name\":\"Recom Editor\",\"image\":{\"@type\":\"ImageObject\",\"inLanguage\":\"bhsc\",\"@id\":\"https:\/\/www.recom.link\/en\/#\/schema\/person\/image\/\",\"url\":\"https:\/\/secure.gravatar.com\/avatar\/b345ee03975bccfc62280b0fd1ffd916?s=96&d=mm&r=g\",\"contentUrl\":\"https:\/\/secure.gravatar.com\/avatar\/b345ee03975bccfc62280b0fd1ffd916?s=96&d=mm&r=g\",\"caption\":\"Recom Editor\"},\"url\":\"https:\/\/www.recom.link\/bhsc\/author\/jelanag\/\"}]}<\/script>\n<!-- \/ Yoast SEO plugin. -->","yoast_head_json":{"title":"NVO-Osijek, Hrvatska-13.07.2010. - REKOM ~ KOMRA ~ RECOM","robots":{"index":"index","follow":"follow","max-snippet":"max-snippet:-1","max-image-preview":"max-image-preview:large","max-video-preview":"max-video-preview:-1"},"canonical":"https:\/\/www.recom.link\/bhsc\/konsultacije-o-nacrtu-statuta-rekom-2\/","og_locale":"en_US","og_type":"article","og_title":"NVO-Osijek, Hrvatska-13.07.2010. - REKOM ~ KOMRA ~ RECOM","og_description":"Lokalne konzultacije s organizacijama civilnog dru\u0161tva o Nacrtu statuta REKOM Documenta \u2013 Centar za suo\u010davanje s pro\u0161lo\u0161\u0107u organizirala je u...","og_url":"https:\/\/www.recom.link\/bhsc\/konsultacije-o-nacrtu-statuta-rekom-2\/","og_site_name":"REKOM ~ KOMRA ~ RECOM","article_publisher":"https:\/\/www.facebook.com\/ZaREKOM.PerKOMRA.ForRECOM\/","article_published_time":"2010-07-14T00:00:00+00:00","article_modified_time":"2015-04-03T15:06:43+00:00","author":"Recom Editor","twitter_card":"summary_large_image","twitter_creator":"@REKOM_KOMRA","twitter_site":"@REKOM_KOMRA","twitter_misc":{"Written by":"Recom Editor"},"schema":{"@context":"https:\/\/schema.org","@graph":[{"@type":"WebPage","@id":"https:\/\/www.recom.link\/bhsc\/konsultacije-o-nacrtu-statuta-rekom-2\/","url":"https:\/\/www.recom.link\/bhsc\/konsultacije-o-nacrtu-statuta-rekom-2\/","name":"NVO-Osijek, Hrvatska-13.07.2010. - REKOM ~ KOMRA ~ RECOM","isPartOf":{"@id":"https:\/\/www.recom.link\/en\/#website"},"datePublished":"2010-07-14T00:00:00+00:00","dateModified":"2015-04-03T15:06:43+00:00","author":{"@id":"https:\/\/www.recom.link\/en\/#\/schema\/person\/0b0fce47cdf986c8b4194146b69999a3"},"breadcrumb":{"@id":"https:\/\/www.recom.link\/bhsc\/konsultacije-o-nacrtu-statuta-rekom-2\/#breadcrumb"},"inLanguage":"bhsc","potentialAction":[{"@type":"ReadAction","target":["https:\/\/www.recom.link\/bhsc\/konsultacije-o-nacrtu-statuta-rekom-2\/"]}]},{"@type":"BreadcrumbList","@id":"https:\/\/www.recom.link\/bhsc\/konsultacije-o-nacrtu-statuta-rekom-2\/#breadcrumb","itemListElement":[{"@type":"ListItem","position":1,"name":"Home","item":"https:\/\/www.recom.link\/en\/"},{"@type":"ListItem","position":2,"name":"NVO-Osijek, Hrvatska-13.07.2010."}]},{"@type":"WebSite","@id":"https:\/\/www.recom.link\/en\/#website","url":"https:\/\/www.recom.link\/en\/","name":"REKOM ~ KOMRA ~ RECOM","description":"","potentialAction":[{"@type":"SearchAction","target":{"@type":"EntryPoint","urlTemplate":"https:\/\/www.recom.link\/en\/?s={search_term_string}"},"query-input":{"@type":"PropertyValueSpecification","valueRequired":true,"valueName":"search_term_string"}}],"inLanguage":"bhsc"},{"@type":"Person","@id":"https:\/\/www.recom.link\/en\/#\/schema\/person\/0b0fce47cdf986c8b4194146b69999a3","name":"Recom Editor","image":{"@type":"ImageObject","inLanguage":"bhsc","@id":"https:\/\/www.recom.link\/en\/#\/schema\/person\/image\/","url":"https:\/\/secure.gravatar.com\/avatar\/b345ee03975bccfc62280b0fd1ffd916?s=96&d=mm&r=g","contentUrl":"https:\/\/secure.gravatar.com\/avatar\/b345ee03975bccfc62280b0fd1ffd916?s=96&d=mm&r=g","caption":"Recom Editor"},"url":"https:\/\/www.recom.link\/bhsc\/author\/jelanag\/"}]}},"_links":{"self":[{"href":"https:\/\/www.recom.link\/bhsc\/wp-json\/wp\/v2\/posts\/64570"}],"collection":[{"href":"https:\/\/www.recom.link\/bhsc\/wp-json\/wp\/v2\/posts"}],"about":[{"href":"https:\/\/www.recom.link\/bhsc\/wp-json\/wp\/v2\/types\/post"}],"author":[{"embeddable":true,"href":"https:\/\/www.recom.link\/bhsc\/wp-json\/wp\/v2\/users\/8"}],"replies":[{"embeddable":true,"href":"https:\/\/www.recom.link\/bhsc\/wp-json\/wp\/v2\/comments?post=64570"}],"version-history":[{"count":2,"href":"https:\/\/www.recom.link\/bhsc\/wp-json\/wp\/v2\/posts\/64570\/revisions"}],"predecessor-version":[{"id":130957,"href":"https:\/\/www.recom.link\/bhsc\/wp-json\/wp\/v2\/posts\/64570\/revisions\/130957"}],"wp:attachment":[{"href":"https:\/\/www.recom.link\/bhsc\/wp-json\/wp\/v2\/media?parent=64570"}],"wp:term":[{"taxonomy":"category","embeddable":true,"href":"https:\/\/www.recom.link\/bhsc\/wp-json\/wp\/v2\/categories?post=64570"},{"taxonomy":"post_tag","embeddable":true,"href":"https:\/\/www.recom.link\/bhsc\/wp-json\/wp\/v2\/tags?post=64570"}],"curies":[{"name":"wp","href":"https:\/\/api.w.org\/{rel}","templated":true}]}}