{"id":191609,"date":"2026-09-03T12:00:52","date_gmt":"2026-09-03T11:00:52","guid":{"rendered":"https:\/\/www.recom.link\/?p=191609"},"modified":"2026-09-03T12:03:11","modified_gmt":"2026-09-03T11:03:11","slug":"medunarodni-dan-nestalih-u-senci-smrti-osudenog-za-genocid","status":"publish","type":"post","link":"https:\/\/www.recom.link\/bhsc\/medunarodni-dan-nestalih-u-senci-smrti-osudenog-za-genocid\/","title":{"rendered":"Me\u0111unarodni dan nestalih u senci smrti osu\u0111enog za genocid"},"content":{"rendered":"<p>Me\u0111unarodni dan nestalih, 30. avgusta 2026. godine, u zemljama nekada\u0161nje Jugoslavije obele\u017een je uglavnom kao protokolarna obaveza. Deklarativnu brigu za sve nestale nisu pratili zajedni\u010dki zahtevi, dogovor o saradnji niti pristup arhivskoj gra\u0111i koju dr\u017eave tretiraju kao pitanje \u201enacionalnog interesa\u201c.<\/p>\n<p>&nbsp;<\/p>\n<p>Smrt Ratka Mladi\u0107a, ratnog komandanta Vojske Republike Srpske, dominirala je javnim prostorom. Mladi\u0107 je pravosna\u017eno osu\u0111en za genocid po\u010dinjen nad oko 8.000 Bo\u0161njaka u Srebrenici u julu 1995. godine; za progon i prisilno preme\u0161tanje Bo\u0161njaka i Hrvata \u0161irom Bosne i Hercegovine; za snajpersko delovanje, granatiranje i terorisanje civila tokom opsade Sarajeva; kao i za uzimanje pripadnika mirovnih snaga UN za taoce tokom NATO bombardovanja 1995. godine. <em>(Izvor: <\/em><a href=\"https:\/\/www.irmct.org\/en\/cases\/mict-13-56\"><em>MRMKS, pravosna\u017ena presuda u predmetu Mladi\u0107<\/em><\/a><em>, 8. 6. 2021.)<\/em><\/p>\n<p>&nbsp;<\/p>\n<p>U Srbiji i Republici Srpskoj vlasti su sudbinu nestalih u ratovima devedesetih potisnule zahvalno\u0161\u0107u Ratku Mladi\u0107u za navodnu \u201eodbranu srpskog naroda\u201c, optu\u017ebama da je Hag odgovoran za njegovu smrt i porukama da mu dr\u017eava duguje vojni\u010dku sahranu i dr\u017eavne po\u010dasti.<\/p>\n<p>&nbsp;<\/p>\n<p>U Srbiji su mediji pod kontrolom vlasti raspirivali nacionalisti\u010dko raspolo\u017eenje. <em>Informer<\/em> je objavio naslov \u201eUbijen Ratko Mladi\u0107\u201c, uz tvrdnju da je re\u010d o \u201ezlo\u010dinu posle torture u Sheveningenu\u201c, dok su Ve\u010dernje novosti objavile naslov \u201eHag ubio tvorca Srpske\u201c. <em>Informer<\/em> TV je saop\u0161tio da je \u201eHa\u0161ki tribunal ugasio \u017eivot generala\u201c. Radio-televizija Srbije otvorila je centralnu informativnu emisiju arhivskim snimcima Mladi\u0107a u uniformi, bez navo\u0111enja zlo\u010dina zbog kojih je pravosna\u017eno osu\u0111en na do\u017eivotni zatvor. <em>(Izvor: <\/em><a href=\"https:\/\/www.istinomer.rs\/analize\/provladini-mediji-o-smrti-ratka-mladica-general-ubijen-u-hagu\/\"><em>Istinomer<\/em><\/a><em>, 28. 8. 2026.)<\/em><\/p>\n<p>U centru Obrenovca oslikan je veliki mural sa likom Ratka Mladi\u0107a i porukom: \u201e\u017dive\u0107u dok ima na\u0161eg plemena i naroda. Krsti\u0107e se i ko ne\u0107e.\u201c Nakon zavr\u0161etka oslikavanja, okupljeni gra\u0111ani su ispred murala upalili baklje i priredili vatromet u znak opro\u0161taja. <em>(Izvori: <\/em><a href=\"https:\/\/nsuzivo.rs\/srbija\/ratko-mladic-dobio-mural-u-obrenovcu-zivecu-dok-ima-naseg-plemena-i-naroda-gradjani-se-oprostili-od-generala-uz-njegovu-poznatu-recenicu\/\"><em>NS U\u017eivo<\/em><\/a><em> i <\/em><a href=\"https:\/\/www.glassrpske.com\/lat\/novosti\/srbija\/pogledajte-kako-se-obrenovac-oprostio-od-generala-maldica-video\/650440\"><em>Glas Srpske<\/em><\/a><em>, 1. 9. 2026.)<\/em><\/p>\n<p>Ministar pravde Srbije Nenad Vuji\u0107 prvi je reagovao na vest o smrti Ratka Mladi\u0107a, obavestiv\u0161i javnost da je poslao tim u Hag radi preuzimanja posmrtnih ostataka i da \u0107e Mladi\u0107 biti sahranjen uz najvi\u0161e dr\u017eavne i vojne po\u010dasti. Predsednik vladaju\u0107e stranke Milo\u0161 Vu\u010devi\u0107 govorio je o oficirima koji su \u201ebranili srpski narod\u201c, a ministar unutra\u0161njih poslova Ivica Da\u010di\u0107 optu\u017eio je Ha\u0161ki tribunal da je u slu\u010dajevima Slobodana Milo\u0161evi\u0107a i Ratka Mladi\u0107a pokazao \u201eanticivilizacijsko lice\u201c. Predsednik Srbije Aleksandar Vu\u010di\u0107 ubla\u017eio je najavu ministra pravde o dr\u017eavnim i vojnim po\u010dastima izjavom o \u201epristojnoj i dostojanstvenoj\u201c sahrani u dogovoru sa porodicom. Istovremeno je optu\u017eio Ha\u0161ki tribunal da je \u017eeleo da Mladi\u0107 umre u zatvoru, a potom je govorio o \u201edvostrukim standardima\u201c. <em>(Izvori: <\/em><a href=\"https:\/\/www.rts.rs\/lat\/vesti\/drustvo\/6028212\/vujic-mladic-ce-biti-sahranjen-uz-najvise-drzavne-i-vojne-pocasti.html\"><em>RTS<\/em><\/a><em>, <\/em><a href=\"https:\/\/rtv.rs\/sr_lat\/politika\/vucevic-general-mladic-ce-ako-porodica-zeli-biti-sahranjen-u-srbiji-kako-dolikuje_1739337.html\"><em>RTV<\/em><\/a><em>, <\/em><a href=\"https:\/\/www.blic.rs\/vesti\/politika\/dacic-u-slucaju-milosevica-i-mladica-haski-tribunal-pokazao-anticivilizacijsko-lice\/nfctw11\"><em>Blic<\/em><\/a><em> i <\/em><a href=\"https:\/\/www.reuters.com\/world\/serbias-vucic-raps-uncivilised-un-court-over-handling-mladic-death-2026-08-28\/\"><em>Reuters<\/em><\/a><em>, 28. 8. 2026.)<\/em><\/p>\n<p>&nbsp;<\/p>\n<p>U Zvorniku, u Republici Srpskoj, nekoliko sati posle Mladi\u0107eve smrti organizovan je mar\u0161 sa njegovim fotografijama i zastavama Srbije i Republike Srpske. U Republici Srpskoj odr\u017eani su skupovi i verski obredi u njegovu \u010dast. U Bratuncu je, u Crkvi Uspenja Presvete Bogorodice, slu\u017een parastos kojem je prisustvovao veliki broj gra\u0111ana i \u010dlanova lokalne Bora\u010dke organizacije. U spomen-sobi u Bratuncu otvorena je i knjiga \u017ealosti, u koju su se gra\u0111ani upisivali izra\u017eavaju\u0107i zahvalnost. Bora\u010dke organizacije su, uz podr\u0161ku vlasti Republike Srpske, po\u010dele da prikupljaju podatke gra\u0111ana zainteresovanih za organizovan odlazak na sahranu, iako jo\u0161 nisu bili poznati ni datum ni mesto sahrane. <em>(Izvor: <\/em><a href=\"https:\/\/www.srna.rs\/novost\/1424663\/sluzen-parastos-i-odata-pocast-generalu-mladicu\"><em>SRNA<\/em><\/a><em>, 28. 8. 2026.)<\/em><\/p>\n<p>&nbsp;<\/p>\n<p>Za razliku od Srbije, u Bosni i Hercegovini je Me\u0111unarodni dan nestalih bio vidljiviji kroz skupove porodica, izlo\u017ebe i medijske izve\u0161taje. Ipak, i tamo je obele\u017eavanje bilo pra\u0107eno vestima o najavama dr\u017eavnih i vojnih po\u010dasti Mladi\u0107u u Srbiji i skupovima odr\u017eanim njemu u \u010dast u Republici Srpskoj. Predstavnici dr\u017eavnih institucija i udru\u017eenja porodica govorili su o potrebi pronala\u017eenja svih nestalih, ali su njihova konkretna obra\u0107anja i zahtevi ponovo bili usmereni prvenstveno na \u017ertve sopstvene nacionalne zajednice.<\/p>\n<p><strong>\u00a0<\/strong><\/p>\n<p><strong>\u010cinjenice o nestalima<\/strong><\/p>\n<p>&nbsp;<\/p>\n<p>U Bosni i Hercegovini se jo\u0161 traga za 7.588 nestalih osoba. Institut za nestale osobe BiH navodi da se jo\u0161 traga za oko 900 osoba nestalih posle pada Srebrenice. Prema podacima Detektora, porodice deset identifikovanih \u017ertava jo\u0161 nisu dale saglasnost za njihov ukop, uglavnom zato \u0161to su prona\u0111eni samo nekompletni delovi njihovih tela. Za jo\u0161 36 \u017ertava postoji DNK identifikacija, ali njihove porodice nisu zavr\u0161ile postupak zvani\u010dne identifikacije. <em>(Izvori: <\/em><a href=\"https:\/\/detektor.ba\/2026\/08\/28\/sve-manje-potencijalnih-svjedoka-i-informacija-bitnih-za-pronalazak-nestalih\/\"><em>Institut za nestale osobe BiH\/Detektor<\/em><\/a><em>, 28. 8. 2026, i <\/em><a href=\"https:\/\/detektor.ba\/2026\/07\/02\/u-srebrenici-ce-biti-ukopano-deset-zrtava-genocida\/\"><em>Detektor<\/em><\/a><em>, 2. 7. 2026.)<\/em><\/p>\n<p>&nbsp;<\/p>\n<p>U Hrvatskoj se, prema zvani\u010dnim podacima, traga za 1.725 osoba: za 1.341 osobom \u010dija sudbina nije poznata i za posmrtnim ostacima 384 osobe za koje je utvr\u0111eno da su smrtno stradale, ali \u010dije mesto ukopa nije poznato. Ministarstvo hrvatskih branitelja navodi da je tokom 2026. godine re\u0161ena sudbina 20 osoba. Me\u0111u njima je \u0161est osoba srpske nacionalnosti, \u010diji su posmrtni ostaci bili ekshumirani u Vinkovcima, Pa\u010detinu, Donjem Raji\u0107u, Petrinji, Dobropoljcima i Zadru. <em>(Izvori: <\/em><a href=\"https:\/\/branitelji.gov.hr\/vijesti\/u-vukovaru-obiljezen-dan-sjecanja-na-nestale-u-domovinskom-ratu-i-medjunarodni-dan-nestalih-osoba\/5257\"><em>Ministarstvo hrvatskih branitelja<\/em><\/a><em>, 30. 8. 2026; evidencija FHP-a o identifikovanim osobama srpske nacionalnosti, stanje 1. 9. 2026.)<\/em><\/p>\n<p>Prema evidenciji udru\u017eenja <em>Veritas<\/em>, jo\u0161 nije rasvetljena sudbina 1.462 osobe srpske nacionalnosti sa podru\u010dja Hrvatske, me\u0111u kojima su 1.053 civila i 403 \u017eene. <em>(Izvor: <\/em><a href=\"https:\/\/www.veritas.org.rs\/e-veritas-28-08-2026-saopstenje-za-javnost-povodom-medunarodnog-dana-nestalih-30-avgust\/\"><em>DIC Veritas<\/em><\/a><em>, 28. 8. 2026.)<\/em><\/p>\n<p>&nbsp;<\/p>\n<p>U vezi sa ratom na Kosovu jo\u0161 se traga za pribli\u017eno 1.600 osoba. <em>(Izvor: <\/em><a href=\"https:\/\/icmp.int\/news\/progress-in-efforts-to-resolve-missing-persons-cases-from-the-kosovo-conflict\/\"><em>ICMP<\/em><\/a><em>, 27. 8. 2026.) <\/em>Formiranje Zajedni\u010dke komisije Srbije i Kosova i njen prvi sastanak u januaru 2026. godine nisu doveli do uspostavljanja zajedni\u010dkog operativnog rada. <em>(Izvor: <\/em><a href=\"https:\/\/www.eeas.europa.eu\/eeas\/statement-eusr-belgrade-pristina-dialogue-occasion-first-trilateral-meeting-joint-commission-missing_en\"><em>EEAS<\/em><\/a><em>, 23. 1. 2026.) <\/em>Nema javno zabele\u017eenih zajedni\u010dkih terenskih provera i ekshumacija, uzajamnog pristupa lokacijama i arhivama niti slu\u010dajeva re\u0161enih zajedni\u010dkim radom. U Srbiji nije pokrenuta provera nijedne ranije ekshumirane masovne grobnice \u010diju je ponovnu pretragu zatra\u017eila kosovska Komisija za nestala lica. <em>(Izvori: uvid FHP-a u javno dostupne podatke do 1. 9. 2026; <\/em><a href=\"https:\/\/www.slobodnaevropa.org\/a\/grobnica-novi-pazar-kosovo-nestali-srbija\/33107238.html\"><em>Radio Slobodna Evropa<\/em><\/a><em>, 5. 9. 2024.)<\/em><\/p>\n<p>&nbsp;<\/p>\n<p>Me\u0111unarodna komisija za nestala lica \u2013 ICMP objavila je da je od septembra 2024. do avgusta 2026. godine nadle\u017enim komisijama dostavila 60 novih izve\u0161taja o DNK podudaranju koji omogu\u0107avaju nove identifikacije. <em>(Izvor: <\/em><a href=\"https:\/\/icmp.int\/news\/progress-in-efforts-to-resolve-missing-persons-cases-from-the-kosovo-conflict\/\"><em>ICMP<\/em><\/a><em>, 27. 8. 2026.)<\/em><\/p>\n<p>&nbsp;<\/p>\n<p>Prema podacima REKOM mre\u017ee pomirenja, FHP-a i FHP Kosovo, od jula 2024. do 1. septembra 2026. godine utvr\u0111en je identitet najmanje 33 nestale osobe: me\u0111u njima je 31 Albanac i Ru\u017eica \u0160taki\u0107, Crnogorka iz \u0110akovice\/Gjakov\u00eb. Njihov identitet utvr\u0111en je DNK analizom koju je sproveo ICMP. Komisija Vlade Srbije navela je i identifikaciju jedne osobe romske nacionalnosti, ali njeno ime, mesto i datum ekshumacije, kao ni datum identifikacije, nisu javno saop\u0161teni. <em>(Izvori: evidencija REKOM, FHP-a i FHP Kosovo, stanje 1. 9. 2026; Komisija Vlade Srbije za nestala lica, izjava Veljka Odalovi\u0107a, 28. 8. 2026.)<\/em><\/p>\n<p><strong>\u00a0<\/strong><\/p>\n<p><strong>\u00a0<\/strong><strong>\u00a0<\/strong><\/p>\n<p><strong>Identifikovane nestale osobe u vezi sa ratom na Kosovu: 30. 7. 2024 \u2013 1. 9. 2026.<\/strong><\/p>\n<p><em>(Izvor: Baza podataka Kosovske knjige pam\u0107enja)<\/em><\/p>\n<p>&nbsp;<\/p>\n<p><strong>Gani (Rifat i Mihane) Baleci<\/strong><\/p>\n<p>&nbsp;<\/p>\n<p>Gani je umro 31. 3. 1999. godine u bolnici u Pri\u0161tini\/Prishtin\u00eb od povreda zadobijenih prilikom prevrtanja traktora koji je vozio. Porodica je odmah posle rata saznala da je sahranjen na groblju u selu Mati\u010dane\/Matiqan, ali je posle nekog vremena grob izme\u0161ten na lokaciju koja porodici nije bila poznata. Njegovi posmrtni ostaci ekshumirani su 5. 10. 2023. godine u selu Mati\u010dane\/Matiqan. Potvrdu o smrti i identifikaciji izdao je Institut za sudsku medicinu u Pri\u0161tini\/Prishtin\u00eb po\u010detkom jula 2024. godine.<\/p>\n<p>Gani je sahranjen 14. 7. 2024. godine u selu Novo \u010cikatovo\/\u00c7ikatov\u00eb e Re, op\u0161tina Glogovac\/Drenas.<\/p>\n<p><strong>\u00a0<\/strong><\/p>\n<p><strong>Ru\u017eica (Nikola i Milosava) \u0160taki\u0107<\/strong><\/p>\n<p>&nbsp;<\/p>\n<p>Ru\u017eica je do 8. 6. 1999. godine radila kao blagajnica u preduze\u0107u \u201eKompresor\u201c u \u0110akovici\/Gjakov\u00eb. Tog dana kolege su je poslednji put videle. Njeni posmrtni ostaci ekshumirani su u \u0110akovici\/Gjakov\u00eb, ali nema podataka o ta\u010dnoj lokaciji. Potvrdu o smrti i identifikaciji izdao je Institut za sudsku medicinu u Pri\u0161tini\/Prishtin\u00eb 16. 10. 2024. godine.<\/p>\n<p>Sahranjena je 11. 4. 2025. godine u Gnjilom Potoku kod Andrijevice u Crnoj Gori, gde je sahranjena i njena majka.<\/p>\n<p><strong>\u00a0<\/strong><\/p>\n<p><strong>Feriz (Haxhi i Zoje) Mrasori<\/strong><\/p>\n<p>&nbsp;<\/p>\n<p>Feriza i jo\u0161 vi\u0161e od 100 albanskih mu\u0161karaca srpske snage su streljale 31. 3. 1999. godine u Pustom Selu\/Pastasell\u00eb. Njegove posmrtne ostatke preuzela je i sahranila porodica iz Savrova\/Savrov\u00eb, veruju\u0107i da je re\u010d o njihovom \u010dlanu porodice. Posle 24 godine sahranjeni posmrtni ostaci su ekshumirani. Obdukcijom je utvr\u0111eno da je uzrok smrti prostrelna rana na desnoj strani lobanje. Potvrdu o smrti i identifikaciji izdao je Institut za sudsku medicinu u Pri\u0161tini\/Prishtin\u00eb po\u010detkom decembra 2024. godine.<\/p>\n<p>Feriz je sahranjen 18. 12. 2024. godine na groblju \u017ertava rata u Pustom Selu\/Pastasell\u00eb.<\/p>\n<p><strong>\u00a0<\/strong><\/p>\n<p><strong>Selman (Halit i Halumshahe) Dema<\/strong><\/p>\n<p>&nbsp;<\/p>\n<p>Selman je poslednji put vi\u0111en 4. 5. 1999. godine u porodi\u010dnoj prodavnici bele tehnike \u201eIlirajana\u201c u Orahovcu\/Rahovec, odakle su njega, njegovu suprugu i brata, u prisustvu dr Vekoslava Simi\u0107a, odveli pripadnici policije Republike Srbije. Njegovi posmrtni ostaci ekshumirani su 26. 10. 2023. godine u selu Du\u0161anovo\/Arben\u00eb kod Prizrena\/Prizren. Obdukcijom je utvr\u0111eno da je uzrok smrti prostrelna rana u predelu glave. Potvrdu o smrti i identifikaciji izdao je Institut za sudsku medicinu u Pri\u0161tini\/Prishtin\u00eb po\u010detkom decembra 2024. godine.<\/p>\n<p>Selman je sahranjen 21. 12. 2024. godine u Orahovcu\/Rahovec.<\/p>\n<p><strong>\u00a0<\/strong><\/p>\n<p><strong>Ismail (Hazir i Nazife) Parduzi i Ilmi (Fazli i Xhyl\u00eb) Aliu<\/strong><\/p>\n<p>&nbsp;<\/p>\n<p>Poslednji put su vi\u0111eni 14. 4. 1999. godine, kada su ih pripadnici SUP-a Mitrovica iz ku\u0107e Fahredina Berishe u ju\u017enom delu Mitrovice\/Mitrovic\u00eb odveli na \u201einformativni razgovor\u201c.<\/p>\n<p>Njihovi posmrtni ostaci ekshumirani su 2023. godine na groblju u selu Vidomiri\u0107\/Vidimiriq. Potvrdu o smrti i identifikaciji posmrtnih ostataka izdao je Institut za sudsku medicinu u Pri\u0161tini\/Prishtin\u00eb po\u010detkom oktobra 2024. godine.<\/p>\n<p>Ismail je sahranjen 26. 10. 2024. godine u selu Vesekovce\/Vesekofc, a Ilmi 20. 12. 2024. godine u selu Strovce\/Strofc, op\u0161tina Vu\u010ditrn\/Vushtrri.<\/p>\n<p><strong>\u00a0<\/strong><\/p>\n<p><strong>Ramadan (Jonuz i Hilmije) Hoxha, Xhavit (Zymer i Miradije) Maloku, Xheladin (Jetish i Hajrije) Kabashi, Agim (Hysen i Elheme) Syla i Besim (Bajram i Fahrije) Berisha<\/strong><\/p>\n<p>&nbsp;<\/p>\n<p>Ramadana, Xhavita, Xheladina, Agima i Besima, kao i jo\u0161 najmanje 30 Albanaca, streljali su pripadnici VJ 30. 3. 1999. godine pored betonskog zida na putu od sela Poljance\/Polac prema Srbici\/Skenderaj.<\/p>\n<p>Posmrtni ostaci Ramadana, Xhavita, Agima i Xheladina ekshumirani su 2023. godine sa groblja u blizini biv\u0161e fabrike municije u Prekazu\/Prekaz. Raspolo\u017eivi podaci pokazuju da je obdukcijom utvr\u0111eno da je uzrok Xhavitove smrti prostrelna rana u predelu karlice, a Besimove prostrelna rana u predelu glave, dok uzrok Agimove smrti nije utvr\u0111en. Potvrdu o smrti i identifikaciji posmrtnih ostataka Ramadana, Xhavita, Agima i Besima izdao je Institut za sudsku medicinu u Pri\u0161tini\/Prishtin\u00eb krajem septembra 2024. godine, a za Xheladina po\u010detkom januara 2025. godine.<\/p>\n<p>Ramadan je sahranjen 1. 10. 2024. godine u selu Domonek\/Domanek. Xhavit je sahranjen istog dana u selu Polu\u017ee\/Poluzh\u00eb, a Agim i Besim u selu \u0160tutice\/Shtutic\u00eb. Xheladin je sahranjen 19. 1. 2025. godine na groblju palih boraca u selu Poljance\/Polac.<\/p>\n<p><strong>\u00a0<\/strong><\/p>\n<p><strong>Adem (Hazir i Xhev\u00eb) Gashi, Osman (Kadri i Nefise) Fejza, Sheremet (Brahim i Zoje) Ismajli, Bekim (Hashim i Aze) Hasani, Bekim (Muharrem i Zyhra) Gashi, Mentor (Xhemail i Shukrije) Myrtaj, Vehbi (Pajazit i Fetije) Halilaj, Mentor (Maliq i Ganimete) Kryeziu, Sahit (Ahmet i Xhemile) Gashi, Sabedin (Kadri i Nafije) Kryeziu i Shk\u00eblzen (Rifat i Dinore) Hajdaraj<\/strong><\/p>\n<p>&nbsp;<\/p>\n<p>Poslednji put su vi\u0111eni 2. 4. 1999. godine u selu Kraljan\/Kralan, u grupi od 95 mla\u0111ih mu\u0161karaca koje su zadr\u017eali pripadnici VJ, dok su njihove porodice primorane da odu u Albaniju. Posle rata, u septembru 2001. godine, posmrtni ostaci 19 mu\u0161karaca otkriveni su u masovnoj grobnici pored jezera Peru\u0107ac u Srbiji, a ostaci 16 mu\u0161karaca na grobljima u \u0110akovici\/Gjakov\u00eb i Kraljanu\/Kralan. Njihovi posmrtni ostaci ekshumirani su 19. 10. 2023. godine u selu Bistra\u017ein\/Bistrazhin. Obdukcijom nije utvr\u0111en odre\u0111eni uzrok smrti. Potvrde o smrti i identifikaciji posmrtnih ostataka izdao je Institut za sudsku medicinu u Pri\u0161tini\/Prishtin\u00eb 14. 2. 2025. godine.<\/p>\n<p>Adem Gashi, Osman Fejza, Sheremet Ismajli, Bekim Hasani, Sahit Gashi, Bekim Gashi i Shk\u00eblzen Hajdaraj sahranjeni su 4. 4. 2025. godine na groblju \u017ertava rata Crveni breg\/Kodra e Kuqe u selu Grabanica\/Grabanic\u00eb. Mentor Myrtaj sahranjen je istog dana u selu Jo\u0161anica\/Jashanic\u00eb, Mentor Kryeziu u selu Bobovac\/Bubavec, a Vehbi Halilaj u selu Lap\u010devo\/Llapqev\u00eb. Sabedin Kryeziu sahranjen je 21. 3. 2025. godine u selu Mle\u010dan\/Mleqan.<\/p>\n<p><strong>\u00a0<\/strong><\/p>\n<p><strong>Elhami (Qamili i Habibe) Tahiraga<\/strong><\/p>\n<p>&nbsp;<\/p>\n<p>Elhami je ubijen 18. 7. 1998. godine u blizini benzinske pumpe na ulazu u Orahovac\/Rahovec. Njegovo telo ostalo je u automobilu u koji su pucali pripadnici srpskih snaga. Posmrtni ostaci ekshumirani su 9. 9. 2003. godine u Orahovcu\/Rahovec. Obdukcijom nije utvr\u0111en odre\u0111eni uzrok smrti. Potvrdu o smrti i identifikaciji izdao je Institut za sudsku medicinu u Pri\u0161tini\/Prishtin\u00eb 18. 2. 2025. godine.<\/p>\n<p>Sahranjen je 25. 4. 2025. godine u Orahovcu\/Rahovec.<\/p>\n<p><strong>\u00a0<\/strong><\/p>\n<p><strong>Xhemali (Bajram i Sabrije) Kabashi<\/strong><\/p>\n<p>&nbsp;<\/p>\n<p>Posmrtni ostaci ekshumirani su u dve odvojene prilike, 27. 7. 2000. i 29. 10. 2024. godine, sa groblja u selu Sopine\/Sopij\u00eb, op\u0161tina Suva Reka\/Suharek\u00eb. Obdukcijom je utvr\u0111eno da je uzrok smrti prostrelna rana u predelu abdomena. Potvrdu o smrti i identifikaciji izdao je Institut za sudsku medicinu u Pri\u0161tini\/Prishtin\u00eb 3. 11. 2025. godine.<\/p>\n<p>Sahranjen je 16. 11. 2025. godine na groblju u selu Sopine\/Sopij\u00eb.<\/p>\n<p><strong>\u00a0<\/strong><\/p>\n<p><strong>Rasim (Mehmet i Rukije) Koci<\/strong><\/p>\n<p>&nbsp;<\/p>\n<p>Rasima je poslednji video ro\u0111ak Hysen Shoshi 3. 4. 1999. godine u selu Skivjane\/Skivjan, kada je svratio kod njega na putu za selo Ramoc\/Ramoc. Bio je mokar od ki\u0161e. Zadr\u017eao se \u010detiri sata, dok mu se ode\u0107a nije osu\u0161ila. Hysen mu je dao bicikl i Rasim je oti\u0161ao prema Ramocu\/Ramoc, ali tamo nije stigao. Posmrtni ostaci ekshumirani su 17. 10. 2003. godine u blizini reke Drim\/Drin u Maloj Kru\u0161i\/Krush\u00eb e Vog\u00ebl, u op\u0161tini Prizren\/Prizren. Obdukcijom nije utvr\u0111en uzrok smrti. Potvrdu o smrti i identifikaciji izdao je Institut za sudsku medicinu u Pri\u0161tini\/Prishtin\u00eb 22. 1. 2026. godine.<\/p>\n<p>Sahranjen je 31. 1. 2026. godine na groblju \u017ertava rata u naselju \u010cabrat\/\u00c7abrat u \u0110akovici\/Gjakov\u00eb.<\/p>\n<p><strong>\u00a0<\/strong><\/p>\n<p><strong>Agron (Sdari i Zejnepe) Gjocaj<\/strong><\/p>\n<p>&nbsp;<\/p>\n<p>Agron je poslednji put vi\u0111en 16. 8. 1998. godine, kada je u grupi pripadnika OVK u\u0161ao u minsko polje na planini Bogi\u0107evica. Posmrtni ostaci ekshumirani su 28. 6. 2025. godine na groblju u \u0110akovici\/Gjakov\u00eb. Uzrok smrti nije utvr\u0111en. Potvrdu o smrti i identifikaciji izdao je Institut za sudsku medicinu u Pri\u0161tini\/Prishtin\u00eb 4. 2. 2026. godine.<\/p>\n<p>Sahranjen je 21. 2. 2026. godine u Memorijalnom kompleksu palih boraca u Babalo\u0107u\/Baballoq, op\u0161tina De\u010dane\/De\u00e7an.<\/p>\n<p><strong>\u00a0<\/strong><\/p>\n<p><strong>Masar (Ymer i Zoj\u00eb) Dushi, Bali (Pajazit i Sofije) Gashi i Fadil (Shaban i Hamide) Elezaj<\/strong><\/p>\n<p>&nbsp;<\/p>\n<p>Poslednji put su vi\u0111eni 4. 4. 1999. godine u selu Kraljan\/Kralan, u grupi od 95 mla\u0111ih albanskih civila koje su srpske snage zadr\u017eale, dok su njihove porodice uputile prema Albaniji. Njihovi posmrtni ostaci ekshumirani su 19. 10. 2023. godine u Bistra\u017einu\/Bistrazhin. Uzrok smrti nije utvr\u0111en. Potvrdu o smrti i identifikaciji posmrtnih ostataka izdao je Institut za sudsku medicinu u Pri\u0161tini\/Prishtin\u00eb 4. 2. 2026. godine.<\/p>\n<p>Sahranjeni su 27. 2. 2026. godine na groblju palih boraca Crveni breg\/Kodra e Kuqe u selu Grabanica\/Grabanic\u00eb.<\/p>\n<p><strong>\u00a0<\/strong><\/p>\n<p><strong>Myrteza (Skender i Dudije) Dylhasi<\/strong><\/p>\n<p>&nbsp;<\/p>\n<p>Myrteza, njegov otac Skender, Manduha Jetishi i njena dva sina, Fatos i Shpend, nalazili su se u ku\u0107i kom\u0161ije Halima Qerkezija u \u0110akovici\/Gjakov\u00eb kada su oko podneva 27. 3. 1999. godine do\u0161la tri maskirana policajca. Iz ku\u0107e su odveli Halima i njegova \u010detiri sina, njihove ro\u0111ake Vegima i Shpetima, Skendera i Myrtezu, kao i Manduhine sinove Fatosa i Shpenda.<\/p>\n<p>Myrtezini posmrtni ostaci ekshumirani su u selu \u0110onaj\/Gjonaj, u blizini reke Drim\/Drin. Jo\u0161 nisu identifikovani posmrtni ostaci Myrtezinog oca Skendera, Halima i njegovih sinova Armenda i Ardiana, kao ni Shpetima i Shpenda.<\/p>\n<p>Myrteza je sahranjen 6. 3. 2026. godine na groblju Memorijalnog kompleksa \u010cabrat\/\u00c7abrat u \u0110akovici\/Gjakov\u00eb.<\/p>\n<p><strong>\u00a0<\/strong><\/p>\n<p><strong>Sinan (Fadil i Lumnie) Dauti<\/strong><\/p>\n<p>&nbsp;<\/p>\n<p>Devetogodi\u0161nji Sinan je te\u0161ko ranjen kada su srpske snage 12. 4. 1999. godine granatirale Gornje Prekaze\/Prekaz e Ep\u00ebrm, op\u0161tina Srbica\/Skenderaj. Umro je u bolnici u Kosovskoj Mitrovici\/Mitrovic\u00eb od zadobijenih povreda. Posmrtni ostaci ekshumirani su 27. 11. 2024. godine sa groblja u Suvom Dolu\/Suhodoll, op\u0161tina Mitrovica\/Mitrovic\u00eb.<\/p>\n<p>Potvrdu o smrti i identifikaciji posmrtnih ostataka izdao je Institut za sudsku medicinu u Pri\u0161tini\/Prishtin\u00eb 14. 4. 2026. godine. Sahranjen je 18. 4. 2026. godine na groblju u selu Gornje Prekaze\/Prekaz e Ep\u00ebrm.<\/p>\n<p><strong>\u00a0<\/strong><\/p>\n<p><strong>Hajdar (Sali i Ajshe) Pepaj<\/strong><\/p>\n<p>&nbsp;<\/p>\n<p>Hajdar je ubijen 22. 5. 1999. godine u zatvoru Dubrava kod Istoka, kada su pripadnici jedinice Specijalne policije MUP-a Srbije ubili vi\u0161e od 60 albanskih zatvorenika. Na groblju zatvorenika Hajdarova supruga je me\u0111u izlo\u017eenom ode\u0107om sahranjenih zatvorenika prepoznala njegovu ode\u0107u, ali njegovog tela nije bilo u grobu ozna\u010denom istim brojem kao ode\u0107a.<\/p>\n<p>Hajdarovi posmrtni ostaci ekshumirani su 11. 7. 2025. godine u selu Pustenik\/Pusat e Nik\u00ebs, op\u0161tina \u0110eneral Jankovi\u0107\/Hani i Elezit. Obdukcijom je utvr\u0111eno da je uzrok smrti povreda ramena naneta vatrenim oru\u017ejem. Potvrdu o smrti i identifikaciji izdao je Institut za sudsku medicinu u Pri\u0161tini\/Prishtin\u00eb 20. 6. 2026. godine.<\/p>\n<p>Sahranjen je 21. 6. 2026. godine na groblju u selu Kodralije\/Kodrali.<\/p>\n<p><strong>\u00a0<\/strong><\/p>\n<p><strong>Ekshumacija u op\u0161tini Zubin Potok<\/strong><\/p>\n<p>&nbsp;<\/p>\n<p>U selima Kaludra i Jabuka, u avgustu 2026. godine, ekshumirani su posmrtni ostaci najmanje 23 osobe. Postoje ozbiljne indicije da pripadaju albanskim civilima koji su 19. aprila 1999. godine krenuli iz Kosovske Mitrovice\/Mitrovic\u00eb da se sklone u Crnu Goru. Provera informacije o toj grobnici trajala je du\u017ee od dve decenije, iako su MUP Srbije, UNMIK i Kosovska policija raspolagali podacima o zlo\u010dinu i mogu\u0107oj lokaciji ukopa. <em>(Izvori: <\/em><a href=\"https:\/\/kryeministri.rks-gov.net\/en\/news\/prezantohet-raporti-permbledhes-i-komisionit-qeveritar-per-persona-te-zhdukur-per-germimet-ne-komunen-e-zubin-potokut\/\"><em>Komisija Vlade Kosova za nestala lica<\/em><\/a><em>, 24. 8. 2026; arhiva FHP-a.)<\/em><\/p>\n<p><strong>\u00a0<\/strong><\/p>\n<p><strong>Zaklju\u010dak<\/strong><\/p>\n<p>&nbsp;<\/p>\n<p>Ovogodi\u0161nje obele\u017eavanje Me\u0111unarodnog dana nestalih ponovo je pokazalo da se nestale osobe u zemljama nekada\u0161nje Jugoslavije i dalje dele prema nacionalnoj pripadnosti. Politi\u010dari i predstavnici udru\u017eenja porodica govore o pravu svih porodica na istinu, dok se u praksi obra\u0107aju isklju\u010divo \u201esvojim\u201c \u017ertvama i odgovornost za zastoj pripisuju samo drugoj strani.<\/p>\n<p>&nbsp;<\/p>\n<p>U Srbiji je Me\u0111unarodni dan nestalih potisnut javnim veli\u010danjem Ratka Mladi\u0107a, pravosna\u017eno osu\u0111enog za genocid i druge ratne zlo\u010dine. To nije samo falsifikovanje pro\u0161losti, ve\u0107 dehumanizacija \u017ertava zlo\u010dina u Bosni i Hercegovini: njihova imena, sudbine i patnja njihovih porodica uklonjeni su iz javnog prostora da bi se u njegovom sredi\u0161tu na\u0161ao \u010dovek osu\u0111en za genocid, ubistva, progon i terorisanje civila, koji se 16 godina skrivao od pravde.<\/p>\n<p>&nbsp;<\/p>\n<p>Zajedni\u010dka komisija Srbije i Kosova ostala je bez operativnih rezultata: nije sprovedena nijedna zajedni\u010dka terenska provera, nije uspostavljen uzajamni pristup arhivama i lokacijama, a u Srbiji nije zapo\u010deta ponovna pretraga ranije ekshumiranih masovnih grobnica koju je zatra\u017eila kosovska komisija. Komisija koja ne dovodi do razmene podataka i pronalaska posmrtnih ostataka ne predstavlja saradnju, ve\u0107 njenu simulaciju.<\/p>\n<p>&nbsp;<\/p>\n<p>Pravo na istinu nema nacionalnost. Dok dr\u017eava javno slavi osu\u0111enog za genocid, a institucije \u010duvaju arhive i informacije kao nacionalni posed, nestalima se oduzima vidljivost, \u017ertvama ljudsko dostojanstvo, a njihovim porodicama pravo na odgovor.<\/p>\n<p>&nbsp;<\/p>\n<p>Nata\u0161a Kandi\u0107<\/p>\n<p>REKOM mre\u017ea pomirenja, FHP i FHPK<\/p>\n<p>&nbsp;<\/p>\n","protected":false},"excerpt":{"rendered":"Me\u0111unarodni dan nestalih, 30. avgusta 2026. godine, u zemljama nekada\u0161nje Jugoslavije obele\u017een je uglavnom kao protokolarna obaveza. Deklarativnu brigu za sve nestale nisu pratili zajedni\u010dki zahtevi, dogovor o saradnji niti pristup arhivskoj gra\u0111i koju dr\u017eave tretiraju kao pitanje \u201enacionalnog interesa\u201c.","protected":false},"author":119,"featured_media":191452,"comment_status":"closed","ping_status":"open","sticky":false,"template":"","format":"standard","meta":{"_acf_changed":false,"footnotes":""},"categories":[2653,422],"tags":[],"class_list":["post-191609","post","type-post","status-publish","format-standard","has-post-thumbnail","hentry","category-frontpage-bhsc","category-vesti-bhsc"],"acf":[],"yoast_head":"<!-- This site is optimized with the Yoast SEO plugin v25.6 - https:\/\/yoast.com\/wordpress\/plugins\/seo\/ -->\n<title>Me\u0111unarodni dan nestalih u senci smrti osu\u0111enog za genocid - REKOM ~ KOMRA ~ RECOM<\/title>\n<meta name=\"robots\" content=\"index, follow, max-snippet:-1, max-image-preview:large, max-video-preview:-1\" \/>\n<link rel=\"canonical\" href=\"https:\/\/www.recom.link\/bhsc\/medunarodni-dan-nestalih-u-senci-smrti-osudenog-za-genocid\/\" \/>\n<meta property=\"og:locale\" content=\"en_US\" \/>\n<meta property=\"og:type\" content=\"article\" \/>\n<meta property=\"og:title\" content=\"Me\u0111unarodni dan nestalih u senci smrti osu\u0111enog za genocid - REKOM ~ KOMRA ~ RECOM\" \/>\n<meta property=\"og:description\" content=\"Me\u0111unarodni dan nestalih, 30. avgusta 2026. godine, u zemljama nekada\u0161nje Jugoslavije obele\u017een je uglavnom kao protokolarna obaveza. Deklarativnu brigu za sve nestale nisu pratili zajedni\u010dki zahtevi, dogovor o saradnji niti pristup arhivskoj gra\u0111i koju dr\u017eave tretiraju kao pitanje \u201enacionalnog interesa\u201c.\" \/>\n<meta property=\"og:url\" content=\"https:\/\/www.recom.link\/bhsc\/medunarodni-dan-nestalih-u-senci-smrti-osudenog-za-genocid\/\" \/>\n<meta property=\"og:site_name\" content=\"REKOM ~ KOMRA ~ RECOM\" \/>\n<meta property=\"article:publisher\" content=\"https:\/\/www.facebook.com\/ZaREKOM.PerKOMRA.ForRECOM\/\" \/>\n<meta property=\"article:published_time\" content=\"2026-09-03T11:00:52+00:00\" \/>\n<meta property=\"article:modified_time\" content=\"2026-09-03T11:03:11+00:00\" \/>\n<meta property=\"og:image\" content=\"https:\/\/www.recom.link\/wp-content\/uploads\/2025\/08\/rekom-recom.link-slide.jpg\" \/>\n\t<meta property=\"og:image:width\" content=\"1280\" \/>\n\t<meta property=\"og:image:height\" content=\"960\" \/>\n\t<meta property=\"og:image:type\" content=\"image\/jpeg\" \/>\n<meta name=\"author\" content=\"HLC Administrator\" \/>\n<meta name=\"twitter:card\" content=\"summary_large_image\" \/>\n<meta name=\"twitter:creator\" content=\"@REKOM_KOMRA\" \/>\n<meta name=\"twitter:site\" content=\"@REKOM_KOMRA\" \/>\n<meta name=\"twitter:label1\" content=\"Written by\" \/>\n\t<meta name=\"twitter:data1\" content=\"HLC Administrator\" \/>\n\t<meta name=\"twitter:label2\" content=\"Est. reading time\" \/>\n\t<meta name=\"twitter:data2\" content=\"14 minutes\" \/>\n<script type=\"application\/ld+json\" class=\"yoast-schema-graph\">{\"@context\":\"https:\/\/schema.org\",\"@graph\":[{\"@type\":\"WebPage\",\"@id\":\"https:\/\/www.recom.link\/bhsc\/medunarodni-dan-nestalih-u-senci-smrti-osudenog-za-genocid\/\",\"url\":\"https:\/\/www.recom.link\/bhsc\/medunarodni-dan-nestalih-u-senci-smrti-osudenog-za-genocid\/\",\"name\":\"Me\u0111unarodni dan nestalih u senci smrti osu\u0111enog za genocid - REKOM ~ KOMRA ~ RECOM\",\"isPartOf\":{\"@id\":\"https:\/\/www.recom.link\/en\/#website\"},\"primaryImageOfPage\":{\"@id\":\"https:\/\/www.recom.link\/bhsc\/medunarodni-dan-nestalih-u-senci-smrti-osudenog-za-genocid\/#primaryimage\"},\"image\":{\"@id\":\"https:\/\/www.recom.link\/bhsc\/medunarodni-dan-nestalih-u-senci-smrti-osudenog-za-genocid\/#primaryimage\"},\"thumbnailUrl\":\"https:\/\/www.recom.link\/wp-content\/uploads\/2025\/08\/rekom-recom.link-slide.jpg\",\"datePublished\":\"2026-09-03T11:00:52+00:00\",\"dateModified\":\"2026-09-03T11:03:11+00:00\",\"author\":{\"@id\":\"https:\/\/www.recom.link\/en\/#\/schema\/person\/50c4297d8319599d2f438cb549eeb7b6\"},\"breadcrumb\":{\"@id\":\"https:\/\/www.recom.link\/bhsc\/medunarodni-dan-nestalih-u-senci-smrti-osudenog-za-genocid\/#breadcrumb\"},\"inLanguage\":\"bhsc\",\"potentialAction\":[{\"@type\":\"ReadAction\",\"target\":[\"https:\/\/www.recom.link\/bhsc\/medunarodni-dan-nestalih-u-senci-smrti-osudenog-za-genocid\/\"]}]},{\"@type\":\"ImageObject\",\"inLanguage\":\"bhsc\",\"@id\":\"https:\/\/www.recom.link\/bhsc\/medunarodni-dan-nestalih-u-senci-smrti-osudenog-za-genocid\/#primaryimage\",\"url\":\"https:\/\/www.recom.link\/wp-content\/uploads\/2025\/08\/rekom-recom.link-slide.jpg\",\"contentUrl\":\"https:\/\/www.recom.link\/wp-content\/uploads\/2025\/08\/rekom-recom.link-slide.jpg\",\"width\":1280,\"height\":960},{\"@type\":\"BreadcrumbList\",\"@id\":\"https:\/\/www.recom.link\/bhsc\/medunarodni-dan-nestalih-u-senci-smrti-osudenog-za-genocid\/#breadcrumb\",\"itemListElement\":[{\"@type\":\"ListItem\",\"position\":1,\"name\":\"Home\",\"item\":\"https:\/\/www.recom.link\/en\/\"},{\"@type\":\"ListItem\",\"position\":2,\"name\":\"Me\u0111unarodni dan nestalih u senci smrti osu\u0111enog za genocid\"}]},{\"@type\":\"WebSite\",\"@id\":\"https:\/\/www.recom.link\/en\/#website\",\"url\":\"https:\/\/www.recom.link\/en\/\",\"name\":\"REKOM ~ KOMRA ~ RECOM\",\"description\":\"\",\"potentialAction\":[{\"@type\":\"SearchAction\",\"target\":{\"@type\":\"EntryPoint\",\"urlTemplate\":\"https:\/\/www.recom.link\/en\/?s={search_term_string}\"},\"query-input\":{\"@type\":\"PropertyValueSpecification\",\"valueRequired\":true,\"valueName\":\"search_term_string\"}}],\"inLanguage\":\"bhsc\"},{\"@type\":\"Person\",\"@id\":\"https:\/\/www.recom.link\/en\/#\/schema\/person\/50c4297d8319599d2f438cb549eeb7b6\",\"name\":\"HLC Administrator\",\"image\":{\"@type\":\"ImageObject\",\"inLanguage\":\"bhsc\",\"@id\":\"https:\/\/www.recom.link\/en\/#\/schema\/person\/image\/\",\"url\":\"https:\/\/secure.gravatar.com\/avatar\/bc1b075d137bf993746277fd93f94367?s=96&d=mm&r=g\",\"contentUrl\":\"https:\/\/secure.gravatar.com\/avatar\/bc1b075d137bf993746277fd93f94367?s=96&d=mm&r=g\",\"caption\":\"HLC Administrator\"},\"url\":\"https:\/\/www.recom.link\/bhsc\/author\/hlcadmin\/\"}]}<\/script>\n<!-- \/ Yoast SEO plugin. -->","yoast_head_json":{"title":"Me\u0111unarodni dan nestalih u senci smrti osu\u0111enog za genocid - REKOM ~ KOMRA ~ RECOM","robots":{"index":"index","follow":"follow","max-snippet":"max-snippet:-1","max-image-preview":"max-image-preview:large","max-video-preview":"max-video-preview:-1"},"canonical":"https:\/\/www.recom.link\/bhsc\/medunarodni-dan-nestalih-u-senci-smrti-osudenog-za-genocid\/","og_locale":"en_US","og_type":"article","og_title":"Me\u0111unarodni dan nestalih u senci smrti osu\u0111enog za genocid - REKOM ~ KOMRA ~ RECOM","og_description":"Me\u0111unarodni dan nestalih, 30. avgusta 2026. godine, u zemljama nekada\u0161nje Jugoslavije obele\u017een je uglavnom kao protokolarna obaveza. Deklarativnu brigu za sve nestale nisu pratili zajedni\u010dki zahtevi, dogovor o saradnji niti pristup arhivskoj gra\u0111i koju dr\u017eave tretiraju kao pitanje \u201enacionalnog interesa\u201c.","og_url":"https:\/\/www.recom.link\/bhsc\/medunarodni-dan-nestalih-u-senci-smrti-osudenog-za-genocid\/","og_site_name":"REKOM ~ KOMRA ~ RECOM","article_publisher":"https:\/\/www.facebook.com\/ZaREKOM.PerKOMRA.ForRECOM\/","article_published_time":"2026-09-03T11:00:52+00:00","article_modified_time":"2026-09-03T11:03:11+00:00","og_image":[{"width":1280,"height":960,"url":"https:\/\/www.recom.link\/wp-content\/uploads\/2025\/08\/rekom-recom.link-slide.jpg","type":"image\/jpeg"}],"author":"HLC Administrator","twitter_card":"summary_large_image","twitter_creator":"@REKOM_KOMRA","twitter_site":"@REKOM_KOMRA","twitter_misc":{"Written by":"HLC Administrator","Est. reading time":"14 minutes"},"schema":{"@context":"https:\/\/schema.org","@graph":[{"@type":"WebPage","@id":"https:\/\/www.recom.link\/bhsc\/medunarodni-dan-nestalih-u-senci-smrti-osudenog-za-genocid\/","url":"https:\/\/www.recom.link\/bhsc\/medunarodni-dan-nestalih-u-senci-smrti-osudenog-za-genocid\/","name":"Me\u0111unarodni dan nestalih u senci smrti osu\u0111enog za genocid - REKOM ~ KOMRA ~ RECOM","isPartOf":{"@id":"https:\/\/www.recom.link\/en\/#website"},"primaryImageOfPage":{"@id":"https:\/\/www.recom.link\/bhsc\/medunarodni-dan-nestalih-u-senci-smrti-osudenog-za-genocid\/#primaryimage"},"image":{"@id":"https:\/\/www.recom.link\/bhsc\/medunarodni-dan-nestalih-u-senci-smrti-osudenog-za-genocid\/#primaryimage"},"thumbnailUrl":"https:\/\/www.recom.link\/wp-content\/uploads\/2025\/08\/rekom-recom.link-slide.jpg","datePublished":"2026-09-03T11:00:52+00:00","dateModified":"2026-09-03T11:03:11+00:00","author":{"@id":"https:\/\/www.recom.link\/en\/#\/schema\/person\/50c4297d8319599d2f438cb549eeb7b6"},"breadcrumb":{"@id":"https:\/\/www.recom.link\/bhsc\/medunarodni-dan-nestalih-u-senci-smrti-osudenog-za-genocid\/#breadcrumb"},"inLanguage":"bhsc","potentialAction":[{"@type":"ReadAction","target":["https:\/\/www.recom.link\/bhsc\/medunarodni-dan-nestalih-u-senci-smrti-osudenog-za-genocid\/"]}]},{"@type":"ImageObject","inLanguage":"bhsc","@id":"https:\/\/www.recom.link\/bhsc\/medunarodni-dan-nestalih-u-senci-smrti-osudenog-za-genocid\/#primaryimage","url":"https:\/\/www.recom.link\/wp-content\/uploads\/2025\/08\/rekom-recom.link-slide.jpg","contentUrl":"https:\/\/www.recom.link\/wp-content\/uploads\/2025\/08\/rekom-recom.link-slide.jpg","width":1280,"height":960},{"@type":"BreadcrumbList","@id":"https:\/\/www.recom.link\/bhsc\/medunarodni-dan-nestalih-u-senci-smrti-osudenog-za-genocid\/#breadcrumb","itemListElement":[{"@type":"ListItem","position":1,"name":"Home","item":"https:\/\/www.recom.link\/en\/"},{"@type":"ListItem","position":2,"name":"Me\u0111unarodni dan nestalih u senci smrti osu\u0111enog za genocid"}]},{"@type":"WebSite","@id":"https:\/\/www.recom.link\/en\/#website","url":"https:\/\/www.recom.link\/en\/","name":"REKOM ~ KOMRA ~ RECOM","description":"","potentialAction":[{"@type":"SearchAction","target":{"@type":"EntryPoint","urlTemplate":"https:\/\/www.recom.link\/en\/?s={search_term_string}"},"query-input":{"@type":"PropertyValueSpecification","valueRequired":true,"valueName":"search_term_string"}}],"inLanguage":"bhsc"},{"@type":"Person","@id":"https:\/\/www.recom.link\/en\/#\/schema\/person\/50c4297d8319599d2f438cb549eeb7b6","name":"HLC Administrator","image":{"@type":"ImageObject","inLanguage":"bhsc","@id":"https:\/\/www.recom.link\/en\/#\/schema\/person\/image\/","url":"https:\/\/secure.gravatar.com\/avatar\/bc1b075d137bf993746277fd93f94367?s=96&d=mm&r=g","contentUrl":"https:\/\/secure.gravatar.com\/avatar\/bc1b075d137bf993746277fd93f94367?s=96&d=mm&r=g","caption":"HLC Administrator"},"url":"https:\/\/www.recom.link\/bhsc\/author\/hlcadmin\/"}]}},"_links":{"self":[{"href":"https:\/\/www.recom.link\/bhsc\/wp-json\/wp\/v2\/posts\/191609"}],"collection":[{"href":"https:\/\/www.recom.link\/bhsc\/wp-json\/wp\/v2\/posts"}],"about":[{"href":"https:\/\/www.recom.link\/bhsc\/wp-json\/wp\/v2\/types\/post"}],"author":[{"embeddable":true,"href":"https:\/\/www.recom.link\/bhsc\/wp-json\/wp\/v2\/users\/119"}],"replies":[{"embeddable":true,"href":"https:\/\/www.recom.link\/bhsc\/wp-json\/wp\/v2\/comments?post=191609"}],"version-history":[{"count":2,"href":"https:\/\/www.recom.link\/bhsc\/wp-json\/wp\/v2\/posts\/191609\/revisions"}],"predecessor-version":[{"id":191611,"href":"https:\/\/www.recom.link\/bhsc\/wp-json\/wp\/v2\/posts\/191609\/revisions\/191611"}],"wp:featuredmedia":[{"embeddable":true,"href":"https:\/\/www.recom.link\/bhsc\/wp-json\/wp\/v2\/media\/191452"}],"wp:attachment":[{"href":"https:\/\/www.recom.link\/bhsc\/wp-json\/wp\/v2\/media?parent=191609"}],"wp:term":[{"taxonomy":"category","embeddable":true,"href":"https:\/\/www.recom.link\/bhsc\/wp-json\/wp\/v2\/categories?post=191609"},{"taxonomy":"post_tag","embeddable":true,"href":"https:\/\/www.recom.link\/bhsc\/wp-json\/wp\/v2\/tags?post=191609"}],"curies":[{"name":"wp","href":"https:\/\/api.w.org\/{rel}","templated":true}]}}