{"id":191598,"date":"2026-09-02T10:49:41","date_gmt":"2026-09-02T09:49:41","guid":{"rendered":"https:\/\/www.recom.link\/?p=191598"},"modified":"2026-09-02T10:52:55","modified_gmt":"2026-09-02T09:52:55","slug":"kandic-za-bhrt-mladic-je-preminuo-kao-pravosnazno-osudeni-ratni-zlocinac-dok-se-njegove-zrtve-i-dalje-marginalizuju","status":"publish","type":"post","link":"https:\/\/www.recom.link\/bhsc\/kandic-za-bhrt-mladic-je-preminuo-kao-pravosnazno-osudeni-ratni-zlocinac-dok-se-njegove-zrtve-i-dalje-marginalizuju\/","title":{"rendered":"Kandi\u0107 za BHRT: Mladi\u0107 je preminuo kao pravosna\u017eno osu\u0111eni ratni zlo\u010dinac, dok se njegove \u017ertve i dalje marginalizuju"},"content":{"rendered":"<div class=\"elementor-element elementor-element-d325346 e-flex e-con-boxed e-con e-parent e-lazyloaded\" data-id=\"d325346\" data-element_type=\"container\">\n<div class=\"e-con-inner\">\n<div class=\"elementor-element elementor-element-bb00bbc elementor-widget elementor-widget-theme-post-content\" data-id=\"bb00bbc\" data-element_type=\"widget\" data-widget_type=\"theme-post-content.default\">\n<div class=\"elementor-widget-container\">\n<p><strong data-wp-editing=\"1\">Smrt Ratka Mladi\u0107a ponovo je otvorila pitanje odnosa prema ratnoj pro\u0161losti, presudama Ha\u0161kog tribunala i \u017ertvama zlo\u010dina po\u010dinjenih tokom rata u Bosni i Hercegovini. Nata\u0161a Kandi\u0107, osniva\u010dica Fonda za humanitarno pravo i dugogodi\u0161nja aktivistkinja za ljudska prava, ocijenila je u emisiji BHT1 u\u017eivo da reakcije u Srbiji i Republici Srpskoj pokazuju da proces suo\u010davanja s pro\u0161lo\u0161\u0107u nije zavr\u0161en.<\/strong><br \/>\n&nbsp;<br \/>\n<em><strong>\u201eNastavlja se dugogodi\u0161nja situacija, a to je negiranje zlo\u010dina koji su se dogodili i koje onda spre\u010dava da nove generacije saznaju \u0161ta se doga\u0111alo\u201c, kazala je Kandi\u0107.<\/strong><\/em><br \/>\n&nbsp;<br \/>\nPrema njenim rije\u010dima, u Srbiji je nakon smrti Mladi\u0107a stvoren svojevrstan raskorak izme\u0111u politi\u010dkih poruka i \u010dinjenica utvr\u0111enih pravosna\u017enim presudama.<br \/>\n&nbsp;<br \/>\n<em><strong>\u201eImamo jednu re\u017eiranu trenutnu stvarnost\u201c, kazala je Kandi\u0107, navode\u0107i da predsjednik Srbije Aleksandar Vu\u010di\u0107 govori o humanitarnim razlozima i mogu\u0107nosti da Mladi\u0107 posljednje dane provede uz porodicu, dok se istovremeno izbjegava otvoren razgovor o presudi za genocid i drugim zlo\u010dinima za koje je osu\u0111en.<\/strong><\/em><\/p>\n<p>&nbsp;<\/p>\n<p><strong><iframe loading=\"lazy\" src=\"https:\/\/www.youtube.com\/embed\/eWkIWvIWcsc\" width=\"640\" height=\"480\" style=\"display: block; margin: 0 auto;\" frameborder=\"0\" allowfullscreen=\"allowfullscreen\" data-mce-fragment=\"1\"><\/iframe><\/strong><\/p>\n<p>&nbsp;<\/p>\n<p><strong>\u017drtve su potpuno marginalizovane<\/strong><\/p>\n<p>Kandi\u0107 posebno ukazuje na odnos prema \u017ertvama i porodicama nestalih, smatraju\u0107i da se njihova pri\u010da ponovo potiskuje u drugi plan.<\/p>\n<p><em><strong>\u201eO \u017ertvama se ne govori. Oni koji su odgovorni, oni koji su osu\u0111eni, predstavljaju se kao heroji\u201c, rekla je Kandi\u0107.<\/strong><\/em><\/p>\n<p>Podsjetila je da porodice \u017ertava i danas tragaju za posmrtnim ostacima svojih najbli\u017eih.<\/p>\n<p><em><strong>\u201eJo\u0161 uvijek ima 950 nestalih nakon pada Srebrenice, \u010dija sudbina jo\u0161 nije razja\u0161njena\u201c, kazala je.<\/strong><\/em><\/p>\n<p>Prema njenim rije\u010dima, posebno je te\u0161ko razumjeti situaciju u kojoj se istovremeno govori o dr\u017eavnim i vojnim po\u010dastima za Mladi\u0107a, dok porodice nestalih i dalje \u010dekaju informacije o sudbini svojih najbli\u017eih.<\/p>\n<p><em><strong>\u201eImamo jednu situaciju koju je te\u0161ko ljudski razumjeti\u201c, ocijenila je Kandi\u0107.<\/strong><\/em><\/p>\n<p>&nbsp;<\/p>\n<p><strong>Te\u0161ko da mo\u017eemo re\u0107i da je politi\u010dki projekat zavr\u0161en<\/strong><\/p>\n<p>Govore\u0107i o odnosu Srbije prema ratnom naslije\u0111u i ideji \u201esrpskog sveta\u201c, Kandi\u0107 smatra da se ne mo\u017ee govoriti o zavr\u0161etku takvog politi\u010dkog projekta.<\/p>\n<p><em><strong>\u201eTe\u0161ko da mo\u017eemo tako re\u0107i da je taj politi\u010dki projekat u nekom srpskom svetu zavr\u0161en. Jo\u0161 uvijek su na vlasti oni koji su bili intenzivno uklju\u010deni i u stvaranje uslova za po\u010detak ratova devedesetih\u201c, kazala je.<\/strong><\/em><\/p>\n<p>Dodala je da se nacionalisti\u010dki narativ i dalje pojavljuje u politi\u010dkom prostoru, posebno u kontekstu aktuelnih politi\u010dkih procesa i studentskih protesta u Srbiji.<\/p>\n<p>Kandi\u0107 smatra da \u0107e veli\u010danje Mladi\u0107a i negiranje presu\u0111enih \u010dinjenica vremenom ostati dio te\u0161kog naslije\u0111a koje \u0107e nove generacije morati preispitati.<\/p>\n<p>&nbsp;<\/p>\n<p><strong>Potrebno vi\u0161e prostora za svjedo\u010denja \u017ertava<\/strong><\/p>\n<p>Kandi\u0107 isti\u010de da suo\u010davanje s pro\u0161lo\u0161\u0107u ne bi trebalo biti zasnovano samo na sudskim presudama. Posebno va\u017enim smatra svjedo\u010denja pre\u017eivjelih i porodica \u017ertava koja su sadr\u017eana u hiljadama stranica transkripata sa su\u0111enja.<\/p>\n<p><em><strong>\u201eMi govorimo jo\u0161 uvijek o sudskim \u010dinjenicama, a postoje hiljade i hiljade stranica transkripata u kojima se navode rije\u010di pre\u017eivjelih, svjedoka. To su pri\u010de koje su stra\u0161no vrijedne\u201c, rekla je.<\/strong><\/em><\/p>\n<p>Prema njenom mi\u0161ljenju, upravo takva svjedo\u010denja mogu pomo\u0107i da se razumije \u0161ta se dogodilo, ali i ko su bili po\u010dinioci i kako su zlo\u010dini izvr\u0161avani.<\/p>\n<p>&nbsp;<\/p>\n<p><strong>Do\u0107i \u0107e vrijeme kada \u0107e se nove generacije stidjeti ovog trenutka<\/strong><\/p>\n<p>Na pitanje ho\u0107e li se ikada promijeniti odnos Srbije prema Mladi\u0107u i njegovoj ulozi u ratu, Kandi\u0107 je kazala da vjeruje da \u0107e do promjene do\u0107i.<\/p>\n<p><em><strong>\u201e\u010cvrsto vjerujem da \u0107e do\u0107i to vrijeme kada \u0107e se promijeniti, kada \u0107e se te nove generacije stidjeti i ovog dana\u0161njeg trenutka i svih ovih godina od 1995. godine\u201c, kazala je.<\/strong><\/em><\/p>\n<p>Kao jedan od klju\u010dnih preduslova za promjenu odnosa prema pro\u0161losti vidi ja\u010danje obrazovanja i kriti\u010dkog mi\u0161ljenja.<\/p>\n<p><em><strong>\u201eNama je potrebna jedna mo\u0107na dr\u017eavna institucija, mislim prije svega na akademsku zajednicu, na univerzitete koji \u0107e da vrate vrijednost kriti\u010dkog mi\u0161ljenja i preispitivanja\u201c, istakla je Kandi\u0107.<\/strong><\/em><\/p>\n<p>Kako je zaklju\u010dila, tek generacije koje budu spremne da kriti\u010dki razmi\u0161ljaju i preispituju pro\u0161lost mogu otvoriti prostor za ozbiljniju promjenu odnosa prema utvr\u0111enim \u010dinjenicama, \u017ertvama i odgovornosti za po\u010dinjene zlo\u010dine.<br \/>\n&nbsp;<br \/>\n<em>Izvor:\u00a0<a href=\"https:\/\/www.bhrt.ba\/kandi%C4%87-za-bhrt-mladi%C4%87-je-preminuo-kao-pravosna%C5%BEno-osudjeni-ratni-zlo%C4%8Dinac-dok-se-njegove-%C5%BErtve-i-dalje-marginalizuju\" target=\"_blank\" rel=\"noopener\">bhrt.ba<\/a><\/em><\/p>\n<\/div>\n<\/div>\n<\/div>\n<\/div>\n","protected":false},"excerpt":{"rendered":"Smrt Ratka Mladi\u0107a ponovo je otvorila pitanje odnosa prema ratnoj pro\u0161losti, presudama Ha\u0161kog tribunala i \u017ertvama zlo\u010dina po\u010dinjenih tokom rata u Bosni i Hercegovini. Nata\u0161a Kandi\u0107, osniva\u010dica Fonda za humanitarno pravo i dugogodi\u0161nja aktivistkinja za ljudska prava, ocijenila je u emisiji BHT1 u\u017eivo da reakcije u Srbiji i Republici Srpskoj pokazuju da proces suo\u010davanja s pro\u0161lo\u0161\u0107u nije zavr\u0161en.","protected":false},"author":119,"featured_media":191599,"comment_status":"closed","ping_status":"open","sticky":false,"template":"","format":"standard","meta":{"_acf_changed":false,"footnotes":""},"categories":[2653,593],"tags":[],"class_list":["post-191598","post","type-post","status-publish","format-standard","has-post-thumbnail","hentry","category-frontpage-bhsc","category-tranziciona-pravda-bhsc"],"acf":[],"yoast_head":"<!-- This site is optimized with the Yoast SEO plugin v25.6 - https:\/\/yoast.com\/wordpress\/plugins\/seo\/ -->\n<title>Kandi\u0107 za BHRT: Mladi\u0107 je preminuo kao pravosna\u017eno osu\u0111eni ratni zlo\u010dinac, dok se njegove \u017ertve i dalje marginalizuju - REKOM ~ KOMRA ~ RECOM<\/title>\n<meta name=\"robots\" content=\"index, follow, max-snippet:-1, max-image-preview:large, max-video-preview:-1\" \/>\n<link rel=\"canonical\" href=\"https:\/\/www.recom.link\/bhsc\/kandic-za-bhrt-mladic-je-preminuo-kao-pravosnazno-osudeni-ratni-zlocinac-dok-se-njegove-zrtve-i-dalje-marginalizuju\/\" \/>\n<meta property=\"og:locale\" content=\"en_US\" \/>\n<meta property=\"og:type\" content=\"article\" \/>\n<meta property=\"og:title\" content=\"Kandi\u0107 za BHRT: Mladi\u0107 je preminuo kao pravosna\u017eno osu\u0111eni ratni zlo\u010dinac, dok se njegove \u017ertve i dalje marginalizuju - REKOM ~ KOMRA ~ RECOM\" \/>\n<meta property=\"og:description\" content=\"Smrt Ratka Mladi\u0107a ponovo je otvorila pitanje odnosa prema ratnoj pro\u0161losti, presudama Ha\u0161kog tribunala i \u017ertvama zlo\u010dina po\u010dinjenih tokom rata u Bosni i Hercegovini. Nata\u0161a Kandi\u0107, osniva\u010dica Fonda za humanitarno pravo i dugogodi\u0161nja aktivistkinja za ljudska prava, ocijenila je u emisiji BHT1 u\u017eivo da reakcije u Srbiji i Republici Srpskoj pokazuju da proces suo\u010davanja s pro\u0161lo\u0161\u0107u nije zavr\u0161en.\" \/>\n<meta property=\"og:url\" content=\"https:\/\/www.recom.link\/bhsc\/kandic-za-bhrt-mladic-je-preminuo-kao-pravosnazno-osudeni-ratni-zlocinac-dok-se-njegove-zrtve-i-dalje-marginalizuju\/\" \/>\n<meta property=\"og:site_name\" content=\"REKOM ~ KOMRA ~ RECOM\" \/>\n<meta property=\"article:publisher\" content=\"https:\/\/www.facebook.com\/ZaREKOM.PerKOMRA.ForRECOM\/\" \/>\n<meta property=\"article:published_time\" content=\"2026-09-02T09:49:41+00:00\" \/>\n<meta property=\"article:modified_time\" content=\"2026-09-02T09:52:55+00:00\" \/>\n<meta property=\"og:image\" content=\"https:\/\/www.recom.link\/wp-content\/uploads\/2026\/09\/bhrt-slide.jpg\" \/>\n\t<meta property=\"og:image:width\" content=\"1280\" \/>\n\t<meta property=\"og:image:height\" content=\"960\" \/>\n\t<meta property=\"og:image:type\" content=\"image\/jpeg\" \/>\n<meta name=\"author\" content=\"HLC Administrator\" \/>\n<meta name=\"twitter:card\" content=\"summary_large_image\" \/>\n<meta name=\"twitter:creator\" content=\"@REKOM_KOMRA\" \/>\n<meta name=\"twitter:site\" content=\"@REKOM_KOMRA\" \/>\n<meta name=\"twitter:label1\" content=\"Written by\" \/>\n\t<meta name=\"twitter:data1\" content=\"HLC Administrator\" \/>\n\t<meta name=\"twitter:label2\" content=\"Est. reading time\" \/>\n\t<meta name=\"twitter:data2\" content=\"3 minutes\" \/>\n<script type=\"application\/ld+json\" class=\"yoast-schema-graph\">{\"@context\":\"https:\/\/schema.org\",\"@graph\":[{\"@type\":\"WebPage\",\"@id\":\"https:\/\/www.recom.link\/bhsc\/kandic-za-bhrt-mladic-je-preminuo-kao-pravosnazno-osudeni-ratni-zlocinac-dok-se-njegove-zrtve-i-dalje-marginalizuju\/\",\"url\":\"https:\/\/www.recom.link\/bhsc\/kandic-za-bhrt-mladic-je-preminuo-kao-pravosnazno-osudeni-ratni-zlocinac-dok-se-njegove-zrtve-i-dalje-marginalizuju\/\",\"name\":\"Kandi\u0107 za BHRT: Mladi\u0107 je preminuo kao pravosna\u017eno osu\u0111eni ratni zlo\u010dinac, dok se njegove \u017ertve i dalje marginalizuju - REKOM ~ KOMRA ~ RECOM\",\"isPartOf\":{\"@id\":\"https:\/\/www.recom.link\/en\/#website\"},\"primaryImageOfPage\":{\"@id\":\"https:\/\/www.recom.link\/bhsc\/kandic-za-bhrt-mladic-je-preminuo-kao-pravosnazno-osudeni-ratni-zlocinac-dok-se-njegove-zrtve-i-dalje-marginalizuju\/#primaryimage\"},\"image\":{\"@id\":\"https:\/\/www.recom.link\/bhsc\/kandic-za-bhrt-mladic-je-preminuo-kao-pravosnazno-osudeni-ratni-zlocinac-dok-se-njegove-zrtve-i-dalje-marginalizuju\/#primaryimage\"},\"thumbnailUrl\":\"https:\/\/www.recom.link\/wp-content\/uploads\/2026\/09\/bhrt-slide.jpg\",\"datePublished\":\"2026-09-02T09:49:41+00:00\",\"dateModified\":\"2026-09-02T09:52:55+00:00\",\"author\":{\"@id\":\"https:\/\/www.recom.link\/en\/#\/schema\/person\/50c4297d8319599d2f438cb549eeb7b6\"},\"breadcrumb\":{\"@id\":\"https:\/\/www.recom.link\/bhsc\/kandic-za-bhrt-mladic-je-preminuo-kao-pravosnazno-osudeni-ratni-zlocinac-dok-se-njegove-zrtve-i-dalje-marginalizuju\/#breadcrumb\"},\"inLanguage\":\"bhsc\",\"potentialAction\":[{\"@type\":\"ReadAction\",\"target\":[\"https:\/\/www.recom.link\/bhsc\/kandic-za-bhrt-mladic-je-preminuo-kao-pravosnazno-osudeni-ratni-zlocinac-dok-se-njegove-zrtve-i-dalje-marginalizuju\/\"]}]},{\"@type\":\"ImageObject\",\"inLanguage\":\"bhsc\",\"@id\":\"https:\/\/www.recom.link\/bhsc\/kandic-za-bhrt-mladic-je-preminuo-kao-pravosnazno-osudeni-ratni-zlocinac-dok-se-njegove-zrtve-i-dalje-marginalizuju\/#primaryimage\",\"url\":\"https:\/\/www.recom.link\/wp-content\/uploads\/2026\/09\/bhrt-slide.jpg\",\"contentUrl\":\"https:\/\/www.recom.link\/wp-content\/uploads\/2026\/09\/bhrt-slide.jpg\",\"width\":1280,\"height\":960},{\"@type\":\"BreadcrumbList\",\"@id\":\"https:\/\/www.recom.link\/bhsc\/kandic-za-bhrt-mladic-je-preminuo-kao-pravosnazno-osudeni-ratni-zlocinac-dok-se-njegove-zrtve-i-dalje-marginalizuju\/#breadcrumb\",\"itemListElement\":[{\"@type\":\"ListItem\",\"position\":1,\"name\":\"Home\",\"item\":\"https:\/\/www.recom.link\/en\/\"},{\"@type\":\"ListItem\",\"position\":2,\"name\":\"Kandi\u0107 za BHRT: Mladi\u0107 je preminuo kao pravosna\u017eno osu\u0111eni ratni zlo\u010dinac, dok se njegove \u017ertve i dalje marginalizuju\"}]},{\"@type\":\"WebSite\",\"@id\":\"https:\/\/www.recom.link\/en\/#website\",\"url\":\"https:\/\/www.recom.link\/en\/\",\"name\":\"REKOM ~ KOMRA ~ RECOM\",\"description\":\"\",\"potentialAction\":[{\"@type\":\"SearchAction\",\"target\":{\"@type\":\"EntryPoint\",\"urlTemplate\":\"https:\/\/www.recom.link\/en\/?s={search_term_string}\"},\"query-input\":{\"@type\":\"PropertyValueSpecification\",\"valueRequired\":true,\"valueName\":\"search_term_string\"}}],\"inLanguage\":\"bhsc\"},{\"@type\":\"Person\",\"@id\":\"https:\/\/www.recom.link\/en\/#\/schema\/person\/50c4297d8319599d2f438cb549eeb7b6\",\"name\":\"HLC Administrator\",\"image\":{\"@type\":\"ImageObject\",\"inLanguage\":\"bhsc\",\"@id\":\"https:\/\/www.recom.link\/en\/#\/schema\/person\/image\/\",\"url\":\"https:\/\/secure.gravatar.com\/avatar\/bc1b075d137bf993746277fd93f94367?s=96&d=mm&r=g\",\"contentUrl\":\"https:\/\/secure.gravatar.com\/avatar\/bc1b075d137bf993746277fd93f94367?s=96&d=mm&r=g\",\"caption\":\"HLC Administrator\"},\"url\":\"https:\/\/www.recom.link\/bhsc\/author\/hlcadmin\/\"}]}<\/script>\n<!-- \/ Yoast SEO plugin. -->","yoast_head_json":{"title":"Kandi\u0107 za BHRT: Mladi\u0107 je preminuo kao pravosna\u017eno osu\u0111eni ratni zlo\u010dinac, dok se njegove \u017ertve i dalje marginalizuju - REKOM ~ KOMRA ~ RECOM","robots":{"index":"index","follow":"follow","max-snippet":"max-snippet:-1","max-image-preview":"max-image-preview:large","max-video-preview":"max-video-preview:-1"},"canonical":"https:\/\/www.recom.link\/bhsc\/kandic-za-bhrt-mladic-je-preminuo-kao-pravosnazno-osudeni-ratni-zlocinac-dok-se-njegove-zrtve-i-dalje-marginalizuju\/","og_locale":"en_US","og_type":"article","og_title":"Kandi\u0107 za BHRT: Mladi\u0107 je preminuo kao pravosna\u017eno osu\u0111eni ratni zlo\u010dinac, dok se njegove \u017ertve i dalje marginalizuju - REKOM ~ KOMRA ~ RECOM","og_description":"Smrt Ratka Mladi\u0107a ponovo je otvorila pitanje odnosa prema ratnoj pro\u0161losti, presudama Ha\u0161kog tribunala i \u017ertvama zlo\u010dina po\u010dinjenih tokom rata u Bosni i Hercegovini. Nata\u0161a Kandi\u0107, osniva\u010dica Fonda za humanitarno pravo i dugogodi\u0161nja aktivistkinja za ljudska prava, ocijenila je u emisiji BHT1 u\u017eivo da reakcije u Srbiji i Republici Srpskoj pokazuju da proces suo\u010davanja s pro\u0161lo\u0161\u0107u nije zavr\u0161en.","og_url":"https:\/\/www.recom.link\/bhsc\/kandic-za-bhrt-mladic-je-preminuo-kao-pravosnazno-osudeni-ratni-zlocinac-dok-se-njegove-zrtve-i-dalje-marginalizuju\/","og_site_name":"REKOM ~ KOMRA ~ RECOM","article_publisher":"https:\/\/www.facebook.com\/ZaREKOM.PerKOMRA.ForRECOM\/","article_published_time":"2026-09-02T09:49:41+00:00","article_modified_time":"2026-09-02T09:52:55+00:00","og_image":[{"width":1280,"height":960,"url":"https:\/\/www.recom.link\/wp-content\/uploads\/2026\/09\/bhrt-slide.jpg","type":"image\/jpeg"}],"author":"HLC Administrator","twitter_card":"summary_large_image","twitter_creator":"@REKOM_KOMRA","twitter_site":"@REKOM_KOMRA","twitter_misc":{"Written by":"HLC Administrator","Est. reading time":"3 minutes"},"schema":{"@context":"https:\/\/schema.org","@graph":[{"@type":"WebPage","@id":"https:\/\/www.recom.link\/bhsc\/kandic-za-bhrt-mladic-je-preminuo-kao-pravosnazno-osudeni-ratni-zlocinac-dok-se-njegove-zrtve-i-dalje-marginalizuju\/","url":"https:\/\/www.recom.link\/bhsc\/kandic-za-bhrt-mladic-je-preminuo-kao-pravosnazno-osudeni-ratni-zlocinac-dok-se-njegove-zrtve-i-dalje-marginalizuju\/","name":"Kandi\u0107 za BHRT: Mladi\u0107 je preminuo kao pravosna\u017eno osu\u0111eni ratni zlo\u010dinac, dok se njegove \u017ertve i dalje marginalizuju - REKOM ~ KOMRA ~ RECOM","isPartOf":{"@id":"https:\/\/www.recom.link\/en\/#website"},"primaryImageOfPage":{"@id":"https:\/\/www.recom.link\/bhsc\/kandic-za-bhrt-mladic-je-preminuo-kao-pravosnazno-osudeni-ratni-zlocinac-dok-se-njegove-zrtve-i-dalje-marginalizuju\/#primaryimage"},"image":{"@id":"https:\/\/www.recom.link\/bhsc\/kandic-za-bhrt-mladic-je-preminuo-kao-pravosnazno-osudeni-ratni-zlocinac-dok-se-njegove-zrtve-i-dalje-marginalizuju\/#primaryimage"},"thumbnailUrl":"https:\/\/www.recom.link\/wp-content\/uploads\/2026\/09\/bhrt-slide.jpg","datePublished":"2026-09-02T09:49:41+00:00","dateModified":"2026-09-02T09:52:55+00:00","author":{"@id":"https:\/\/www.recom.link\/en\/#\/schema\/person\/50c4297d8319599d2f438cb549eeb7b6"},"breadcrumb":{"@id":"https:\/\/www.recom.link\/bhsc\/kandic-za-bhrt-mladic-je-preminuo-kao-pravosnazno-osudeni-ratni-zlocinac-dok-se-njegove-zrtve-i-dalje-marginalizuju\/#breadcrumb"},"inLanguage":"bhsc","potentialAction":[{"@type":"ReadAction","target":["https:\/\/www.recom.link\/bhsc\/kandic-za-bhrt-mladic-je-preminuo-kao-pravosnazno-osudeni-ratni-zlocinac-dok-se-njegove-zrtve-i-dalje-marginalizuju\/"]}]},{"@type":"ImageObject","inLanguage":"bhsc","@id":"https:\/\/www.recom.link\/bhsc\/kandic-za-bhrt-mladic-je-preminuo-kao-pravosnazno-osudeni-ratni-zlocinac-dok-se-njegove-zrtve-i-dalje-marginalizuju\/#primaryimage","url":"https:\/\/www.recom.link\/wp-content\/uploads\/2026\/09\/bhrt-slide.jpg","contentUrl":"https:\/\/www.recom.link\/wp-content\/uploads\/2026\/09\/bhrt-slide.jpg","width":1280,"height":960},{"@type":"BreadcrumbList","@id":"https:\/\/www.recom.link\/bhsc\/kandic-za-bhrt-mladic-je-preminuo-kao-pravosnazno-osudeni-ratni-zlocinac-dok-se-njegove-zrtve-i-dalje-marginalizuju\/#breadcrumb","itemListElement":[{"@type":"ListItem","position":1,"name":"Home","item":"https:\/\/www.recom.link\/en\/"},{"@type":"ListItem","position":2,"name":"Kandi\u0107 za BHRT: Mladi\u0107 je preminuo kao pravosna\u017eno osu\u0111eni ratni zlo\u010dinac, dok se njegove \u017ertve i dalje marginalizuju"}]},{"@type":"WebSite","@id":"https:\/\/www.recom.link\/en\/#website","url":"https:\/\/www.recom.link\/en\/","name":"REKOM ~ KOMRA ~ RECOM","description":"","potentialAction":[{"@type":"SearchAction","target":{"@type":"EntryPoint","urlTemplate":"https:\/\/www.recom.link\/en\/?s={search_term_string}"},"query-input":{"@type":"PropertyValueSpecification","valueRequired":true,"valueName":"search_term_string"}}],"inLanguage":"bhsc"},{"@type":"Person","@id":"https:\/\/www.recom.link\/en\/#\/schema\/person\/50c4297d8319599d2f438cb549eeb7b6","name":"HLC Administrator","image":{"@type":"ImageObject","inLanguage":"bhsc","@id":"https:\/\/www.recom.link\/en\/#\/schema\/person\/image\/","url":"https:\/\/secure.gravatar.com\/avatar\/bc1b075d137bf993746277fd93f94367?s=96&d=mm&r=g","contentUrl":"https:\/\/secure.gravatar.com\/avatar\/bc1b075d137bf993746277fd93f94367?s=96&d=mm&r=g","caption":"HLC Administrator"},"url":"https:\/\/www.recom.link\/bhsc\/author\/hlcadmin\/"}]}},"_links":{"self":[{"href":"https:\/\/www.recom.link\/bhsc\/wp-json\/wp\/v2\/posts\/191598"}],"collection":[{"href":"https:\/\/www.recom.link\/bhsc\/wp-json\/wp\/v2\/posts"}],"about":[{"href":"https:\/\/www.recom.link\/bhsc\/wp-json\/wp\/v2\/types\/post"}],"author":[{"embeddable":true,"href":"https:\/\/www.recom.link\/bhsc\/wp-json\/wp\/v2\/users\/119"}],"replies":[{"embeddable":true,"href":"https:\/\/www.recom.link\/bhsc\/wp-json\/wp\/v2\/comments?post=191598"}],"version-history":[{"count":4,"href":"https:\/\/www.recom.link\/bhsc\/wp-json\/wp\/v2\/posts\/191598\/revisions"}],"predecessor-version":[{"id":191607,"href":"https:\/\/www.recom.link\/bhsc\/wp-json\/wp\/v2\/posts\/191598\/revisions\/191607"}],"wp:featuredmedia":[{"embeddable":true,"href":"https:\/\/www.recom.link\/bhsc\/wp-json\/wp\/v2\/media\/191599"}],"wp:attachment":[{"href":"https:\/\/www.recom.link\/bhsc\/wp-json\/wp\/v2\/media?parent=191598"}],"wp:term":[{"taxonomy":"category","embeddable":true,"href":"https:\/\/www.recom.link\/bhsc\/wp-json\/wp\/v2\/categories?post=191598"},{"taxonomy":"post_tag","embeddable":true,"href":"https:\/\/www.recom.link\/bhsc\/wp-json\/wp\/v2\/tags?post=191598"}],"curies":[{"name":"wp","href":"https:\/\/api.w.org\/{rel}","templated":true}]}}