{"id":191595,"date":"2026-09-02T10:48:03","date_gmt":"2026-09-02T09:48:03","guid":{"rendered":"https:\/\/www.recom.link\/?p=191595"},"modified":"2026-09-02T10:48:03","modified_gmt":"2026-09-02T09:48:03","slug":"kolaric-fhp-drzavne-pocasti-za-ratka-mladica-bile-bi-krsenje-zakona-o-vojsci-srbije","status":"publish","type":"post","link":"https:\/\/www.recom.link\/bhsc\/kolaric-fhp-drzavne-pocasti-za-ratka-mladica-bile-bi-krsenje-zakona-o-vojsci-srbije\/","title":{"rendered":"Kolari\u0107 (FHP): Dr\u017eavne po\u010dasti za Ratka Mladi\u0107a bile bi kr\u0161enje Zakona o Vojsci Srbije"},"content":{"rendered":"<p class=\"mb-4                              lg:mb-5                              text-textPrimary                              font-exo2                              text-xl                              leading-8                              font-semibold\" data-testid=\"article-lead-text\">Najava ministra pravde Nenada Vuji\u0107a da \u0107e Ratko Mladi\u0107 biti sahranjen uz dr\u017eavne po\u010dasti zna\u010dila bi kr\u0161enje Zakona o Vojsci Srbije, ka\u017ee za N1 Jovana Kolari\u0107 iz Fonda za humanitarno pravo. Ona podse\u0107a da zakon predvi\u0111a oduzimanje \u010dina licima osu\u0111enim na vi\u0161e od godinu dana zatvora.<\/p>\n<div class=\"grid\">\n<div class=\"flex justify-center items-center [&amp;_iframe]:mb-5 [&amp;_iframe]:lg:mb-4 col-start-1 row-start-1\" data-testid=\"after-lead-banner\" data-selector=\"ad-script-placeholder\" data-script-label=\"after_lead_banner\">\n<div id=\"div-gpt-ad-1620632716371-0\" class=\"div-gpt-ad-1620632716371-0-loaded-w2g\">\n<div id=\"\/21876124292\/N1-SRB\/n1-srb-inText\" data-google-query-id=\"CLTFq6e-z5YDFd4bBgQdgwUG6A\">\n<div id=\"google_ads_iframe_\/21876124292\/N1-SRB\/n1-srb-inText_0__container__\">Ratko Mladi\u0107 \u0107e biti sahranjen uz sve dr\u017eavne po\u010dasti, rekao je za alternativnu televiziju iz Banjaluke ministar pravde Nenad Vuji\u0107. To je jedina zvani\u010dna reakcija iz Srbije nakon smrti Mladi\u0107a koji je osu\u0111en za ratne zlo\u010dine.<\/div>\n<\/div>\n<\/div>\n<\/div>\n<\/div>\n<div class=\"article-content-wrapper w-full\" data-selector=\"article-content-wrapper\" data-testid=\"article-content-wrapper-1\">\n<div class=\"rich-text-block break-words\">\n<p data-ad-valid=\"true\" data-block-key=\"aeph6\">\u201eGeneral Mladi\u0107 je general i znaju se protokoli. Zna se i njegova uloga, ali i ono \u0161to pripada generalu Mladi\u0107u to \u0107e sigurno biti ispo\u0161tovano. Napominjem da Republika Srpska je ovde neko ko ne odlu\u010duje, porodica \u0107e odlu\u010diti i o mestu na kojem \u0107e biti sahranjen jer to jeste stvar njegove porodice\u201c,\u00a0<a id=\"653074\" href=\"https:\/\/n1info.rs\/vesti\/ministar-vujic-ratko-mladic-ce-biti-sahranjen-uz-najvise-drzavne-pocasti\/\" target=\"_blank\" rel=\"noopener\"><b>rekao je Vuji\u0107 za ATV<\/b><\/a>.<\/p>\n<\/div>\n<\/div>\n<div class=\"article-content-wrapper w-full\" data-selector=\"article-content-wrapper\" data-testid=\"article-content-wrapper-2\">\n<div class=\"rich-text-block break-words\">\n<p data-ad-valid=\"true\" data-block-key=\"btsr7\">Jovana Kolari\u0107 iz\u00a0<a href=\"https:\/\/n1info.rs\/tag\/fond-za-humanitarno-pravo\/\" target=\"_blank\" rel=\"noopener\"><b>Fonda za humanitarno pravo<\/b><\/a>\u00a0ka\u017ee za N1 da ne mo\u017eemo re\u0107i da zvani\u010dni Beograd o smrti Mladi\u0107a \u201e\u0107uti\u201c, ako je ministar pravde rekao da \u0107e neko ko je osu\u0111en za zlo\u010dine protiv \u010dove\u010dnosti, genocid i kr\u0161enje obi\u010daja i prava ratovanja, biti biti sahranjen u sve dr\u017eavne po\u010dasti.<\/p>\n<\/div>\n<\/div>\n<div class=\"injected-banner banner-1 flex items-center justify-center [&amp;_iframe]:mb-4\"><\/div>\n<div class=\"article-content-wrapper w-full\" data-selector=\"article-content-wrapper\" data-testid=\"article-content-wrapper-3\">\n<div class=\"rich-text-block break-words\">\n<p data-ad-valid=\"true\" data-block-key=\"581kk\">\u201eTakvo odavanje po\u010dasti na taj na\u010din zapravo je i kr\u0161enje zakona, budu\u0107i da va\u017ee\u0107i\u00a0<a href=\"https:\/\/pravno-informacioni-sistem.rs\/SlGlasnikPortal\/eli\/rep\/sgrs\/skupstina\/zakon\/2007\/116\/2\/reg\" target=\"_blank\" rel=\"noopener\"><b>Zakon o vojsci<\/b><\/a>\u00a0propisuje da lice koje je osu\u0111eno na kaznu zatvora du\u017eu od godinu dana, njemu se oduzimaju \u010dinovi i sve po\u010dasti koje proizilaze iz toga. Ministar Vuji\u0107 je eksplicitno rekao da se radi o generalu i da \u0107e mu biti ukazane po\u010dasti koje proizilaze iz tog \u010dina. Radi se o kr\u0161enju zakona\u201c, navodi na\u0161a sagovornica.<\/p>\n<\/div>\n<\/div>\n<div class=\"article-content-wrapper w-full\" data-selector=\"article-content-wrapper\" data-testid=\"article-content-wrapper-4\">\n<div class=\"rich-text-block break-words\">\n<p data-ad-valid=\"true\" data-block-key=\"2tor\">Kolari\u0107 isti\u010de da je nasle\u0111e presuda za zlo\u010dine koji su po\u010dinjeni tokom rata u Bosni i Hercegovini, i da je to jedino \u0161to ostaje iza nekoga ko je bio na \u010delu Glavnog \u0161taba Vojske Republike Srpske.<\/p>\n<\/div>\n<\/div>\n<div class=\"article-content-wrapper w-full\" data-selector=\"article-content-wrapper\" data-testid=\"article-content-wrapper-5\">\n<div class=\"rich-text-block break-words\">\n<p data-ad-valid=\"true\" data-block-key=\"cbnb5\">\u201eNema govora o nekom druga\u010dijem nasle\u0111u, ma koliko ideolo\u0161ki poku\u0161avali da prika\u017eemo na neki na\u010din ili u nekom drugom svetlu. Srbija, na\u017ealost, posebno poslednjih godina, ne samo da se nije odrekla, nego je upravo izabrala da tu politiku slavi i da je brani\u201c, zaklju\u010duje ona.<\/p>\n<\/div>\n<\/div>\n<div class=\"article-content-wrapper w-full\" data-selector=\"article-content-wrapper\" data-testid=\"article-content-wrapper-6\">\n<div class=\"rich-text-block break-words\">\n<p data-ad-valid=\"true\" data-block-key=\"ecbus\">Podse\u0107amo, Ratko Mladi\u0107 preminuo je ju\u010de u Hagu.\u00a0<a href=\"https:\/\/n1info.rs\/tag\/ratko-mladic\/\" target=\"_blank\" rel=\"noopener\"><b>Mladi\u0107<\/b><\/a>, koji je osu\u0111en u Hagu za genocid i druge zlo\u010dine, imao je vi\u0161e mo\u017edanih udara, usled \u010dega je bio u te\u0161kom zdravstvenom stanju. On se od 2024. godine nalazio u pritvorskoj bolnici u Hagu, gde je bio pod palijativnom negom zbog te\u0161kog zdravstvenog stanja.<\/p>\n<\/div>\n<\/div>\n<div class=\"injected-banner banner-2 flex items-center justify-center [&amp;_iframe]:mb-4\"><\/div>\n<div class=\"article-content-wrapper w-full\" data-selector=\"article-content-wrapper\" data-testid=\"article-content-wrapper-7\">\n<div class=\"rich-text-block break-words\">\n<p data-ad-valid=\"true\" data-block-key=\"e05pb\">Mehanizam u Hagu je vi\u0161e puta odbio zahtev da bude pu\u0161ten na privremenu slobodu na le\u010denje u Srbiju.<\/p>\n<\/div>\n<\/div>\n<div class=\"article-content-wrapper w-full\" data-selector=\"article-content-wrapper\" data-testid=\"article-content-wrapper-8\">\n<div class=\"antrfile-wrapper px-5 lg:px-8 py-6 bg-tertiary rounded border-l-[3px] border-primary mb-4 lg:mb-5\" data-ad-valid=\"true\" data-testid=\"antrfile-wrapper\">\n<div class=\"antrfile-content rich-text-block [&amp;&gt;*:last-child]:!mb-0\" data-testid=\"antrfile-content\">\n<p data-block-key=\"puho8\">Ratko Mladi\u0107 je 2017. godine, Me\u0111unarodnim krivi\u010dnim sudom za biv\u0161u Jugoslaviju, osu\u0111en na do\u017eivotni zatvor zbog\u00a0<a href=\"https:\/\/n1info.rs\/tag\/genocid\" target=\"_blank\" rel=\"noopener\">genocida<\/a>\u00a0i zlo\u010dina protiv \u010dove\u010dnosti tokom rata u Bosni i Hercegovini 1992-1995. godine.<\/p>\n<p data-block-key=\"bqq1p\">Pored Mladi\u0107a, na do\u017eivotni zatvor zbog genocida u\u00a0<a href=\"https:\/\/n1info.rs\/tag\/srebrenica\/\" target=\"_blank\" rel=\"noopener\">Srebrenici<\/a>\u00a0osu\u0111en je i biv\u0161i predsednik Republike Srpske\u00a0<a href=\"https:\/\/n1info.rs\/tag\/radovan-karadzic\" target=\"_blank\" rel=\"noopener\">Radovan Karad\u017ei\u0107<\/a>, a izre\u010dene su i jo\u0161 tri do\u017eivotne kazne.<\/p>\n<p data-block-key=\"652ah\">Su\u0111enje Mladi\u0107u po\u010delo je 16. maja 2012, a izvo\u0111enje dokaza trajalo je vi\u0161e od \u010detiri godine.<\/p>\n<p data-block-key=\"fq5vc\">Ve\u0107e je zasedalo tokom 530 dana su\u0111enja, predo\u010dena su svedo\u010denja 592 svedoka i gotovo 10.000 dokaznih predmeta.<\/p>\n<\/div>\n<p data-block-key=\"fq5vc\"><em>Izvor:\u00a0<a href=\"https:\/\/n1info.rs\/vesti\/kolaric-fhp-drzavne-pocasti-za-ratka-mladica-bile-bi-krsenje-zakona-srbije\/\" target=\"_blank\" rel=\"noopener\">n1info.rs<\/a><\/em><\/p>\n<\/div>\n<\/div>\n","protected":false},"excerpt":{"rendered":"Najava ministra pravde Nenada Vuji\u0107a da \u0107e Ratko Mladi\u0107 biti sahranjen uz dr\u017eavne po\u010dasti zna\u010dila bi kr\u0161enje Zakona o Vojsci Srbije, ka\u017ee za N1 Jovana Kolari\u0107 iz Fonda za humanitarno pravo. Ona podse\u0107a da zakon predvi\u0111a oduzimanje \u010dina licima osu\u0111enim na vi\u0161e od godinu dana zatvora.","protected":false},"author":119,"featured_media":191580,"comment_status":"closed","ping_status":"open","sticky":false,"template":"","format":"standard","meta":{"_acf_changed":false,"footnotes":""},"categories":[2653,593],"tags":[],"class_list":["post-191595","post","type-post","status-publish","format-standard","has-post-thumbnail","hentry","category-frontpage-bhsc","category-tranziciona-pravda-bhsc"],"acf":[],"yoast_head":"<!-- This site is optimized with the Yoast SEO plugin v25.6 - https:\/\/yoast.com\/wordpress\/plugins\/seo\/ -->\n<title>Kolari\u0107 (FHP): Dr\u017eavne po\u010dasti za Ratka Mladi\u0107a bile bi kr\u0161enje Zakona o Vojsci Srbije - REKOM ~ KOMRA ~ RECOM<\/title>\n<meta name=\"robots\" content=\"index, follow, max-snippet:-1, max-image-preview:large, max-video-preview:-1\" \/>\n<link rel=\"canonical\" href=\"https:\/\/www.recom.link\/bhsc\/kolaric-fhp-drzavne-pocasti-za-ratka-mladica-bile-bi-krsenje-zakona-o-vojsci-srbije\/\" \/>\n<meta property=\"og:locale\" content=\"en_US\" \/>\n<meta property=\"og:type\" content=\"article\" \/>\n<meta property=\"og:title\" content=\"Kolari\u0107 (FHP): Dr\u017eavne po\u010dasti za Ratka Mladi\u0107a bile bi kr\u0161enje Zakona o Vojsci Srbije - REKOM ~ KOMRA ~ RECOM\" \/>\n<meta property=\"og:description\" content=\"Najava ministra pravde Nenada Vuji\u0107a da \u0107e Ratko Mladi\u0107 biti sahranjen uz dr\u017eavne po\u010dasti zna\u010dila bi kr\u0161enje Zakona o Vojsci Srbije, ka\u017ee za N1 Jovana Kolari\u0107 iz Fonda za humanitarno pravo. Ona podse\u0107a da zakon predvi\u0111a oduzimanje \u010dina licima osu\u0111enim na vi\u0161e od godinu dana zatvora.\" \/>\n<meta property=\"og:url\" content=\"https:\/\/www.recom.link\/bhsc\/kolaric-fhp-drzavne-pocasti-za-ratka-mladica-bile-bi-krsenje-zakona-o-vojsci-srbije\/\" \/>\n<meta property=\"og:site_name\" content=\"REKOM ~ KOMRA ~ RECOM\" \/>\n<meta property=\"article:publisher\" content=\"https:\/\/www.facebook.com\/ZaREKOM.PerKOMRA.ForRECOM\/\" \/>\n<meta property=\"article:published_time\" content=\"2026-09-02T09:48:03+00:00\" \/>\n<meta property=\"og:image\" content=\"https:\/\/www.recom.link\/wp-content\/uploads\/2026\/09\/n1-slide.jpg\" \/>\n\t<meta property=\"og:image:width\" content=\"1280\" \/>\n\t<meta property=\"og:image:height\" content=\"960\" \/>\n\t<meta property=\"og:image:type\" content=\"image\/jpeg\" \/>\n<meta name=\"author\" content=\"HLC Administrator\" \/>\n<meta name=\"twitter:card\" content=\"summary_large_image\" \/>\n<meta name=\"twitter:creator\" content=\"@REKOM_KOMRA\" \/>\n<meta name=\"twitter:site\" content=\"@REKOM_KOMRA\" \/>\n<meta name=\"twitter:label1\" content=\"Written by\" \/>\n\t<meta name=\"twitter:data1\" content=\"HLC Administrator\" \/>\n\t<meta name=\"twitter:label2\" content=\"Est. reading time\" \/>\n\t<meta name=\"twitter:data2\" content=\"3 minutes\" \/>\n<script type=\"application\/ld+json\" class=\"yoast-schema-graph\">{\"@context\":\"https:\/\/schema.org\",\"@graph\":[{\"@type\":\"WebPage\",\"@id\":\"https:\/\/www.recom.link\/bhsc\/kolaric-fhp-drzavne-pocasti-za-ratka-mladica-bile-bi-krsenje-zakona-o-vojsci-srbije\/\",\"url\":\"https:\/\/www.recom.link\/bhsc\/kolaric-fhp-drzavne-pocasti-za-ratka-mladica-bile-bi-krsenje-zakona-o-vojsci-srbije\/\",\"name\":\"Kolari\u0107 (FHP): Dr\u017eavne po\u010dasti za Ratka Mladi\u0107a bile bi kr\u0161enje Zakona o Vojsci Srbije - REKOM ~ KOMRA ~ RECOM\",\"isPartOf\":{\"@id\":\"https:\/\/www.recom.link\/en\/#website\"},\"primaryImageOfPage\":{\"@id\":\"https:\/\/www.recom.link\/bhsc\/kolaric-fhp-drzavne-pocasti-za-ratka-mladica-bile-bi-krsenje-zakona-o-vojsci-srbije\/#primaryimage\"},\"image\":{\"@id\":\"https:\/\/www.recom.link\/bhsc\/kolaric-fhp-drzavne-pocasti-za-ratka-mladica-bile-bi-krsenje-zakona-o-vojsci-srbije\/#primaryimage\"},\"thumbnailUrl\":\"https:\/\/www.recom.link\/wp-content\/uploads\/2026\/09\/n1-slide.jpg\",\"datePublished\":\"2026-09-02T09:48:03+00:00\",\"author\":{\"@id\":\"https:\/\/www.recom.link\/en\/#\/schema\/person\/50c4297d8319599d2f438cb549eeb7b6\"},\"breadcrumb\":{\"@id\":\"https:\/\/www.recom.link\/bhsc\/kolaric-fhp-drzavne-pocasti-za-ratka-mladica-bile-bi-krsenje-zakona-o-vojsci-srbije\/#breadcrumb\"},\"inLanguage\":\"bhsc\",\"potentialAction\":[{\"@type\":\"ReadAction\",\"target\":[\"https:\/\/www.recom.link\/bhsc\/kolaric-fhp-drzavne-pocasti-za-ratka-mladica-bile-bi-krsenje-zakona-o-vojsci-srbije\/\"]}]},{\"@type\":\"ImageObject\",\"inLanguage\":\"bhsc\",\"@id\":\"https:\/\/www.recom.link\/bhsc\/kolaric-fhp-drzavne-pocasti-za-ratka-mladica-bile-bi-krsenje-zakona-o-vojsci-srbije\/#primaryimage\",\"url\":\"https:\/\/www.recom.link\/wp-content\/uploads\/2026\/09\/n1-slide.jpg\",\"contentUrl\":\"https:\/\/www.recom.link\/wp-content\/uploads\/2026\/09\/n1-slide.jpg\",\"width\":1280,\"height\":960},{\"@type\":\"BreadcrumbList\",\"@id\":\"https:\/\/www.recom.link\/bhsc\/kolaric-fhp-drzavne-pocasti-za-ratka-mladica-bile-bi-krsenje-zakona-o-vojsci-srbije\/#breadcrumb\",\"itemListElement\":[{\"@type\":\"ListItem\",\"position\":1,\"name\":\"Home\",\"item\":\"https:\/\/www.recom.link\/en\/\"},{\"@type\":\"ListItem\",\"position\":2,\"name\":\"Kolari\u0107 (FHP): Dr\u017eavne po\u010dasti za Ratka Mladi\u0107a bile bi kr\u0161enje Zakona o Vojsci Srbije\"}]},{\"@type\":\"WebSite\",\"@id\":\"https:\/\/www.recom.link\/en\/#website\",\"url\":\"https:\/\/www.recom.link\/en\/\",\"name\":\"REKOM ~ KOMRA ~ RECOM\",\"description\":\"\",\"potentialAction\":[{\"@type\":\"SearchAction\",\"target\":{\"@type\":\"EntryPoint\",\"urlTemplate\":\"https:\/\/www.recom.link\/en\/?s={search_term_string}\"},\"query-input\":{\"@type\":\"PropertyValueSpecification\",\"valueRequired\":true,\"valueName\":\"search_term_string\"}}],\"inLanguage\":\"bhsc\"},{\"@type\":\"Person\",\"@id\":\"https:\/\/www.recom.link\/en\/#\/schema\/person\/50c4297d8319599d2f438cb549eeb7b6\",\"name\":\"HLC Administrator\",\"image\":{\"@type\":\"ImageObject\",\"inLanguage\":\"bhsc\",\"@id\":\"https:\/\/www.recom.link\/en\/#\/schema\/person\/image\/\",\"url\":\"https:\/\/secure.gravatar.com\/avatar\/bc1b075d137bf993746277fd93f94367?s=96&d=mm&r=g\",\"contentUrl\":\"https:\/\/secure.gravatar.com\/avatar\/bc1b075d137bf993746277fd93f94367?s=96&d=mm&r=g\",\"caption\":\"HLC Administrator\"},\"url\":\"https:\/\/www.recom.link\/bhsc\/author\/hlcadmin\/\"}]}<\/script>\n<!-- \/ Yoast SEO plugin. -->","yoast_head_json":{"title":"Kolari\u0107 (FHP): Dr\u017eavne po\u010dasti za Ratka Mladi\u0107a bile bi kr\u0161enje Zakona o Vojsci Srbije - REKOM ~ KOMRA ~ RECOM","robots":{"index":"index","follow":"follow","max-snippet":"max-snippet:-1","max-image-preview":"max-image-preview:large","max-video-preview":"max-video-preview:-1"},"canonical":"https:\/\/www.recom.link\/bhsc\/kolaric-fhp-drzavne-pocasti-za-ratka-mladica-bile-bi-krsenje-zakona-o-vojsci-srbije\/","og_locale":"en_US","og_type":"article","og_title":"Kolari\u0107 (FHP): Dr\u017eavne po\u010dasti za Ratka Mladi\u0107a bile bi kr\u0161enje Zakona o Vojsci Srbije - REKOM ~ KOMRA ~ RECOM","og_description":"Najava ministra pravde Nenada Vuji\u0107a da \u0107e Ratko Mladi\u0107 biti sahranjen uz dr\u017eavne po\u010dasti zna\u010dila bi kr\u0161enje Zakona o Vojsci Srbije, ka\u017ee za N1 Jovana Kolari\u0107 iz Fonda za humanitarno pravo. Ona podse\u0107a da zakon predvi\u0111a oduzimanje \u010dina licima osu\u0111enim na vi\u0161e od godinu dana zatvora.","og_url":"https:\/\/www.recom.link\/bhsc\/kolaric-fhp-drzavne-pocasti-za-ratka-mladica-bile-bi-krsenje-zakona-o-vojsci-srbije\/","og_site_name":"REKOM ~ KOMRA ~ RECOM","article_publisher":"https:\/\/www.facebook.com\/ZaREKOM.PerKOMRA.ForRECOM\/","article_published_time":"2026-09-02T09:48:03+00:00","og_image":[{"width":1280,"height":960,"url":"https:\/\/www.recom.link\/wp-content\/uploads\/2026\/09\/n1-slide.jpg","type":"image\/jpeg"}],"author":"HLC Administrator","twitter_card":"summary_large_image","twitter_creator":"@REKOM_KOMRA","twitter_site":"@REKOM_KOMRA","twitter_misc":{"Written by":"HLC Administrator","Est. reading time":"3 minutes"},"schema":{"@context":"https:\/\/schema.org","@graph":[{"@type":"WebPage","@id":"https:\/\/www.recom.link\/bhsc\/kolaric-fhp-drzavne-pocasti-za-ratka-mladica-bile-bi-krsenje-zakona-o-vojsci-srbije\/","url":"https:\/\/www.recom.link\/bhsc\/kolaric-fhp-drzavne-pocasti-za-ratka-mladica-bile-bi-krsenje-zakona-o-vojsci-srbije\/","name":"Kolari\u0107 (FHP): Dr\u017eavne po\u010dasti za Ratka Mladi\u0107a bile bi kr\u0161enje Zakona o Vojsci Srbije - REKOM ~ KOMRA ~ RECOM","isPartOf":{"@id":"https:\/\/www.recom.link\/en\/#website"},"primaryImageOfPage":{"@id":"https:\/\/www.recom.link\/bhsc\/kolaric-fhp-drzavne-pocasti-za-ratka-mladica-bile-bi-krsenje-zakona-o-vojsci-srbije\/#primaryimage"},"image":{"@id":"https:\/\/www.recom.link\/bhsc\/kolaric-fhp-drzavne-pocasti-za-ratka-mladica-bile-bi-krsenje-zakona-o-vojsci-srbije\/#primaryimage"},"thumbnailUrl":"https:\/\/www.recom.link\/wp-content\/uploads\/2026\/09\/n1-slide.jpg","datePublished":"2026-09-02T09:48:03+00:00","author":{"@id":"https:\/\/www.recom.link\/en\/#\/schema\/person\/50c4297d8319599d2f438cb549eeb7b6"},"breadcrumb":{"@id":"https:\/\/www.recom.link\/bhsc\/kolaric-fhp-drzavne-pocasti-za-ratka-mladica-bile-bi-krsenje-zakona-o-vojsci-srbije\/#breadcrumb"},"inLanguage":"bhsc","potentialAction":[{"@type":"ReadAction","target":["https:\/\/www.recom.link\/bhsc\/kolaric-fhp-drzavne-pocasti-za-ratka-mladica-bile-bi-krsenje-zakona-o-vojsci-srbije\/"]}]},{"@type":"ImageObject","inLanguage":"bhsc","@id":"https:\/\/www.recom.link\/bhsc\/kolaric-fhp-drzavne-pocasti-za-ratka-mladica-bile-bi-krsenje-zakona-o-vojsci-srbije\/#primaryimage","url":"https:\/\/www.recom.link\/wp-content\/uploads\/2026\/09\/n1-slide.jpg","contentUrl":"https:\/\/www.recom.link\/wp-content\/uploads\/2026\/09\/n1-slide.jpg","width":1280,"height":960},{"@type":"BreadcrumbList","@id":"https:\/\/www.recom.link\/bhsc\/kolaric-fhp-drzavne-pocasti-za-ratka-mladica-bile-bi-krsenje-zakona-o-vojsci-srbije\/#breadcrumb","itemListElement":[{"@type":"ListItem","position":1,"name":"Home","item":"https:\/\/www.recom.link\/en\/"},{"@type":"ListItem","position":2,"name":"Kolari\u0107 (FHP): Dr\u017eavne po\u010dasti za Ratka Mladi\u0107a bile bi kr\u0161enje Zakona o Vojsci Srbije"}]},{"@type":"WebSite","@id":"https:\/\/www.recom.link\/en\/#website","url":"https:\/\/www.recom.link\/en\/","name":"REKOM ~ KOMRA ~ RECOM","description":"","potentialAction":[{"@type":"SearchAction","target":{"@type":"EntryPoint","urlTemplate":"https:\/\/www.recom.link\/en\/?s={search_term_string}"},"query-input":{"@type":"PropertyValueSpecification","valueRequired":true,"valueName":"search_term_string"}}],"inLanguage":"bhsc"},{"@type":"Person","@id":"https:\/\/www.recom.link\/en\/#\/schema\/person\/50c4297d8319599d2f438cb549eeb7b6","name":"HLC Administrator","image":{"@type":"ImageObject","inLanguage":"bhsc","@id":"https:\/\/www.recom.link\/en\/#\/schema\/person\/image\/","url":"https:\/\/secure.gravatar.com\/avatar\/bc1b075d137bf993746277fd93f94367?s=96&d=mm&r=g","contentUrl":"https:\/\/secure.gravatar.com\/avatar\/bc1b075d137bf993746277fd93f94367?s=96&d=mm&r=g","caption":"HLC Administrator"},"url":"https:\/\/www.recom.link\/bhsc\/author\/hlcadmin\/"}]}},"_links":{"self":[{"href":"https:\/\/www.recom.link\/bhsc\/wp-json\/wp\/v2\/posts\/191595"}],"collection":[{"href":"https:\/\/www.recom.link\/bhsc\/wp-json\/wp\/v2\/posts"}],"about":[{"href":"https:\/\/www.recom.link\/bhsc\/wp-json\/wp\/v2\/types\/post"}],"author":[{"embeddable":true,"href":"https:\/\/www.recom.link\/bhsc\/wp-json\/wp\/v2\/users\/119"}],"replies":[{"embeddable":true,"href":"https:\/\/www.recom.link\/bhsc\/wp-json\/wp\/v2\/comments?post=191595"}],"version-history":[{"count":1,"href":"https:\/\/www.recom.link\/bhsc\/wp-json\/wp\/v2\/posts\/191595\/revisions"}],"predecessor-version":[{"id":191596,"href":"https:\/\/www.recom.link\/bhsc\/wp-json\/wp\/v2\/posts\/191595\/revisions\/191596"}],"wp:featuredmedia":[{"embeddable":true,"href":"https:\/\/www.recom.link\/bhsc\/wp-json\/wp\/v2\/media\/191580"}],"wp:attachment":[{"href":"https:\/\/www.recom.link\/bhsc\/wp-json\/wp\/v2\/media?parent=191595"}],"wp:term":[{"taxonomy":"category","embeddable":true,"href":"https:\/\/www.recom.link\/bhsc\/wp-json\/wp\/v2\/categories?post=191595"},{"taxonomy":"post_tag","embeddable":true,"href":"https:\/\/www.recom.link\/bhsc\/wp-json\/wp\/v2\/tags?post=191595"}],"curies":[{"name":"wp","href":"https:\/\/api.w.org\/{rel}","templated":true}]}}