{"id":191579,"date":"2026-09-02T10:41:59","date_gmt":"2026-09-02T09:41:59","guid":{"rendered":"https:\/\/www.recom.link\/?p=191579"},"modified":"2026-09-02T10:44:12","modified_gmt":"2026-09-02T09:44:12","slug":"kandic-propaganda-je-mladima-usadila-da-je-mladic-heroj-institucije-su-potpuno-zakazale","status":"publish","type":"post","link":"https:\/\/www.recom.link\/bhsc\/kandic-propaganda-je-mladima-usadila-da-je-mladic-heroj-institucije-su-potpuno-zakazale\/","title":{"rendered":"Kandi\u0107: Propaganda je mladima usadila da je Mladi\u0107 heroj, institucije su potpuno zakazale"},"content":{"rendered":"<p>Nata\u0161a Kandi\u0107, osniva\u010dica Fonda za humanitarno pravo i dugogodi\u0161nja aktivistkinja za ljudska prava, kazala je za N1 nakon smrti Ratka Mladi\u0107a da se time ne zatvara poglavlje ratova devedesetih. Iza njegovog su\u0111enja ostaju hiljade presu\u0111enih \u010dinjenica i desetine hiljada dokaznih predmeta koje \u0107e, ka\u017ee, prou\u010davati generacije.Istovremeno je upozorila na na\u010din na koji se o Mladi\u0107u govori u Srbiji, posebno na posljedice vi\u0161egodi\u0161nje propagande me\u0111u mladima.<\/p>\n<p>Istovremeno je upozorila na na\u010din na koji se o Mladi\u0107u govori u Srbiji, posebno na posljedice vi\u0161egodi\u0161nje propagande me\u0111u mladima.<\/p>\n<p>&nbsp;<\/p>\n<div class=\"article-content-wrapper w-full\" data-selector=\"article-content-wrapper\" data-testid=\"article-content-wrapper-3\">\n<div class=\"rich-text-block break-words\">\n<h3 data-ad-valid=\"true\" data-block-key=\"23ghs\">\u201eTo \u0107e prou\u010davati generacije\u201c<\/h3>\n<\/div>\n<\/div>\n<div class=\"injected-banner banner-1 flex items-center justify-center [&amp;_iframe]:mb-4\">\n<div id=\"div-gpt-ad-1622630841638-0\">\u201e<b>\u010cini mi se da nikada ne\u0107emo zatvoriti poglavlje koje se odnosi na period od devedesetih<\/b>\u201e, kazala je Kandi\u0107.<\/div>\n<\/div>\n<div class=\"article-content-wrapper w-full\" data-selector=\"article-content-wrapper\" data-testid=\"article-content-wrapper-5\">\n<div class=\"rich-text-block break-words\">\n<p data-ad-valid=\"true\" data-block-key=\"con6n\">Podsjetila je na obim materijala razmatranog tokom 530 dana su\u0111enja Mladi\u0107u.<\/p>\n<\/div>\n<\/div>\n<div class=\"article-content-wrapper w-full\" data-selector=\"article-content-wrapper\" data-testid=\"article-content-wrapper-6\">\n<div class=\"rich-text-block break-words\">\n<p data-ad-valid=\"true\" data-block-key=\"52ssr\">\u201e<b>Treba sve to da pro\u010ditamo, \u0161ta se sve doga\u0111alo i \u0161ta sve stoji u 2.000 presu\u0111enih \u010dinjenica, u desetinama hiljada dokaznih predmeta koji su razmatrani tokom su\u0111enja Ratku Mladi\u0107u. To je ne\u0161to \u0161to \u0107e \u010ditati, prou\u010davati i tuma\u010diti generacije<\/b>\u201e, rekla je.<\/p>\n<\/div>\n<\/div>\n<div class=\"article-content-wrapper w-full\" data-selector=\"article-content-wrapper\" data-testid=\"article-content-wrapper-7\">\n<div class=\"rich-text-block break-words\">\n<p data-ad-valid=\"true\" data-block-key=\"amvr3\">Kandi\u0107 smatra i da je Rezidualni mehanizam ispravno postupio odbijaju\u0107i zahtjeve da Mladi\u0107 posljednje mjesece \u017eivota provede na lije\u010denju u Srbiji.<\/p>\n<\/div>\n<\/div>\n<div class=\"injected-banner banner-2 flex items-center justify-center [&amp;_iframe]:mb-4\"><\/div>\n<div class=\"article-content-wrapper w-full\" data-selector=\"article-content-wrapper\" data-testid=\"article-content-wrapper-8\">\n<div class=\"rich-text-block break-words\">\n<p data-ad-valid=\"true\" data-block-key=\"b95c3\">Podsjetila je da se godinama skrivao prije hap\u0161enja, dok su mu nakon dolaska u pritvor osigurani odgovaraju\u0107i uslovi i medicinska njega.<\/p>\n<\/div>\n<\/div>\n<div class=\"article-content-wrapper w-full\" data-selector=\"article-content-wrapper\" data-testid=\"article-content-wrapper-9\">\n<div class=\"rich-text-block break-words\">\n<p data-ad-valid=\"true\" data-block-key=\"51skj\">\u201e<b>On se skrivao, bje\u017eao je od pravde<\/b>\u201e, kazala je, dodaju\u0107i da je bilo u interesu pravde da se dosljedno po\u0161tuje kazna koju mu je sud izrekao.<\/p>\n<p data-ad-valid=\"true\" data-block-key=\"51skj\">\n<\/div>\n<\/div>\n<div class=\"article-content-wrapper w-full\" data-selector=\"article-content-wrapper\" data-testid=\"article-content-wrapper-10\">\n<div class=\"rich-text-block break-words\">\n<p>&nbsp;<\/p>\n<h3 data-ad-valid=\"true\" data-block-key=\"5epfr\">\u201eBiografija slavnog vojskovo\u0111e\u201c<\/h3>\n<\/div>\n<\/div>\n<div class=\"article-content-wrapper w-full\" data-selector=\"article-content-wrapper\" data-testid=\"article-content-wrapper-11\">\n<div class=\"rich-text-block break-words\">\n<p data-ad-valid=\"true\" data-block-key=\"8tus9\">Posebno je kritikovala na\u010din na koji su pojedini mediji u Srbiji izvijestili o Mladi\u0107evoj smrti.<\/p>\n<\/div>\n<\/div>\n<div class=\"injected-banner banner-3 flex items-center justify-center [&amp;_iframe]:mb-4\">\u201e<b>Ve\u0107ina medija ga oslovljava sa generalom, \u2018preminuo general\u2019, i onda po\u010dinje s informacijama o njegovoj biografiji koja, kako je prikazana, djeluje kao biografija nekog slavnog vojskovo\u0111e<\/b>\u201e, rekla je.<\/div>\n<div class=\"article-content-wrapper w-full\" data-selector=\"article-content-wrapper\" data-testid=\"article-content-wrapper-13\">\n<div class=\"rich-text-block break-words\">\n<p data-ad-valid=\"true\" data-block-key=\"15v4s\">Kandi\u0107 o\u010dekuje da \u0107e u medijima pod kontrolom vlasti uslijediti emisije o \u201enavodno velikom generalu koji je spasio srpski narod od genocida\u201c, dok \u0107e \u010dinjenice o zlo\u010dinima za koje je osu\u0111en ostati u drugom planu.<\/p>\n<\/div>\n<\/div>\n<div class=\"article-content-wrapper w-full\" data-selector=\"article-content-wrapper\" data-testid=\"article-content-wrapper-14\">\n<div class=\"rich-text-block break-words\">\n<p data-ad-valid=\"true\" data-block-key=\"9dnvi\">Kao primjer navela je snajpersko i artiljerijsko djelovanje protiv civila Sarajeva.<\/p>\n<\/div>\n<\/div>\n<div class=\"article-content-wrapper w-full\" data-selector=\"article-content-wrapper\" data-testid=\"article-content-wrapper-15\">\n<div class=\"rich-text-block break-words\">\n<p data-ad-valid=\"true\" data-block-key=\"drkit\">\u201e<b>To je bio snajperski teror nad civilima u Sarajevu i to su neke stvari koje ne mogu da se pokriju, ne mo\u017ee se sada njegovom smr\u0107u sve to staviti po strani<\/b>\u201e, poru\u010dila je.<\/p>\n<\/div>\n<p data-ad-valid=\"true\" data-block-key=\"drkit\">\n<\/div>\n<div><\/div>\n<div class=\"article-content-wrapper w-full\" data-selector=\"article-content-wrapper\" data-testid=\"article-content-wrapper-16\">\n<div class=\"rich-text-block break-words\">\n<p>&nbsp;<\/p>\n<h3 data-ad-valid=\"true\" data-block-key=\"4hbc5\">\u201ePropaganda je uspjela\u201c<\/h3>\n<\/div>\n<\/div>\n<div class=\"article-content-wrapper w-full\" data-selector=\"article-content-wrapper\" data-testid=\"article-content-wrapper-17\">\n<div class=\"rich-text-block break-words\">\n<p data-ad-valid=\"true\" data-block-key=\"aq2nh\">Kandi\u0107 smatra da je suo\u010davanje s pro\u0161lo\u0161\u0107u u Srbiji danas posebno te\u0161ko zbog posljedica politi\u010dke i medijske propagande.<\/p>\n<\/div>\n<\/div>\n<div class=\"article-content-wrapper w-full\" data-selector=\"article-content-wrapper\" data-testid=\"article-content-wrapper-18\">\n<div class=\"rich-text-block break-words\">\n<p data-ad-valid=\"true\" data-block-key=\"ae9bd\">\u201e<b>Mi smo trenutno svjedoci da je propaganda posljednjih 13-14 godina djelovala u\u017easno na mlade generacije, da je u njihovom mi\u0161ljenju usa\u0111eno, i da je propaganda uspjela, da oni sada misle da je zbilja Ratko Mladi\u0107 borac, da je on heroj koji je uspio da zaustavi neki genocid nad srpskim narodom<\/b>\u201e, kazala je.<\/p>\n<\/div>\n<\/div>\n<div class=\"article-content-wrapper w-full\" data-selector=\"article-content-wrapper\" data-testid=\"article-content-wrapper-19\">\n<div class=\"rich-text-block break-words\">\n<p data-ad-valid=\"true\" data-block-key=\"1d9pv\">Naglasila je da za takvu interpretaciju nema \u010dinjenica niti podataka, ali da je ona toliko ukorijenjena da se postavlja pitanje kako \u0107e se odnos mladih prema pro\u0161losti mijenjati.<\/p>\n<\/div>\n<\/div>\n<div class=\"injected-banner banner-5 flex items-center justify-center [&amp;_iframe]:mb-4\">Promjena, smatra Kandi\u0107, zahtijeva i promjenu politi\u010dke klime, ali i akademsku zajednicu sposobnu razvijati kriti\u010dko mi\u0161ljenje.<\/div>\n<div><\/div>\n<div class=\"article-content-wrapper w-full\" data-selector=\"article-content-wrapper\" data-testid=\"article-content-wrapper-21\">\n<div class=\"rich-text-block break-words\">\n<p>&nbsp;<\/p>\n<h3 data-ad-valid=\"true\" data-block-key=\"5shig\">\u201eInstitucije su potpuno zakazale\u201c<\/h3>\n<\/div>\n<\/div>\n<div class=\"article-content-wrapper w-full\" data-selector=\"article-content-wrapper\" data-testid=\"article-content-wrapper-22\">\n<div class=\"rich-text-block break-words\">\n<p data-ad-valid=\"true\" data-block-key=\"d2koi\">Odgovornost za postoje\u0107e stanje Kandi\u0107 pripisuje i institucijama Srbije.<\/p>\n<\/div>\n<\/div>\n<div class=\"article-content-wrapper w-full\" data-selector=\"article-content-wrapper\" data-testid=\"article-content-wrapper-23\">\n<div class=\"rich-text-block break-words\">\n<p data-ad-valid=\"true\" data-block-key=\"cpb1l\">\u201e<b>Institucije su potpuno zakazale<\/b>\u201e, kazala je.<\/p>\n<\/div>\n<\/div>\n<div class=\"article-content-wrapper w-full\" data-selector=\"article-content-wrapper\" data-testid=\"article-content-wrapper-24\">\n<div class=\"rich-text-block break-words\">\n<p data-ad-valid=\"true\" data-block-key=\"6sbn6\">Podsjetila je da je prije 14 ili 15 godina postojala nada da \u0107e obrazovni sistem ozbiljnije uva\u017eavati sudski utvr\u0111ene \u010dinjenice, ali da se promjenom politi\u010dke klime prostor za takav pristup smanjivao.<\/p>\n<\/div>\n<\/div>\n<div class=\"article-content-wrapper w-full\" data-selector=\"article-content-wrapper\" data-testid=\"article-content-wrapper-25\">\n<div class=\"rich-text-block break-words\">\n<p data-ad-valid=\"true\" data-block-key=\"7n0qn\">Problem vidi u politi\u010dkim elitama koje u nacionalisti\u010dkom odnosu prema pro\u0161losti i dalje pronalaze na\u010din za o\u010duvanje politi\u010dke mo\u0107i.<\/p>\n<\/div>\n<\/div>\n<div class=\"article-content-wrapper w-full\" data-selector=\"article-content-wrapper\" data-testid=\"article-content-wrapper-26\">\n<div class=\"rich-text-block break-words\">\n<p data-ad-valid=\"true\" data-block-key=\"7kk4d\">\u201e<b>Bojim se da smo jo\u0161 uvijek daleko i da mo\u017eemo \u010dak i dalje da odemo u tom odstupanju od stvarnih doga\u0111aja u pro\u0161losti<\/b>\u201e, upozorila je Kandi\u0107.<\/p>\n<p>&nbsp;<\/p>\n<\/div>\n<p data-ad-valid=\"true\" data-block-key=\"7kk4d\"><em>Izvor:\u00a0<a href=\"https:\/\/n1info.ba\/vijesti\/kandic-propaganda-je-mladima-usadila-da-je-mladic-heroj-institucije-su-potpuno-zakazale\/\" target=\"_blank\" rel=\"noopener\">n1info.ba<\/a><\/em><\/p>\n<\/div>\n","protected":false},"excerpt":{"rendered":"Nata\u0161a Kandi\u0107, osniva\u010dica Fonda za humanitarno pravo i dugogodi\u0161nja aktivistkinja za ljudska prava, kazala je za N1 nakon smrti Ratka Mladi\u0107a da se time ne zatvara poglavlje ratova devedesetih. Iza njegovog su\u0111enja ostaju hiljade presu\u0111enih \u010dinjenica i desetine hiljada dokaznih predmeta koje \u0107e, ka\u017ee, prou\u010davati generacije.Istovremeno je upozorila na na\u010din na koji se o Mladi\u0107u govori u Srbiji, posebno na posljedice vi\u0161egodi\u0161nje propagande me\u0111u mladima.","protected":false},"author":119,"featured_media":191580,"comment_status":"closed","ping_status":"open","sticky":false,"template":"","format":"standard","meta":{"_acf_changed":false,"footnotes":""},"categories":[2653,593],"tags":[],"class_list":["post-191579","post","type-post","status-publish","format-standard","has-post-thumbnail","hentry","category-frontpage-bhsc","category-tranziciona-pravda-bhsc"],"acf":[],"yoast_head":"<!-- This site is optimized with the Yoast SEO plugin v25.6 - https:\/\/yoast.com\/wordpress\/plugins\/seo\/ -->\n<title>Kandi\u0107: Propaganda je mladima usadila da je Mladi\u0107 heroj, institucije su potpuno zakazale - REKOM ~ KOMRA ~ RECOM<\/title>\n<meta name=\"robots\" content=\"index, follow, max-snippet:-1, max-image-preview:large, max-video-preview:-1\" \/>\n<link rel=\"canonical\" href=\"https:\/\/www.recom.link\/bhsc\/kandic-propaganda-je-mladima-usadila-da-je-mladic-heroj-institucije-su-potpuno-zakazale\/\" \/>\n<meta property=\"og:locale\" content=\"en_US\" \/>\n<meta property=\"og:type\" content=\"article\" \/>\n<meta property=\"og:title\" content=\"Kandi\u0107: Propaganda je mladima usadila da je Mladi\u0107 heroj, institucije su potpuno zakazale - REKOM ~ KOMRA ~ RECOM\" \/>\n<meta property=\"og:description\" content=\"Nata\u0161a Kandi\u0107, osniva\u010dica Fonda za humanitarno pravo i dugogodi\u0161nja aktivistkinja za ljudska prava, kazala je za N1 nakon smrti Ratka Mladi\u0107a da se time ne zatvara poglavlje ratova devedesetih. Iza njegovog su\u0111enja ostaju hiljade presu\u0111enih \u010dinjenica i desetine hiljada dokaznih predmeta koje \u0107e, ka\u017ee, prou\u010davati generacije.Istovremeno je upozorila na na\u010din na koji se o Mladi\u0107u govori u Srbiji, posebno na posljedice vi\u0161egodi\u0161nje propagande me\u0111u mladima.\" \/>\n<meta property=\"og:url\" content=\"https:\/\/www.recom.link\/bhsc\/kandic-propaganda-je-mladima-usadila-da-je-mladic-heroj-institucije-su-potpuno-zakazale\/\" \/>\n<meta property=\"og:site_name\" content=\"REKOM ~ KOMRA ~ RECOM\" \/>\n<meta property=\"article:publisher\" content=\"https:\/\/www.facebook.com\/ZaREKOM.PerKOMRA.ForRECOM\/\" \/>\n<meta property=\"article:published_time\" content=\"2026-09-02T09:41:59+00:00\" \/>\n<meta property=\"article:modified_time\" content=\"2026-09-02T09:44:12+00:00\" \/>\n<meta property=\"og:image\" content=\"https:\/\/www.recom.link\/wp-content\/uploads\/2026\/09\/n1-slide.jpg\" \/>\n\t<meta property=\"og:image:width\" content=\"1280\" \/>\n\t<meta property=\"og:image:height\" content=\"960\" \/>\n\t<meta property=\"og:image:type\" content=\"image\/jpeg\" \/>\n<meta name=\"author\" content=\"HLC Administrator\" \/>\n<meta name=\"twitter:card\" content=\"summary_large_image\" \/>\n<meta name=\"twitter:creator\" content=\"@REKOM_KOMRA\" \/>\n<meta name=\"twitter:site\" content=\"@REKOM_KOMRA\" \/>\n<meta name=\"twitter:label1\" content=\"Written by\" \/>\n\t<meta name=\"twitter:data1\" content=\"HLC Administrator\" \/>\n\t<meta name=\"twitter:label2\" content=\"Est. reading time\" \/>\n\t<meta name=\"twitter:data2\" content=\"3 minutes\" \/>\n<script type=\"application\/ld+json\" class=\"yoast-schema-graph\">{\"@context\":\"https:\/\/schema.org\",\"@graph\":[{\"@type\":\"WebPage\",\"@id\":\"https:\/\/www.recom.link\/bhsc\/kandic-propaganda-je-mladima-usadila-da-je-mladic-heroj-institucije-su-potpuno-zakazale\/\",\"url\":\"https:\/\/www.recom.link\/bhsc\/kandic-propaganda-je-mladima-usadila-da-je-mladic-heroj-institucije-su-potpuno-zakazale\/\",\"name\":\"Kandi\u0107: Propaganda je mladima usadila da je Mladi\u0107 heroj, institucije su potpuno zakazale - REKOM ~ KOMRA ~ RECOM\",\"isPartOf\":{\"@id\":\"https:\/\/www.recom.link\/en\/#website\"},\"primaryImageOfPage\":{\"@id\":\"https:\/\/www.recom.link\/bhsc\/kandic-propaganda-je-mladima-usadila-da-je-mladic-heroj-institucije-su-potpuno-zakazale\/#primaryimage\"},\"image\":{\"@id\":\"https:\/\/www.recom.link\/bhsc\/kandic-propaganda-je-mladima-usadila-da-je-mladic-heroj-institucije-su-potpuno-zakazale\/#primaryimage\"},\"thumbnailUrl\":\"https:\/\/www.recom.link\/wp-content\/uploads\/2026\/09\/n1-slide.jpg\",\"datePublished\":\"2026-09-02T09:41:59+00:00\",\"dateModified\":\"2026-09-02T09:44:12+00:00\",\"author\":{\"@id\":\"https:\/\/www.recom.link\/en\/#\/schema\/person\/50c4297d8319599d2f438cb549eeb7b6\"},\"breadcrumb\":{\"@id\":\"https:\/\/www.recom.link\/bhsc\/kandic-propaganda-je-mladima-usadila-da-je-mladic-heroj-institucije-su-potpuno-zakazale\/#breadcrumb\"},\"inLanguage\":\"bhsc\",\"potentialAction\":[{\"@type\":\"ReadAction\",\"target\":[\"https:\/\/www.recom.link\/bhsc\/kandic-propaganda-je-mladima-usadila-da-je-mladic-heroj-institucije-su-potpuno-zakazale\/\"]}]},{\"@type\":\"ImageObject\",\"inLanguage\":\"bhsc\",\"@id\":\"https:\/\/www.recom.link\/bhsc\/kandic-propaganda-je-mladima-usadila-da-je-mladic-heroj-institucije-su-potpuno-zakazale\/#primaryimage\",\"url\":\"https:\/\/www.recom.link\/wp-content\/uploads\/2026\/09\/n1-slide.jpg\",\"contentUrl\":\"https:\/\/www.recom.link\/wp-content\/uploads\/2026\/09\/n1-slide.jpg\",\"width\":1280,\"height\":960},{\"@type\":\"BreadcrumbList\",\"@id\":\"https:\/\/www.recom.link\/bhsc\/kandic-propaganda-je-mladima-usadila-da-je-mladic-heroj-institucije-su-potpuno-zakazale\/#breadcrumb\",\"itemListElement\":[{\"@type\":\"ListItem\",\"position\":1,\"name\":\"Home\",\"item\":\"https:\/\/www.recom.link\/en\/\"},{\"@type\":\"ListItem\",\"position\":2,\"name\":\"Kandi\u0107: Propaganda je mladima usadila da je Mladi\u0107 heroj, institucije su potpuno zakazale\"}]},{\"@type\":\"WebSite\",\"@id\":\"https:\/\/www.recom.link\/en\/#website\",\"url\":\"https:\/\/www.recom.link\/en\/\",\"name\":\"REKOM ~ KOMRA ~ RECOM\",\"description\":\"\",\"potentialAction\":[{\"@type\":\"SearchAction\",\"target\":{\"@type\":\"EntryPoint\",\"urlTemplate\":\"https:\/\/www.recom.link\/en\/?s={search_term_string}\"},\"query-input\":{\"@type\":\"PropertyValueSpecification\",\"valueRequired\":true,\"valueName\":\"search_term_string\"}}],\"inLanguage\":\"bhsc\"},{\"@type\":\"Person\",\"@id\":\"https:\/\/www.recom.link\/en\/#\/schema\/person\/50c4297d8319599d2f438cb549eeb7b6\",\"name\":\"HLC Administrator\",\"image\":{\"@type\":\"ImageObject\",\"inLanguage\":\"bhsc\",\"@id\":\"https:\/\/www.recom.link\/en\/#\/schema\/person\/image\/\",\"url\":\"https:\/\/secure.gravatar.com\/avatar\/bc1b075d137bf993746277fd93f94367?s=96&d=mm&r=g\",\"contentUrl\":\"https:\/\/secure.gravatar.com\/avatar\/bc1b075d137bf993746277fd93f94367?s=96&d=mm&r=g\",\"caption\":\"HLC Administrator\"},\"url\":\"https:\/\/www.recom.link\/bhsc\/author\/hlcadmin\/\"}]}<\/script>\n<!-- \/ Yoast SEO plugin. -->","yoast_head_json":{"title":"Kandi\u0107: Propaganda je mladima usadila da je Mladi\u0107 heroj, institucije su potpuno zakazale - REKOM ~ KOMRA ~ RECOM","robots":{"index":"index","follow":"follow","max-snippet":"max-snippet:-1","max-image-preview":"max-image-preview:large","max-video-preview":"max-video-preview:-1"},"canonical":"https:\/\/www.recom.link\/bhsc\/kandic-propaganda-je-mladima-usadila-da-je-mladic-heroj-institucije-su-potpuno-zakazale\/","og_locale":"en_US","og_type":"article","og_title":"Kandi\u0107: Propaganda je mladima usadila da je Mladi\u0107 heroj, institucije su potpuno zakazale - REKOM ~ KOMRA ~ RECOM","og_description":"Nata\u0161a Kandi\u0107, osniva\u010dica Fonda za humanitarno pravo i dugogodi\u0161nja aktivistkinja za ljudska prava, kazala je za N1 nakon smrti Ratka Mladi\u0107a da se time ne zatvara poglavlje ratova devedesetih. Iza njegovog su\u0111enja ostaju hiljade presu\u0111enih \u010dinjenica i desetine hiljada dokaznih predmeta koje \u0107e, ka\u017ee, prou\u010davati generacije.Istovremeno je upozorila na na\u010din na koji se o Mladi\u0107u govori u Srbiji, posebno na posljedice vi\u0161egodi\u0161nje propagande me\u0111u mladima.","og_url":"https:\/\/www.recom.link\/bhsc\/kandic-propaganda-je-mladima-usadila-da-je-mladic-heroj-institucije-su-potpuno-zakazale\/","og_site_name":"REKOM ~ KOMRA ~ RECOM","article_publisher":"https:\/\/www.facebook.com\/ZaREKOM.PerKOMRA.ForRECOM\/","article_published_time":"2026-09-02T09:41:59+00:00","article_modified_time":"2026-09-02T09:44:12+00:00","og_image":[{"width":1280,"height":960,"url":"https:\/\/www.recom.link\/wp-content\/uploads\/2026\/09\/n1-slide.jpg","type":"image\/jpeg"}],"author":"HLC Administrator","twitter_card":"summary_large_image","twitter_creator":"@REKOM_KOMRA","twitter_site":"@REKOM_KOMRA","twitter_misc":{"Written by":"HLC Administrator","Est. reading time":"3 minutes"},"schema":{"@context":"https:\/\/schema.org","@graph":[{"@type":"WebPage","@id":"https:\/\/www.recom.link\/bhsc\/kandic-propaganda-je-mladima-usadila-da-je-mladic-heroj-institucije-su-potpuno-zakazale\/","url":"https:\/\/www.recom.link\/bhsc\/kandic-propaganda-je-mladima-usadila-da-je-mladic-heroj-institucije-su-potpuno-zakazale\/","name":"Kandi\u0107: Propaganda je mladima usadila da je Mladi\u0107 heroj, institucije su potpuno zakazale - REKOM ~ KOMRA ~ RECOM","isPartOf":{"@id":"https:\/\/www.recom.link\/en\/#website"},"primaryImageOfPage":{"@id":"https:\/\/www.recom.link\/bhsc\/kandic-propaganda-je-mladima-usadila-da-je-mladic-heroj-institucije-su-potpuno-zakazale\/#primaryimage"},"image":{"@id":"https:\/\/www.recom.link\/bhsc\/kandic-propaganda-je-mladima-usadila-da-je-mladic-heroj-institucije-su-potpuno-zakazale\/#primaryimage"},"thumbnailUrl":"https:\/\/www.recom.link\/wp-content\/uploads\/2026\/09\/n1-slide.jpg","datePublished":"2026-09-02T09:41:59+00:00","dateModified":"2026-09-02T09:44:12+00:00","author":{"@id":"https:\/\/www.recom.link\/en\/#\/schema\/person\/50c4297d8319599d2f438cb549eeb7b6"},"breadcrumb":{"@id":"https:\/\/www.recom.link\/bhsc\/kandic-propaganda-je-mladima-usadila-da-je-mladic-heroj-institucije-su-potpuno-zakazale\/#breadcrumb"},"inLanguage":"bhsc","potentialAction":[{"@type":"ReadAction","target":["https:\/\/www.recom.link\/bhsc\/kandic-propaganda-je-mladima-usadila-da-je-mladic-heroj-institucije-su-potpuno-zakazale\/"]}]},{"@type":"ImageObject","inLanguage":"bhsc","@id":"https:\/\/www.recom.link\/bhsc\/kandic-propaganda-je-mladima-usadila-da-je-mladic-heroj-institucije-su-potpuno-zakazale\/#primaryimage","url":"https:\/\/www.recom.link\/wp-content\/uploads\/2026\/09\/n1-slide.jpg","contentUrl":"https:\/\/www.recom.link\/wp-content\/uploads\/2026\/09\/n1-slide.jpg","width":1280,"height":960},{"@type":"BreadcrumbList","@id":"https:\/\/www.recom.link\/bhsc\/kandic-propaganda-je-mladima-usadila-da-je-mladic-heroj-institucije-su-potpuno-zakazale\/#breadcrumb","itemListElement":[{"@type":"ListItem","position":1,"name":"Home","item":"https:\/\/www.recom.link\/en\/"},{"@type":"ListItem","position":2,"name":"Kandi\u0107: Propaganda je mladima usadila da je Mladi\u0107 heroj, institucije su potpuno zakazale"}]},{"@type":"WebSite","@id":"https:\/\/www.recom.link\/en\/#website","url":"https:\/\/www.recom.link\/en\/","name":"REKOM ~ KOMRA ~ RECOM","description":"","potentialAction":[{"@type":"SearchAction","target":{"@type":"EntryPoint","urlTemplate":"https:\/\/www.recom.link\/en\/?s={search_term_string}"},"query-input":{"@type":"PropertyValueSpecification","valueRequired":true,"valueName":"search_term_string"}}],"inLanguage":"bhsc"},{"@type":"Person","@id":"https:\/\/www.recom.link\/en\/#\/schema\/person\/50c4297d8319599d2f438cb549eeb7b6","name":"HLC Administrator","image":{"@type":"ImageObject","inLanguage":"bhsc","@id":"https:\/\/www.recom.link\/en\/#\/schema\/person\/image\/","url":"https:\/\/secure.gravatar.com\/avatar\/bc1b075d137bf993746277fd93f94367?s=96&d=mm&r=g","contentUrl":"https:\/\/secure.gravatar.com\/avatar\/bc1b075d137bf993746277fd93f94367?s=96&d=mm&r=g","caption":"HLC Administrator"},"url":"https:\/\/www.recom.link\/bhsc\/author\/hlcadmin\/"}]}},"_links":{"self":[{"href":"https:\/\/www.recom.link\/bhsc\/wp-json\/wp\/v2\/posts\/191579"}],"collection":[{"href":"https:\/\/www.recom.link\/bhsc\/wp-json\/wp\/v2\/posts"}],"about":[{"href":"https:\/\/www.recom.link\/bhsc\/wp-json\/wp\/v2\/types\/post"}],"author":[{"embeddable":true,"href":"https:\/\/www.recom.link\/bhsc\/wp-json\/wp\/v2\/users\/119"}],"replies":[{"embeddable":true,"href":"https:\/\/www.recom.link\/bhsc\/wp-json\/wp\/v2\/comments?post=191579"}],"version-history":[{"count":4,"href":"https:\/\/www.recom.link\/bhsc\/wp-json\/wp\/v2\/posts\/191579\/revisions"}],"predecessor-version":[{"id":191588,"href":"https:\/\/www.recom.link\/bhsc\/wp-json\/wp\/v2\/posts\/191579\/revisions\/191588"}],"wp:featuredmedia":[{"embeddable":true,"href":"https:\/\/www.recom.link\/bhsc\/wp-json\/wp\/v2\/media\/191580"}],"wp:attachment":[{"href":"https:\/\/www.recom.link\/bhsc\/wp-json\/wp\/v2\/media?parent=191579"}],"wp:term":[{"taxonomy":"category","embeddable":true,"href":"https:\/\/www.recom.link\/bhsc\/wp-json\/wp\/v2\/categories?post=191579"},{"taxonomy":"post_tag","embeddable":true,"href":"https:\/\/www.recom.link\/bhsc\/wp-json\/wp\/v2\/tags?post=191579"}],"curies":[{"name":"wp","href":"https:\/\/api.w.org\/{rel}","templated":true}]}}