{"id":190742,"date":"2024-05-22T11:16:27","date_gmt":"2024-05-22T10:16:27","guid":{"rendered":"https:\/\/www.recom.link\/?p=190742"},"modified":"2024-05-22T11:16:27","modified_gmt":"2024-05-22T10:16:27","slug":"lazi-srbije-o-rezoluciji-un-a-o-srebrenici-samo-su-stvar-moci","status":"publish","type":"post","link":"https:\/\/www.recom.link\/bhsc\/lazi-srbije-o-rezoluciji-un-a-o-srebrenici-samo-su-stvar-moci\/","title":{"rendered":"La\u017ei Srbije o Rezoluciji UN-a o Srebrenici samo su stvar mo\u0107i"},"content":{"rendered":"<p>Balkan Transitional Justice, 21. maj 2024.<\/p>\n<p>Autor: Sofija Todorovi\u0107<\/p>\n<div class=\"btArticleExcerpt\"><em>Prikazuju\u0107i nacrt rezoluciju UN-a o genocidu u Srebrenici 1995. godine kao nevi\u0111en i opasan napad na srpski narod, lideri Srbije nisu motivisani ni\u010dim drugim do gla\u0111u za vla\u0161\u0107u.<\/em><\/div>\n<div><\/div>\n<div class=\"btArticleBody portfolioBody btTextLeft\">\n<p class=\"wpml-ls-statics-post_translations wpml-ls\">Aleksandar Vulin, biv\u0161i \u0161ef obavje\u0161tajne slu\u017ebe, dao je 27. marta intervju za tabloid koji je dao ton odgovoru Srbije na nacrt rezoluciju Ujedinjenih nacija koji su predlo\u017eile Nema\u010dka i Ruanda &#8211; da se 11. jul proglasi Me\u0111unarodnim danom razmi\u0161ljanja i se\u0107anja na genocid u Srebrenici 1995. godine.<\/p>\n<div class=\"post_teaser\">\n<p>\u201eSledi nastavak onoga \u0161to je sad finalizacija zavere protiv Republike Srpske i Republike Srbije\u201c,\u00a0<a href=\"https:\/\/www.telegraf.rs\/vesti\/politika\/3862615-aleksandar-vulin-o-finalizaciji-zavere-protiv-srbije-i-srpske\" target=\"_blank\" rel=\"noopener\">rekao<\/a>\u00a0je Vulin, koji je u me\u0111uvremenu imenovan za potpredsednika Vlade. Nema\u010dka i Ruanda, dodao je on, \u201eho\u0107e da proglase Srbe genocidnim narodom\u201c.<\/p>\n<p>Da se u tekstu rezolucije ne pominje Srbija, Srbi kao narod, niti bosanskohercegova\u010dki entitet Republika Srpska (RS), izostalo je u odgovorima politi\u010dara i njima lojalnih medija, kao i \u010dinjenica da je masakr u Srebrenici po\u010dinjen od snaga bosanskih Srba nad oko 8.000 mu\u0161karaca i de\u010daka Bo\u0161njaka ve\u0107 okarakterisan kao \u201egenocid\u201c u brojnim presudama sudova kako u Bosni i Hercegovini, tako i Me\u0111unarodnog krivi\u010dnog suda za biv\u0161u Jugoslaviju (MKSJ) u Hagu.<\/p>\n<\/div>\n<div class=\"bt_bb_wrapper\">\n<section id=\"bt_section664d8e205fc90\" class=\"boldSection gutter boxed-800 inherit\" data-wtg-lazy=\"0\">\n<div class=\"port\">\n<div class=\"boldCell\">\n<div class=\"boldCellInner\">\n<div class=\"boldRow \">\n<div class=\"boldRowInner\">\n<div class=\"rowItem col-md-12 col-ms-12  btTextLeft\" data-width=\"12\">\n<div class=\"rowItemContent\">\n<div class=\"btText\">\n<p>Umesto ovoga, veliki deo medija u Srbiji koji su pod kontrolom vlasti neumorno \u0161iri neistine o sadr\u017eaju rezolucije, njenoj pravnoj snazi i mogu\u0107im posledicama po Srbiju i RS.<\/p>\n<p>Rezolucija se, naime, u velikoj meri odnosi na se\u0107anje, edukaciju i prevenciju sli\u010dnih doga\u0111aja u budu\u0107nosti, ali toga nema kod pokreta\u010da stra\u0161ne kampanje dezinformisanja i zastra\u0161ivanja u Srbiji, kampanje motivisane pohlepom za vla\u0161\u0107u i pokrenute jednim okom na ponovljene izbore u Beogradu 2. juna.<\/p>\n<p>Ne treba da se \u010dudimo: oni na vlasti ve\u0107 dugo poku\u0161avaju da zacementiraju svoju poziciju manipuliraju\u0107i neprocesuiranom traumom, iniciraju\u0107i neprijateljstva i \u0161ire\u0107i dezinformacije.<\/p>\n<p><strong>Sakupljanje politi\u010dkih poena<\/strong><\/p>\n<p>Negiranje genocida u Srbiji je u poslednjih, otprilike 12 godina, \u00a0otkako su Srpska napredna stranka (SNS) i njen lider, predsednik Aleksandar Vu\u010di\u0107, preuzeli vlast, intenzivirano do te mere da je to postala standardna praksa, izazivaju\u0107i veliku uznemirenost onih koji su u Srebrenici za pet dana u julu 1995.izgubili svoje najmilije.<\/p>\n<p>Dobro dokumentovane nepravilnosti tokom decembarskih izbora u Srbiji, nakon \u010dega je Evropski parlament zatra\u017eio me\u0111unarodnu istragu, primorale su vlasti u Srbiji da ponovo raspi\u0161u izbore u Beogradu; vladaju\u0107a stranka gura narativ koji izbore uokviruje kao ne\u0161to \u0161to je od \u201enajve\u0107eg nacionalnog zna\u010daja\u201c i \u010dime \u0107e se glavni grad braniti od onih koji navodno \u017eele da na\u0161kode Srbiji i njenim nacionalnim interesima.<\/p>\n<p>Rezolucija o Srebrenici, koju su predlo\u017eile Nema\u010dka i Ruanda, a koja ima podr\u0161ku Sjedinjenih Ameri\u010dkih Dr\u017eava (SAD) i niza drugih zemalja, postala je deo tog narativa \u2013 uveriti bira\u010de da je svet protiv nje i da je najbolja odbrana glasati za one koji su ve\u0107 na vlasti, radi kontinuiteta, a ne promene.<\/p>\n<p>To je vrsta taktike na koju se dokumenat iz novembra 2023. godine komesarka Saveta Evrope za ljudska prava Dunja Mijatovi\u0107 osvr\u0107e, a ti\u010de se pravde, mira i socijalne kohezije u biv\u0161oj Jugoslaviji.<\/p>\n<p>\u201ePrime\u0107eno je da manipulacija ratnim doga\u0111ajima ima za cilj da o\u017eivi etni\u010dke tenzije i nezadovoljstvo i da je postala strategija nacionalisti\u010dkim politi\u010darima za dobijanje glasova i o\u010duvanja njihove pozicije na vlasti\u201d, napisala je Mijatovi\u0107.<\/p>\n<p><strong>Neistine koje sponzori\u0161e dr\u017eava<\/strong><\/p>\n<\/div>\n<section id=\"bt_section664d8e205ffc5\" class=\"boldSection gutter boxed-800 inherit\" data-wtg-lazy=\"5\">\n<div class=\"port\">\n<div class=\"boldCell\">\n<div class=\"boldCellInner\">\n<div class=\"boldRow \">\n<div class=\"boldRowInner\">\n<div class=\"rowItem col-md-12 col-ms-12  btTextLeft\" data-width=\"12\">\n<div class=\"rowItemContent\">\n<div class=\"btText\">\n<p>\u010cini se kao da je istina jednostavno ostavljena po strani kada apokalipti\u010dne politi\u010dke kampanje teraju ljude u odre\u0111enom pravcu kako bi se zadr\u017eala mo\u0107 u rukama politi\u010dke elite.<\/p>\n<p>Me\u0111utim, va\u017enost istine ne mo\u017ee se meriti standardima koje name\u0107u oni koji su bili uklju\u010deni u najbolniji period nedavne pro\u0161losti, ljudi poput Vulina, nekada partijskog saradnika Mire Markovi\u0107, supruge pokojnog mo\u0107nika Slobodana Milo\u0161evi\u0107a i Vu\u010di\u0107a, ministra za informisanje tokom rata na Kosovu 1998-99. Njih to ne zanima; da su se o tome brinuli, poku\u0161ali bi izgraditi druga\u010diju budu\u0107nost za region, oslobo\u0111enu stalnog ratnog hu\u0161kanja, veli\u010danja ratnih zlo\u010dinaca i mr\u017enje.<\/p>\n<p>Vu\u010di\u0107 je ponovio Vulinove re\u010di u kojima je rezolucija uokvirena kao poku\u0161aj da se srpski narod ozna\u010di kao genocidan.<\/p>\n<p>U Bosni i Hercegovini, lider bosanskih Srba, Milorad Dodik, upozorio je da \u0107e se RS, \u010diji je on predsednik, \u201epovu\u0107i iz procesa dono\u0161enja odluka u institucijama\u201c BiH, \u0161to je novi korak ka secesiji kojom Dodik tako \u010desto preti.<\/p>\n<p>Predsednica Skup\u0161tine Srbije Ana Brnabi\u0107 i nekoliko vladinih ministara bili su uz Dodika na mitingu protiv rezolucije u Banjaluci 18. aprila, gde se sa bine moglo \u010duti ratno hu\u0161kanje, uvrede i govor mr\u017enje.<\/p>\n<p>Mnogi ugledni stru\u010dnjaci, analiti\u010dari, politi\u010dari i pravnici poku\u0161ali su\u00a0<a href=\"https:\/\/yihr.rs\/bhs\/inicijativa-odrzala-panel-diskusiju-o-znacaju-rezolucije-generalne-skupstine-un-a-o-genocidu-u-srebrenici\/\" target=\"_blank\" rel=\"noopener\">da ponude verodostojne informacije<\/a>\u00a0i objasne stvarni u\u010dinak rezolucije, ali uprkos odre\u0111enom uspehu \u0161teta je ve\u0107 napravljena.<\/p>\n<\/div>\n<\/div>\n<\/div>\n<\/div>\n<\/div>\n<\/div>\n<\/div>\n<\/div>\n<\/section>\n<section id=\"bt_section664d8e2060092\" class=\"boldSection gutter boxed-800 inherit\">\n<div class=\"port\">\n<div class=\"boldCell\">\n<div class=\"boldCellInner\">\n<div class=\"boldRow \">\n<div class=\"boldRowInner\">\n<div class=\"rowItem col-md-12 col-ms-12  btTextLeft\" data-width=\"12\">\n<div class=\"rowItemContent\">\n<div class=\"btText\">\n<p><strong>Propagandna ofanziva dobija podr\u0161ku crkve<\/strong><\/p>\n<p>Vu\u010di\u0107, Dodik i patrijarh Srpske pravoslavne crkve najavili su \u201eVeliki Vaskr\u0161nji sabor\u201c kako bi se pozabavili \u201ete\u0161kom\u201c politi\u010dkom situacijom sa kojom se srpski narod suo\u010dava, ali je to odlo\u017eeno jer je odlo\u017eeno i glasanje o rezoluciji na Generalnoj skup\u0161tini UN-a.<\/p>\n<p>Vaskrs, me\u0111utim, nije mogao da pro\u0111e bez osvrta na genocid u Srebrenici.<\/p>\n<p>Patrijarh Porfirije je u svojoj\u00a0<a href=\"https:\/\/spc.rs\/vaskrsnja-poslanica-srpske-pravoslavne-crkve-2\/\" target=\"_blank\" rel=\"noopener\">tradicionalnoj poruci<\/a>\u00a0osudio \u201epoku\u0161aj nebivalog istorijskog revizionizma, u kome se nastoji da prostom inverzijom srpski narod, \u017ertva vi\u0161estrukih genocida i etni\u010dkog \u010di\u0161\u0107enja, bude progla\u0161en za po\u010dinioca genocida\u201c, daju\u0107i na\u0161im izabranim liderima punu podr\u0161ku najva\u017enijeg duhovnog vo\u0111e zemlje.<\/p>\n<p>Nije uvek lako zauzeti se za ono \u0161to je ispravno; a prava stvar u ovom slu\u010daju bi bila podr\u017eati rezoluciju, jer u njenom sadr\u017eaju nema ni\u0161ta lo\u0161e.<\/p>\n<p>Dok \u010dekamo potvrdu kada \u0107e Generalna skup\u0161tina UN-a glasati o rezoluciji, vidimo da je cilj onih koji su zapo\u010deli ovu propagandnu ofanzivu na tekst i na mir postignut: javnost Srbije je kupila njihove la\u017ei, a politi\u010dari \u0107e ubrati koristi.<\/p>\n<p>U\u010dinjena \u0161teta je nepopravljiva; izazvala je strah, bol i nepoverenje, osloba\u0111aju\u0107i novi talas traume me\u0111u \u017ertvama.<\/p>\n<p>Odgovorni za ovu \u0161tetu ne\u0107e se suzdr\u017eavati. Njihova je politi\u010dka ra\u010dunica da \u0107e ono \u0161to boli javnost, samo pomo\u0107i njihovoj sopstvenoj kauzi.<\/p>\n<p><em>Sofija Todorovi\u0107 je programska direktorka Inicijative mladih za ljudska prava u Srbiji.<\/em><\/p>\n<p><em>Mi\u0161ljenja iznesena u ovom tekstu su mi\u0161ljenja autora i ne odra\u017eavaju nu\u017eno stavove BIRN-a.<\/em><\/p>\n<\/div>\n<\/div>\n<\/div>\n<\/div>\n<\/div>\n<\/div>\n<\/div>\n<\/div>\n<\/section>\n<\/div>\n<\/div>\n<\/div>\n<\/div>\n<\/div>\n<\/div>\n<\/div>\n<\/section>\n<\/div>\n<\/div>\n","protected":false},"excerpt":{"rendered":"Balkan Transitional Justice, 21. maj 2024. Autor: Sofija Todorovi\u0107 Prikazuju\u0107i nacrt rezoluciju UN-a o genocidu u Srebrenici 1995. godine kao&#8230; ","protected":false},"author":122,"featured_media":190743,"comment_status":"closed","ping_status":"open","sticky":false,"template":"","format":"standard","meta":{"_acf_changed":false,"footnotes":""},"categories":[1789,422],"tags":[1844,2529,805],"class_list":["post-190742","post","type-post","status-publish","format-standard","has-post-thumbnail","hentry","category-memorijalizacija","category-vesti-bhsc","tag-ratni-zlocini","tag-recom-mreza-pomirenja","tag-srebrenica"],"acf":[],"yoast_head":"<!-- This site is optimized with the Yoast SEO plugin v25.6 - https:\/\/yoast.com\/wordpress\/plugins\/seo\/ -->\n<title>La\u017ei Srbije o Rezoluciji UN-a o Srebrenici samo su stvar mo\u0107i - REKOM ~ KOMRA ~ RECOM<\/title>\n<meta name=\"robots\" content=\"index, follow, max-snippet:-1, max-image-preview:large, max-video-preview:-1\" \/>\n<link rel=\"canonical\" href=\"https:\/\/www.recom.link\/bhsc\/lazi-srbije-o-rezoluciji-un-a-o-srebrenici-samo-su-stvar-moci\/\" \/>\n<meta property=\"og:locale\" content=\"en_US\" \/>\n<meta property=\"og:type\" content=\"article\" \/>\n<meta property=\"og:title\" content=\"La\u017ei Srbije o Rezoluciji UN-a o Srebrenici samo su stvar mo\u0107i - REKOM ~ KOMRA ~ RECOM\" \/>\n<meta property=\"og:description\" content=\"Balkan Transitional Justice, 21. maj 2024. Autor: Sofija Todorovi\u0107 Prikazuju\u0107i nacrt rezoluciju UN-a o genocidu u Srebrenici 1995. godine kao...\" \/>\n<meta property=\"og:url\" content=\"https:\/\/www.recom.link\/bhsc\/lazi-srbije-o-rezoluciji-un-a-o-srebrenici-samo-su-stvar-moci\/\" \/>\n<meta property=\"og:site_name\" content=\"REKOM ~ KOMRA ~ RECOM\" \/>\n<meta property=\"article:publisher\" content=\"https:\/\/www.facebook.com\/ZaREKOM.PerKOMRA.ForRECOM\/\" \/>\n<meta property=\"article:published_time\" content=\"2024-05-22T10:16:27+00:00\" \/>\n<meta property=\"og:image\" content=\"https:\/\/www.recom.link\/wp-content\/uploads\/2024\/05\/BTJ.png\" \/>\n\t<meta property=\"og:image:width\" content=\"316\" \/>\n\t<meta property=\"og:image:height\" content=\"320\" \/>\n\t<meta property=\"og:image:type\" content=\"image\/png\" \/>\n<meta name=\"author\" content=\"Andrea \u0160aula\" \/>\n<meta name=\"twitter:card\" content=\"summary_large_image\" \/>\n<meta name=\"twitter:creator\" content=\"@REKOM_KOMRA\" \/>\n<meta name=\"twitter:site\" content=\"@REKOM_KOMRA\" \/>\n<meta name=\"twitter:label1\" content=\"Written by\" \/>\n\t<meta name=\"twitter:data1\" content=\"Andrea \u0160aula\" \/>\n\t<meta name=\"twitter:label2\" content=\"Est. reading time\" \/>\n\t<meta name=\"twitter:data2\" content=\"5 minutes\" \/>\n<script type=\"application\/ld+json\" class=\"yoast-schema-graph\">{\"@context\":\"https:\/\/schema.org\",\"@graph\":[{\"@type\":\"WebPage\",\"@id\":\"https:\/\/www.recom.link\/bhsc\/lazi-srbije-o-rezoluciji-un-a-o-srebrenici-samo-su-stvar-moci\/\",\"url\":\"https:\/\/www.recom.link\/bhsc\/lazi-srbije-o-rezoluciji-un-a-o-srebrenici-samo-su-stvar-moci\/\",\"name\":\"La\u017ei Srbije o Rezoluciji UN-a o Srebrenici samo su stvar mo\u0107i - REKOM ~ KOMRA ~ RECOM\",\"isPartOf\":{\"@id\":\"https:\/\/www.recom.link\/en\/#website\"},\"primaryImageOfPage\":{\"@id\":\"https:\/\/www.recom.link\/bhsc\/lazi-srbije-o-rezoluciji-un-a-o-srebrenici-samo-su-stvar-moci\/#primaryimage\"},\"image\":{\"@id\":\"https:\/\/www.recom.link\/bhsc\/lazi-srbije-o-rezoluciji-un-a-o-srebrenici-samo-su-stvar-moci\/#primaryimage\"},\"thumbnailUrl\":\"https:\/\/www.recom.link\/wp-content\/uploads\/2024\/05\/BTJ.png\",\"datePublished\":\"2024-05-22T10:16:27+00:00\",\"author\":{\"@id\":\"https:\/\/www.recom.link\/en\/#\/schema\/person\/2b7c83dc499ee0068580aea09567cba8\"},\"breadcrumb\":{\"@id\":\"https:\/\/www.recom.link\/bhsc\/lazi-srbije-o-rezoluciji-un-a-o-srebrenici-samo-su-stvar-moci\/#breadcrumb\"},\"inLanguage\":\"bhsc\",\"potentialAction\":[{\"@type\":\"ReadAction\",\"target\":[\"https:\/\/www.recom.link\/bhsc\/lazi-srbije-o-rezoluciji-un-a-o-srebrenici-samo-su-stvar-moci\/\"]}]},{\"@type\":\"ImageObject\",\"inLanguage\":\"bhsc\",\"@id\":\"https:\/\/www.recom.link\/bhsc\/lazi-srbije-o-rezoluciji-un-a-o-srebrenici-samo-su-stvar-moci\/#primaryimage\",\"url\":\"https:\/\/www.recom.link\/wp-content\/uploads\/2024\/05\/BTJ.png\",\"contentUrl\":\"https:\/\/www.recom.link\/wp-content\/uploads\/2024\/05\/BTJ.png\",\"width\":316,\"height\":320},{\"@type\":\"BreadcrumbList\",\"@id\":\"https:\/\/www.recom.link\/bhsc\/lazi-srbije-o-rezoluciji-un-a-o-srebrenici-samo-su-stvar-moci\/#breadcrumb\",\"itemListElement\":[{\"@type\":\"ListItem\",\"position\":1,\"name\":\"Home\",\"item\":\"https:\/\/www.recom.link\/en\/\"},{\"@type\":\"ListItem\",\"position\":2,\"name\":\"La\u017ei Srbije o Rezoluciji UN-a o Srebrenici samo su stvar mo\u0107i\"}]},{\"@type\":\"WebSite\",\"@id\":\"https:\/\/www.recom.link\/en\/#website\",\"url\":\"https:\/\/www.recom.link\/en\/\",\"name\":\"REKOM ~ KOMRA ~ RECOM\",\"description\":\"\",\"potentialAction\":[{\"@type\":\"SearchAction\",\"target\":{\"@type\":\"EntryPoint\",\"urlTemplate\":\"https:\/\/www.recom.link\/en\/?s={search_term_string}\"},\"query-input\":{\"@type\":\"PropertyValueSpecification\",\"valueRequired\":true,\"valueName\":\"search_term_string\"}}],\"inLanguage\":\"bhsc\"},{\"@type\":\"Person\",\"@id\":\"https:\/\/www.recom.link\/en\/#\/schema\/person\/2b7c83dc499ee0068580aea09567cba8\",\"name\":\"Andrea \u0160aula\",\"image\":{\"@type\":\"ImageObject\",\"inLanguage\":\"bhsc\",\"@id\":\"https:\/\/www.recom.link\/en\/#\/schema\/person\/image\/\",\"url\":\"https:\/\/secure.gravatar.com\/avatar\/3d916e46312de69c788ad36560846cd4?s=96&d=mm&r=g\",\"contentUrl\":\"https:\/\/secure.gravatar.com\/avatar\/3d916e46312de69c788ad36560846cd4?s=96&d=mm&r=g\",\"caption\":\"Andrea \u0160aula\"},\"url\":\"https:\/\/www.recom.link\/bhsc\/author\/asaula\/\"}]}<\/script>\n<!-- \/ Yoast SEO plugin. -->","yoast_head_json":{"title":"La\u017ei Srbije o Rezoluciji UN-a o Srebrenici samo su stvar mo\u0107i - REKOM ~ KOMRA ~ RECOM","robots":{"index":"index","follow":"follow","max-snippet":"max-snippet:-1","max-image-preview":"max-image-preview:large","max-video-preview":"max-video-preview:-1"},"canonical":"https:\/\/www.recom.link\/bhsc\/lazi-srbije-o-rezoluciji-un-a-o-srebrenici-samo-su-stvar-moci\/","og_locale":"en_US","og_type":"article","og_title":"La\u017ei Srbije o Rezoluciji UN-a o Srebrenici samo su stvar mo\u0107i - REKOM ~ KOMRA ~ RECOM","og_description":"Balkan Transitional Justice, 21. maj 2024. Autor: Sofija Todorovi\u0107 Prikazuju\u0107i nacrt rezoluciju UN-a o genocidu u Srebrenici 1995. godine kao...","og_url":"https:\/\/www.recom.link\/bhsc\/lazi-srbije-o-rezoluciji-un-a-o-srebrenici-samo-su-stvar-moci\/","og_site_name":"REKOM ~ KOMRA ~ RECOM","article_publisher":"https:\/\/www.facebook.com\/ZaREKOM.PerKOMRA.ForRECOM\/","article_published_time":"2024-05-22T10:16:27+00:00","og_image":[{"width":316,"height":320,"url":"https:\/\/www.recom.link\/wp-content\/uploads\/2024\/05\/BTJ.png","type":"image\/png"}],"author":"Andrea \u0160aula","twitter_card":"summary_large_image","twitter_creator":"@REKOM_KOMRA","twitter_site":"@REKOM_KOMRA","twitter_misc":{"Written by":"Andrea \u0160aula","Est. reading time":"5 minutes"},"schema":{"@context":"https:\/\/schema.org","@graph":[{"@type":"WebPage","@id":"https:\/\/www.recom.link\/bhsc\/lazi-srbije-o-rezoluciji-un-a-o-srebrenici-samo-su-stvar-moci\/","url":"https:\/\/www.recom.link\/bhsc\/lazi-srbije-o-rezoluciji-un-a-o-srebrenici-samo-su-stvar-moci\/","name":"La\u017ei Srbije o Rezoluciji UN-a o Srebrenici samo su stvar mo\u0107i - REKOM ~ KOMRA ~ RECOM","isPartOf":{"@id":"https:\/\/www.recom.link\/en\/#website"},"primaryImageOfPage":{"@id":"https:\/\/www.recom.link\/bhsc\/lazi-srbije-o-rezoluciji-un-a-o-srebrenici-samo-su-stvar-moci\/#primaryimage"},"image":{"@id":"https:\/\/www.recom.link\/bhsc\/lazi-srbije-o-rezoluciji-un-a-o-srebrenici-samo-su-stvar-moci\/#primaryimage"},"thumbnailUrl":"https:\/\/www.recom.link\/wp-content\/uploads\/2024\/05\/BTJ.png","datePublished":"2024-05-22T10:16:27+00:00","author":{"@id":"https:\/\/www.recom.link\/en\/#\/schema\/person\/2b7c83dc499ee0068580aea09567cba8"},"breadcrumb":{"@id":"https:\/\/www.recom.link\/bhsc\/lazi-srbije-o-rezoluciji-un-a-o-srebrenici-samo-su-stvar-moci\/#breadcrumb"},"inLanguage":"bhsc","potentialAction":[{"@type":"ReadAction","target":["https:\/\/www.recom.link\/bhsc\/lazi-srbije-o-rezoluciji-un-a-o-srebrenici-samo-su-stvar-moci\/"]}]},{"@type":"ImageObject","inLanguage":"bhsc","@id":"https:\/\/www.recom.link\/bhsc\/lazi-srbije-o-rezoluciji-un-a-o-srebrenici-samo-su-stvar-moci\/#primaryimage","url":"https:\/\/www.recom.link\/wp-content\/uploads\/2024\/05\/BTJ.png","contentUrl":"https:\/\/www.recom.link\/wp-content\/uploads\/2024\/05\/BTJ.png","width":316,"height":320},{"@type":"BreadcrumbList","@id":"https:\/\/www.recom.link\/bhsc\/lazi-srbije-o-rezoluciji-un-a-o-srebrenici-samo-su-stvar-moci\/#breadcrumb","itemListElement":[{"@type":"ListItem","position":1,"name":"Home","item":"https:\/\/www.recom.link\/en\/"},{"@type":"ListItem","position":2,"name":"La\u017ei Srbije o Rezoluciji UN-a o Srebrenici samo su stvar mo\u0107i"}]},{"@type":"WebSite","@id":"https:\/\/www.recom.link\/en\/#website","url":"https:\/\/www.recom.link\/en\/","name":"REKOM ~ KOMRA ~ RECOM","description":"","potentialAction":[{"@type":"SearchAction","target":{"@type":"EntryPoint","urlTemplate":"https:\/\/www.recom.link\/en\/?s={search_term_string}"},"query-input":{"@type":"PropertyValueSpecification","valueRequired":true,"valueName":"search_term_string"}}],"inLanguage":"bhsc"},{"@type":"Person","@id":"https:\/\/www.recom.link\/en\/#\/schema\/person\/2b7c83dc499ee0068580aea09567cba8","name":"Andrea \u0160aula","image":{"@type":"ImageObject","inLanguage":"bhsc","@id":"https:\/\/www.recom.link\/en\/#\/schema\/person\/image\/","url":"https:\/\/secure.gravatar.com\/avatar\/3d916e46312de69c788ad36560846cd4?s=96&d=mm&r=g","contentUrl":"https:\/\/secure.gravatar.com\/avatar\/3d916e46312de69c788ad36560846cd4?s=96&d=mm&r=g","caption":"Andrea \u0160aula"},"url":"https:\/\/www.recom.link\/bhsc\/author\/asaula\/"}]}},"_links":{"self":[{"href":"https:\/\/www.recom.link\/bhsc\/wp-json\/wp\/v2\/posts\/190742"}],"collection":[{"href":"https:\/\/www.recom.link\/bhsc\/wp-json\/wp\/v2\/posts"}],"about":[{"href":"https:\/\/www.recom.link\/bhsc\/wp-json\/wp\/v2\/types\/post"}],"author":[{"embeddable":true,"href":"https:\/\/www.recom.link\/bhsc\/wp-json\/wp\/v2\/users\/122"}],"replies":[{"embeddable":true,"href":"https:\/\/www.recom.link\/bhsc\/wp-json\/wp\/v2\/comments?post=190742"}],"version-history":[{"count":1,"href":"https:\/\/www.recom.link\/bhsc\/wp-json\/wp\/v2\/posts\/190742\/revisions"}],"predecessor-version":[{"id":190748,"href":"https:\/\/www.recom.link\/bhsc\/wp-json\/wp\/v2\/posts\/190742\/revisions\/190748"}],"wp:featuredmedia":[{"embeddable":true,"href":"https:\/\/www.recom.link\/bhsc\/wp-json\/wp\/v2\/media\/190743"}],"wp:attachment":[{"href":"https:\/\/www.recom.link\/bhsc\/wp-json\/wp\/v2\/media?parent=190742"}],"wp:term":[{"taxonomy":"category","embeddable":true,"href":"https:\/\/www.recom.link\/bhsc\/wp-json\/wp\/v2\/categories?post=190742"},{"taxonomy":"post_tag","embeddable":true,"href":"https:\/\/www.recom.link\/bhsc\/wp-json\/wp\/v2\/tags?post=190742"}],"curies":[{"name":"wp","href":"https:\/\/api.w.org\/{rel}","templated":true}]}}