{"id":190658,"date":"2024-05-20T10:21:14","date_gmt":"2024-05-20T09:21:14","guid":{"rendered":"https:\/\/www.recom.link\/?p=190658"},"modified":"2024-05-20T10:21:14","modified_gmt":"2024-05-20T09:21:14","slug":"prica-o-odgovornosti-srpskog-naroda-za-genocid-dolazi-iskljucivo-od-vucica-i-dodika-udruzenja-iz-bih-pisale-madarskom-ministru-sijartu","status":"publish","type":"post","link":"https:\/\/www.recom.link\/bhsc\/prica-o-odgovornosti-srpskog-naroda-za-genocid-dolazi-iskljucivo-od-vucica-i-dodika-udruzenja-iz-bih-pisale-madarskom-ministru-sijartu\/","title":{"rendered":"\u201ePri\u010da o odgovornosti srpskog naroda za genocid dolazi isklju\u010divo od Vu\u010di\u0107a i Dodika\u201c: Udru\u017eenja iz BiH pisale ma\u0111arskom ministru Sijartu"},"content":{"rendered":"<p><strong>\u00a0<\/strong><strong>Danas<\/strong><\/p>\n<p><strong>petak, 17.05.2024. <\/strong><\/p>\n<p>&nbsp;<\/p>\n<p><strong>\u201eVa\u0161om odlukom da Ma\u0111arska ne\u0107e podr\u017eati Rezoluciju o genocidu u Srebrenici na generalnoj Skup\u0161tini UN, duboko ste uvrijedili \u017ertve genocida i svrstali Ma\u0111arsku u malu grupu zemalja koje se odri\u010du civilizacijskih tekovina\u201c, stoji u pismu koje su potpisala Udru\u017eenja Pokret \u201eMajke enklave Srebrenica i \u017depa, Udru\u017eenje \u017ertava i svjedoka genocida, Udru\u017eenje \u201e\u017dena Podrinja\u201c, Udru\u017eenje Srebreni\u010dke majke i Udru\u017eenje \u017dene Srebrenice poslale ministru spoljnih poslova i trgovine Ma\u0111arske Peteru Sijatru povodom izjave da \u0107e Ma\u0111arska glasati protiv rezolucije o Srebrenici u U\u201eVa\u017eno je ista\u0107i da pri\u010da o odgovornosti srpskog naroda dolazi isklju\u010divo od Aleksandra Vu\u010di\u0107a, predsjednika Srbije, i Milorada Dodika, predsjednika entiteta Republike Srpske u Bosni i Hercegovini. Nikada niko, osim njih i njihovih sljedbenika, nije optu\u017eio i nazvao srpski narod genocidnim\u201c, stoji u pismu udru\u017eenja..<\/strong><\/p>\n<p><strong>Kako navode, nisu to u\u010dinile ni presude UN sudova.<\/strong><\/p>\n<p><strong>\u201eSudovi koje je osnovao UN, poput MKSJ-a i MSP-a (Me\u0111unarodni krivi\u010dni sud za biv\u0161u Jugoslaviju i Me\u0111unarodni sud pravde), utvrdili su odgovornost pojedinaca za po\u010dinjene ratne zlo\u010dine na prostorima Bosne i Hercegovine. Va\u0161im postupkom riskirate stvaranje neodgovorne atmosfere koja ne doprinosi pomirenju i suo\u010davanju s pro\u0161lo\u0161\u0107u\u201c, navodi se u pismu.N.<\/strong><\/p>\n<p><strong>Izra\u017eavamo na\u0161e \u017ealjenje, pi\u0161e dalje, zbog va\u0161e odluke da ne podr\u017eite Rezoluciju o genocidu po\u010dinjenom u Srebrenici.<\/strong><\/p>\n<p><strong>\u201eTako\u0111e, \u017eelimo vas upoznati da svako ko negira presude UN sudova nije dobrodo\u0161ao u Srebrenicu, niti na mjesto stravi\u010dnih zlo\u010dina koje su sudovi ozna\u010dili kao genocid\u201c, zaklju\u010duju u pismu uz \u2018srda\u010dne pozdrave\u2019.<\/strong><\/p>\n<p><strong>Podsetimo, ministar inostranih poslova Srbije Ivica Da\u010di\u0107 razgovarao je nedavno telefonom sa svojim ma\u0111arskim kolegom Peterom Sijartom i o tome izvestio javnost na svom instagram nalogu.<\/strong><\/p>\n<p><strong>\u201eMinistar Sijarto mi je ponovio da je Ma\u0111arska zainteresovana za uspeh dijaloga Beograda i Pri\u0161tine, ali da stalna namera Kosova da se pridru\u017ei me\u0111unarodnim organizacijama ne poma\u017ee ovom procesu i potvrdio da \u0107e Ma\u0111arska glasati protiv u Komitetu ministara Saveta Evrope u vezi sa \u010dlanstvom Kosova i da ne\u0107e podr\u017eati rezoluciju o Srebrenici u UN, kao i nijedan predlog koji bi doveo do dalje eskalacije tenzija u regionu\u201c, napisao je Da\u010di\u0107 na svom Instagram nalogu nakon razgovora.<\/strong><\/p>\n<p>Link ka originalnom tekstu <a href=\"https:\/\/www.danas.rs\/svet\/region\/udruzenja-iz-bih-madjarski-ministar\/\">&#8220;Pri\u010da o odgovornosti srpskog naroda za genocid dolazi isklju\u010divo od Vu\u010di\u0107a i Dodika&#8221;: Udru\u017eenja iz BiH pisale ma\u0111arskom ministru Sijartu &#8211; Region &#8211; Dnevni list Danas<\/a><\/p>\n","protected":false},"excerpt":{"rendered":"\u00a0Danas petak, 17.05.2024. &nbsp; \u201eVa\u0161om odlukom da Ma\u0111arska ne\u0107e podr\u017eati Rezoluciju o genocidu u Srebrenici na generalnoj Skup\u0161tini UN, duboko&#8230; ","protected":false},"author":122,"featured_media":190659,"comment_status":"closed","ping_status":"open","sticky":false,"template":"","format":"standard","meta":{"_acf_changed":false,"footnotes":""},"categories":[1789,1710,422],"tags":[1844,2529,805],"class_list":["post-190658","post","type-post","status-publish","format-standard","has-post-thumbnail","hentry","category-memorijalizacija","category-rekom-vesti-bhsc","category-vesti-bhsc","tag-ratni-zlocini","tag-recom-mreza-pomirenja","tag-srebrenica"],"acf":[],"yoast_head":"<!-- This site is optimized with the Yoast SEO plugin v25.6 - https:\/\/yoast.com\/wordpress\/plugins\/seo\/ -->\n<title>\u201ePri\u010da o odgovornosti srpskog naroda za genocid dolazi isklju\u010divo od Vu\u010di\u0107a i Dodika\u201c: Udru\u017eenja iz BiH pisale ma\u0111arskom ministru Sijartu - REKOM ~ KOMRA ~ RECOM<\/title>\n<meta name=\"robots\" content=\"index, follow, max-snippet:-1, max-image-preview:large, max-video-preview:-1\" \/>\n<link rel=\"canonical\" href=\"https:\/\/www.recom.link\/bhsc\/prica-o-odgovornosti-srpskog-naroda-za-genocid-dolazi-iskljucivo-od-vucica-i-dodika-udruzenja-iz-bih-pisale-madarskom-ministru-sijartu\/\" \/>\n<meta property=\"og:locale\" content=\"en_US\" \/>\n<meta property=\"og:type\" content=\"article\" \/>\n<meta property=\"og:title\" content=\"\u201ePri\u010da o odgovornosti srpskog naroda za genocid dolazi isklju\u010divo od Vu\u010di\u0107a i Dodika\u201c: Udru\u017eenja iz BiH pisale ma\u0111arskom ministru Sijartu - REKOM ~ KOMRA ~ RECOM\" \/>\n<meta property=\"og:description\" content=\"\u00a0Danas petak, 17.05.2024. &nbsp; \u201eVa\u0161om odlukom da Ma\u0111arska ne\u0107e podr\u017eati Rezoluciju o genocidu u Srebrenici na generalnoj Skup\u0161tini UN, duboko...\" \/>\n<meta property=\"og:url\" content=\"https:\/\/www.recom.link\/bhsc\/prica-o-odgovornosti-srpskog-naroda-za-genocid-dolazi-iskljucivo-od-vucica-i-dodika-udruzenja-iz-bih-pisale-madarskom-ministru-sijartu\/\" \/>\n<meta property=\"og:site_name\" content=\"REKOM ~ KOMRA ~ RECOM\" \/>\n<meta property=\"article:publisher\" content=\"https:\/\/www.facebook.com\/ZaREKOM.PerKOMRA.ForRECOM\/\" \/>\n<meta property=\"article:published_time\" content=\"2024-05-20T09:21:14+00:00\" \/>\n<meta property=\"og:image\" content=\"https:\/\/www.recom.link\/wp-content\/uploads\/2024\/05\/danas-logo.jpg\" \/>\n\t<meta property=\"og:image:width\" content=\"865\" \/>\n\t<meta property=\"og:image:height\" content=\"810\" \/>\n\t<meta property=\"og:image:type\" content=\"image\/jpeg\" \/>\n<meta name=\"author\" content=\"Andrea \u0160aula\" \/>\n<meta name=\"twitter:card\" content=\"summary_large_image\" \/>\n<meta name=\"twitter:creator\" content=\"@REKOM_KOMRA\" \/>\n<meta name=\"twitter:site\" content=\"@REKOM_KOMRA\" \/>\n<meta name=\"twitter:label1\" content=\"Written by\" \/>\n\t<meta name=\"twitter:data1\" content=\"Andrea \u0160aula\" \/>\n\t<meta name=\"twitter:label2\" content=\"Est. reading time\" \/>\n\t<meta name=\"twitter:data2\" content=\"2 minutes\" \/>\n<script type=\"application\/ld+json\" class=\"yoast-schema-graph\">{\"@context\":\"https:\/\/schema.org\",\"@graph\":[{\"@type\":\"WebPage\",\"@id\":\"https:\/\/www.recom.link\/bhsc\/prica-o-odgovornosti-srpskog-naroda-za-genocid-dolazi-iskljucivo-od-vucica-i-dodika-udruzenja-iz-bih-pisale-madarskom-ministru-sijartu\/\",\"url\":\"https:\/\/www.recom.link\/bhsc\/prica-o-odgovornosti-srpskog-naroda-za-genocid-dolazi-iskljucivo-od-vucica-i-dodika-udruzenja-iz-bih-pisale-madarskom-ministru-sijartu\/\",\"name\":\"\u201ePri\u010da o odgovornosti srpskog naroda za genocid dolazi isklju\u010divo od Vu\u010di\u0107a i Dodika\u201c: Udru\u017eenja iz BiH pisale ma\u0111arskom ministru Sijartu - REKOM ~ KOMRA ~ RECOM\",\"isPartOf\":{\"@id\":\"https:\/\/www.recom.link\/en\/#website\"},\"primaryImageOfPage\":{\"@id\":\"https:\/\/www.recom.link\/bhsc\/prica-o-odgovornosti-srpskog-naroda-za-genocid-dolazi-iskljucivo-od-vucica-i-dodika-udruzenja-iz-bih-pisale-madarskom-ministru-sijartu\/#primaryimage\"},\"image\":{\"@id\":\"https:\/\/www.recom.link\/bhsc\/prica-o-odgovornosti-srpskog-naroda-za-genocid-dolazi-iskljucivo-od-vucica-i-dodika-udruzenja-iz-bih-pisale-madarskom-ministru-sijartu\/#primaryimage\"},\"thumbnailUrl\":\"https:\/\/www.recom.link\/wp-content\/uploads\/2024\/05\/danas-logo.jpg\",\"datePublished\":\"2024-05-20T09:21:14+00:00\",\"author\":{\"@id\":\"https:\/\/www.recom.link\/en\/#\/schema\/person\/2b7c83dc499ee0068580aea09567cba8\"},\"breadcrumb\":{\"@id\":\"https:\/\/www.recom.link\/bhsc\/prica-o-odgovornosti-srpskog-naroda-za-genocid-dolazi-iskljucivo-od-vucica-i-dodika-udruzenja-iz-bih-pisale-madarskom-ministru-sijartu\/#breadcrumb\"},\"inLanguage\":\"bhsc\",\"potentialAction\":[{\"@type\":\"ReadAction\",\"target\":[\"https:\/\/www.recom.link\/bhsc\/prica-o-odgovornosti-srpskog-naroda-za-genocid-dolazi-iskljucivo-od-vucica-i-dodika-udruzenja-iz-bih-pisale-madarskom-ministru-sijartu\/\"]}]},{\"@type\":\"ImageObject\",\"inLanguage\":\"bhsc\",\"@id\":\"https:\/\/www.recom.link\/bhsc\/prica-o-odgovornosti-srpskog-naroda-za-genocid-dolazi-iskljucivo-od-vucica-i-dodika-udruzenja-iz-bih-pisale-madarskom-ministru-sijartu\/#primaryimage\",\"url\":\"https:\/\/www.recom.link\/wp-content\/uploads\/2024\/05\/danas-logo.jpg\",\"contentUrl\":\"https:\/\/www.recom.link\/wp-content\/uploads\/2024\/05\/danas-logo.jpg\",\"width\":865,\"height\":810},{\"@type\":\"BreadcrumbList\",\"@id\":\"https:\/\/www.recom.link\/bhsc\/prica-o-odgovornosti-srpskog-naroda-za-genocid-dolazi-iskljucivo-od-vucica-i-dodika-udruzenja-iz-bih-pisale-madarskom-ministru-sijartu\/#breadcrumb\",\"itemListElement\":[{\"@type\":\"ListItem\",\"position\":1,\"name\":\"Home\",\"item\":\"https:\/\/www.recom.link\/en\/\"},{\"@type\":\"ListItem\",\"position\":2,\"name\":\"\u201ePri\u010da o odgovornosti srpskog naroda za genocid dolazi isklju\u010divo od Vu\u010di\u0107a i Dodika\u201c: Udru\u017eenja iz BiH pisale ma\u0111arskom ministru Sijartu\"}]},{\"@type\":\"WebSite\",\"@id\":\"https:\/\/www.recom.link\/en\/#website\",\"url\":\"https:\/\/www.recom.link\/en\/\",\"name\":\"REKOM ~ KOMRA ~ RECOM\",\"description\":\"\",\"potentialAction\":[{\"@type\":\"SearchAction\",\"target\":{\"@type\":\"EntryPoint\",\"urlTemplate\":\"https:\/\/www.recom.link\/en\/?s={search_term_string}\"},\"query-input\":{\"@type\":\"PropertyValueSpecification\",\"valueRequired\":true,\"valueName\":\"search_term_string\"}}],\"inLanguage\":\"bhsc\"},{\"@type\":\"Person\",\"@id\":\"https:\/\/www.recom.link\/en\/#\/schema\/person\/2b7c83dc499ee0068580aea09567cba8\",\"name\":\"Andrea \u0160aula\",\"image\":{\"@type\":\"ImageObject\",\"inLanguage\":\"bhsc\",\"@id\":\"https:\/\/www.recom.link\/en\/#\/schema\/person\/image\/\",\"url\":\"https:\/\/secure.gravatar.com\/avatar\/3d916e46312de69c788ad36560846cd4?s=96&d=mm&r=g\",\"contentUrl\":\"https:\/\/secure.gravatar.com\/avatar\/3d916e46312de69c788ad36560846cd4?s=96&d=mm&r=g\",\"caption\":\"Andrea \u0160aula\"},\"url\":\"https:\/\/www.recom.link\/bhsc\/author\/asaula\/\"}]}<\/script>\n<!-- \/ Yoast SEO plugin. -->","yoast_head_json":{"title":"\u201ePri\u010da o odgovornosti srpskog naroda za genocid dolazi isklju\u010divo od Vu\u010di\u0107a i Dodika\u201c: Udru\u017eenja iz BiH pisale ma\u0111arskom ministru Sijartu - REKOM ~ KOMRA ~ RECOM","robots":{"index":"index","follow":"follow","max-snippet":"max-snippet:-1","max-image-preview":"max-image-preview:large","max-video-preview":"max-video-preview:-1"},"canonical":"https:\/\/www.recom.link\/bhsc\/prica-o-odgovornosti-srpskog-naroda-za-genocid-dolazi-iskljucivo-od-vucica-i-dodika-udruzenja-iz-bih-pisale-madarskom-ministru-sijartu\/","og_locale":"en_US","og_type":"article","og_title":"\u201ePri\u010da o odgovornosti srpskog naroda za genocid dolazi isklju\u010divo od Vu\u010di\u0107a i Dodika\u201c: Udru\u017eenja iz BiH pisale ma\u0111arskom ministru Sijartu - REKOM ~ KOMRA ~ RECOM","og_description":"\u00a0Danas petak, 17.05.2024. &nbsp; \u201eVa\u0161om odlukom da Ma\u0111arska ne\u0107e podr\u017eati Rezoluciju o genocidu u Srebrenici na generalnoj Skup\u0161tini UN, duboko...","og_url":"https:\/\/www.recom.link\/bhsc\/prica-o-odgovornosti-srpskog-naroda-za-genocid-dolazi-iskljucivo-od-vucica-i-dodika-udruzenja-iz-bih-pisale-madarskom-ministru-sijartu\/","og_site_name":"REKOM ~ KOMRA ~ RECOM","article_publisher":"https:\/\/www.facebook.com\/ZaREKOM.PerKOMRA.ForRECOM\/","article_published_time":"2024-05-20T09:21:14+00:00","og_image":[{"width":865,"height":810,"url":"https:\/\/www.recom.link\/wp-content\/uploads\/2024\/05\/danas-logo.jpg","type":"image\/jpeg"}],"author":"Andrea \u0160aula","twitter_card":"summary_large_image","twitter_creator":"@REKOM_KOMRA","twitter_site":"@REKOM_KOMRA","twitter_misc":{"Written by":"Andrea \u0160aula","Est. reading time":"2 minutes"},"schema":{"@context":"https:\/\/schema.org","@graph":[{"@type":"WebPage","@id":"https:\/\/www.recom.link\/bhsc\/prica-o-odgovornosti-srpskog-naroda-za-genocid-dolazi-iskljucivo-od-vucica-i-dodika-udruzenja-iz-bih-pisale-madarskom-ministru-sijartu\/","url":"https:\/\/www.recom.link\/bhsc\/prica-o-odgovornosti-srpskog-naroda-za-genocid-dolazi-iskljucivo-od-vucica-i-dodika-udruzenja-iz-bih-pisale-madarskom-ministru-sijartu\/","name":"\u201ePri\u010da o odgovornosti srpskog naroda za genocid dolazi isklju\u010divo od Vu\u010di\u0107a i Dodika\u201c: Udru\u017eenja iz BiH pisale ma\u0111arskom ministru Sijartu - REKOM ~ KOMRA ~ RECOM","isPartOf":{"@id":"https:\/\/www.recom.link\/en\/#website"},"primaryImageOfPage":{"@id":"https:\/\/www.recom.link\/bhsc\/prica-o-odgovornosti-srpskog-naroda-za-genocid-dolazi-iskljucivo-od-vucica-i-dodika-udruzenja-iz-bih-pisale-madarskom-ministru-sijartu\/#primaryimage"},"image":{"@id":"https:\/\/www.recom.link\/bhsc\/prica-o-odgovornosti-srpskog-naroda-za-genocid-dolazi-iskljucivo-od-vucica-i-dodika-udruzenja-iz-bih-pisale-madarskom-ministru-sijartu\/#primaryimage"},"thumbnailUrl":"https:\/\/www.recom.link\/wp-content\/uploads\/2024\/05\/danas-logo.jpg","datePublished":"2024-05-20T09:21:14+00:00","author":{"@id":"https:\/\/www.recom.link\/en\/#\/schema\/person\/2b7c83dc499ee0068580aea09567cba8"},"breadcrumb":{"@id":"https:\/\/www.recom.link\/bhsc\/prica-o-odgovornosti-srpskog-naroda-za-genocid-dolazi-iskljucivo-od-vucica-i-dodika-udruzenja-iz-bih-pisale-madarskom-ministru-sijartu\/#breadcrumb"},"inLanguage":"bhsc","potentialAction":[{"@type":"ReadAction","target":["https:\/\/www.recom.link\/bhsc\/prica-o-odgovornosti-srpskog-naroda-za-genocid-dolazi-iskljucivo-od-vucica-i-dodika-udruzenja-iz-bih-pisale-madarskom-ministru-sijartu\/"]}]},{"@type":"ImageObject","inLanguage":"bhsc","@id":"https:\/\/www.recom.link\/bhsc\/prica-o-odgovornosti-srpskog-naroda-za-genocid-dolazi-iskljucivo-od-vucica-i-dodika-udruzenja-iz-bih-pisale-madarskom-ministru-sijartu\/#primaryimage","url":"https:\/\/www.recom.link\/wp-content\/uploads\/2024\/05\/danas-logo.jpg","contentUrl":"https:\/\/www.recom.link\/wp-content\/uploads\/2024\/05\/danas-logo.jpg","width":865,"height":810},{"@type":"BreadcrumbList","@id":"https:\/\/www.recom.link\/bhsc\/prica-o-odgovornosti-srpskog-naroda-za-genocid-dolazi-iskljucivo-od-vucica-i-dodika-udruzenja-iz-bih-pisale-madarskom-ministru-sijartu\/#breadcrumb","itemListElement":[{"@type":"ListItem","position":1,"name":"Home","item":"https:\/\/www.recom.link\/en\/"},{"@type":"ListItem","position":2,"name":"\u201ePri\u010da o odgovornosti srpskog naroda za genocid dolazi isklju\u010divo od Vu\u010di\u0107a i Dodika\u201c: Udru\u017eenja iz BiH pisale ma\u0111arskom ministru Sijartu"}]},{"@type":"WebSite","@id":"https:\/\/www.recom.link\/en\/#website","url":"https:\/\/www.recom.link\/en\/","name":"REKOM ~ KOMRA ~ RECOM","description":"","potentialAction":[{"@type":"SearchAction","target":{"@type":"EntryPoint","urlTemplate":"https:\/\/www.recom.link\/en\/?s={search_term_string}"},"query-input":{"@type":"PropertyValueSpecification","valueRequired":true,"valueName":"search_term_string"}}],"inLanguage":"bhsc"},{"@type":"Person","@id":"https:\/\/www.recom.link\/en\/#\/schema\/person\/2b7c83dc499ee0068580aea09567cba8","name":"Andrea \u0160aula","image":{"@type":"ImageObject","inLanguage":"bhsc","@id":"https:\/\/www.recom.link\/en\/#\/schema\/person\/image\/","url":"https:\/\/secure.gravatar.com\/avatar\/3d916e46312de69c788ad36560846cd4?s=96&d=mm&r=g","contentUrl":"https:\/\/secure.gravatar.com\/avatar\/3d916e46312de69c788ad36560846cd4?s=96&d=mm&r=g","caption":"Andrea \u0160aula"},"url":"https:\/\/www.recom.link\/bhsc\/author\/asaula\/"}]}},"_links":{"self":[{"href":"https:\/\/www.recom.link\/bhsc\/wp-json\/wp\/v2\/posts\/190658"}],"collection":[{"href":"https:\/\/www.recom.link\/bhsc\/wp-json\/wp\/v2\/posts"}],"about":[{"href":"https:\/\/www.recom.link\/bhsc\/wp-json\/wp\/v2\/types\/post"}],"author":[{"embeddable":true,"href":"https:\/\/www.recom.link\/bhsc\/wp-json\/wp\/v2\/users\/122"}],"replies":[{"embeddable":true,"href":"https:\/\/www.recom.link\/bhsc\/wp-json\/wp\/v2\/comments?post=190658"}],"version-history":[{"count":1,"href":"https:\/\/www.recom.link\/bhsc\/wp-json\/wp\/v2\/posts\/190658\/revisions"}],"predecessor-version":[{"id":190664,"href":"https:\/\/www.recom.link\/bhsc\/wp-json\/wp\/v2\/posts\/190658\/revisions\/190664"}],"wp:featuredmedia":[{"embeddable":true,"href":"https:\/\/www.recom.link\/bhsc\/wp-json\/wp\/v2\/media\/190659"}],"wp:attachment":[{"href":"https:\/\/www.recom.link\/bhsc\/wp-json\/wp\/v2\/media?parent=190658"}],"wp:term":[{"taxonomy":"category","embeddable":true,"href":"https:\/\/www.recom.link\/bhsc\/wp-json\/wp\/v2\/categories?post=190658"},{"taxonomy":"post_tag","embeddable":true,"href":"https:\/\/www.recom.link\/bhsc\/wp-json\/wp\/v2\/tags?post=190658"}],"curies":[{"name":"wp","href":"https:\/\/api.w.org\/{rel}","templated":true}]}}