{"id":190651,"date":"2024-05-20T10:15:29","date_gmt":"2024-05-20T09:15:29","guid":{"rendered":"https:\/\/www.recom.link\/?p=190651"},"modified":"2024-05-20T10:15:29","modified_gmt":"2024-05-20T09:15:29","slug":"krajnje-neljudski-mujkic-jedino-vuciceva-garnitura-tvrdi-da-je-srpski-narod-genocidan","status":"publish","type":"post","link":"https:\/\/www.recom.link\/bhsc\/krajnje-neljudski-mujkic-jedino-vuciceva-garnitura-tvrdi-da-je-srpski-narod-genocidan\/","title":{"rendered":"&#8220;Krajnje neljudski&#8221; &#8211; Mujki\u0107: Jedino Vu\u010di\u0107eva garnitura tvrdi da je srpski narod genocidan"},"content":{"rendered":"<p><strong>\u00a0<\/strong><strong>Oslobo\u0111enje<\/strong><\/p>\n<p><strong>petak, 17.05.2024. <\/strong><\/p>\n<p>&nbsp;<\/p>\n<p>Vu\u010di\u0107 i Dodik rezoluciju o genocidu u Srebrenici koriste za nacionalisti\u010dku mobilizaciju bira\u010dkog tijela, dehumaniziraju\u0107i \u017ertve, ali i srpski narod<\/p>\n<p>Pred Generalnom skup\u0161tinom UN-a naredni \u010detvrtak na\u0107i \u0107e se Nacrt rezolucije \u010dijim usvajanjem bi 11. juli bio progla\u0161en me\u0111unarodnim danom komemoriranja i sje\u0107anja na genocid u Srebrenici 1995. Usvajanjem rezolucije Skup\u0161tina UN-a osudila bi, bez rezerve, svako poricanje genocida u Srebrenici. Rezolucija u Nacrtu sadr\u017ei i osudu radnji kojim se veli\u010daju ratni zlo\u010dini, zlo\u010dini protiv \u010dovje\u010dnosti i genocid.<\/p>\n<p><strong>O HISTORIJSKOM REVIZIONIZMU<\/strong><\/p>\n<p>No, iako se u rezoluciji ne spominju ni Srbija ni bh. entitet Republika Srpska, srbijanski predsjednik Aleksandar Vu\u010di\u0107 i politi\u010dki vrh RS-a sa Miloradom Dodikom na \u010delu glasno se protive usvajanju rezolucije, uz podr\u0161ku Rusije i Kine. Nije izostala ni ona iz Ma\u0111arske. Vu\u010di\u0107 se gotovo svakodnevno obra\u0107a javnosti glume\u0107i \u017ertvu i nagla\u0161avaju\u0107i kako je srpski narod \u201cmeta\u201d rezolucije, ali i da je svjestan kako je \u201cbitka izgubljena\u201d. Sa Samita u Kotoru istakao je da nema poruku za Crnu Goru koja \u0107e podr\u017eati rezoluciju.<\/p>\n<p>&#8211; Kakav je smisao rezolucije? Ka\u017eete nije nametanje kolektivne krivice, nego \u0161ta je, upitao je \u017ealosni Vu\u010di\u0107.<\/p>\n<p>A u srijedu je, vrlo ponosno, i to na ruskom jeziku, odr\u017eao govor o temi \u201cRevizija historijskih \u010dinjenica i otpor slobodarskih naroda\u201d u Ruskom domu u Beogradu.<\/p>\n<p>&#8211; Kao pripadnici srpskog naroda, nikada nismo i nikada ne\u0107emo ostati nemi na negiranje ili minimiziranje posledica holokausta, imaju\u0107i u vidu zajedni\u010dku stradalni\u010dku sudbinu srpskog, jevrejskog i romskog naroda, istakao je Vu\u010di\u0107.<\/p>\n<p>&#8211; \u017delim da ka\u017eem da se apsolutno ne sla\u017eem sa onima koji bi krivicu za zlo\u010din genocida pripisali cijeloj naciji. Kolektivno ka\u017enjavanje nikada nije bilo dio na\u0161ih vrijednosti i nikada ne mo\u017ee biti dio na\u0161ih vrijednosti, rekao je komesar.<\/p>\n<p>A u srijedu se raspravljalo i o stanju u Bosni i Hercegovini i to na sjednici Vije\u0107a sigurnosti UN-a. Visoki predstavnik Christian Schmidt u izvje\u0161taju je naglasio da je neprihvatljivo veli\u010danje ratnih zlo\u010dinaca i negiranje genocida u Srebrenici, za \u010dim pose\u017eu politi\u010dari iz RS-a.<\/p>\n<p>&#8211; Smatram da vlasti RS-a te\u0161ko kr\u0161e Dejtonski sporazum. Prijetnja secesijom RS-a je protuustavno pona\u0161anje, rekao je Schmidt.<\/p>\n<p>Predsjedavaju\u0107i Predsjedni\u0161tva BiH Denis Be\u0107irovi\u0107 podsjetio je da se u julu obilje\u017eava 29. godi\u0161njica genocida u Srebrenici.<\/p>\n<p>Ambasador Ruske Federacije pri UN-u Vasily Nebenzya, o\u010dekivano, obru\u0161io se na Schmidta, ali i na Njema\u010dku.<\/p>\n<p>&#8211; Postavlja se pitanje za\u0161to ba\u0161 Njema\u010dka stoji iza ovog projekta? Pobornikom prava \u017ertava genocida u Srebrenici postavlja se dr\u017eava koja je u 20. stolje\u0107u dva puta rasplamsavala svjetske ratove koji su odnijeli \u017eivote desetina miliona ljudi, rekao je Nebenzya.<\/p>\n<p>A na Be\u0107irovi\u0107ev govor reagovao je bh. ministar sigurnosti i predsjednik DNS-a Nenad Ne\u0161i\u0107.<\/p>\n<p>\u201cSve \u0161to je Be\u0107irovi\u0107 rekao u Savjetu bezbjednosti UN-a je \u010dista la\u017e i odraz njegove patolo\u0161ke mr\u017enje prema Srbima\u201d, smatra on.<\/p>\n<p>Dodik se pak po\u017ealio da \u0107e \u201crezolucija bitno destabilizovati BiH do mjere potpune paralizacije odnosa, te da \u0107e poslu\u017eiti za moralnu diskvalifikaciju srpskog naroda\u201d. Prof. dr. Nikola Samard\u017ei\u0107 sa Filozofskog fakulteta Univerziteta u Beogradu uvjeren je da je \u201cUN izgubio funkciju koju su mu namijenile dr\u017eave pobjednice u Drugom svjetskom ratu\u201d.<\/p>\n<p>&#8211; \u010clanica SB-a je Ruska Federacija, koja se vratila na spoljnu politiku Sovjetskog saveza iz 1939. \u010clanica SB-a je Kina, trenutno najve\u0107a pretnja svetskom miru, jer masovno naru\u0161ava globalne ekonomske odnose i kr\u0161i ljudska prava svih. Problem je, pre svega, u konkretnoj politici onih dr\u017eava i saveza koji su posve\u0107eni slobodi i demokratiji iz kojih se toleri\u0161e javni uticaj ratnih zlo\u010dinaca s prostora biv\u0161e Jugoslavije i onih koji su neposredno odgovorni za genocid u Srebrenici, smatra prof. dr. Samard\u017ei\u0107.<\/p>\n<p>Nagla\u0161ava da bi zato BiH trebalo vi\u0161e da insistira na konkretnim primjerima kako je bez odgovornog odnosa prema pro\u0161losti nemogu\u0107e izgraditi povjerenje i pomirenje, a bez povjerenja i pomirenja nema jedinstvene BiH.<\/p>\n<p>Klju\u010dni problem zapadnog Balkana je \u0161to nacionalisti\u010dka ideologija isklju\u010divosti i crtanja novih granica nije pora\u017eena. Ta ideologija iznjedrila je genocid, ka\u017ee prof. dr. Mujki\u0107<\/p>\n<p>&#8211; Dodikovo pona\u0161anje, dok njegov secesionizam podr\u017eavaju oni koji ne podr\u017eavaju kosovski secesionizam, Rusija, Kina, Ma\u0111arska i Slova\u010dka pre svih, primer je da EU mora da odbaci konsenzualno odlu\u010divanje i usvoji novu, efikasniju spoljnu i bezbednosnu politiku. Ruski uticaj u Srbiji, koja je okru\u017eena EU i NATO-dr\u017eavama, potvrda je da EU, ali i diplomatija SAD-a posredno kr\u0161e sankcije prema Rusiji i opasno se poigravaju sa uticajem Kine, isti\u010de na\u0161 sagovornik.<\/p>\n<p>Nagla\u0161ava da je Vu\u010di\u0107 otr\u010dao u Ruski dom odmah nakon visoke posjete iz Ukrajine, kako bi \u201cispeglao\u201d odnos s Putinom i iz tog zlo\u010dina\u010dkog okru\u017eenja se obratio bira\u010dkom tijelu.<\/p>\n<p>&#8211; Srbija je u najdubljoj intelektualnoj i moralnoj krizi ikad, pre svega zbog slabosti slobodnog, demokratskog sveta, koji nije u stanju da se vrati vrednosnim na\u010delima koja su esencijalna. Ve\u0107inu u Generalnoj skup\u0161tini UN-a \u010dine antidemokratski, autokratski, totalitarni, \u010desto zlo\u010dina\u010dki re\u017eimi i tim pre \u0107e rezolucija, koja je humano i demokratski postavljena, biti obaveza za EU i SAD, i od toga Vu\u010di\u0107 i Dodik strepe za budu\u0107nost svojih re\u017eima, ali i zbog odgovornosti i postodgovornosti za ratnu agresiju, zlo\u010dine i genocid, ka\u017ee prof. dr. Samard\u017ei\u0107.<\/p>\n<p>Prof. dr. Asim Mujki\u0107 sa FPN-a UNSA ka\u017ee da je \u201csrpski nacionalisti\u010dki pokret koji trenutno predvodi Vu\u010di\u0107 nastao na historijskom revizionizmu koji se posebno oblikovao i ja\u010dao tokom 80-ih godina pro\u0161log stolje\u0107a, a kojemu svi narodi biv\u0161e SFRJ, sa srpskim na \u010delu, duguju svoju nesre\u0107u, zaostajanje, stalnu nesigurnost\u201d.<\/p>\n<p>&#8211; Zanimljivo je da o revizionizmu govori osoba \u010diji re\u017eim priznaje dva antifa\u0161isti\u010dka pokreta, onaj partizanski i drugi otad\u017ebinski, u biti \u010detni\u010dki. Izjedna\u010denje ova dva pokreta bi se moglo izvr\u0161iti samo ako prethodno izvr\u0161ite izjedna\u010denje u vrijednosnom smislu izme\u0111u jednog inkluzivnog internacionalisti\u010dkog humanizma i ekskluzivnog \u0161ovinisti\u010dkog nacionalizma, \u0161to je nemogu\u0107e. Bila bi to neka civilizacijska eutanazija. Iz otad\u017ebinske perspektive ekskluzivisti\u010dkog \u0161ovinisti\u010dkog nacionalizma naravno da je rezolucija sporna. Me\u0111utim, Vu\u010di\u0107 je i pragmati\u010dan politi\u010dar, pa tenzije oko rezolucije koristi za nacionalisti\u010dku mobilizaciju srbijanskog bira\u010dkog tijela pred izbore. U oba slu\u010daja govorimo o krajnje neljudskom pona\u0161anju, koje ne samo da ignorira \u010dinjenice nego dodatno dehumanizira \u017ertve, istovremeno dehumaniziraju\u0107i i srpski narod za koji jedino Vu\u010di\u0107eva garnitura tvrdi da je genocidan, isti\u010de prof. dr. Mujki\u0107.<\/p>\n<p><strong>PREDIZBORNA KAMPANJA<\/strong><\/p>\n<p>Vjerovatno je da \u0107e nakon usvajanja rezolucije Dodik dizati tenzije, \u0161to mu se zapravo i uklapa u predizbornu kampanju. Jer, kako isti\u010de na\u0161 sagovornik, to je razlog da umjesto o egzistencijalnim problemima gra\u0111ana, raspreda o globalnoj antisrpskoj zavjeri. Svakako treba o\u010dekivati paralizu politi\u010dkog \u017eivota do izbora, ali izvor nestabilnosti u BiH nije rezolucija &#8211; izvor ima ime i prezime. Potez Ma\u0111arske, nagla\u0161ava na\u0161 sagovornik, nije iznena\u0111enje, jer re\u017eim koji se temelji na sli\u010dnom ekskluzivisti\u010dkom i \u0161ovinisti\u010dkom nacionalizmu, re\u017eim koji je rehabilitirao ma\u0111arska fa\u0161isti\u010dka skretanja tokom Drugog svjetskog rata, koji je patentirao \u017eilet-\u017eicu kao recept za migrantsku krizu, koji blokira i sabotira borbu ukrajinskog naroda, ne bi ni mogao druga\u010dije postupiti. A ni postupak Ruske Federacije, ka\u017ee, nije iznena\u0111enje.<\/p>\n<p>&#8211; Ta dr\u017eava je sada u ratu i sjednica Vije\u0107a sigurnosti za nju je samo jo\u0161 jedno bojno polje. Njihova nekriti\u010dka podr\u0161ka srpskom nacionalizmu sastavni je dio strategije slabljenja Europe i Zapada koja im dobro do\u0111e, a ni\u0161ta ih ne ko\u0161ta. O cijeni koja \u0107e za to biti pla\u0107ena treba da misle oni koji se dobrovoljno nude da taj posao za njih odra\u0111uju, zaklju\u010duje prof. dr. Mujki\u0107.<\/p>\n<p>Link ka originalnom tekstu <a href=\"https:\/\/www.oslobodjenje.ba\/vijesti\/bih\/krajnje-neljudski-mujkic-jedino-vuciceva-garnitura-tvrdi-da-je-srpski-narod-genocidan-954522\">Oslobo\u0111enje &#8211; &#8220;Krajnje neljudski&#8221; &#8211; Mujki\u0107: Jedino Vu\u010di\u0107eva garnitura tvrdi da je srpski narod genocidan (oslobodjenje.ba)<\/a><\/p>\n","protected":false},"excerpt":{"rendered":"\u00a0Oslobo\u0111enje petak, 17.05.2024. &nbsp; Vu\u010di\u0107 i Dodik rezoluciju o genocidu u Srebrenici koriste za nacionalisti\u010dku mobilizaciju bira\u010dkog tijela, dehumaniziraju\u0107i \u017ertve,&#8230; ","protected":false},"author":122,"featured_media":190652,"comment_status":"closed","ping_status":"open","sticky":false,"template":"","format":"standard","meta":{"_acf_changed":false,"footnotes":""},"categories":[1789,1710,422],"tags":[1844,2529,805],"class_list":["post-190651","post","type-post","status-publish","format-standard","has-post-thumbnail","hentry","category-memorijalizacija","category-rekom-vesti-bhsc","category-vesti-bhsc","tag-ratni-zlocini","tag-recom-mreza-pomirenja","tag-srebrenica"],"acf":[],"yoast_head":"<!-- This site is optimized with the Yoast SEO plugin v25.6 - https:\/\/yoast.com\/wordpress\/plugins\/seo\/ -->\n<title>&quot;Krajnje neljudski&quot; - Mujki\u0107: Jedino Vu\u010di\u0107eva garnitura tvrdi da je srpski narod genocidan - REKOM ~ KOMRA ~ RECOM<\/title>\n<meta name=\"robots\" content=\"index, follow, max-snippet:-1, max-image-preview:large, max-video-preview:-1\" \/>\n<link rel=\"canonical\" href=\"https:\/\/www.recom.link\/bhsc\/krajnje-neljudski-mujkic-jedino-vuciceva-garnitura-tvrdi-da-je-srpski-narod-genocidan\/\" \/>\n<meta property=\"og:locale\" content=\"en_US\" \/>\n<meta property=\"og:type\" content=\"article\" \/>\n<meta property=\"og:title\" content=\"&quot;Krajnje neljudski&quot; - Mujki\u0107: Jedino Vu\u010di\u0107eva garnitura tvrdi da je srpski narod genocidan - REKOM ~ KOMRA ~ RECOM\" \/>\n<meta property=\"og:description\" content=\"\u00a0Oslobo\u0111enje petak, 17.05.2024. &nbsp; Vu\u010di\u0107 i Dodik rezoluciju o genocidu u Srebrenici koriste za nacionalisti\u010dku mobilizaciju bira\u010dkog tijela, dehumaniziraju\u0107i \u017ertve,...\" \/>\n<meta property=\"og:url\" content=\"https:\/\/www.recom.link\/bhsc\/krajnje-neljudski-mujkic-jedino-vuciceva-garnitura-tvrdi-da-je-srpski-narod-genocidan\/\" \/>\n<meta property=\"og:site_name\" content=\"REKOM ~ KOMRA ~ RECOM\" \/>\n<meta property=\"article:publisher\" content=\"https:\/\/www.facebook.com\/ZaREKOM.PerKOMRA.ForRECOM\/\" \/>\n<meta property=\"article:published_time\" content=\"2024-05-20T09:15:29+00:00\" \/>\n<meta property=\"og:image\" content=\"https:\/\/www.recom.link\/wp-content\/uploads\/2024\/05\/oslobodenje-2019-07-27.png\" \/>\n\t<meta property=\"og:image:width\" content=\"600\" \/>\n\t<meta property=\"og:image:height\" content=\"600\" \/>\n\t<meta property=\"og:image:type\" content=\"image\/png\" \/>\n<meta name=\"author\" content=\"Andrea \u0160aula\" \/>\n<meta name=\"twitter:card\" content=\"summary_large_image\" \/>\n<meta name=\"twitter:creator\" content=\"@REKOM_KOMRA\" \/>\n<meta name=\"twitter:site\" content=\"@REKOM_KOMRA\" \/>\n<meta name=\"twitter:label1\" content=\"Written by\" \/>\n\t<meta name=\"twitter:data1\" content=\"Andrea \u0160aula\" \/>\n\t<meta name=\"twitter:label2\" content=\"Est. reading time\" \/>\n\t<meta name=\"twitter:data2\" content=\"6 minutes\" \/>\n<script type=\"application\/ld+json\" class=\"yoast-schema-graph\">{\"@context\":\"https:\/\/schema.org\",\"@graph\":[{\"@type\":\"WebPage\",\"@id\":\"https:\/\/www.recom.link\/bhsc\/krajnje-neljudski-mujkic-jedino-vuciceva-garnitura-tvrdi-da-je-srpski-narod-genocidan\/\",\"url\":\"https:\/\/www.recom.link\/bhsc\/krajnje-neljudski-mujkic-jedino-vuciceva-garnitura-tvrdi-da-je-srpski-narod-genocidan\/\",\"name\":\"\\\"Krajnje neljudski\\\" - Mujki\u0107: Jedino Vu\u010di\u0107eva garnitura tvrdi da je srpski narod genocidan - REKOM ~ KOMRA ~ RECOM\",\"isPartOf\":{\"@id\":\"https:\/\/www.recom.link\/en\/#website\"},\"primaryImageOfPage\":{\"@id\":\"https:\/\/www.recom.link\/bhsc\/krajnje-neljudski-mujkic-jedino-vuciceva-garnitura-tvrdi-da-je-srpski-narod-genocidan\/#primaryimage\"},\"image\":{\"@id\":\"https:\/\/www.recom.link\/bhsc\/krajnje-neljudski-mujkic-jedino-vuciceva-garnitura-tvrdi-da-je-srpski-narod-genocidan\/#primaryimage\"},\"thumbnailUrl\":\"https:\/\/www.recom.link\/wp-content\/uploads\/2024\/05\/oslobodenje-2019-07-27.png\",\"datePublished\":\"2024-05-20T09:15:29+00:00\",\"author\":{\"@id\":\"https:\/\/www.recom.link\/en\/#\/schema\/person\/2b7c83dc499ee0068580aea09567cba8\"},\"breadcrumb\":{\"@id\":\"https:\/\/www.recom.link\/bhsc\/krajnje-neljudski-mujkic-jedino-vuciceva-garnitura-tvrdi-da-je-srpski-narod-genocidan\/#breadcrumb\"},\"inLanguage\":\"bhsc\",\"potentialAction\":[{\"@type\":\"ReadAction\",\"target\":[\"https:\/\/www.recom.link\/bhsc\/krajnje-neljudski-mujkic-jedino-vuciceva-garnitura-tvrdi-da-je-srpski-narod-genocidan\/\"]}]},{\"@type\":\"ImageObject\",\"inLanguage\":\"bhsc\",\"@id\":\"https:\/\/www.recom.link\/bhsc\/krajnje-neljudski-mujkic-jedino-vuciceva-garnitura-tvrdi-da-je-srpski-narod-genocidan\/#primaryimage\",\"url\":\"https:\/\/www.recom.link\/wp-content\/uploads\/2024\/05\/oslobodenje-2019-07-27.png\",\"contentUrl\":\"https:\/\/www.recom.link\/wp-content\/uploads\/2024\/05\/oslobodenje-2019-07-27.png\",\"width\":600,\"height\":600},{\"@type\":\"BreadcrumbList\",\"@id\":\"https:\/\/www.recom.link\/bhsc\/krajnje-neljudski-mujkic-jedino-vuciceva-garnitura-tvrdi-da-je-srpski-narod-genocidan\/#breadcrumb\",\"itemListElement\":[{\"@type\":\"ListItem\",\"position\":1,\"name\":\"Home\",\"item\":\"https:\/\/www.recom.link\/en\/\"},{\"@type\":\"ListItem\",\"position\":2,\"name\":\"&#8220;Krajnje neljudski&#8221; &#8211; Mujki\u0107: Jedino Vu\u010di\u0107eva garnitura tvrdi da je srpski narod genocidan\"}]},{\"@type\":\"WebSite\",\"@id\":\"https:\/\/www.recom.link\/en\/#website\",\"url\":\"https:\/\/www.recom.link\/en\/\",\"name\":\"REKOM ~ KOMRA ~ RECOM\",\"description\":\"\",\"potentialAction\":[{\"@type\":\"SearchAction\",\"target\":{\"@type\":\"EntryPoint\",\"urlTemplate\":\"https:\/\/www.recom.link\/en\/?s={search_term_string}\"},\"query-input\":{\"@type\":\"PropertyValueSpecification\",\"valueRequired\":true,\"valueName\":\"search_term_string\"}}],\"inLanguage\":\"bhsc\"},{\"@type\":\"Person\",\"@id\":\"https:\/\/www.recom.link\/en\/#\/schema\/person\/2b7c83dc499ee0068580aea09567cba8\",\"name\":\"Andrea \u0160aula\",\"image\":{\"@type\":\"ImageObject\",\"inLanguage\":\"bhsc\",\"@id\":\"https:\/\/www.recom.link\/en\/#\/schema\/person\/image\/\",\"url\":\"https:\/\/secure.gravatar.com\/avatar\/3d916e46312de69c788ad36560846cd4?s=96&d=mm&r=g\",\"contentUrl\":\"https:\/\/secure.gravatar.com\/avatar\/3d916e46312de69c788ad36560846cd4?s=96&d=mm&r=g\",\"caption\":\"Andrea \u0160aula\"},\"url\":\"https:\/\/www.recom.link\/bhsc\/author\/asaula\/\"}]}<\/script>\n<!-- \/ Yoast SEO plugin. -->","yoast_head_json":{"title":"\"Krajnje neljudski\" - Mujki\u0107: Jedino Vu\u010di\u0107eva garnitura tvrdi da je srpski narod genocidan - REKOM ~ KOMRA ~ RECOM","robots":{"index":"index","follow":"follow","max-snippet":"max-snippet:-1","max-image-preview":"max-image-preview:large","max-video-preview":"max-video-preview:-1"},"canonical":"https:\/\/www.recom.link\/bhsc\/krajnje-neljudski-mujkic-jedino-vuciceva-garnitura-tvrdi-da-je-srpski-narod-genocidan\/","og_locale":"en_US","og_type":"article","og_title":"\"Krajnje neljudski\" - Mujki\u0107: Jedino Vu\u010di\u0107eva garnitura tvrdi da je srpski narod genocidan - REKOM ~ KOMRA ~ RECOM","og_description":"\u00a0Oslobo\u0111enje petak, 17.05.2024. &nbsp; Vu\u010di\u0107 i Dodik rezoluciju o genocidu u Srebrenici koriste za nacionalisti\u010dku mobilizaciju bira\u010dkog tijela, dehumaniziraju\u0107i \u017ertve,...","og_url":"https:\/\/www.recom.link\/bhsc\/krajnje-neljudski-mujkic-jedino-vuciceva-garnitura-tvrdi-da-je-srpski-narod-genocidan\/","og_site_name":"REKOM ~ KOMRA ~ RECOM","article_publisher":"https:\/\/www.facebook.com\/ZaREKOM.PerKOMRA.ForRECOM\/","article_published_time":"2024-05-20T09:15:29+00:00","og_image":[{"width":600,"height":600,"url":"https:\/\/www.recom.link\/wp-content\/uploads\/2024\/05\/oslobodenje-2019-07-27.png","type":"image\/png"}],"author":"Andrea \u0160aula","twitter_card":"summary_large_image","twitter_creator":"@REKOM_KOMRA","twitter_site":"@REKOM_KOMRA","twitter_misc":{"Written by":"Andrea \u0160aula","Est. reading time":"6 minutes"},"schema":{"@context":"https:\/\/schema.org","@graph":[{"@type":"WebPage","@id":"https:\/\/www.recom.link\/bhsc\/krajnje-neljudski-mujkic-jedino-vuciceva-garnitura-tvrdi-da-je-srpski-narod-genocidan\/","url":"https:\/\/www.recom.link\/bhsc\/krajnje-neljudski-mujkic-jedino-vuciceva-garnitura-tvrdi-da-je-srpski-narod-genocidan\/","name":"\"Krajnje neljudski\" - Mujki\u0107: Jedino Vu\u010di\u0107eva garnitura tvrdi da je srpski narod genocidan - REKOM ~ KOMRA ~ RECOM","isPartOf":{"@id":"https:\/\/www.recom.link\/en\/#website"},"primaryImageOfPage":{"@id":"https:\/\/www.recom.link\/bhsc\/krajnje-neljudski-mujkic-jedino-vuciceva-garnitura-tvrdi-da-je-srpski-narod-genocidan\/#primaryimage"},"image":{"@id":"https:\/\/www.recom.link\/bhsc\/krajnje-neljudski-mujkic-jedino-vuciceva-garnitura-tvrdi-da-je-srpski-narod-genocidan\/#primaryimage"},"thumbnailUrl":"https:\/\/www.recom.link\/wp-content\/uploads\/2024\/05\/oslobodenje-2019-07-27.png","datePublished":"2024-05-20T09:15:29+00:00","author":{"@id":"https:\/\/www.recom.link\/en\/#\/schema\/person\/2b7c83dc499ee0068580aea09567cba8"},"breadcrumb":{"@id":"https:\/\/www.recom.link\/bhsc\/krajnje-neljudski-mujkic-jedino-vuciceva-garnitura-tvrdi-da-je-srpski-narod-genocidan\/#breadcrumb"},"inLanguage":"bhsc","potentialAction":[{"@type":"ReadAction","target":["https:\/\/www.recom.link\/bhsc\/krajnje-neljudski-mujkic-jedino-vuciceva-garnitura-tvrdi-da-je-srpski-narod-genocidan\/"]}]},{"@type":"ImageObject","inLanguage":"bhsc","@id":"https:\/\/www.recom.link\/bhsc\/krajnje-neljudski-mujkic-jedino-vuciceva-garnitura-tvrdi-da-je-srpski-narod-genocidan\/#primaryimage","url":"https:\/\/www.recom.link\/wp-content\/uploads\/2024\/05\/oslobodenje-2019-07-27.png","contentUrl":"https:\/\/www.recom.link\/wp-content\/uploads\/2024\/05\/oslobodenje-2019-07-27.png","width":600,"height":600},{"@type":"BreadcrumbList","@id":"https:\/\/www.recom.link\/bhsc\/krajnje-neljudski-mujkic-jedino-vuciceva-garnitura-tvrdi-da-je-srpski-narod-genocidan\/#breadcrumb","itemListElement":[{"@type":"ListItem","position":1,"name":"Home","item":"https:\/\/www.recom.link\/en\/"},{"@type":"ListItem","position":2,"name":"&#8220;Krajnje neljudski&#8221; &#8211; Mujki\u0107: Jedino Vu\u010di\u0107eva garnitura tvrdi da je srpski narod genocidan"}]},{"@type":"WebSite","@id":"https:\/\/www.recom.link\/en\/#website","url":"https:\/\/www.recom.link\/en\/","name":"REKOM ~ KOMRA ~ RECOM","description":"","potentialAction":[{"@type":"SearchAction","target":{"@type":"EntryPoint","urlTemplate":"https:\/\/www.recom.link\/en\/?s={search_term_string}"},"query-input":{"@type":"PropertyValueSpecification","valueRequired":true,"valueName":"search_term_string"}}],"inLanguage":"bhsc"},{"@type":"Person","@id":"https:\/\/www.recom.link\/en\/#\/schema\/person\/2b7c83dc499ee0068580aea09567cba8","name":"Andrea \u0160aula","image":{"@type":"ImageObject","inLanguage":"bhsc","@id":"https:\/\/www.recom.link\/en\/#\/schema\/person\/image\/","url":"https:\/\/secure.gravatar.com\/avatar\/3d916e46312de69c788ad36560846cd4?s=96&d=mm&r=g","contentUrl":"https:\/\/secure.gravatar.com\/avatar\/3d916e46312de69c788ad36560846cd4?s=96&d=mm&r=g","caption":"Andrea \u0160aula"},"url":"https:\/\/www.recom.link\/bhsc\/author\/asaula\/"}]}},"_links":{"self":[{"href":"https:\/\/www.recom.link\/bhsc\/wp-json\/wp\/v2\/posts\/190651"}],"collection":[{"href":"https:\/\/www.recom.link\/bhsc\/wp-json\/wp\/v2\/posts"}],"about":[{"href":"https:\/\/www.recom.link\/bhsc\/wp-json\/wp\/v2\/types\/post"}],"author":[{"embeddable":true,"href":"https:\/\/www.recom.link\/bhsc\/wp-json\/wp\/v2\/users\/122"}],"replies":[{"embeddable":true,"href":"https:\/\/www.recom.link\/bhsc\/wp-json\/wp\/v2\/comments?post=190651"}],"version-history":[{"count":1,"href":"https:\/\/www.recom.link\/bhsc\/wp-json\/wp\/v2\/posts\/190651\/revisions"}],"predecessor-version":[{"id":190657,"href":"https:\/\/www.recom.link\/bhsc\/wp-json\/wp\/v2\/posts\/190651\/revisions\/190657"}],"wp:featuredmedia":[{"embeddable":true,"href":"https:\/\/www.recom.link\/bhsc\/wp-json\/wp\/v2\/media\/190652"}],"wp:attachment":[{"href":"https:\/\/www.recom.link\/bhsc\/wp-json\/wp\/v2\/media?parent=190651"}],"wp:term":[{"taxonomy":"category","embeddable":true,"href":"https:\/\/www.recom.link\/bhsc\/wp-json\/wp\/v2\/categories?post=190651"},{"taxonomy":"post_tag","embeddable":true,"href":"https:\/\/www.recom.link\/bhsc\/wp-json\/wp\/v2\/tags?post=190651"}],"curies":[{"name":"wp","href":"https:\/\/api.w.org\/{rel}","templated":true}]}}