{"id":190644,"date":"2024-05-20T10:07:43","date_gmt":"2024-05-20T09:07:43","guid":{"rendered":"https:\/\/www.recom.link\/?p=190644"},"modified":"2024-05-20T10:07:43","modified_gmt":"2024-05-20T09:07:43","slug":"danilovic-mislim-da-srebrenica-nije-genocid-priznajem-da-se-desio-jedan-od-najvecih-zlocina-u-bih","status":"publish","type":"post","link":"https:\/\/www.recom.link\/bhsc\/danilovic-mislim-da-srebrenica-nije-genocid-priznajem-da-se-desio-jedan-od-najvecih-zlocina-u-bih\/","title":{"rendered":"Danilovi\u0107: Mislim da Srebrenica nije genocid, priznajem da se desio jedan od najve\u0107ih zlo\u010dina u BiH"},"content":{"rendered":"<p><strong>Pobjeda\/Kolektiv.me <\/strong><\/p>\n<p><strong>\u010cetvrtak, 16.05.2024. <\/strong><\/p>\n<p><strong>\u00a0<\/strong><\/p>\n<p>Mislim da Srebrenica nije genocid, priznajem da se desio jedan od najve\u0107ih zlo\u010dina u Bosni i Hercegovini \u2013 saop\u0161tio je lider Ujedinjene Crne Gore i direktor Agencije za kontrolu i obezbje\u0111enje kvaliteta visokog obrazovanja Goran Danilovi\u0107.<\/p>\n<p>On je, u emisiji \u201cNa\u010disto\u201d TV Vijesti, saop\u0161tio da Predlog rezolucije o Srebrenici do\u017eivljava kao stvar kojom \u201ctreba zakriti sramno stradanje uz \u0107utanje me\u0111unarodne zajednice palestinskog naroda u Gazi\u201d.<\/p>\n<p>\u201cZaista mi nije jasno kako neko \u017eeli da pomiri region skoro 30 godina nakon velikog zlo\u010dina u Srebrenici, progla\u0161avaju\u0107i me\u0111unarodni dan na kako oni ka\u017eu genicid u Srebrenici, zaboravljaju\u0107i one koji su se desili naporedo sa njom, na Balkanu i u svijetu, pa su se \u010dak odva\u017eili da jedan od kosponzora i klju\u010dnih predlaga\u010da bude Ruanda\u201d, rekao je Danilovi\u0107, prenosi portal \u201cPobjeda\u201d.<\/p>\n<p><strong>Naveo je da Ruanda danas i u posljednjih 30 godina ima vladu koja nikad na izborima nije osvojila manje od 75 odsto, te da je posljednji predsjednik Ruande \u010detiri puta uzastopno predsjednik.<\/strong><\/p>\n<p>\u201cNa posljednjim izborima 2018. godine aktuelni predsjednik Ruande je osvojio 98 odsto glasova. Sigurno je da Ruanda ne mo\u017ee dr\u017eati pridiku nijednoj evropskoj zemlji\u201d, naveo je Danilovi\u0107.<\/p>\n<p>On je kazao da se \u201cstidi\u201d ljudi koji zaboravljaju da nije jedini zlo\u010din na prostoru biv\u0161e Jugoslavije kojeg se treba sje\u0107ati u\u010dinjen prije 29 godina u Srebrenici, dodaju\u0107i da se \u201cstidi onih koji ne pominju druge zlo\u010dine\u201d.<\/p>\n<p>On je dodao i da Ruanda \u201cnije demokratska dr\u017eava\u201d.<\/p>\n<p><strong>Biv\u0161i ministar unutra\u0161njih poslova Sergej Sekulovi\u0107 je rekao da mometum predlaganja rezolucije o Srebrenici \u201cnije iznena\u0111enje\u201d iz razloga \u0161to se i ranije poku\u0161alo sa sli\u010dnom inicijativom preko Savjeta bezbjednosti Ujedinjenih nacija (UN) a tada se nai\u0161lo na veto Rusije.<\/strong><\/p>\n<p>\u201cRegion se nije suo\u010dio sam sa sobom, prisustvujemo u svim dru\u0161tvima, da se slave i di\u017eu na pijedestal ratni zlo\u010dinci\u201d, kazao je Sekulovi\u0107.<\/p>\n<p><strong>Funkcioner SD-a Milo\u0161 \u0110uri\u010dkovi\u0107 nagla\u0161ava da su centri koji politiku baziraju na negiranju genocida u Srebrenici poja\u010dali svoj tempo.<\/strong><\/p>\n<p>\u201cPotreba je svijeta bila da pokrene ovu rezoluciju i da budu\u0107im generacijama udari temelj i \u010dinjeni\u010dno stanje onog \u0161to se desilo\u201d, rekao je<\/p>\n<p>On je podsjetio da je predsjednik bosansko-hercegova\u010dkog entiteta Republika Srpska Milorad Dodik prije desetak godina tvrdio da se u Srebrenici desio genocid.<\/p>\n<p>\u201cKad su to njegovi \u0161efovi, nalogodavci i interes nalo\u017eio da promijeni svoju retoriku i geopoliti\u010dka situacija, on je naravno promijenio plo\u010du\u201d, poru\u010dio je \u0110uri\u010dkovi\u0107.<\/p>\n<p><strong>\u00a0<\/strong><\/p>\n<p>Link ka originalnom tekstu <a href=\"https:\/\/kolektiv.me\/249554\/danilovic-mislim-da-srebrenica-nije-genocid-priznajem-da-se-desio-jedan-od-najvecih-zlocina-u-bih\">Danilovi\u0107: Mislim da Srebrenica nije genocid, priznajem da se desio jedan od najve\u0107ih zlo\u010dina u BiH (kolektiv.me)<\/a><\/p>\n","protected":false},"excerpt":{"rendered":"Pobjeda\/Kolektiv.me \u010cetvrtak, 16.05.2024. \u00a0 Mislim da Srebrenica nije genocid, priznajem da se desio jedan od najve\u0107ih zlo\u010dina u Bosni i&#8230; ","protected":false},"author":122,"featured_media":190645,"comment_status":"closed","ping_status":"open","sticky":false,"template":"","format":"standard","meta":{"_acf_changed":false,"footnotes":""},"categories":[1789,1710,422],"tags":[1844,2529,805],"class_list":["post-190644","post","type-post","status-publish","format-standard","has-post-thumbnail","hentry","category-memorijalizacija","category-rekom-vesti-bhsc","category-vesti-bhsc","tag-ratni-zlocini","tag-recom-mreza-pomirenja","tag-srebrenica"],"acf":[],"yoast_head":"<!-- This site is optimized with the Yoast SEO plugin v25.6 - https:\/\/yoast.com\/wordpress\/plugins\/seo\/ -->\n<title>Danilovi\u0107: Mislim da Srebrenica nije genocid, priznajem da se desio jedan od najve\u0107ih zlo\u010dina u BiH - REKOM ~ KOMRA ~ RECOM<\/title>\n<meta name=\"robots\" content=\"index, follow, max-snippet:-1, max-image-preview:large, max-video-preview:-1\" \/>\n<link rel=\"canonical\" href=\"https:\/\/www.recom.link\/bhsc\/danilovic-mislim-da-srebrenica-nije-genocid-priznajem-da-se-desio-jedan-od-najvecih-zlocina-u-bih\/\" \/>\n<meta property=\"og:locale\" content=\"en_US\" \/>\n<meta property=\"og:type\" content=\"article\" \/>\n<meta property=\"og:title\" content=\"Danilovi\u0107: Mislim da Srebrenica nije genocid, priznajem da se desio jedan od najve\u0107ih zlo\u010dina u BiH - REKOM ~ KOMRA ~ RECOM\" \/>\n<meta property=\"og:description\" content=\"Pobjeda\/Kolektiv.me \u010cetvrtak, 16.05.2024. \u00a0 Mislim da Srebrenica nije genocid, priznajem da se desio jedan od najve\u0107ih zlo\u010dina u Bosni i...\" \/>\n<meta property=\"og:url\" content=\"https:\/\/www.recom.link\/bhsc\/danilovic-mislim-da-srebrenica-nije-genocid-priznajem-da-se-desio-jedan-od-najvecih-zlocina-u-bih\/\" \/>\n<meta property=\"og:site_name\" content=\"REKOM ~ KOMRA ~ RECOM\" \/>\n<meta property=\"article:publisher\" content=\"https:\/\/www.facebook.com\/ZaREKOM.PerKOMRA.ForRECOM\/\" \/>\n<meta property=\"article:published_time\" content=\"2024-05-20T09:07:43+00:00\" \/>\n<meta property=\"og:image\" content=\"https:\/\/www.recom.link\/wp-content\/uploads\/2024\/05\/Pobjeda.png\" \/>\n\t<meta property=\"og:image:width\" content=\"736\" \/>\n\t<meta property=\"og:image:height\" content=\"466\" \/>\n\t<meta property=\"og:image:type\" content=\"image\/png\" \/>\n<meta name=\"author\" content=\"Andrea \u0160aula\" \/>\n<meta name=\"twitter:card\" content=\"summary_large_image\" \/>\n<meta name=\"twitter:creator\" content=\"@REKOM_KOMRA\" \/>\n<meta name=\"twitter:site\" content=\"@REKOM_KOMRA\" \/>\n<meta name=\"twitter:label1\" content=\"Written by\" \/>\n\t<meta name=\"twitter:data1\" content=\"Andrea \u0160aula\" \/>\n\t<meta name=\"twitter:label2\" content=\"Est. reading time\" \/>\n\t<meta name=\"twitter:data2\" content=\"2 minutes\" \/>\n<script type=\"application\/ld+json\" class=\"yoast-schema-graph\">{\"@context\":\"https:\/\/schema.org\",\"@graph\":[{\"@type\":\"WebPage\",\"@id\":\"https:\/\/www.recom.link\/bhsc\/danilovic-mislim-da-srebrenica-nije-genocid-priznajem-da-se-desio-jedan-od-najvecih-zlocina-u-bih\/\",\"url\":\"https:\/\/www.recom.link\/bhsc\/danilovic-mislim-da-srebrenica-nije-genocid-priznajem-da-se-desio-jedan-od-najvecih-zlocina-u-bih\/\",\"name\":\"Danilovi\u0107: Mislim da Srebrenica nije genocid, priznajem da se desio jedan od najve\u0107ih zlo\u010dina u BiH - REKOM ~ KOMRA ~ RECOM\",\"isPartOf\":{\"@id\":\"https:\/\/www.recom.link\/en\/#website\"},\"primaryImageOfPage\":{\"@id\":\"https:\/\/www.recom.link\/bhsc\/danilovic-mislim-da-srebrenica-nije-genocid-priznajem-da-se-desio-jedan-od-najvecih-zlocina-u-bih\/#primaryimage\"},\"image\":{\"@id\":\"https:\/\/www.recom.link\/bhsc\/danilovic-mislim-da-srebrenica-nije-genocid-priznajem-da-se-desio-jedan-od-najvecih-zlocina-u-bih\/#primaryimage\"},\"thumbnailUrl\":\"https:\/\/www.recom.link\/wp-content\/uploads\/2024\/05\/Pobjeda.png\",\"datePublished\":\"2024-05-20T09:07:43+00:00\",\"author\":{\"@id\":\"https:\/\/www.recom.link\/en\/#\/schema\/person\/2b7c83dc499ee0068580aea09567cba8\"},\"breadcrumb\":{\"@id\":\"https:\/\/www.recom.link\/bhsc\/danilovic-mislim-da-srebrenica-nije-genocid-priznajem-da-se-desio-jedan-od-najvecih-zlocina-u-bih\/#breadcrumb\"},\"inLanguage\":\"bhsc\",\"potentialAction\":[{\"@type\":\"ReadAction\",\"target\":[\"https:\/\/www.recom.link\/bhsc\/danilovic-mislim-da-srebrenica-nije-genocid-priznajem-da-se-desio-jedan-od-najvecih-zlocina-u-bih\/\"]}]},{\"@type\":\"ImageObject\",\"inLanguage\":\"bhsc\",\"@id\":\"https:\/\/www.recom.link\/bhsc\/danilovic-mislim-da-srebrenica-nije-genocid-priznajem-da-se-desio-jedan-od-najvecih-zlocina-u-bih\/#primaryimage\",\"url\":\"https:\/\/www.recom.link\/wp-content\/uploads\/2024\/05\/Pobjeda.png\",\"contentUrl\":\"https:\/\/www.recom.link\/wp-content\/uploads\/2024\/05\/Pobjeda.png\",\"width\":736,\"height\":466},{\"@type\":\"BreadcrumbList\",\"@id\":\"https:\/\/www.recom.link\/bhsc\/danilovic-mislim-da-srebrenica-nije-genocid-priznajem-da-se-desio-jedan-od-najvecih-zlocina-u-bih\/#breadcrumb\",\"itemListElement\":[{\"@type\":\"ListItem\",\"position\":1,\"name\":\"Home\",\"item\":\"https:\/\/www.recom.link\/en\/\"},{\"@type\":\"ListItem\",\"position\":2,\"name\":\"Danilovi\u0107: Mislim da Srebrenica nije genocid, priznajem da se desio jedan od najve\u0107ih zlo\u010dina u BiH\"}]},{\"@type\":\"WebSite\",\"@id\":\"https:\/\/www.recom.link\/en\/#website\",\"url\":\"https:\/\/www.recom.link\/en\/\",\"name\":\"REKOM ~ KOMRA ~ RECOM\",\"description\":\"\",\"potentialAction\":[{\"@type\":\"SearchAction\",\"target\":{\"@type\":\"EntryPoint\",\"urlTemplate\":\"https:\/\/www.recom.link\/en\/?s={search_term_string}\"},\"query-input\":{\"@type\":\"PropertyValueSpecification\",\"valueRequired\":true,\"valueName\":\"search_term_string\"}}],\"inLanguage\":\"bhsc\"},{\"@type\":\"Person\",\"@id\":\"https:\/\/www.recom.link\/en\/#\/schema\/person\/2b7c83dc499ee0068580aea09567cba8\",\"name\":\"Andrea \u0160aula\",\"image\":{\"@type\":\"ImageObject\",\"inLanguage\":\"bhsc\",\"@id\":\"https:\/\/www.recom.link\/en\/#\/schema\/person\/image\/\",\"url\":\"https:\/\/secure.gravatar.com\/avatar\/3d916e46312de69c788ad36560846cd4?s=96&d=mm&r=g\",\"contentUrl\":\"https:\/\/secure.gravatar.com\/avatar\/3d916e46312de69c788ad36560846cd4?s=96&d=mm&r=g\",\"caption\":\"Andrea \u0160aula\"},\"url\":\"https:\/\/www.recom.link\/bhsc\/author\/asaula\/\"}]}<\/script>\n<!-- \/ Yoast SEO plugin. -->","yoast_head_json":{"title":"Danilovi\u0107: Mislim da Srebrenica nije genocid, priznajem da se desio jedan od najve\u0107ih zlo\u010dina u BiH - REKOM ~ KOMRA ~ RECOM","robots":{"index":"index","follow":"follow","max-snippet":"max-snippet:-1","max-image-preview":"max-image-preview:large","max-video-preview":"max-video-preview:-1"},"canonical":"https:\/\/www.recom.link\/bhsc\/danilovic-mislim-da-srebrenica-nije-genocid-priznajem-da-se-desio-jedan-od-najvecih-zlocina-u-bih\/","og_locale":"en_US","og_type":"article","og_title":"Danilovi\u0107: Mislim da Srebrenica nije genocid, priznajem da se desio jedan od najve\u0107ih zlo\u010dina u BiH - REKOM ~ KOMRA ~ RECOM","og_description":"Pobjeda\/Kolektiv.me \u010cetvrtak, 16.05.2024. \u00a0 Mislim da Srebrenica nije genocid, priznajem da se desio jedan od najve\u0107ih zlo\u010dina u Bosni i...","og_url":"https:\/\/www.recom.link\/bhsc\/danilovic-mislim-da-srebrenica-nije-genocid-priznajem-da-se-desio-jedan-od-najvecih-zlocina-u-bih\/","og_site_name":"REKOM ~ KOMRA ~ RECOM","article_publisher":"https:\/\/www.facebook.com\/ZaREKOM.PerKOMRA.ForRECOM\/","article_published_time":"2024-05-20T09:07:43+00:00","og_image":[{"width":736,"height":466,"url":"https:\/\/www.recom.link\/wp-content\/uploads\/2024\/05\/Pobjeda.png","type":"image\/png"}],"author":"Andrea \u0160aula","twitter_card":"summary_large_image","twitter_creator":"@REKOM_KOMRA","twitter_site":"@REKOM_KOMRA","twitter_misc":{"Written by":"Andrea \u0160aula","Est. reading time":"2 minutes"},"schema":{"@context":"https:\/\/schema.org","@graph":[{"@type":"WebPage","@id":"https:\/\/www.recom.link\/bhsc\/danilovic-mislim-da-srebrenica-nije-genocid-priznajem-da-se-desio-jedan-od-najvecih-zlocina-u-bih\/","url":"https:\/\/www.recom.link\/bhsc\/danilovic-mislim-da-srebrenica-nije-genocid-priznajem-da-se-desio-jedan-od-najvecih-zlocina-u-bih\/","name":"Danilovi\u0107: Mislim da Srebrenica nije genocid, priznajem da se desio jedan od najve\u0107ih zlo\u010dina u BiH - REKOM ~ KOMRA ~ RECOM","isPartOf":{"@id":"https:\/\/www.recom.link\/en\/#website"},"primaryImageOfPage":{"@id":"https:\/\/www.recom.link\/bhsc\/danilovic-mislim-da-srebrenica-nije-genocid-priznajem-da-se-desio-jedan-od-najvecih-zlocina-u-bih\/#primaryimage"},"image":{"@id":"https:\/\/www.recom.link\/bhsc\/danilovic-mislim-da-srebrenica-nije-genocid-priznajem-da-se-desio-jedan-od-najvecih-zlocina-u-bih\/#primaryimage"},"thumbnailUrl":"https:\/\/www.recom.link\/wp-content\/uploads\/2024\/05\/Pobjeda.png","datePublished":"2024-05-20T09:07:43+00:00","author":{"@id":"https:\/\/www.recom.link\/en\/#\/schema\/person\/2b7c83dc499ee0068580aea09567cba8"},"breadcrumb":{"@id":"https:\/\/www.recom.link\/bhsc\/danilovic-mislim-da-srebrenica-nije-genocid-priznajem-da-se-desio-jedan-od-najvecih-zlocina-u-bih\/#breadcrumb"},"inLanguage":"bhsc","potentialAction":[{"@type":"ReadAction","target":["https:\/\/www.recom.link\/bhsc\/danilovic-mislim-da-srebrenica-nije-genocid-priznajem-da-se-desio-jedan-od-najvecih-zlocina-u-bih\/"]}]},{"@type":"ImageObject","inLanguage":"bhsc","@id":"https:\/\/www.recom.link\/bhsc\/danilovic-mislim-da-srebrenica-nije-genocid-priznajem-da-se-desio-jedan-od-najvecih-zlocina-u-bih\/#primaryimage","url":"https:\/\/www.recom.link\/wp-content\/uploads\/2024\/05\/Pobjeda.png","contentUrl":"https:\/\/www.recom.link\/wp-content\/uploads\/2024\/05\/Pobjeda.png","width":736,"height":466},{"@type":"BreadcrumbList","@id":"https:\/\/www.recom.link\/bhsc\/danilovic-mislim-da-srebrenica-nije-genocid-priznajem-da-se-desio-jedan-od-najvecih-zlocina-u-bih\/#breadcrumb","itemListElement":[{"@type":"ListItem","position":1,"name":"Home","item":"https:\/\/www.recom.link\/en\/"},{"@type":"ListItem","position":2,"name":"Danilovi\u0107: Mislim da Srebrenica nije genocid, priznajem da se desio jedan od najve\u0107ih zlo\u010dina u BiH"}]},{"@type":"WebSite","@id":"https:\/\/www.recom.link\/en\/#website","url":"https:\/\/www.recom.link\/en\/","name":"REKOM ~ KOMRA ~ RECOM","description":"","potentialAction":[{"@type":"SearchAction","target":{"@type":"EntryPoint","urlTemplate":"https:\/\/www.recom.link\/en\/?s={search_term_string}"},"query-input":{"@type":"PropertyValueSpecification","valueRequired":true,"valueName":"search_term_string"}}],"inLanguage":"bhsc"},{"@type":"Person","@id":"https:\/\/www.recom.link\/en\/#\/schema\/person\/2b7c83dc499ee0068580aea09567cba8","name":"Andrea \u0160aula","image":{"@type":"ImageObject","inLanguage":"bhsc","@id":"https:\/\/www.recom.link\/en\/#\/schema\/person\/image\/","url":"https:\/\/secure.gravatar.com\/avatar\/3d916e46312de69c788ad36560846cd4?s=96&d=mm&r=g","contentUrl":"https:\/\/secure.gravatar.com\/avatar\/3d916e46312de69c788ad36560846cd4?s=96&d=mm&r=g","caption":"Andrea \u0160aula"},"url":"https:\/\/www.recom.link\/bhsc\/author\/asaula\/"}]}},"_links":{"self":[{"href":"https:\/\/www.recom.link\/bhsc\/wp-json\/wp\/v2\/posts\/190644"}],"collection":[{"href":"https:\/\/www.recom.link\/bhsc\/wp-json\/wp\/v2\/posts"}],"about":[{"href":"https:\/\/www.recom.link\/bhsc\/wp-json\/wp\/v2\/types\/post"}],"author":[{"embeddable":true,"href":"https:\/\/www.recom.link\/bhsc\/wp-json\/wp\/v2\/users\/122"}],"replies":[{"embeddable":true,"href":"https:\/\/www.recom.link\/bhsc\/wp-json\/wp\/v2\/comments?post=190644"}],"version-history":[{"count":1,"href":"https:\/\/www.recom.link\/bhsc\/wp-json\/wp\/v2\/posts\/190644\/revisions"}],"predecessor-version":[{"id":190650,"href":"https:\/\/www.recom.link\/bhsc\/wp-json\/wp\/v2\/posts\/190644\/revisions\/190650"}],"wp:featuredmedia":[{"embeddable":true,"href":"https:\/\/www.recom.link\/bhsc\/wp-json\/wp\/v2\/media\/190645"}],"wp:attachment":[{"href":"https:\/\/www.recom.link\/bhsc\/wp-json\/wp\/v2\/media?parent=190644"}],"wp:term":[{"taxonomy":"category","embeddable":true,"href":"https:\/\/www.recom.link\/bhsc\/wp-json\/wp\/v2\/categories?post=190644"},{"taxonomy":"post_tag","embeddable":true,"href":"https:\/\/www.recom.link\/bhsc\/wp-json\/wp\/v2\/tags?post=190644"}],"curies":[{"name":"wp","href":"https:\/\/api.w.org\/{rel}","templated":true}]}}