{"id":189631,"date":"2024-01-29T17:19:04","date_gmt":"2024-01-29T16:19:04","guid":{"rendered":"https:\/\/www.recom.link\/?p=189631"},"modified":"2024-01-29T17:45:13","modified_gmt":"2024-01-29T16:45:13","slug":"ratna-sjecanja-i-selektivna-amnezija","status":"publish","type":"post","link":"https:\/\/www.recom.link\/bhsc\/ratna-sjecanja-i-selektivna-amnezija\/","title":{"rendered":"Ratna sje\u0107anja i selektivna amnezija"},"content":{"rendered":"<header class=\"article-header\">\n<p class=\"article__subhead css-1wt8oh6\"><em>U posljednjih deset godina dr\u017eave biv\u0161e Jugoslavije bilje\u017ee simboli\u010dne korake ka priznavanju \u017ertava \u2018druge strane\u2019, odnosno ja\u010danje u slavljenju \u2018heroizma\u2019 ve\u0107inskog naroda i negiranje \u2018tu\u0111ih\u2019 \u017ertava.<\/em><\/p>\n<p>&nbsp;<\/p>\n<\/header>\n<p>Imamo svoju istinu o klju\u010dnim doga\u0111ajima tokom ratova u biv\u0161oj Jugoslaviji, koja je jedino dozvoljena, po\u017eeljna i sveprisutna u javnom govoru, dr\u017eavnim medijima, ud\u017ebenicima, te programima memorijalizacije o kojima odlu\u010duju samo ve\u0107inski narod i stranke na vlasti.<\/p>\n<p>Onaj narod koji je, zapravo, \u017ertva, ili mu je, uprkos sudskim nalazima, utemeljenim, dakako, na falsifikatima, pripisano da je, eto, u\u010destvovao u ne\u010demu ne\u010dasnom. \u010cega, uistinu, jeste \u010dak i bilo, ali ne onako kako je presu\u0111eno, ili kako je iskori\u0161\u0107eno u bla\u0107enju pravedne borbe. Na\u0161i su heroji oklevetani, izmi\u0161ljene \u017ertve preuveli\u010dane, znamo kako \u0107emo da obele\u017eimo istorijske doga\u0111aje, te kako da o njima u\u010dimo dolaze\u0107e generacije. Ako se i izvinimo, u\u010dini\u0107emo to za \u0161ta mi ho\u0107emo i kako mi ho\u0107emo; da stradale i njihov narod jo\u0161 vi\u0161e unizimo, poka\u017eemo da nam je svejedno, a i to \u0107emo da izgovorimo\/napi\u0161emo \u2013 kad se oni izvine za mnogo te\u017ee zlo\u010dine prema nama.<\/p>\n<p>Ovo bi mogli da budu neki od zajedni\u010dkih imenitelja nalaza o dominantnom poimanju se\u0107anja na ratne doga\u0111aje iz istra\u017eivanja nau\u010dnika i aktivistkinja i aktivista o memorijalizaciji najzna\u010dajnih ratnih doga\u0111aja u Srbiji, Bosni i Hercegovini, Hrvatskoj, Makedoniji i na Kosovu, odnosno njihovih izlaganja tokom debate na regionalnom skupu Decenija se\u0107anja, odr\u017eanom 25. januara u Beogradu, u okviru projekta REKOM mre\u017ee pomirenja i Fonda za humanitarno pravo.<\/p>\n<p>U raspravi je bilo iznetih nalaza o selektivnom prihvatanju\/negiranju sudskih \u010dinjenica (\u201cselektivna amnezija\u201d), zapravo negiranju i pre\u0107utkivanju ratnih zlo\u010dina, poni\u017eavanju \u017ertava, te slabom uticaju zna\u010dajnih akademskih istra\u017eivanja i inicijativa civilnog dru\u0161tva u izgradnji kulture se\u0107anja.<\/p>\n<p>&nbsp;<\/p>\n<p id=\"suvisna-pobeda-u-nepotrebnom-ratu\"><strong>Suvi\u0161na pobeda u nepotrebnom ratu<\/strong><\/p>\n<p>&nbsp;<\/p>\n<p>Organizatorka skupa Nata\u0161a Kandi\u0107, suosniva\u010dica REKOM-a i osniva\u010dica Fonda, iznela je, govore\u0107i o izve\u0161taju, konstataciju da sve vi\u0161e slabi uticaj civilnog dru\u0161tva na memorijalizaciju, odnosno plasiranje istine o ratnim doga\u0111ajima, kao i to da inicijative civilnog sektora u Srbiji ne nailaze odziv kod politi\u010dara.<\/p>\n<p>Ona je apostrofirala dominantne pristupe doga\u0111ajima na Ko\u0161arama i u Ra\u010dku, nagla\u0161avaju\u0107i da srpska strana do\u017eivljava bitku na Ko\u0161arama kao zna\u010dajnu pobedu, budu\u0107i da je, navodno, njome spre\u010den prolaz kopnenim snagama NATO, odnosno da je onemogu\u0107eno naoru\u017eavanje Oslobodila\u010dke vojske Kosova. U drugi plan se, pak, stavlja \u010dinjenica da su u bici u\u010destvovali mladi regruti Vojske Jugoslavije, a najmanje iskusni oficiri.<\/p>\n<p>U javnosti se, tako\u0111e, sve vi\u0161e govori o srpskom herojstvu, a prikriva se, ili smi\u0161ljeno interpretira, presuda Me\u0111unarodnog suda pravde iz 2007. po kojoj je Srbija kriva za to \u0161to nije preduzela sve da spre\u010di genocid. U interpretaciji doga\u0111aja na Kosovu 1999. stvara se utisak da je re\u010d o NATO ubijanju srpskih civila, a ne pominje se 6800 albanskih \u017ertava.<\/p>\n<p>Nata\u0161a Kandi\u0107 govorila je i o doga\u0111ajima u selu Ra\u010dak koje re\u017eim koristi da upotrebi kao povod za bombardovanje Srbije koje su realizovale dr\u017eave NATO.<\/p>\n<p>&nbsp;<\/p>\n<p id=\"sudska-i-nesumnjiva-istina\"><strong>Sudska i nesumnjiva istina<\/strong><\/p>\n<p>&nbsp;<\/p>\n<p>Slu\u010daj Ra\u010dak i njegovo dvojako tuma\u010denje, odnosno srbijanska autoviktmizacija dobio je u vreme divljanja re\u017eimske propagande, najbolju ilustraciju u stihovima Miodraga Stanisavljevi\u0107a: \u201cOd Markala od Ra\u010dka \/Jasno je i nema obla\u010dka \/ Sumnje: oni sve \u010dine da smeste \/ Narodu kadrom samo za vite\u0161ke geste\u201d.<\/p>\n<p>O Ra\u010dku je govorio i advokat Sead Spahovi\u0107, predo\u010div\u0161i nalaze iz presude Ha\u0161kog tribunala.<\/p>\n<p>\u201cSud u Hagu je utvrdio da je 15. januara u \u0161est sati ujutru Vojska Jugoslavije, a ne policija, dva sata bombardovala selo Ra\u010dak. Kori\u0161\u0107eni su tenkovi, i takozvane \u201cprage\u201d, protivvazdu\u0161ni topovi. To kod nas niko nikada ni na jednoj televiziji nije rekao. Ina\u010de, kada je re\u010d o akcijama koje policija sprovodi protiv raznih pobunjenika i diverzanata, ne koristi se ta artiljerija. Koriste se policijske jedinice i policijski na\u010din rada. To je bio napad na selo koje nije branjeno, \u0161to je po definiciji ratni zlo\u010din.Tako\u0111e, sud je utvrdio da iz sela niko nije ispalio ni jedan metak na Vojsku Jugoslavije koja ih je bombardovala\u201c, rekao je Spahovi\u0107.<\/p>\n<p>&nbsp;<\/p>\n<p id=\"nekaznjeni-zlocini-na-kosovu\"><strong>Neka\u017enjeni zlo\u010dini na Kosovu<\/strong><\/p>\n<p>&nbsp;<\/p>\n<p>Jora Lumezi u svom izve\u0161taju isti\u010de da Masakr u Ra\u010dku\/Re\u00e7ak zauzima posebno mesto u politici se\u0107anja na Kosovu, jer simbolizuje doga\u0111aj koji je podstakao me\u0111unarodnu akciju i intervenciju. \u201cPodaci pokazuju da su presude u vezi s masakrom u Ra\u010dku izuzetno retke. Vlastimir \u0110or\u0111evi\u0107, penzionisani general-pukovnik Policije Srbije, progla\u0161en je krivim za ratne zlo\u010dine nad Albancima sa Kosova pred Me\u0111unarodnim krivi\u010dnim sudom za biv\u0161u Jugoslaviju (MKSJ), a Ra\u010dak je bio jedan od zlo\u010dina za koje je bio optu\u017een i osu\u0111en. Prilikom obele\u017eavanja 24. godi\u0161njice masakra, najavljeno je da pravosu\u0111e Kosova tra\u017ei hap\u0161enje 18 osoba osumnji\u010denih za u\u010de\u0161\u0107e u ubistvima 15. januara 1999. godine u Ra\u010dku.\u201d<\/p>\n<p>Jora Lumezi naglasila je da su posledice Bitke na Ko\u0161arama presudno\u00a0 uticale na oblikovanje percepcije pobede. \u201cPotpisivanje Kumanovskog sporazuma izme\u0111u NATO-a i SRJ, 9. juna 1999. godine, podudarilo se sa zavr\u0161etkom bitke. Tim sporazumom, Srbija se obavezala da povu\u010de svoje policijske i vojne snage sa Kosova. (\u2026)U sferi se\u0107anja, izdvajanje Bitke na Ko\u0161arama kao zna\u010dajne i trijumfalne bitke dodatno doprinosi kolektivnom se\u0107anju na rat. Time se preispituje narativ o \u017ertvi koji se \u010desto povezuje s kosovskim Albancima i isti\u010du se njihovo aktivno u\u010de\u0161\u0107e i otpornost. Ta promena u politici se\u0107anja preina\u010dava percepciju Albanaca sa Kosova kao pasivnih \u017ertava i predstavlja ih kao aktivne u\u010desnike u borbi za samoopredeljenje i priznanje\u201d, isti\u010de autorka.<\/p>\n<p>Najvi\u0161e pa\u017enje kosovski izve\u0161taj posve\u0107uje masakru zatvorenika u zatvoru Dubrava, u delu u kojem se isti\u010de i to da ubice Albanaca, politi\u010dkih zatvorenika, uprkos brojnim nespornim svedo\u010denjima nisu privedene pravdi.<\/p>\n<p>&nbsp;<\/p>\n<p id=\"srbijansko-podsticanje-falsifikata-o-genocidu\"><strong>Srbijansko podsticanje falsifikata o genocidu<\/strong><\/p>\n<p>&nbsp;<\/p>\n<p>Govore\u0107i o izve\u0161taju koji obra\u0111uje podatke u vezi sa tretiranjem nekih od klju\u010dnih ratnih zlo\u010dina u Bosni i Hercegovini, Semir Behari\u0107 istakao je i to da \u201canaliza genocida u Srebrenici pokazuje, politiku sje\u0107anja u tom slu\u010daju karakterizira duboko negiranje me\u0111u politi\u010dkom elitom bosanskih Srba\u201d. On je naglasio kako \u201csna\u017ene veze te elite sa politi\u010darima i du\u017enosnicima iz susjedne Srbije, koji se tako\u0111er otvoreno upu\u0161taju u negiranje genocida, predstavljaju prepreku u prevazila\u017eenju etni\u010dkih podjela, suo\u010davanju s pro\u0161lo\u0161\u0107u i podsticanju pomirenja u Bosni i Hercegovini i regionu.\u201d<\/p>\n<p>Kako je ocenio, za izgradnju zajedni\u010dke vizije budu\u0107nosti zemlje su\u0161tinski je va\u017eno postizanje inkluzivnijeg pristupa sje\u0107anju, \u0161to se ne\u0107e dogoditi dok svi u Bosni i Hercegovini ne priznaju genocid i druge ratne zlo\u010dine utvr\u0111ene pred lokalnim i me\u0111unarodnim sudovima koji su ve\u0107 osudili brojne pojedince za razne zlo\u010dine po\u010dinjene tokom rata. Behari\u0107 zaklju\u010duje i to da \u201cslavljenje ratnih zlo\u010dinaca izvjesno optere\u0107uje budu\u0107nost zemlje, budu\u0107i da se mlade generacije upu\u0161taju u iskazivanje po\u010dasti odgovornima za ubistva nedu\u017enih civila, uklju\u010duju\u0107i djecu\u201d.<\/p>\n<p>&nbsp;<\/p>\n<p id=\"kazani-dubrovnik-morinj\"><strong>Kazani, Dubrovnik, Morinj\u2026<\/strong><\/p>\n<p>&nbsp;<\/p>\n<p>\u201cU usporedbi sa svim ostalim zlo\u010dinima obuhva\u0107enim ovim istra\u017eivanjem, komemoracija ubistava u jami Kazani pro\u0161la je kroz najve\u0107u transformaciju u proteklom desetlje\u0107u. Do prije deset godina, taj ratni zlo\u010din koji su po\u010dinili pripadnici Armije RBiH jedva da se i obilje\u017eavao, njegove \u017ertve nisu slu\u017ebeno komemorirane. Proteklog desetlje\u0107a svjedo\u010dili smo tome da su odlu\u010dni aktivisti civilnog dru\u0161tva i anga\u017eirani intelektualci pozivali bo\u0161nja\u010dke i probosanske donosioce odluka da javno osude ratni zlo\u010din po\u010dinjen u jami Kazani na obodu Sarajeva.<\/p>\n<p>Javni pritisak rezultirao je time da vode\u0107i bo\u0161nja\u010dki i probosanski politi\u010dari po\u010dnu redovito da odaju po\u010dast \u017ertvama i uz to podignu spomenik nedu\u017enim civilima. To spomen obilje\u017eje, iako nosi imena \u017ertava, i dalje ne nazna\u010duje ko su po\u010dinioci, \u0161to predstavlja ozbiljnu prepreku u doli\u010dnom suo\u010davanju s pro\u0161lo\u0161\u0107u i potpunom razumijevanju ratnih zlo\u010dina po\u010dinjenih na Kazanima\u201d, ocenio je Behari\u0107.<\/p>\n<p>&nbsp;<\/p>\n<p id=\"nezainteresovano-crnogorsko-pravosu-e\"><strong>Nezainteresovano crnogorsko pravosu\u0111e<\/strong><\/p>\n<p>&nbsp;<\/p>\n<p>Nikola Ze\u010devi\u0107 je, predstavljaju\u0107i izve\u0161taj Bojana Ba\u0107a, istakao da je Dubrova\u010dka ofanziva sramna strana crnogorske istorije. \u201cOpsada je kulminirala bombardovanjem Dubrovnika od strane JNA, uklju\u010duju\u0107i i Stari grad, mjesto svjetske ba\u0161tine na spisku Uneska, 6. decembra 1991. godine. Taj nemilosrdni napad izazvao je me\u0111unarodnu osudu i ozbiljno naudio reputaciji Crne Gore, dovode\u0107i do diplomatske i ekonomske izolacije i me\u0111unarodnog priznanja nezavisnosti Hrvatske. U opsadi su smrtno stradala 194 hrvatska vojnika i 116 civila, a o\u0161te\u0107eno je preko 11.000 zgrada\u201d, konstatuje se u izve\u0161taju.<\/p>\n<p>Zato\u010deni\u010dki logor Morinj, u kojem je bilo vi\u0161e od 300 hrvatskih zatvorenika (ne\u010dove\u010dno postupanje), nezakonito hap\u0161enje izbeglica iz BiH i njihovo predavanje krvnicima u Fo\u010di (83 \u017ertve), zlo\u010dini raseljavanja Bo\u0161njaka iz prigrani\u010dnog pojasa, te ubistvo Albanaca u mestu Kalu\u0111erski Jaz tako\u0111e su zlo\u010dini koji se obra\u0111uju i izve\u0161taju.<\/p>\n<p>\u201cUprkos dvjema osu\u0111uju\u0107im presudama Me\u0111unarodnog krivi\u010dnog suda za biv\u0161u Jugoslaviju (MKSJ), Pavlu Strugaru i Miodragu Joki\u0107u, crnogorski sudovi ostali su nijemi.\u00a0 \u010cak se i u obrazovnoj politici informacije o ratovima devedesetih i odgovornima za njih sistematski potiskuju, s tek neodre\u0111enim spominjanjem u\u010de\u0161\u0107a crnogorskih rezervista u napadu na Dubrovnik. Dr\u017eavni tu\u017eioci, pod kontrolom DPS-a, ostali su pasivni, a sumnje su se pojavile u vezi s u\u010de\u0161\u0107em rezervista u ratnim zlo\u010dinima. (\u2026)To isti\u010de nedostatke u crnogorskom pravosudnom sistemu i potrebu za pravom odgovorno\u0161\u0107u za ratne zlo\u010dine\u201d, navodi se u izve\u0161taju.<\/p>\n<p>&nbsp;<\/p>\n<p id=\"demarkaciona-linija-i-politika-secanja\"><strong>Demarkaciona linija i politika se\u0107anja<\/strong><\/p>\n<p>&nbsp;<\/p>\n<p>Izve\u0161taj o politici se\u0107anja, autorke Branke Vierde, u Hrvatskoj analizira \u201cpad Vukovara 18. studenog 1991., ubojstvo obitelji Zec 7. prosinca 1991., operaciju Meda\u010dki d\u017eep 9. rujna 1993., operaciju Bljesak 1. svibnja 1995. i operaciju Oluja 5. kolovoza 1995.\u201d<\/p>\n<p>Autorka je istakla da je na komemoraciji \u017ertvama Oluje, odnosno proslavi Dana pobede, \u201cdo\u0161lo do zna\u010dajne promjene u politici komemoriranja svih civilnih \u017ertava ove operacije, posebno u usporedbi s 2019., ali i sa svim prethodnim godinama (\u2026) \u201cObljetnica 2020. obilje\u017eena je u pozitivnom smislu govorom koji je premijer Plenkovi\u0107 odr\u017eao na zvani\u010dnoj proslavi u Kninu. Ve\u0107 od prvih rije\u010di njegova obra\u0107anja postalo je jasno da bi taj govor mogao biti druga\u010diji od ve\u0107ine prethodnih. Izjavio je: \u2018Dana\u0161nji dan obilje\u017eavamo u znaku pobjede, zahvalnosti i ponosa, a pro\u017eet je pomirbom i pijetetom, koji su temelji budu\u0107nosti Hrvatske.&#8217;\u201c<\/p>\n<p>Zna\u010dajni doga\u0111aj koji obile\u017eava odnos prema politici se\u0107anja u Hrvatskoj je ubistvo porodice Zec. Reditelj Oliver Frlji\u0107 konstatuje: \u201cNakon vi\u0161e od dvadeset godina, ime Aleksandre Zec jo\u0161 uvijek je demarkaciona linija u hrvatskom dru\u0161tvu. S jedne strane su oni koji lamentiraju nad pravosudnom farsom koja je poznate ubojice, bez obzira na njihova priznanja i materijalne dokaze, ostavila na slobodi. S druge, pak, oni kojima Aleksandra Zec slu\u017ei isklju\u010divo za uspostavljanje razlike izme\u0111u \u2019na\u0161ih\u2019i \u2019njihovih\u2019 \u017ertava. U takvoj viktimolo\u0161koj dihotomiji \u2019na\u0161e \u017ertve\u2019 dobivaju mjesta posebnog pijeteta i \u2019mramor ih se sje\u0107a\u2019, dok \u2019njihove\u2019 ostavljamo medijskim strvinama, stalno novom pre\u017evakavanju onoga \u0161to nacionalno lobotomirana svijest nikako ne mo\u017ee provariti.\u201d<\/p>\n<p>Ova izjava data dvadeset godina nakon njenog zlo\u010dina, po oceni autorke, \u201cna\u017ealost, jo\u0161 uvijek ilustrira dominantne komemorativne prakse vezane za ratove devedesetih u Hrvatskoj\u201d.<\/p>\n<p>\u201cObrazlo\u017eenje takvih praksi temelji se, tako, na \u2018viktimolo\u0161koj dihotomiji\u2019 kojom se civilne \u017ertve dijele na \u2018na\u0161e\u2019 i \u2018njihove\u2019, \u0161to posljedi\u010dno ostavlja \u2018njihove\u2019 uglavnom zaboravljenima\u201d, konstatuje Branka Vierde.<\/p>\n<p>U raspravi su predstavljeni i delovi izve\u0161taja o politici se\u0107anja u Makedoniji; istaknuto je i to (Vesna Ter\u0161eli\u010d, voditeljica Documente) da bi trebalo organizovati jo\u0161 niz debata na ovu temu, \u010diji bi cilj bile i simboli\u010dne ratne reparacije.<\/p>\n<p>&nbsp;<\/p>\n<p><em>Bojan Ton\u010di\u0107<\/em><\/p>\n<p>&nbsp;<\/p>\n<div class=\"code-block code-block-3 code-block-block-3\">\n<div class=\"danas-dfp \">\n<hr \/>\n<p><em>Ovaj tekst je preuzet sa portala <a href=\"https:\/\/balkans.aljazeera.net\/teme\/2024\/1\/28\/ratna-sjecanja-i-selektivna-amnezija\" target=\"_blank\" rel=\"noopener\">Al Jazeera Balkans<\/a>.<\/em><\/p>\n<\/div>\n<\/div>\n","protected":false},"excerpt":{"rendered":"U posljednjih deset godina dr\u017eave biv\u0161e Jugoslavije bilje\u017ee simboli\u010dne korake ka priznavanju \u017ertava \u2018druge strane\u2019, odnosno ja\u010danje u slavljenju \u2018heroizma\u2019&#8230; ","protected":false},"author":121,"featured_media":189632,"comment_status":"closed","ping_status":"open","sticky":true,"template":"","format":"standard","meta":{"_acf_changed":false,"footnotes":""},"categories":[1921,1789],"tags":[4093],"class_list":["post-189631","post","type-post","status-publish","format-standard","has-post-thumbnail","hentry","category-debate-bhsc-3","category-memorijalizacija","tag-decenija-secanja"],"acf":[],"yoast_head":"<!-- This site is optimized with the Yoast SEO plugin v25.6 - https:\/\/yoast.com\/wordpress\/plugins\/seo\/ -->\n<title>Ratna sje\u0107anja i selektivna amnezija - REKOM ~ KOMRA ~ RECOM<\/title>\n<meta name=\"robots\" content=\"index, follow, max-snippet:-1, max-image-preview:large, max-video-preview:-1\" \/>\n<link rel=\"canonical\" href=\"https:\/\/www.recom.link\/bhsc\/ratna-sjecanja-i-selektivna-amnezija\/\" \/>\n<meta property=\"og:locale\" content=\"en_US\" \/>\n<meta property=\"og:type\" content=\"article\" \/>\n<meta property=\"og:title\" content=\"Ratna sje\u0107anja i selektivna amnezija - REKOM ~ KOMRA ~ RECOM\" \/>\n<meta property=\"og:description\" content=\"U posljednjih deset godina dr\u017eave biv\u0161e Jugoslavije bilje\u017ee simboli\u010dne korake ka priznavanju \u017ertava \u2018druge strane\u2019, odnosno ja\u010danje u slavljenju \u2018heroizma\u2019...\" \/>\n<meta property=\"og:url\" content=\"https:\/\/www.recom.link\/bhsc\/ratna-sjecanja-i-selektivna-amnezija\/\" \/>\n<meta property=\"og:site_name\" content=\"REKOM ~ KOMRA ~ RECOM\" \/>\n<meta property=\"article:publisher\" content=\"https:\/\/www.facebook.com\/ZaREKOM.PerKOMRA.ForRECOM\/\" \/>\n<meta property=\"article:published_time\" content=\"2024-01-29T16:19:04+00:00\" \/>\n<meta property=\"article:modified_time\" content=\"2024-01-29T16:45:13+00:00\" \/>\n<meta property=\"og:image\" content=\"https:\/\/www.recom.link\/wp-content\/uploads\/2024\/01\/Al-Jazeera-Balkans-Muzej-zlocina-protiv-covjecnosti-i-genocida-1992-1995.webp\" \/>\n\t<meta property=\"og:image:width\" content=\"570\" \/>\n\t<meta property=\"og:image:height\" content=\"380\" \/>\n\t<meta property=\"og:image:type\" content=\"image\/webp\" \/>\n<meta name=\"author\" content=\"Vladan \u0110ukanovi\u0107\" \/>\n<meta name=\"twitter:card\" content=\"summary_large_image\" \/>\n<meta name=\"twitter:creator\" content=\"@REKOM_KOMRA\" \/>\n<meta name=\"twitter:site\" content=\"@REKOM_KOMRA\" \/>\n<meta name=\"twitter:label1\" content=\"Written by\" \/>\n\t<meta name=\"twitter:data1\" content=\"Vladan \u0110ukanovi\u0107\" \/>\n\t<meta name=\"twitter:label2\" content=\"Est. reading time\" \/>\n\t<meta name=\"twitter:data2\" content=\"8 minutes\" \/>\n<script type=\"application\/ld+json\" class=\"yoast-schema-graph\">{\"@context\":\"https:\/\/schema.org\",\"@graph\":[{\"@type\":\"WebPage\",\"@id\":\"https:\/\/www.recom.link\/bhsc\/ratna-sjecanja-i-selektivna-amnezija\/\",\"url\":\"https:\/\/www.recom.link\/bhsc\/ratna-sjecanja-i-selektivna-amnezija\/\",\"name\":\"Ratna sje\u0107anja i selektivna amnezija - REKOM ~ KOMRA ~ RECOM\",\"isPartOf\":{\"@id\":\"https:\/\/www.recom.link\/en\/#website\"},\"primaryImageOfPage\":{\"@id\":\"https:\/\/www.recom.link\/bhsc\/ratna-sjecanja-i-selektivna-amnezija\/#primaryimage\"},\"image\":{\"@id\":\"https:\/\/www.recom.link\/bhsc\/ratna-sjecanja-i-selektivna-amnezija\/#primaryimage\"},\"thumbnailUrl\":\"https:\/\/www.recom.link\/wp-content\/uploads\/2024\/01\/Al-Jazeera-Balkans-Muzej-zlocina-protiv-covjecnosti-i-genocida-1992-1995.webp\",\"datePublished\":\"2024-01-29T16:19:04+00:00\",\"dateModified\":\"2024-01-29T16:45:13+00:00\",\"author\":{\"@id\":\"https:\/\/www.recom.link\/en\/#\/schema\/person\/45c67016773fce18b915d67653d20546\"},\"breadcrumb\":{\"@id\":\"https:\/\/www.recom.link\/bhsc\/ratna-sjecanja-i-selektivna-amnezija\/#breadcrumb\"},\"inLanguage\":\"bhsc\",\"potentialAction\":[{\"@type\":\"ReadAction\",\"target\":[\"https:\/\/www.recom.link\/bhsc\/ratna-sjecanja-i-selektivna-amnezija\/\"]}]},{\"@type\":\"ImageObject\",\"inLanguage\":\"bhsc\",\"@id\":\"https:\/\/www.recom.link\/bhsc\/ratna-sjecanja-i-selektivna-amnezija\/#primaryimage\",\"url\":\"https:\/\/www.recom.link\/wp-content\/uploads\/2024\/01\/Al-Jazeera-Balkans-Muzej-zlocina-protiv-covjecnosti-i-genocida-1992-1995.webp\",\"contentUrl\":\"https:\/\/www.recom.link\/wp-content\/uploads\/2024\/01\/Al-Jazeera-Balkans-Muzej-zlocina-protiv-covjecnosti-i-genocida-1992-1995.webp\",\"width\":570,\"height\":380},{\"@type\":\"BreadcrumbList\",\"@id\":\"https:\/\/www.recom.link\/bhsc\/ratna-sjecanja-i-selektivna-amnezija\/#breadcrumb\",\"itemListElement\":[{\"@type\":\"ListItem\",\"position\":1,\"name\":\"Home\",\"item\":\"https:\/\/www.recom.link\/en\/\"},{\"@type\":\"ListItem\",\"position\":2,\"name\":\"Ratna sje\u0107anja i selektivna amnezija\"}]},{\"@type\":\"WebSite\",\"@id\":\"https:\/\/www.recom.link\/en\/#website\",\"url\":\"https:\/\/www.recom.link\/en\/\",\"name\":\"REKOM ~ KOMRA ~ RECOM\",\"description\":\"\",\"potentialAction\":[{\"@type\":\"SearchAction\",\"target\":{\"@type\":\"EntryPoint\",\"urlTemplate\":\"https:\/\/www.recom.link\/en\/?s={search_term_string}\"},\"query-input\":{\"@type\":\"PropertyValueSpecification\",\"valueRequired\":true,\"valueName\":\"search_term_string\"}}],\"inLanguage\":\"bhsc\"},{\"@type\":\"Person\",\"@id\":\"https:\/\/www.recom.link\/en\/#\/schema\/person\/45c67016773fce18b915d67653d20546\",\"name\":\"Vladan \u0110ukanovi\u0107\",\"image\":{\"@type\":\"ImageObject\",\"inLanguage\":\"bhsc\",\"@id\":\"https:\/\/www.recom.link\/en\/#\/schema\/person\/image\/\",\"url\":\"https:\/\/secure.gravatar.com\/avatar\/d153b1f796e6814b666ac164889a9880?s=96&d=mm&r=g\",\"contentUrl\":\"https:\/\/secure.gravatar.com\/avatar\/d153b1f796e6814b666ac164889a9880?s=96&d=mm&r=g\",\"caption\":\"Vladan \u0110ukanovi\u0107\"},\"url\":\"https:\/\/www.recom.link\/bhsc\/author\/vladan\/\"}]}<\/script>\n<!-- \/ Yoast SEO plugin. -->","yoast_head_json":{"title":"Ratna sje\u0107anja i selektivna amnezija - REKOM ~ KOMRA ~ RECOM","robots":{"index":"index","follow":"follow","max-snippet":"max-snippet:-1","max-image-preview":"max-image-preview:large","max-video-preview":"max-video-preview:-1"},"canonical":"https:\/\/www.recom.link\/bhsc\/ratna-sjecanja-i-selektivna-amnezija\/","og_locale":"en_US","og_type":"article","og_title":"Ratna sje\u0107anja i selektivna amnezija - REKOM ~ KOMRA ~ RECOM","og_description":"U posljednjih deset godina dr\u017eave biv\u0161e Jugoslavije bilje\u017ee simboli\u010dne korake ka priznavanju \u017ertava \u2018druge strane\u2019, odnosno ja\u010danje u slavljenju \u2018heroizma\u2019...","og_url":"https:\/\/www.recom.link\/bhsc\/ratna-sjecanja-i-selektivna-amnezija\/","og_site_name":"REKOM ~ KOMRA ~ RECOM","article_publisher":"https:\/\/www.facebook.com\/ZaREKOM.PerKOMRA.ForRECOM\/","article_published_time":"2024-01-29T16:19:04+00:00","article_modified_time":"2024-01-29T16:45:13+00:00","og_image":[{"width":570,"height":380,"url":"https:\/\/www.recom.link\/wp-content\/uploads\/2024\/01\/Al-Jazeera-Balkans-Muzej-zlocina-protiv-covjecnosti-i-genocida-1992-1995.webp","type":"image\/webp"}],"author":"Vladan \u0110ukanovi\u0107","twitter_card":"summary_large_image","twitter_creator":"@REKOM_KOMRA","twitter_site":"@REKOM_KOMRA","twitter_misc":{"Written by":"Vladan \u0110ukanovi\u0107","Est. reading time":"8 minutes"},"schema":{"@context":"https:\/\/schema.org","@graph":[{"@type":"WebPage","@id":"https:\/\/www.recom.link\/bhsc\/ratna-sjecanja-i-selektivna-amnezija\/","url":"https:\/\/www.recom.link\/bhsc\/ratna-sjecanja-i-selektivna-amnezija\/","name":"Ratna sje\u0107anja i selektivna amnezija - REKOM ~ KOMRA ~ RECOM","isPartOf":{"@id":"https:\/\/www.recom.link\/en\/#website"},"primaryImageOfPage":{"@id":"https:\/\/www.recom.link\/bhsc\/ratna-sjecanja-i-selektivna-amnezija\/#primaryimage"},"image":{"@id":"https:\/\/www.recom.link\/bhsc\/ratna-sjecanja-i-selektivna-amnezija\/#primaryimage"},"thumbnailUrl":"https:\/\/www.recom.link\/wp-content\/uploads\/2024\/01\/Al-Jazeera-Balkans-Muzej-zlocina-protiv-covjecnosti-i-genocida-1992-1995.webp","datePublished":"2024-01-29T16:19:04+00:00","dateModified":"2024-01-29T16:45:13+00:00","author":{"@id":"https:\/\/www.recom.link\/en\/#\/schema\/person\/45c67016773fce18b915d67653d20546"},"breadcrumb":{"@id":"https:\/\/www.recom.link\/bhsc\/ratna-sjecanja-i-selektivna-amnezija\/#breadcrumb"},"inLanguage":"bhsc","potentialAction":[{"@type":"ReadAction","target":["https:\/\/www.recom.link\/bhsc\/ratna-sjecanja-i-selektivna-amnezija\/"]}]},{"@type":"ImageObject","inLanguage":"bhsc","@id":"https:\/\/www.recom.link\/bhsc\/ratna-sjecanja-i-selektivna-amnezija\/#primaryimage","url":"https:\/\/www.recom.link\/wp-content\/uploads\/2024\/01\/Al-Jazeera-Balkans-Muzej-zlocina-protiv-covjecnosti-i-genocida-1992-1995.webp","contentUrl":"https:\/\/www.recom.link\/wp-content\/uploads\/2024\/01\/Al-Jazeera-Balkans-Muzej-zlocina-protiv-covjecnosti-i-genocida-1992-1995.webp","width":570,"height":380},{"@type":"BreadcrumbList","@id":"https:\/\/www.recom.link\/bhsc\/ratna-sjecanja-i-selektivna-amnezija\/#breadcrumb","itemListElement":[{"@type":"ListItem","position":1,"name":"Home","item":"https:\/\/www.recom.link\/en\/"},{"@type":"ListItem","position":2,"name":"Ratna sje\u0107anja i selektivna amnezija"}]},{"@type":"WebSite","@id":"https:\/\/www.recom.link\/en\/#website","url":"https:\/\/www.recom.link\/en\/","name":"REKOM ~ KOMRA ~ RECOM","description":"","potentialAction":[{"@type":"SearchAction","target":{"@type":"EntryPoint","urlTemplate":"https:\/\/www.recom.link\/en\/?s={search_term_string}"},"query-input":{"@type":"PropertyValueSpecification","valueRequired":true,"valueName":"search_term_string"}}],"inLanguage":"bhsc"},{"@type":"Person","@id":"https:\/\/www.recom.link\/en\/#\/schema\/person\/45c67016773fce18b915d67653d20546","name":"Vladan \u0110ukanovi\u0107","image":{"@type":"ImageObject","inLanguage":"bhsc","@id":"https:\/\/www.recom.link\/en\/#\/schema\/person\/image\/","url":"https:\/\/secure.gravatar.com\/avatar\/d153b1f796e6814b666ac164889a9880?s=96&d=mm&r=g","contentUrl":"https:\/\/secure.gravatar.com\/avatar\/d153b1f796e6814b666ac164889a9880?s=96&d=mm&r=g","caption":"Vladan \u0110ukanovi\u0107"},"url":"https:\/\/www.recom.link\/bhsc\/author\/vladan\/"}]}},"_links":{"self":[{"href":"https:\/\/www.recom.link\/bhsc\/wp-json\/wp\/v2\/posts\/189631"}],"collection":[{"href":"https:\/\/www.recom.link\/bhsc\/wp-json\/wp\/v2\/posts"}],"about":[{"href":"https:\/\/www.recom.link\/bhsc\/wp-json\/wp\/v2\/types\/post"}],"author":[{"embeddable":true,"href":"https:\/\/www.recom.link\/bhsc\/wp-json\/wp\/v2\/users\/121"}],"replies":[{"embeddable":true,"href":"https:\/\/www.recom.link\/bhsc\/wp-json\/wp\/v2\/comments?post=189631"}],"version-history":[{"count":5,"href":"https:\/\/www.recom.link\/bhsc\/wp-json\/wp\/v2\/posts\/189631\/revisions"}],"predecessor-version":[{"id":189642,"href":"https:\/\/www.recom.link\/bhsc\/wp-json\/wp\/v2\/posts\/189631\/revisions\/189642"}],"wp:featuredmedia":[{"embeddable":true,"href":"https:\/\/www.recom.link\/bhsc\/wp-json\/wp\/v2\/media\/189632"}],"wp:attachment":[{"href":"https:\/\/www.recom.link\/bhsc\/wp-json\/wp\/v2\/media?parent=189631"}],"wp:term":[{"taxonomy":"category","embeddable":true,"href":"https:\/\/www.recom.link\/bhsc\/wp-json\/wp\/v2\/categories?post=189631"},{"taxonomy":"post_tag","embeddable":true,"href":"https:\/\/www.recom.link\/bhsc\/wp-json\/wp\/v2\/tags?post=189631"}],"curies":[{"name":"wp","href":"https:\/\/api.w.org\/{rel}","templated":true}]}}