{"id":189534,"date":"2023-12-08T13:01:13","date_gmt":"2023-12-08T12:01:13","guid":{"rendered":"https:\/\/www.recom.link\/?p=189534"},"modified":"2023-12-08T13:04:12","modified_gmt":"2023-12-08T12:04:12","slug":"spomen-ploca-kao-upozorenje-da-se-zlocin-ne-ponovi","status":"publish","type":"post","link":"https:\/\/www.recom.link\/bhsc\/spomen-ploca-kao-upozorenje-da-se-zlocin-ne-ponovi\/","title":{"rendered":"Spomen-plo\u010da kao upozorenje da se zlo\u010din ne ponovi"},"content":{"rendered":"<div class=\"abstract\">\n<p><em>\u017delim zahvaliti partnerima iz SNV-a koji su omogu\u0107ili da se na mjestu ubojstva Aleksandre Zec i njene majke postavi spomen-plo\u010da koja ozna\u010dava mra\u010dnu uspomenu ovjekovje\u010denu u kolektivnoj memoriji i povijesti Zagreba, kazao je gradona\u010delnik Tomislav Toma\u0161evi\u0107<\/em><\/p>\n<p>&nbsp;<\/p>\n<\/div>\n<div id=\"content_holder\">\n<div class=\"content\">\n<p>Stravi\u010dno ubojstvo jedne obitelji zbog srpskog porijekla te 1991. godine moglo je ostati samo simbol tragedije srpske zajednice u Zagrebu. Sje\u0107anje na taj zlo\u010din i \u017eal mogli su ostati zatvoreni unutar sku\u010denih granica pam\u0107enja jednog naroda samo na svoje \u017ertve. Me\u0111utim, ni danas, kao ni protekle 32 godine, to nije tako. Revolt zbog svega \u0161to se dogodilo obitelji <span class=\"smallCaps\">Zec<\/span> \u2013 <span class=\"smallCaps\">Mihajlu, Mariji, Aleksandri<\/span>, kao i <span class=\"smallCaps\">Du\u0161anu<\/span> i <span class=\"smallCaps\">Gordani<\/span> \u2013 te kobne ve\u010deri 7. decembra, ali i u godinama nakon nje, uvijek je bio dijeljen preko granica nacionalnih identiteta. Zato je nu\u017eno da se danas, kao i svih ranijih godina, sjetimo svih ostalih koji su u tim tragi\u010dnim vremenima do\u017eivjeli sli\u010dnu sudbinu, bez obzira na njihovu nacionalnost &#8211; rekao je <span class=\"smallCaps\">Nikola Vukobratovi\u0107<\/span> iz Srpskog narodnog vije\u0107a na 32. godi\u0161njicu ubojstva 12-godi\u0161nje djevoj\u010dice Aleksandre i njenih roditelja Marije i Mihajla.<\/p>\n<p>Kao i svake godine, SNV i Antifa\u0161isti\u010dka liga RH organizirali su komemoraciju za obitelj Zec na Adolfovcu, na zagreba\u010dkom Sljemenu, lokalitetu gdje su pripadnici postrojbe <span class=\"smallCaps\">Tomislava Mer\u010depa<\/span> usmrtili majku i k\u0107erku. Mihajlo Zec ubijen je nekoliko sati prije na pragu obiteljske ku\u0107e na Tre\u0161njevci.<\/p>\n<p>Nakon vi\u0161egodi\u0161njih napora i inicijativa da se mjesto stra\u0161nog zlo\u010dina obilje\u017ei, Grad Zagreb je pod vodstvom gradona\u010delnika <span class=\"smallCaps\">Tomislava Toma\u0161evi\u0107a<\/span>, i u suradnji sa SNV-om, postavio spomen-plo\u010du za tragi\u010dno nastradalu obitelj.<\/p>\n<p>Toma\u0161evi\u0107 je istaknuo da je kao gradona\u010delnik tre\u0107i put &#8220;na ovom tu\u017enom mjestu na ovaj tu\u017ean datum.&#8221;<\/p>\n<p>&#8211; Tog, 7. prosinca 1991. Aleksandra Zec je imala 12 godina. Bila je djevoj\u010dica, Zagrep\u010danka. Ja sam imao nepunih 10 godina, bili smo gotovo vr\u0161njaci. Kao \u0161to svi znamo, ubojice koje su po\u010dinile stra\u0161an zlo\u010din, iako su ga priznali, nikad nisu za to odgovarali. To je sramota. Prije godinu dana sam rekao da \u0107emo na ovom tu\u017enom mjestu postaviti obilje\u017eje. \u017delim zahvaliti partnerima iz SNV-a i svim drugim inicijativama koje su omogu\u0107ile da se ovdje postavi spomen-plo\u010da koja ozna\u010dava mra\u010dnu uspomenu ovjekovje\u010denu u kolektivnoj memoriji i povijesti Zagreba. Spomen-plo\u010da nas upozorava kakav stra\u0161an zlo\u010din se ovdje dogodio, kako se vi\u0161e nikad i nikome ne bi ponovio. Neka nas ovo obilje\u017eje podsje\u0107a na njega i bude upozorenje mra\u010dne epizode iz pro\u0161losti i podsjetnik za budu\u0107nost u kojoj Zagreb mora biti, bio je i bit \u0107e otvoren grad, grad razlika i razli\u010ditosti, grad u kojem nitko nije diskriminiran, u kojem svi ljudi koji u njemu \u017eive s ponosom ka\u017eu: &#8220;Zagreb je na\u0161 grad&#8221;. Pozivam vas i sve druge da takav grad gradimo u budu\u0107nosti &#8211; poru\u010dio je Toma\u0161evi\u0107.<\/p>\n<p>&nbsp;<\/p>\n<figure style=\"width: 620px\" class=\"wp-caption alignnone\"><img loading=\"lazy\" decoding=\"async\" src=\"https:\/\/www.portalnovosti.com\/system\/image\/image\/3115\/full_zec1_kozul_simek.jpg\" alt=\"\" width=\"620\" height=\"372\" \/><figcaption class=\"wp-caption-text\">Nikola Ko\u017eul iz Srpskog narodnog vije\u0107a i Senna \u0160imek iz Inicijative mladih za ljudskih prava (Foto: Sandro Lendler)<\/figcaption><\/figure>\n<p>&nbsp;<\/p>\n<p>U ime Antifa\u0161isti\u010dke lige o sje\u0107anju na civilne \u017ertve rata i zna\u010daju tog sje\u0107anja za budu\u0107nost, govorili su mladi. <span class=\"smallCaps\">Senna<\/span> <span class=\"smallCaps\">\u0160imek<\/span> iz Inicijative mladih za ljudskih prava i <span class=\"smallCaps\">Nikola Ko\u017eul<\/span> iz Srpskog narodnog vije\u0107a, ujedno i \u010dlanovi Savjeta mladih Grada Zagreba, kazali su da su pripadnici generacije koja je &#8220;odrastala pod teretom ratne pro\u0161losti i koja posljedice toga \u017eivi i dalje.&#8221;<\/p>\n<p>&#8211; Na na\u0161e je \u017eivote nepotrebno utjecala \u010dinjenica da je Nikola Srbin, a ja Hrvatica i da smo odrastali u nezrelom dru\u0161tvu u kojem se \u010desto predbacivala krivica, a rijetko preuzimala odgovornost. U dru\u0161tvu u kojem su po\u010dinitelji prolazili neka\u017enjeno, a \u017ertve se svjesno zaboravljalo &#8211; kazala je \u0160imek.<\/p>\n<p>Ko\u017eul je poru\u010dio da mladi pamte sve \u017ertve besmislenih ratova 1990-ih, bez obzira na njihovu nacionalnost.<\/p>\n<p>&#8211; Pamtimo njihove obitelji koje su ostale bez najmilijih, sve protjerane bez doma i rodnog zavi\u010daja, osiroma\u0161ene bez radnih mjesta i egzistencije. Pamtimo svu djecu koja su u takvim okolnostima morala odrastati, a naro\u010dito onu koja nisu uspjela odrasti. Pamtimo Aleksandru Zec. Ali pamtimo i zlo\u010dince, njihova sramna nedjela i besramne za\u0161titnike: one koji su po\u010dinitelje oslobodili, a zatim i odlikovali, kao i one koji motive ubojstva danas relativiziraju. Slu\u010daj obitelji Zec oslikava slijepo nasilje, ne samo prema na\u0161im najugro\u017eenijim sugra\u0111anima, ve\u0107 i prema institucijama pravne dr\u017eave, ideji demokracije i ljudskih prava &#8211; rekao je Ko\u017eul i dodao da je potrebno stvoriti dru\u0161tvo u koje \u0107e se Du\u0161an i Gordana, Aleksandrini brat i sestra, mo\u0107i normalno vratiti u Hrvatsku.<\/p>\n<p>&#8211; Jer Zagreb je i njihov rodni grad, a Hrvatska zemlja za sve nas &#8211; poru\u010dio je.<\/p>\n<p>Senna \u0160imek je naglasila da je ponosna \u0161to Zagreb vi\u0161e ne bje\u017ei od svoje pro\u0161losti, ve\u0107 je hrabro prihva\u0107a i s njome \u017eivi.<\/p>\n<p>&#8211; Ova spomen-plo\u010da svima nam mora slu\u017eiti kao podsjetnik \u0161to sve ratni vihor \u010dini i koga u svakom trenutku mo\u017ee odnijeti. Posebice u dana\u0161njem svijetu u kojem rat ponovno zamjenjuje dijalog. Isto tako, ovo mjesto, iako fizi\u010dki dokaz ljudske sposobnosti za destrukciju, istovremeno mo\u017ee biti i primjer na\u0161eg potencijala da iz pro\u0161losti zaista mo\u017eemo u\u010diti &#8211; kazala je \u0160imek.<\/p>\n<p>&nbsp;<\/p>\n<figure style=\"width: 620px\" class=\"wp-caption alignnone\"><img loading=\"lazy\" decoding=\"async\" src=\"https:\/\/www.portalnovosti.com\/system\/image\/image\/3116\/full_zec2_pupi.jpg\" alt=\"\" width=\"620\" height=\"372\" \/><figcaption class=\"wp-caption-text\">Milorad Pupovac pola\u017ee cvijet pred spomen-plo\u010du (Foto: Sandro Lendler)<\/figcaption><\/figure>\n<p>&nbsp;<\/p>\n<p><span class=\"smallCaps\">Milorad Pupovac<\/span>, predsjednik SNV-a, u izjavi za medije rekao je da je mjesto ubojstva Marije i Aleksandre Zec kona\u010dno dostojno obilje\u017eeno. Svi oni koji su godinama inzistirali na tome, danas izra\u017eavaju svoju zahvalnost Gradu Zagrebu koji je podr\u017eao podizanje ovog znamenja, poru\u010dio je Pupovac. Ocijenio je da je to zna\u010dajno za grad, za dr\u017eavu te da je obilje\u017eavanje zna\u010dajno kao pokazatelj kako se treba sje\u0107ati i kako treba graditi toleranciju i mir me\u0111u ljudima.<\/p>\n<p>Za vizualno oblikovanje spomen-obilje\u017eja i memorijalnog mjesta zaslu\u017eni su kolektivi Skroz, Numen i <span class=\"smallCaps\">Lana Grahek<\/span>.<\/p>\n<p>&nbsp;<\/p>\n<div class=\"code-block code-block-3 code-block-block-3\">\n<div class=\"danas-dfp \">\n<hr \/>\n<p><em>Ovaj tekst je preuzet sa portala <a href=\"https:\/\/www.portalnovosti.com\/spomen-ploca-kao-upozorenje-da-se-zlocin-ne-ponovi\" target=\"_blank\" rel=\"noopener\">Novosti<\/a>.<\/em><\/p>\n<\/div>\n<\/div>\n<\/div>\n<\/div>\n","protected":false},"excerpt":{"rendered":"\u017delim zahvaliti partnerima iz SNV-a koji su omogu\u0107ili da se na mjestu ubojstva Aleksandre Zec i njene majke postavi spomen-plo\u010da&#8230; ","protected":false},"author":121,"featured_media":189538,"comment_status":"closed","ping_status":"open","sticky":true,"template":"","format":"standard","meta":{"_acf_changed":false,"footnotes":""},"categories":[1789,422],"tags":[],"class_list":["post-189534","post","type-post","status-publish","format-standard","has-post-thumbnail","hentry","category-memorijalizacija","category-vesti-bhsc"],"acf":[],"yoast_head":"<!-- This site is optimized with the Yoast SEO plugin v25.6 - https:\/\/yoast.com\/wordpress\/plugins\/seo\/ -->\n<title>Spomen-plo\u010da kao upozorenje da se zlo\u010din ne ponovi - REKOM ~ KOMRA ~ RECOM<\/title>\n<meta name=\"robots\" content=\"index, follow, max-snippet:-1, max-image-preview:large, max-video-preview:-1\" \/>\n<link rel=\"canonical\" href=\"https:\/\/www.recom.link\/bhsc\/spomen-ploca-kao-upozorenje-da-se-zlocin-ne-ponovi\/\" \/>\n<meta property=\"og:locale\" content=\"en_US\" \/>\n<meta property=\"og:type\" content=\"article\" \/>\n<meta property=\"og:title\" content=\"Spomen-plo\u010da kao upozorenje da se zlo\u010din ne ponovi - REKOM ~ KOMRA ~ RECOM\" \/>\n<meta property=\"og:description\" content=\"\u017delim zahvaliti partnerima iz SNV-a koji su omogu\u0107ili da se na mjestu ubojstva Aleksandre Zec i njene majke postavi spomen-plo\u010da...\" \/>\n<meta property=\"og:url\" content=\"https:\/\/www.recom.link\/bhsc\/spomen-ploca-kao-upozorenje-da-se-zlocin-ne-ponovi\/\" \/>\n<meta property=\"og:site_name\" content=\"REKOM ~ KOMRA ~ RECOM\" \/>\n<meta property=\"article:publisher\" content=\"https:\/\/www.facebook.com\/ZaREKOM.PerKOMRA.ForRECOM\/\" \/>\n<meta property=\"article:published_time\" content=\"2023-12-08T12:01:13+00:00\" \/>\n<meta property=\"article:modified_time\" content=\"2023-12-08T12:04:12+00:00\" \/>\n<meta property=\"og:image\" content=\"https:\/\/www.recom.link\/wp-content\/uploads\/2023\/12\/Zec-Sljeme-Zagreb-Novosti-2023.jpg\" \/>\n\t<meta property=\"og:image:width\" content=\"1200\" \/>\n\t<meta property=\"og:image:height\" content=\"720\" \/>\n\t<meta property=\"og:image:type\" content=\"image\/jpeg\" \/>\n<meta name=\"author\" content=\"Vladan \u0110ukanovi\u0107\" \/>\n<meta name=\"twitter:card\" content=\"summary_large_image\" \/>\n<meta name=\"twitter:creator\" content=\"@REKOM_KOMRA\" \/>\n<meta name=\"twitter:site\" content=\"@REKOM_KOMRA\" \/>\n<meta name=\"twitter:label1\" content=\"Written by\" \/>\n\t<meta name=\"twitter:data1\" content=\"Vladan \u0110ukanovi\u0107\" \/>\n\t<meta name=\"twitter:label2\" content=\"Est. reading time\" \/>\n\t<meta name=\"twitter:data2\" content=\"5 minutes\" \/>\n<script type=\"application\/ld+json\" class=\"yoast-schema-graph\">{\"@context\":\"https:\/\/schema.org\",\"@graph\":[{\"@type\":\"WebPage\",\"@id\":\"https:\/\/www.recom.link\/bhsc\/spomen-ploca-kao-upozorenje-da-se-zlocin-ne-ponovi\/\",\"url\":\"https:\/\/www.recom.link\/bhsc\/spomen-ploca-kao-upozorenje-da-se-zlocin-ne-ponovi\/\",\"name\":\"Spomen-plo\u010da kao upozorenje da se zlo\u010din ne ponovi - REKOM ~ KOMRA ~ RECOM\",\"isPartOf\":{\"@id\":\"https:\/\/www.recom.link\/en\/#website\"},\"primaryImageOfPage\":{\"@id\":\"https:\/\/www.recom.link\/bhsc\/spomen-ploca-kao-upozorenje-da-se-zlocin-ne-ponovi\/#primaryimage\"},\"image\":{\"@id\":\"https:\/\/www.recom.link\/bhsc\/spomen-ploca-kao-upozorenje-da-se-zlocin-ne-ponovi\/#primaryimage\"},\"thumbnailUrl\":\"https:\/\/www.recom.link\/wp-content\/uploads\/2023\/12\/Zec-Sljeme-Zagreb-Novosti-2023.jpg\",\"datePublished\":\"2023-12-08T12:01:13+00:00\",\"dateModified\":\"2023-12-08T12:04:12+00:00\",\"author\":{\"@id\":\"https:\/\/www.recom.link\/en\/#\/schema\/person\/45c67016773fce18b915d67653d20546\"},\"breadcrumb\":{\"@id\":\"https:\/\/www.recom.link\/bhsc\/spomen-ploca-kao-upozorenje-da-se-zlocin-ne-ponovi\/#breadcrumb\"},\"inLanguage\":\"bhsc\",\"potentialAction\":[{\"@type\":\"ReadAction\",\"target\":[\"https:\/\/www.recom.link\/bhsc\/spomen-ploca-kao-upozorenje-da-se-zlocin-ne-ponovi\/\"]}]},{\"@type\":\"ImageObject\",\"inLanguage\":\"bhsc\",\"@id\":\"https:\/\/www.recom.link\/bhsc\/spomen-ploca-kao-upozorenje-da-se-zlocin-ne-ponovi\/#primaryimage\",\"url\":\"https:\/\/www.recom.link\/wp-content\/uploads\/2023\/12\/Zec-Sljeme-Zagreb-Novosti-2023.jpg\",\"contentUrl\":\"https:\/\/www.recom.link\/wp-content\/uploads\/2023\/12\/Zec-Sljeme-Zagreb-Novosti-2023.jpg\",\"width\":1200,\"height\":720,\"caption\":\"Tomislav Toma\u0161evi\u0107 pola\u017ee cvije\u0107e pred spomen-plo\u010du (foto Sandro Lendler)\"},{\"@type\":\"BreadcrumbList\",\"@id\":\"https:\/\/www.recom.link\/bhsc\/spomen-ploca-kao-upozorenje-da-se-zlocin-ne-ponovi\/#breadcrumb\",\"itemListElement\":[{\"@type\":\"ListItem\",\"position\":1,\"name\":\"Home\",\"item\":\"https:\/\/www.recom.link\/en\/\"},{\"@type\":\"ListItem\",\"position\":2,\"name\":\"Spomen-plo\u010da kao upozorenje da se zlo\u010din ne ponovi\"}]},{\"@type\":\"WebSite\",\"@id\":\"https:\/\/www.recom.link\/en\/#website\",\"url\":\"https:\/\/www.recom.link\/en\/\",\"name\":\"REKOM ~ KOMRA ~ RECOM\",\"description\":\"\",\"potentialAction\":[{\"@type\":\"SearchAction\",\"target\":{\"@type\":\"EntryPoint\",\"urlTemplate\":\"https:\/\/www.recom.link\/en\/?s={search_term_string}\"},\"query-input\":{\"@type\":\"PropertyValueSpecification\",\"valueRequired\":true,\"valueName\":\"search_term_string\"}}],\"inLanguage\":\"bhsc\"},{\"@type\":\"Person\",\"@id\":\"https:\/\/www.recom.link\/en\/#\/schema\/person\/45c67016773fce18b915d67653d20546\",\"name\":\"Vladan \u0110ukanovi\u0107\",\"image\":{\"@type\":\"ImageObject\",\"inLanguage\":\"bhsc\",\"@id\":\"https:\/\/www.recom.link\/en\/#\/schema\/person\/image\/\",\"url\":\"https:\/\/secure.gravatar.com\/avatar\/d153b1f796e6814b666ac164889a9880?s=96&d=mm&r=g\",\"contentUrl\":\"https:\/\/secure.gravatar.com\/avatar\/d153b1f796e6814b666ac164889a9880?s=96&d=mm&r=g\",\"caption\":\"Vladan \u0110ukanovi\u0107\"},\"url\":\"https:\/\/www.recom.link\/bhsc\/author\/vladan\/\"}]}<\/script>\n<!-- \/ Yoast SEO plugin. -->","yoast_head_json":{"title":"Spomen-plo\u010da kao upozorenje da se zlo\u010din ne ponovi - REKOM ~ KOMRA ~ RECOM","robots":{"index":"index","follow":"follow","max-snippet":"max-snippet:-1","max-image-preview":"max-image-preview:large","max-video-preview":"max-video-preview:-1"},"canonical":"https:\/\/www.recom.link\/bhsc\/spomen-ploca-kao-upozorenje-da-se-zlocin-ne-ponovi\/","og_locale":"en_US","og_type":"article","og_title":"Spomen-plo\u010da kao upozorenje da se zlo\u010din ne ponovi - REKOM ~ KOMRA ~ RECOM","og_description":"\u017delim zahvaliti partnerima iz SNV-a koji su omogu\u0107ili da se na mjestu ubojstva Aleksandre Zec i njene majke postavi spomen-plo\u010da...","og_url":"https:\/\/www.recom.link\/bhsc\/spomen-ploca-kao-upozorenje-da-se-zlocin-ne-ponovi\/","og_site_name":"REKOM ~ KOMRA ~ RECOM","article_publisher":"https:\/\/www.facebook.com\/ZaREKOM.PerKOMRA.ForRECOM\/","article_published_time":"2023-12-08T12:01:13+00:00","article_modified_time":"2023-12-08T12:04:12+00:00","og_image":[{"width":1200,"height":720,"url":"https:\/\/www.recom.link\/wp-content\/uploads\/2023\/12\/Zec-Sljeme-Zagreb-Novosti-2023.jpg","type":"image\/jpeg"}],"author":"Vladan \u0110ukanovi\u0107","twitter_card":"summary_large_image","twitter_creator":"@REKOM_KOMRA","twitter_site":"@REKOM_KOMRA","twitter_misc":{"Written by":"Vladan \u0110ukanovi\u0107","Est. reading time":"5 minutes"},"schema":{"@context":"https:\/\/schema.org","@graph":[{"@type":"WebPage","@id":"https:\/\/www.recom.link\/bhsc\/spomen-ploca-kao-upozorenje-da-se-zlocin-ne-ponovi\/","url":"https:\/\/www.recom.link\/bhsc\/spomen-ploca-kao-upozorenje-da-se-zlocin-ne-ponovi\/","name":"Spomen-plo\u010da kao upozorenje da se zlo\u010din ne ponovi - REKOM ~ KOMRA ~ RECOM","isPartOf":{"@id":"https:\/\/www.recom.link\/en\/#website"},"primaryImageOfPage":{"@id":"https:\/\/www.recom.link\/bhsc\/spomen-ploca-kao-upozorenje-da-se-zlocin-ne-ponovi\/#primaryimage"},"image":{"@id":"https:\/\/www.recom.link\/bhsc\/spomen-ploca-kao-upozorenje-da-se-zlocin-ne-ponovi\/#primaryimage"},"thumbnailUrl":"https:\/\/www.recom.link\/wp-content\/uploads\/2023\/12\/Zec-Sljeme-Zagreb-Novosti-2023.jpg","datePublished":"2023-12-08T12:01:13+00:00","dateModified":"2023-12-08T12:04:12+00:00","author":{"@id":"https:\/\/www.recom.link\/en\/#\/schema\/person\/45c67016773fce18b915d67653d20546"},"breadcrumb":{"@id":"https:\/\/www.recom.link\/bhsc\/spomen-ploca-kao-upozorenje-da-se-zlocin-ne-ponovi\/#breadcrumb"},"inLanguage":"bhsc","potentialAction":[{"@type":"ReadAction","target":["https:\/\/www.recom.link\/bhsc\/spomen-ploca-kao-upozorenje-da-se-zlocin-ne-ponovi\/"]}]},{"@type":"ImageObject","inLanguage":"bhsc","@id":"https:\/\/www.recom.link\/bhsc\/spomen-ploca-kao-upozorenje-da-se-zlocin-ne-ponovi\/#primaryimage","url":"https:\/\/www.recom.link\/wp-content\/uploads\/2023\/12\/Zec-Sljeme-Zagreb-Novosti-2023.jpg","contentUrl":"https:\/\/www.recom.link\/wp-content\/uploads\/2023\/12\/Zec-Sljeme-Zagreb-Novosti-2023.jpg","width":1200,"height":720,"caption":"Tomislav Toma\u0161evi\u0107 pola\u017ee cvije\u0107e pred spomen-plo\u010du (foto Sandro Lendler)"},{"@type":"BreadcrumbList","@id":"https:\/\/www.recom.link\/bhsc\/spomen-ploca-kao-upozorenje-da-se-zlocin-ne-ponovi\/#breadcrumb","itemListElement":[{"@type":"ListItem","position":1,"name":"Home","item":"https:\/\/www.recom.link\/en\/"},{"@type":"ListItem","position":2,"name":"Spomen-plo\u010da kao upozorenje da se zlo\u010din ne ponovi"}]},{"@type":"WebSite","@id":"https:\/\/www.recom.link\/en\/#website","url":"https:\/\/www.recom.link\/en\/","name":"REKOM ~ KOMRA ~ RECOM","description":"","potentialAction":[{"@type":"SearchAction","target":{"@type":"EntryPoint","urlTemplate":"https:\/\/www.recom.link\/en\/?s={search_term_string}"},"query-input":{"@type":"PropertyValueSpecification","valueRequired":true,"valueName":"search_term_string"}}],"inLanguage":"bhsc"},{"@type":"Person","@id":"https:\/\/www.recom.link\/en\/#\/schema\/person\/45c67016773fce18b915d67653d20546","name":"Vladan \u0110ukanovi\u0107","image":{"@type":"ImageObject","inLanguage":"bhsc","@id":"https:\/\/www.recom.link\/en\/#\/schema\/person\/image\/","url":"https:\/\/secure.gravatar.com\/avatar\/d153b1f796e6814b666ac164889a9880?s=96&d=mm&r=g","contentUrl":"https:\/\/secure.gravatar.com\/avatar\/d153b1f796e6814b666ac164889a9880?s=96&d=mm&r=g","caption":"Vladan \u0110ukanovi\u0107"},"url":"https:\/\/www.recom.link\/bhsc\/author\/vladan\/"}]}},"_links":{"self":[{"href":"https:\/\/www.recom.link\/bhsc\/wp-json\/wp\/v2\/posts\/189534"}],"collection":[{"href":"https:\/\/www.recom.link\/bhsc\/wp-json\/wp\/v2\/posts"}],"about":[{"href":"https:\/\/www.recom.link\/bhsc\/wp-json\/wp\/v2\/types\/post"}],"author":[{"embeddable":true,"href":"https:\/\/www.recom.link\/bhsc\/wp-json\/wp\/v2\/users\/121"}],"replies":[{"embeddable":true,"href":"https:\/\/www.recom.link\/bhsc\/wp-json\/wp\/v2\/comments?post=189534"}],"version-history":[{"count":4,"href":"https:\/\/www.recom.link\/bhsc\/wp-json\/wp\/v2\/posts\/189534\/revisions"}],"predecessor-version":[{"id":189544,"href":"https:\/\/www.recom.link\/bhsc\/wp-json\/wp\/v2\/posts\/189534\/revisions\/189544"}],"wp:featuredmedia":[{"embeddable":true,"href":"https:\/\/www.recom.link\/bhsc\/wp-json\/wp\/v2\/media\/189538"}],"wp:attachment":[{"href":"https:\/\/www.recom.link\/bhsc\/wp-json\/wp\/v2\/media?parent=189534"}],"wp:term":[{"taxonomy":"category","embeddable":true,"href":"https:\/\/www.recom.link\/bhsc\/wp-json\/wp\/v2\/categories?post=189534"},{"taxonomy":"post_tag","embeddable":true,"href":"https:\/\/www.recom.link\/bhsc\/wp-json\/wp\/v2\/tags?post=189534"}],"curies":[{"name":"wp","href":"https:\/\/api.w.org\/{rel}","templated":true}]}}