{"id":189501,"date":"2023-11-19T12:25:57","date_gmt":"2023-11-19T11:25:57","guid":{"rendered":"https:\/\/www.recom.link\/?p=189501"},"modified":"2023-11-19T12:25:57","modified_gmt":"2023-11-19T11:25:57","slug":"poseta-logoru-stajicevo-septembar-2005-godina","status":"publish","type":"post","link":"https:\/\/www.recom.link\/bhsc\/poseta-logoru-stajicevo-septembar-2005-godina\/","title":{"rendered":"Poseta logoru Staji\u0107evo, septembar 2005. godine"},"content":{"rendered":"<p>Ekonomija \u201eLivade\u201c u selu Staji\u0107evo kod Zrenjanina kori\u0161\u0107ena je za zato\u010davanje oko 1200 pripadnika oru\u017eanih snaga Hrvatske i civila, me\u0111u kojima je bilo dece, maloletnika, \u017eena, starijih i bolesnih osoba, od 20. novembra do 22. decembra 1991. godine. Nakon posete MKCK, maloletnici, starije i bolesne osobe, \u017eene i deca su oslobo\u0111eni. Preostalih 714 je preba\u010deno u druge logore i zatvore u Srbiji. Svi su razmenjeni 14. avgusta 1992. godine prema principu \u201esvi za sve\u201c.<\/p>\n<p>Mirko Kova\u010di\u0107 i njegov sin Darko bili su zato\u010deni tri nedelje. On je jedini zato\u010denik koji je do danas (kraj 2023.) imao prilike da do\u0111e u Staji\u0107evo i pro\u0111e \u0161talama u kojima su bili zatvoreni. U septembru 2005. godine, nakon su\u0111enja za ratne zlo\u010dine po\u010dinjene u Ov\u010dari, Nata\u0161a Kandi\u0107, Mirko Kova\u010di\u0107, i nekoliko majki \u010diji su sinovi nestali u Vukovaru, bez obave\u0161tavanja vlasti u Zrenjaninu, do\u0161li su u Staji\u0107evo i u\u0161li u objekat nekada\u0161njeg logora. Mirko Kova\u010di\u0107 je pri\u010dao o danima provedenim u logoru.<\/p>\n<p>&nbsp;<\/p>\n<div class=\"text-center\"><iframe loading=\"lazy\" title=\"YouTube video player\" src=\"https:\/\/www.youtube.com\/embed\/0SiXgDNGV1s?si=DhxftZsMRlasGyUY\" width=\"560\" height=\"315\" frameborder=\"0\" allowfullscreen=\"allowfullscreen\"><\/iframe><\/div>\n","protected":false},"excerpt":{"rendered":"Ekonomija \u201eLivade\u201c u selu Staji\u0107evo kod Zrenjanina kori\u0161\u0107ena je za zato\u010davanje oko 1200 pripadnika oru\u017eanih snaga Hrvatske i civila, me\u0111u&#8230; ","protected":false},"author":121,"featured_media":189504,"comment_status":"closed","ping_status":"open","sticky":false,"template":"","format":"standard","meta":{"_acf_changed":false,"footnotes":""},"categories":[2653,1789],"tags":[4091,4090],"class_list":["post-189501","post","type-post","status-publish","format-standard","has-post-thumbnail","hentry","category-frontpage-bhsc","category-memorijalizacija","tag-mirko-kovacic","tag-stajicevo"],"acf":[],"yoast_head":"<!-- This site is optimized with the Yoast SEO plugin v25.6 - https:\/\/yoast.com\/wordpress\/plugins\/seo\/ -->\n<title>Poseta logoru Staji\u0107evo, septembar 2005. godine - REKOM ~ KOMRA ~ RECOM<\/title>\n<meta name=\"robots\" content=\"index, follow, max-snippet:-1, max-image-preview:large, max-video-preview:-1\" \/>\n<link rel=\"canonical\" href=\"https:\/\/www.recom.link\/bhsc\/poseta-logoru-stajicevo-septembar-2005-godina\/\" \/>\n<meta property=\"og:locale\" content=\"en_US\" \/>\n<meta property=\"og:type\" content=\"article\" \/>\n<meta property=\"og:title\" content=\"Poseta logoru Staji\u0107evo, septembar 2005. godine - REKOM ~ KOMRA ~ RECOM\" \/>\n<meta property=\"og:description\" content=\"Ekonomija \u201eLivade\u201c u selu Staji\u0107evo kod Zrenjanina kori\u0161\u0107ena je za zato\u010davanje oko 1200 pripadnika oru\u017eanih snaga Hrvatske i civila, me\u0111u...\" \/>\n<meta property=\"og:url\" content=\"https:\/\/www.recom.link\/bhsc\/poseta-logoru-stajicevo-septembar-2005-godina\/\" \/>\n<meta property=\"og:site_name\" content=\"REKOM ~ KOMRA ~ RECOM\" \/>\n<meta property=\"article:publisher\" content=\"https:\/\/www.facebook.com\/ZaREKOM.PerKOMRA.ForRECOM\/\" \/>\n<meta property=\"article:published_time\" content=\"2023-11-19T11:25:57+00:00\" \/>\n<meta property=\"og:image\" content=\"https:\/\/www.recom.link\/wp-content\/uploads\/2023\/11\/Poseta-logoru-Stajicevo.png\" \/>\n\t<meta property=\"og:image:width\" content=\"1428\" \/>\n\t<meta property=\"og:image:height\" content=\"1080\" \/>\n\t<meta property=\"og:image:type\" content=\"image\/png\" \/>\n<meta name=\"author\" content=\"Vladan \u0110ukanovi\u0107\" \/>\n<meta name=\"twitter:card\" content=\"summary_large_image\" \/>\n<meta name=\"twitter:creator\" content=\"@REKOM_KOMRA\" \/>\n<meta name=\"twitter:site\" content=\"@REKOM_KOMRA\" \/>\n<meta name=\"twitter:label1\" content=\"Written by\" \/>\n\t<meta name=\"twitter:data1\" content=\"Vladan \u0110ukanovi\u0107\" \/>\n\t<meta name=\"twitter:label2\" content=\"Est. reading time\" \/>\n\t<meta name=\"twitter:data2\" content=\"1 minute\" \/>\n<script type=\"application\/ld+json\" class=\"yoast-schema-graph\">{\"@context\":\"https:\/\/schema.org\",\"@graph\":[{\"@type\":\"WebPage\",\"@id\":\"https:\/\/www.recom.link\/bhsc\/poseta-logoru-stajicevo-septembar-2005-godina\/\",\"url\":\"https:\/\/www.recom.link\/bhsc\/poseta-logoru-stajicevo-septembar-2005-godina\/\",\"name\":\"Poseta logoru Staji\u0107evo, septembar 2005. godine - REKOM ~ KOMRA ~ RECOM\",\"isPartOf\":{\"@id\":\"https:\/\/www.recom.link\/en\/#website\"},\"primaryImageOfPage\":{\"@id\":\"https:\/\/www.recom.link\/bhsc\/poseta-logoru-stajicevo-septembar-2005-godina\/#primaryimage\"},\"image\":{\"@id\":\"https:\/\/www.recom.link\/bhsc\/poseta-logoru-stajicevo-septembar-2005-godina\/#primaryimage\"},\"thumbnailUrl\":\"https:\/\/www.recom.link\/wp-content\/uploads\/2023\/11\/Poseta-logoru-Stajicevo.png\",\"datePublished\":\"2023-11-19T11:25:57+00:00\",\"author\":{\"@id\":\"https:\/\/www.recom.link\/en\/#\/schema\/person\/45c67016773fce18b915d67653d20546\"},\"breadcrumb\":{\"@id\":\"https:\/\/www.recom.link\/bhsc\/poseta-logoru-stajicevo-septembar-2005-godina\/#breadcrumb\"},\"inLanguage\":\"bhsc\",\"potentialAction\":[{\"@type\":\"ReadAction\",\"target\":[\"https:\/\/www.recom.link\/bhsc\/poseta-logoru-stajicevo-septembar-2005-godina\/\"]}]},{\"@type\":\"ImageObject\",\"inLanguage\":\"bhsc\",\"@id\":\"https:\/\/www.recom.link\/bhsc\/poseta-logoru-stajicevo-septembar-2005-godina\/#primaryimage\",\"url\":\"https:\/\/www.recom.link\/wp-content\/uploads\/2023\/11\/Poseta-logoru-Stajicevo.png\",\"contentUrl\":\"https:\/\/www.recom.link\/wp-content\/uploads\/2023\/11\/Poseta-logoru-Stajicevo.png\",\"width\":1428,\"height\":1080},{\"@type\":\"BreadcrumbList\",\"@id\":\"https:\/\/www.recom.link\/bhsc\/poseta-logoru-stajicevo-septembar-2005-godina\/#breadcrumb\",\"itemListElement\":[{\"@type\":\"ListItem\",\"position\":1,\"name\":\"Home\",\"item\":\"https:\/\/www.recom.link\/en\/\"},{\"@type\":\"ListItem\",\"position\":2,\"name\":\"Poseta logoru Staji\u0107evo, septembar 2005. godine\"}]},{\"@type\":\"WebSite\",\"@id\":\"https:\/\/www.recom.link\/en\/#website\",\"url\":\"https:\/\/www.recom.link\/en\/\",\"name\":\"REKOM ~ KOMRA ~ RECOM\",\"description\":\"\",\"potentialAction\":[{\"@type\":\"SearchAction\",\"target\":{\"@type\":\"EntryPoint\",\"urlTemplate\":\"https:\/\/www.recom.link\/en\/?s={search_term_string}\"},\"query-input\":{\"@type\":\"PropertyValueSpecification\",\"valueRequired\":true,\"valueName\":\"search_term_string\"}}],\"inLanguage\":\"bhsc\"},{\"@type\":\"Person\",\"@id\":\"https:\/\/www.recom.link\/en\/#\/schema\/person\/45c67016773fce18b915d67653d20546\",\"name\":\"Vladan \u0110ukanovi\u0107\",\"image\":{\"@type\":\"ImageObject\",\"inLanguage\":\"bhsc\",\"@id\":\"https:\/\/www.recom.link\/en\/#\/schema\/person\/image\/\",\"url\":\"https:\/\/secure.gravatar.com\/avatar\/d153b1f796e6814b666ac164889a9880?s=96&d=mm&r=g\",\"contentUrl\":\"https:\/\/secure.gravatar.com\/avatar\/d153b1f796e6814b666ac164889a9880?s=96&d=mm&r=g\",\"caption\":\"Vladan \u0110ukanovi\u0107\"},\"url\":\"https:\/\/www.recom.link\/bhsc\/author\/vladan\/\"}]}<\/script>\n<!-- \/ Yoast SEO plugin. -->","yoast_head_json":{"title":"Poseta logoru Staji\u0107evo, septembar 2005. godine - REKOM ~ KOMRA ~ RECOM","robots":{"index":"index","follow":"follow","max-snippet":"max-snippet:-1","max-image-preview":"max-image-preview:large","max-video-preview":"max-video-preview:-1"},"canonical":"https:\/\/www.recom.link\/bhsc\/poseta-logoru-stajicevo-septembar-2005-godina\/","og_locale":"en_US","og_type":"article","og_title":"Poseta logoru Staji\u0107evo, septembar 2005. godine - REKOM ~ KOMRA ~ RECOM","og_description":"Ekonomija \u201eLivade\u201c u selu Staji\u0107evo kod Zrenjanina kori\u0161\u0107ena je za zato\u010davanje oko 1200 pripadnika oru\u017eanih snaga Hrvatske i civila, me\u0111u...","og_url":"https:\/\/www.recom.link\/bhsc\/poseta-logoru-stajicevo-septembar-2005-godina\/","og_site_name":"REKOM ~ KOMRA ~ RECOM","article_publisher":"https:\/\/www.facebook.com\/ZaREKOM.PerKOMRA.ForRECOM\/","article_published_time":"2023-11-19T11:25:57+00:00","og_image":[{"width":1428,"height":1080,"url":"https:\/\/www.recom.link\/wp-content\/uploads\/2023\/11\/Poseta-logoru-Stajicevo.png","type":"image\/png"}],"author":"Vladan \u0110ukanovi\u0107","twitter_card":"summary_large_image","twitter_creator":"@REKOM_KOMRA","twitter_site":"@REKOM_KOMRA","twitter_misc":{"Written by":"Vladan \u0110ukanovi\u0107","Est. reading time":"1 minute"},"schema":{"@context":"https:\/\/schema.org","@graph":[{"@type":"WebPage","@id":"https:\/\/www.recom.link\/bhsc\/poseta-logoru-stajicevo-septembar-2005-godina\/","url":"https:\/\/www.recom.link\/bhsc\/poseta-logoru-stajicevo-septembar-2005-godina\/","name":"Poseta logoru Staji\u0107evo, septembar 2005. godine - REKOM ~ KOMRA ~ RECOM","isPartOf":{"@id":"https:\/\/www.recom.link\/en\/#website"},"primaryImageOfPage":{"@id":"https:\/\/www.recom.link\/bhsc\/poseta-logoru-stajicevo-septembar-2005-godina\/#primaryimage"},"image":{"@id":"https:\/\/www.recom.link\/bhsc\/poseta-logoru-stajicevo-septembar-2005-godina\/#primaryimage"},"thumbnailUrl":"https:\/\/www.recom.link\/wp-content\/uploads\/2023\/11\/Poseta-logoru-Stajicevo.png","datePublished":"2023-11-19T11:25:57+00:00","author":{"@id":"https:\/\/www.recom.link\/en\/#\/schema\/person\/45c67016773fce18b915d67653d20546"},"breadcrumb":{"@id":"https:\/\/www.recom.link\/bhsc\/poseta-logoru-stajicevo-septembar-2005-godina\/#breadcrumb"},"inLanguage":"bhsc","potentialAction":[{"@type":"ReadAction","target":["https:\/\/www.recom.link\/bhsc\/poseta-logoru-stajicevo-septembar-2005-godina\/"]}]},{"@type":"ImageObject","inLanguage":"bhsc","@id":"https:\/\/www.recom.link\/bhsc\/poseta-logoru-stajicevo-septembar-2005-godina\/#primaryimage","url":"https:\/\/www.recom.link\/wp-content\/uploads\/2023\/11\/Poseta-logoru-Stajicevo.png","contentUrl":"https:\/\/www.recom.link\/wp-content\/uploads\/2023\/11\/Poseta-logoru-Stajicevo.png","width":1428,"height":1080},{"@type":"BreadcrumbList","@id":"https:\/\/www.recom.link\/bhsc\/poseta-logoru-stajicevo-septembar-2005-godina\/#breadcrumb","itemListElement":[{"@type":"ListItem","position":1,"name":"Home","item":"https:\/\/www.recom.link\/en\/"},{"@type":"ListItem","position":2,"name":"Poseta logoru Staji\u0107evo, septembar 2005. godine"}]},{"@type":"WebSite","@id":"https:\/\/www.recom.link\/en\/#website","url":"https:\/\/www.recom.link\/en\/","name":"REKOM ~ KOMRA ~ RECOM","description":"","potentialAction":[{"@type":"SearchAction","target":{"@type":"EntryPoint","urlTemplate":"https:\/\/www.recom.link\/en\/?s={search_term_string}"},"query-input":{"@type":"PropertyValueSpecification","valueRequired":true,"valueName":"search_term_string"}}],"inLanguage":"bhsc"},{"@type":"Person","@id":"https:\/\/www.recom.link\/en\/#\/schema\/person\/45c67016773fce18b915d67653d20546","name":"Vladan \u0110ukanovi\u0107","image":{"@type":"ImageObject","inLanguage":"bhsc","@id":"https:\/\/www.recom.link\/en\/#\/schema\/person\/image\/","url":"https:\/\/secure.gravatar.com\/avatar\/d153b1f796e6814b666ac164889a9880?s=96&d=mm&r=g","contentUrl":"https:\/\/secure.gravatar.com\/avatar\/d153b1f796e6814b666ac164889a9880?s=96&d=mm&r=g","caption":"Vladan \u0110ukanovi\u0107"},"url":"https:\/\/www.recom.link\/bhsc\/author\/vladan\/"}]}},"_links":{"self":[{"href":"https:\/\/www.recom.link\/bhsc\/wp-json\/wp\/v2\/posts\/189501"}],"collection":[{"href":"https:\/\/www.recom.link\/bhsc\/wp-json\/wp\/v2\/posts"}],"about":[{"href":"https:\/\/www.recom.link\/bhsc\/wp-json\/wp\/v2\/types\/post"}],"author":[{"embeddable":true,"href":"https:\/\/www.recom.link\/bhsc\/wp-json\/wp\/v2\/users\/121"}],"replies":[{"embeddable":true,"href":"https:\/\/www.recom.link\/bhsc\/wp-json\/wp\/v2\/comments?post=189501"}],"version-history":[{"count":2,"href":"https:\/\/www.recom.link\/bhsc\/wp-json\/wp\/v2\/posts\/189501\/revisions"}],"predecessor-version":[{"id":189503,"href":"https:\/\/www.recom.link\/bhsc\/wp-json\/wp\/v2\/posts\/189501\/revisions\/189503"}],"wp:featuredmedia":[{"embeddable":true,"href":"https:\/\/www.recom.link\/bhsc\/wp-json\/wp\/v2\/media\/189504"}],"wp:attachment":[{"href":"https:\/\/www.recom.link\/bhsc\/wp-json\/wp\/v2\/media?parent=189501"}],"wp:term":[{"taxonomy":"category","embeddable":true,"href":"https:\/\/www.recom.link\/bhsc\/wp-json\/wp\/v2\/categories?post=189501"},{"taxonomy":"post_tag","embeddable":true,"href":"https:\/\/www.recom.link\/bhsc\/wp-json\/wp\/v2\/tags?post=189501"}],"curies":[{"name":"wp","href":"https:\/\/api.w.org\/{rel}","templated":true}]}}