{"id":189096,"date":"2023-02-28T11:52:43","date_gmt":"2023-02-28T10:52:43","guid":{"rendered":"https:\/\/www.recom.link\/?p=189096"},"modified":"2023-02-28T13:29:09","modified_gmt":"2023-02-28T12:29:09","slug":"dolina-spomenika","status":"publish","type":"post","link":"https:\/\/www.recom.link\/bhsc\/dolina-spomenika\/","title":{"rendered":"Dolina spomenika"},"content":{"rendered":"<p>Vlast je u Br\u010dkom <a href=\"https:\/\/www.recom.link\/wp-admin\/post.php?post=189063&amp;action=edit&amp;lang=bhsc&amp;classic-editor\" target=\"_blank\" rel=\"noopener\">podigla dugo o\u010dekivani spomenik civilnim \u017ertvama rata<\/a>. Ako niste upoznati, nalazi se iza Gradske vije\u0107nice. Sjedi\u0161ta gradona\u010delnika. Nekoliko godina se u javnosti isticalo da regionalni centar Bosanske Posavine ima tri spomenika za tri zara\u0107ene vojske. Tako\u0111er, da isti nema obilje\u017eja za vi\u0161e od pet stotina ubijenih civilnih \u017ertava posljednjeg rata. Bila je to velika sramota za gradsku vlast, a posebna bol za one koji su u zadnjem sukobu izgubili \u010dlanove svojih porodica.<\/p>\n<p>&nbsp;<\/p>\n<p><strong>Jedno ostaje sporno&#8230;<\/strong><\/p>\n<p>&nbsp;<\/p>\n<p>Predstavnici me\u0111unarodne zajednice su, tako\u0111er, insistirali na realizaciji naloga br\u010danskog supervizora Raffija Gregoriana iz 2009. godine. Zbog toga je vi\u0161e od pola miliona kaemova osigurano u bud\u017eetu distrikta za podizanje spomenika. Realizacija projekta povjerena je Kancelariji za upravljanje javnom imovinom Br\u010dko distrikta BiH. Idejno rje\u0161enje je izabrano jo\u0161 2013. godine.<\/p>\n<p>Septembra 2022, pred same izbore, vlast se odlu\u010dila za realizaciju ideje. Bageri su zapo\u010deli da preturaju parcelu. Gra\u0111ani su se po\u010deli do\u0161aptavati. Naposljetku su mediji objavili da se podi\u017ee spomenik.<\/p>\n<p>Vrijedno po\u0161tovanja. No, jedno ostaje sporno. Za\u0161to na ovom zdanju imamo stradalnike Drugog svjetskog rata zajedno sa \u017ertvama rata protiv Bosne i Hercegovine? Naime, ve\u0107 postoji spomen-plo\u010da dvadesetak metara od novog memorijala. Nalazi se pored Savskog mosta. Svjedo\u010di o stradanju srpskog, jevrejskog i romskog naroda, te simpatizera NOP-a iz drugih naroda i narodnosti u Drugom svjetskom ratu. U gradu se nalazi i Partizansko groblje. Ne bi trebalo ni\u010diju bol umanjivati. No, ovo djeluje kao uduplavanje ne\u010dije \u017ertve. Postavlja se pitanje da li spomenik ubijenim civilima slu\u017ei izravnavanju zlo\u010dina? Da se poka\u017ee da su u Drugom svjetskom ratu jedni bili ve\u0107e \u017ertve od ovih u posljednjem sukobu? Mo\u017ee i obratno.<\/p>\n<p>Vjerovatno se Br\u010daci nisu mogli druga\u010dije dogovoriti. Kao \u0161to se ni tekst spomen-plo\u010de koja je postavljena na zid logora Luka nije mogao preciznije formulisati. Tamo nije navedeno ko je divljao i ubijao po savskom pristani\u0161tu. No, sada je jedno sigurno. Br\u010dko je dolina spomenika. Pomenuto zdanje pokraj Savskog mosta, spomenik civilnim \u017ertvama rata 1939-1945. i 1992-1995, te spomenik srpskim braniocima Br\u010dkog. Tu je i memorijal posve\u0107en \u0161ehidima i poginulim borcima Armije RBiH. U blizini je smje\u0161ten i monument braniteljima Hrvatskog vije\u0107a obrane. Sve se to nalazi u krugu od sto metara. Nikome ne smeta. Ionako svako samo svoje po\u0161tuje. Ne bi im trebao smetati ni ovaj spomenik. Ipak, Br\u010dko distrikt BiH ga nije podizao sve do pro\u0161le godine. Kada se u javnosti po\u010delo intenzivnije ukazivati na potrebu postavljanja spomen-plo\u010de koja bi trebala svjedo\u010diti o egzekuciji Huseina Kr\u0161e i Hajrudina Muzurovi\u0107a. Najbolja lokacija bi svakako bilo mjesto njihovog ubistva. Nedaleko od hotela Posavina. U blizini pomenute doline spomenika.<\/p>\n<div class=\"item__ad-center position_item_center_03_top\">\n<div id=\"div-gpt-ad-1657713857339-0\" class=\"ad--align\">\n<div id=\"google_ads_iframe_\/21718574092\/oslo_ia_3_0__container__\"><\/div>\n<\/div>\n<\/div>\n<p>Dvojicu civila Goran Jelisi\u0107 je po\u010detkom maja 1992. godine potjerao u sokak na ulazu u Zanatski centar. Ova lokacija mu je bila jedno od omiljenih mjesta na kojima je vr\u0161io zlo\u010dine. Fotografije ubistva dvojice Br\u010daka napravio je beogradski fotoreporter Bojan Stojanovi\u0107. Koliko je tu ljudi masakrirano, to vi\u0161e niko ne zna. Koliko je drugih nesrba ubijeno u drugim ulicama, stanovima i ku\u0107ama, vjerovatno nikada ne\u0107emo saznati. Nije imao ko da zabilje\u017ei.<\/p>\n<p>&nbsp;<\/p>\n<p><strong>\u0160etnja sokakom natopljenim krvlju<\/strong><\/p>\n<p>&nbsp;<\/p>\n<p>Podnesena \u017ertva dvojice sugra\u0111ana svjedo\u010di o razmjerama etni\u010dkog \u010di\u0161\u0107enja u tom gradu. Spomen-plo\u010da nije skupa da se to obilje\u017ei. Ne treba veliki novac za ne\u0161to \u0161to \u0107e porodicama, gra\u0111anima, ali i historiji mnogo zna\u010diti. Sokakom natopljenim krvlju gra\u0111ani svakodnevno \u0161etaju, vjerovatno nesvjesni da su na tom tlu na najsvirepiji na\u010din vr\u0161ena likvidiranja ljudi. Sramota je da jedan od najve\u0107ih dokaza Ha\u0161kog tribunala o ratnim zlo\u010dinima ostane neobilje\u017een. Osim presuda, o tome treba u\u010diti i kroz memorijalizaciju. Pa ipak, jo\u0161 nema politi\u010dke volje da se na zid Zanatskog centra postavi obilje\u017eje.<\/p>\n<p>No, ne treba du\u0161u grije\u0161iti, va\u017ean je i dijalog. Na tome se mora raditi. Zajedni\u0161tvo nam je jedina opcija. Ve\u0107 su nam drugi i dovoljno u\u010dinili da nas u torove podijele. Bitno je imati ne\u0161to \u0161to \u0107e sve Br\u010dake na zajedni\u010dku pro\u0161lost podsje\u0107ati. Da je dijalog jedina mogu\u0107a opcija. Da bez razgovora nema napretka. Treba biti \u010dovjek i re\u0107i, svim na\u0161im \u017ertvama je potreban jedan zajedni\u010dki spomenik. Mo\u017eda se sa svime oko toga ne sla\u017eemo. No, ni ne moramo. Grad na Savi je dobar primjer da se zajedni\u010dkim snagama mnogo toga mo\u017ee posti\u0107i. Mjesto je zajedni\u010dkog \u017eivota, pro\u0161losti, povezivanja, ali i bosanske nade u evropsku budu\u0107nost. Godinama je to bilo mjesto za primjer Bosni i Hercegovini. Kada su u\u010denici iz tri \u0161kole ujedinjavani u jednu. Onda\u0161nja direktorica Ekonomske \u0161kole Elizabeta Dervi\u0161evi\u0107 u tome je prednja\u010dila ispred svih. U vremenu kada je to bilo nezamislivo. Zahvaljuju\u0107i njoj i takvima kao ona, u distriktu danas ne postoje \u201cdvije \u0161kole pod jednim krovom\u201d. Samo zato \u0161to je ona, ali i ljudi iz me\u0111unarodne zajednice, imala viziju. A bez vizije u zajedni\u0161tvo, nema nam ni bolje budu\u0107nosti.<\/p>\n<p>&nbsp;<\/p>\n<p><strong>Edvin Kanka \u0106udi\u0107<\/strong><\/p>\n<p>&nbsp;<\/p>\n<hr \/>\n<p><em>Ovaj tekst je preuzet sa portala <a href=\"https:\/\/www.oslobodjenje.ba\/dosjei\/kolumne\/dolina-spomenika-837710\" target=\"_blank\" rel=\"noopener\">oslobodjenje.ba<\/a>.<\/em><\/p>\n<p>&nbsp;<\/p>\n","protected":false},"excerpt":{"rendered":"Vlast je u Br\u010dkom podigla dugo o\u010dekivani spomenik civilnim \u017ertvama rata. Ako niste upoznati, nalazi se iza Gradske vije\u0107nice. Sjedi\u0161ta&#8230; ","protected":false},"author":8,"featured_media":189097,"comment_status":"closed","ping_status":"open","sticky":true,"template":"","format":"standard","meta":{"_acf_changed":false,"footnotes":""},"categories":[1789],"tags":[4065,4067],"class_list":["post-189096","post","type-post","status-publish","format-standard","has-post-thumbnail","hentry","category-memorijalizacija","tag-brcko","tag-spomenik"],"acf":[],"yoast_head":"<!-- This site is optimized with the Yoast SEO plugin v25.6 - https:\/\/yoast.com\/wordpress\/plugins\/seo\/ -->\n<title>Dolina spomenika - REKOM ~ KOMRA ~ RECOM<\/title>\n<meta name=\"robots\" content=\"index, follow, max-snippet:-1, max-image-preview:large, max-video-preview:-1\" \/>\n<link rel=\"canonical\" href=\"https:\/\/www.recom.link\/bhsc\/dolina-spomenika\/\" \/>\n<meta property=\"og:locale\" content=\"en_US\" \/>\n<meta property=\"og:type\" content=\"article\" \/>\n<meta property=\"og:title\" content=\"Dolina spomenika - REKOM ~ KOMRA ~ RECOM\" \/>\n<meta property=\"og:description\" content=\"Vlast je u Br\u010dkom podigla dugo o\u010dekivani spomenik civilnim \u017ertvama rata. Ako niste upoznati, nalazi se iza Gradske vije\u0107nice. Sjedi\u0161ta...\" \/>\n<meta property=\"og:url\" content=\"https:\/\/www.recom.link\/bhsc\/dolina-spomenika\/\" \/>\n<meta property=\"og:site_name\" content=\"REKOM ~ KOMRA ~ RECOM\" \/>\n<meta property=\"article:publisher\" content=\"https:\/\/www.facebook.com\/ZaREKOM.PerKOMRA.ForRECOM\/\" \/>\n<meta property=\"article:published_time\" content=\"2023-02-28T10:52:43+00:00\" \/>\n<meta property=\"article:modified_time\" content=\"2023-02-28T12:29:09+00:00\" \/>\n<meta property=\"og:image\" content=\"https:\/\/www.recom.link\/wp-content\/uploads\/2023\/02\/Spomenik-civilnim-zrtvama-rata-Brcko.jpg\" \/>\n\t<meta property=\"og:image:width\" content=\"700\" \/>\n\t<meta property=\"og:image:height\" content=\"482\" \/>\n\t<meta property=\"og:image:type\" content=\"image\/jpeg\" \/>\n<meta name=\"author\" content=\"Recom Editor\" \/>\n<meta name=\"twitter:card\" content=\"summary_large_image\" \/>\n<meta name=\"twitter:creator\" content=\"@REKOM_KOMRA\" \/>\n<meta name=\"twitter:site\" content=\"@REKOM_KOMRA\" \/>\n<meta name=\"twitter:label1\" content=\"Written by\" \/>\n\t<meta name=\"twitter:data1\" content=\"Recom Editor\" \/>\n\t<meta name=\"twitter:label2\" content=\"Est. reading time\" \/>\n\t<meta name=\"twitter:data2\" content=\"4 minutes\" \/>\n<script type=\"application\/ld+json\" class=\"yoast-schema-graph\">{\"@context\":\"https:\/\/schema.org\",\"@graph\":[{\"@type\":\"WebPage\",\"@id\":\"https:\/\/www.recom.link\/bhsc\/dolina-spomenika\/\",\"url\":\"https:\/\/www.recom.link\/bhsc\/dolina-spomenika\/\",\"name\":\"Dolina spomenika - REKOM ~ KOMRA ~ RECOM\",\"isPartOf\":{\"@id\":\"https:\/\/www.recom.link\/en\/#website\"},\"primaryImageOfPage\":{\"@id\":\"https:\/\/www.recom.link\/bhsc\/dolina-spomenika\/#primaryimage\"},\"image\":{\"@id\":\"https:\/\/www.recom.link\/bhsc\/dolina-spomenika\/#primaryimage\"},\"thumbnailUrl\":\"https:\/\/www.recom.link\/wp-content\/uploads\/2023\/02\/Spomenik-civilnim-zrtvama-rata-Brcko.jpg\",\"datePublished\":\"2023-02-28T10:52:43+00:00\",\"dateModified\":\"2023-02-28T12:29:09+00:00\",\"author\":{\"@id\":\"https:\/\/www.recom.link\/en\/#\/schema\/person\/0b0fce47cdf986c8b4194146b69999a3\"},\"breadcrumb\":{\"@id\":\"https:\/\/www.recom.link\/bhsc\/dolina-spomenika\/#breadcrumb\"},\"inLanguage\":\"bhsc\",\"potentialAction\":[{\"@type\":\"ReadAction\",\"target\":[\"https:\/\/www.recom.link\/bhsc\/dolina-spomenika\/\"]}]},{\"@type\":\"ImageObject\",\"inLanguage\":\"bhsc\",\"@id\":\"https:\/\/www.recom.link\/bhsc\/dolina-spomenika\/#primaryimage\",\"url\":\"https:\/\/www.recom.link\/wp-content\/uploads\/2023\/02\/Spomenik-civilnim-zrtvama-rata-Brcko.jpg\",\"contentUrl\":\"https:\/\/www.recom.link\/wp-content\/uploads\/2023\/02\/Spomenik-civilnim-zrtvama-rata-Brcko.jpg\",\"width\":700,\"height\":482},{\"@type\":\"BreadcrumbList\",\"@id\":\"https:\/\/www.recom.link\/bhsc\/dolina-spomenika\/#breadcrumb\",\"itemListElement\":[{\"@type\":\"ListItem\",\"position\":1,\"name\":\"Home\",\"item\":\"https:\/\/www.recom.link\/en\/\"},{\"@type\":\"ListItem\",\"position\":2,\"name\":\"Dolina spomenika\"}]},{\"@type\":\"WebSite\",\"@id\":\"https:\/\/www.recom.link\/en\/#website\",\"url\":\"https:\/\/www.recom.link\/en\/\",\"name\":\"REKOM ~ KOMRA ~ RECOM\",\"description\":\"\",\"potentialAction\":[{\"@type\":\"SearchAction\",\"target\":{\"@type\":\"EntryPoint\",\"urlTemplate\":\"https:\/\/www.recom.link\/en\/?s={search_term_string}\"},\"query-input\":{\"@type\":\"PropertyValueSpecification\",\"valueRequired\":true,\"valueName\":\"search_term_string\"}}],\"inLanguage\":\"bhsc\"},{\"@type\":\"Person\",\"@id\":\"https:\/\/www.recom.link\/en\/#\/schema\/person\/0b0fce47cdf986c8b4194146b69999a3\",\"name\":\"Recom Editor\",\"image\":{\"@type\":\"ImageObject\",\"inLanguage\":\"bhsc\",\"@id\":\"https:\/\/www.recom.link\/en\/#\/schema\/person\/image\/\",\"url\":\"https:\/\/secure.gravatar.com\/avatar\/b345ee03975bccfc62280b0fd1ffd916?s=96&d=mm&r=g\",\"contentUrl\":\"https:\/\/secure.gravatar.com\/avatar\/b345ee03975bccfc62280b0fd1ffd916?s=96&d=mm&r=g\",\"caption\":\"Recom Editor\"},\"url\":\"https:\/\/www.recom.link\/bhsc\/author\/jelanag\/\"}]}<\/script>\n<!-- \/ Yoast SEO plugin. -->","yoast_head_json":{"title":"Dolina spomenika - REKOM ~ KOMRA ~ RECOM","robots":{"index":"index","follow":"follow","max-snippet":"max-snippet:-1","max-image-preview":"max-image-preview:large","max-video-preview":"max-video-preview:-1"},"canonical":"https:\/\/www.recom.link\/bhsc\/dolina-spomenika\/","og_locale":"en_US","og_type":"article","og_title":"Dolina spomenika - REKOM ~ KOMRA ~ RECOM","og_description":"Vlast je u Br\u010dkom podigla dugo o\u010dekivani spomenik civilnim \u017ertvama rata. Ako niste upoznati, nalazi se iza Gradske vije\u0107nice. Sjedi\u0161ta...","og_url":"https:\/\/www.recom.link\/bhsc\/dolina-spomenika\/","og_site_name":"REKOM ~ KOMRA ~ RECOM","article_publisher":"https:\/\/www.facebook.com\/ZaREKOM.PerKOMRA.ForRECOM\/","article_published_time":"2023-02-28T10:52:43+00:00","article_modified_time":"2023-02-28T12:29:09+00:00","og_image":[{"width":700,"height":482,"url":"https:\/\/www.recom.link\/wp-content\/uploads\/2023\/02\/Spomenik-civilnim-zrtvama-rata-Brcko.jpg","type":"image\/jpeg"}],"author":"Recom Editor","twitter_card":"summary_large_image","twitter_creator":"@REKOM_KOMRA","twitter_site":"@REKOM_KOMRA","twitter_misc":{"Written by":"Recom Editor","Est. reading time":"4 minutes"},"schema":{"@context":"https:\/\/schema.org","@graph":[{"@type":"WebPage","@id":"https:\/\/www.recom.link\/bhsc\/dolina-spomenika\/","url":"https:\/\/www.recom.link\/bhsc\/dolina-spomenika\/","name":"Dolina spomenika - REKOM ~ KOMRA ~ RECOM","isPartOf":{"@id":"https:\/\/www.recom.link\/en\/#website"},"primaryImageOfPage":{"@id":"https:\/\/www.recom.link\/bhsc\/dolina-spomenika\/#primaryimage"},"image":{"@id":"https:\/\/www.recom.link\/bhsc\/dolina-spomenika\/#primaryimage"},"thumbnailUrl":"https:\/\/www.recom.link\/wp-content\/uploads\/2023\/02\/Spomenik-civilnim-zrtvama-rata-Brcko.jpg","datePublished":"2023-02-28T10:52:43+00:00","dateModified":"2023-02-28T12:29:09+00:00","author":{"@id":"https:\/\/www.recom.link\/en\/#\/schema\/person\/0b0fce47cdf986c8b4194146b69999a3"},"breadcrumb":{"@id":"https:\/\/www.recom.link\/bhsc\/dolina-spomenika\/#breadcrumb"},"inLanguage":"bhsc","potentialAction":[{"@type":"ReadAction","target":["https:\/\/www.recom.link\/bhsc\/dolina-spomenika\/"]}]},{"@type":"ImageObject","inLanguage":"bhsc","@id":"https:\/\/www.recom.link\/bhsc\/dolina-spomenika\/#primaryimage","url":"https:\/\/www.recom.link\/wp-content\/uploads\/2023\/02\/Spomenik-civilnim-zrtvama-rata-Brcko.jpg","contentUrl":"https:\/\/www.recom.link\/wp-content\/uploads\/2023\/02\/Spomenik-civilnim-zrtvama-rata-Brcko.jpg","width":700,"height":482},{"@type":"BreadcrumbList","@id":"https:\/\/www.recom.link\/bhsc\/dolina-spomenika\/#breadcrumb","itemListElement":[{"@type":"ListItem","position":1,"name":"Home","item":"https:\/\/www.recom.link\/en\/"},{"@type":"ListItem","position":2,"name":"Dolina spomenika"}]},{"@type":"WebSite","@id":"https:\/\/www.recom.link\/en\/#website","url":"https:\/\/www.recom.link\/en\/","name":"REKOM ~ KOMRA ~ RECOM","description":"","potentialAction":[{"@type":"SearchAction","target":{"@type":"EntryPoint","urlTemplate":"https:\/\/www.recom.link\/en\/?s={search_term_string}"},"query-input":{"@type":"PropertyValueSpecification","valueRequired":true,"valueName":"search_term_string"}}],"inLanguage":"bhsc"},{"@type":"Person","@id":"https:\/\/www.recom.link\/en\/#\/schema\/person\/0b0fce47cdf986c8b4194146b69999a3","name":"Recom Editor","image":{"@type":"ImageObject","inLanguage":"bhsc","@id":"https:\/\/www.recom.link\/en\/#\/schema\/person\/image\/","url":"https:\/\/secure.gravatar.com\/avatar\/b345ee03975bccfc62280b0fd1ffd916?s=96&d=mm&r=g","contentUrl":"https:\/\/secure.gravatar.com\/avatar\/b345ee03975bccfc62280b0fd1ffd916?s=96&d=mm&r=g","caption":"Recom Editor"},"url":"https:\/\/www.recom.link\/bhsc\/author\/jelanag\/"}]}},"_links":{"self":[{"href":"https:\/\/www.recom.link\/bhsc\/wp-json\/wp\/v2\/posts\/189096"}],"collection":[{"href":"https:\/\/www.recom.link\/bhsc\/wp-json\/wp\/v2\/posts"}],"about":[{"href":"https:\/\/www.recom.link\/bhsc\/wp-json\/wp\/v2\/types\/post"}],"author":[{"embeddable":true,"href":"https:\/\/www.recom.link\/bhsc\/wp-json\/wp\/v2\/users\/8"}],"replies":[{"embeddable":true,"href":"https:\/\/www.recom.link\/bhsc\/wp-json\/wp\/v2\/comments?post=189096"}],"version-history":[{"count":3,"href":"https:\/\/www.recom.link\/bhsc\/wp-json\/wp\/v2\/posts\/189096\/revisions"}],"predecessor-version":[{"id":189119,"href":"https:\/\/www.recom.link\/bhsc\/wp-json\/wp\/v2\/posts\/189096\/revisions\/189119"}],"wp:featuredmedia":[{"embeddable":true,"href":"https:\/\/www.recom.link\/bhsc\/wp-json\/wp\/v2\/media\/189097"}],"wp:attachment":[{"href":"https:\/\/www.recom.link\/bhsc\/wp-json\/wp\/v2\/media?parent=189096"}],"wp:term":[{"taxonomy":"category","embeddable":true,"href":"https:\/\/www.recom.link\/bhsc\/wp-json\/wp\/v2\/categories?post=189096"},{"taxonomy":"post_tag","embeddable":true,"href":"https:\/\/www.recom.link\/bhsc\/wp-json\/wp\/v2\/tags?post=189096"}],"curies":[{"name":"wp","href":"https:\/\/api.w.org\/{rel}","templated":true}]}}