{"id":189063,"date":"2023-02-17T16:00:09","date_gmt":"2023-02-17T15:00:09","guid":{"rendered":"https:\/\/www.recom.link\/?p=189063"},"modified":"2023-02-17T16:00:46","modified_gmt":"2023-02-17T15:00:46","slug":"otkriven-spomenik-civilnim-zrtvama-rata-u-brckom","status":"publish","type":"post","link":"https:\/\/www.recom.link\/bhsc\/otkriven-spomenik-civilnim-zrtvama-rata-u-brckom\/","title":{"rendered":"Otkriven Spomenik civilnim \u017ertvama rata u Br\u010dkom"},"content":{"rendered":"<p>Gradona\u010delnik Br\u010dko distrikta Bosne i Hercegovine Esed Kadri\u0107 danas je na platoa iza Vije\u0107nice zajedno sa njegovim zamjenikom dr. Antom Domi\u0107em, predsjednikom Skup\u0161tine Br\u010dko distrikta BiH Sini\u0161om Mili\u0107em i supervizorom za Br\u010dko distrikt BiH Jonathanom Mennutijem sve\u010dano otkrio Spomenik civilnim \u017ertvama rata u Br\u010dkom u periodima stradanja 1939-1945. i 1992-1995. godine.<\/p>\n<p>U svom obra\u0107anju, gradona\u010delnik Kadri\u0107 istakao je va\u017enost otkrivanja ovog spomenika.<\/p>\n<p>\u201eNije nam bila primarna \u017eelja da poka\u017eemo drugima da smo jedinstven primjer, ve\u0107 da gradimo istinske osje\u0107aje zajedni\u0161tva i jednog korektnog odnosa prema svakome ko je civilna \u017ertva rata. \u017delim da ovaj spomenik, u vremenu koje je pred nama, bude u funkciji iskazivanja po\u0161tovanja prema civilnim \u017ertvama rata, i nadam se da \u0107e ljudi dolaziti na ovaj prostor i promi\u0161ljati o svim negativnim posljedicama sukoba ili promi\u0161ljati o tome koliko je zna\u010dajan ljudski \u017eivot i ljudsko dostojanstvo kako bismo se na ovom mjestu mogli odgajati i u\u010diti na\u0161e generacije da nikada ne dozvole da se sli\u010dna zla ponove onima koji \u0107e \u017eivjeti u Br\u010dkom i poslije nas\u201c, kazao je Kadri\u0107.<\/p>\n<p>Zamjenik gradona\u010delnika Br\u010dko distrikta BiH dr. Anto Domi\u0107 kazao je da spomenik civilnim \u017ertvama treba da bude opomena za budu\u0107nost s ciljem tra\u017eenja kompromisa i tolerancije drugog i druga\u010dijeg.<\/p>\n<p>\u201eMoramo graditi zajedni\u010dki \u017eivot na ovom na\u0161em zajedni\u010dkom prostoru, koji zajedno dijelimo i gdje smo upu\u0107eni jedni na druge. \u017delim iskazati su\u0107ut svim porodicama civilnih \u017ertava, kao i udru\u017eenjima civilnih \u017ertava rata i za sve one koji su stradali. Dolaskom na ovo mjesto sje\u0107at \u0107emo se i o\u010duvati vje\u010dnu uspomenu na sve koji su poginuli i \u010diji je \u017eivot prekinut naprasnim radnjama i ljudskim zlom\u201c, kazao je Domi\u0107.<\/p>\n<p>Predsjednik Skup\u0161tine Br\u010dko distrikta BiH Sini\u0161a Mili\u0107 istakao je svoju nadu da \u0107e otkrivanje zajedni\u010dkog spomen obilje\u017eja civilnim \u017ertvama rata predstavljati sna\u017ean iskorak u pravcu procesa pomirenja na prostorima Br\u010dkog.<\/p>\n<p>\u201eOvo mjesto treba da bude ne samo mjesto sje\u0107anja ve\u0107 i opomene da se nikada i nigdje ovakvi i sli\u010dni zlo\u010dini ne ponavljaju. Mislim da je za mene klju\u010dna poruka da sve civilne \u017ertve rata bez obzira na mjesto, vrijeme, naciju, vjeru, zaslu\u017euju jednako po\u0161tovanje i da je neophodno da napravimo otklon od svih poku\u0161aja da se u tom smislu prave nekakve politi\u010dke i druge razlike\u201c, kazao je Mili\u0107.<\/p>\n<p>Supervizor za Br\u010dko distrikt BiH Jonathan Mennuti rekao je da je uvjeren da \u0107e spomen obilje\u017eje biti mjesto gdje \u0107e ljudi dolaziti da se sje\u0107aju i razmisle o onome \u0161to se de\u0161avalo u prethodnom periodu.<\/p>\n<p>\u201eTako\u0111er, i da na ovom mjestu razmisle o budu\u0107nosti i o obavezi koju svi imamo da sprije\u010dimo da se stvari koje su desile u pro\u0161losti vi\u0161e ne ponove. Ovo je, tako\u0111er, primjer \u0161ta se sve mo\u017ee posti\u0107i kada se radi u duhu saradnje, u duhu me\u0111usobnog uva\u017eavanja i u saradnji sa predstavnicima me\u0111unarodne zajednice\u201c, istakao je Mennuti.<\/p>\n<p>Sve\u010danom otkrivanju spomenika prisustvovali su i predstavnici zakonodavne i izvr\u0161ne vlasti Br\u010dko distrikta BiH, predstavnici udru\u017eenja i \u010dlanovi porodica civilnih \u017ertava rata, ambasadori u BiH, predstavnici me\u0111unarodnih organizacija kao i gra\u0111ani.<\/p>\n","protected":false},"excerpt":{"rendered":"Gradona\u010delnik Br\u010dko distrikta Bosne i Hercegovine Esed Kadri\u0107 danas je na platoa iza Vije\u0107nice zajedno sa njegovim zamjenikom dr. Antom&#8230; ","protected":false},"author":8,"featured_media":189060,"comment_status":"closed","ping_status":"open","sticky":true,"template":"","format":"standard","meta":{"_acf_changed":false,"footnotes":""},"categories":[1789],"tags":[4065],"class_list":["post-189063","post","type-post","status-publish","format-standard","has-post-thumbnail","hentry","category-memorijalizacija","tag-brcko"],"acf":[],"yoast_head":"<!-- This site is optimized with the Yoast SEO plugin v25.6 - https:\/\/yoast.com\/wordpress\/plugins\/seo\/ -->\n<title>Otkriven Spomenik civilnim \u017ertvama rata u Br\u010dkom - REKOM ~ KOMRA ~ RECOM<\/title>\n<meta name=\"robots\" content=\"index, follow, max-snippet:-1, max-image-preview:large, max-video-preview:-1\" \/>\n<link rel=\"canonical\" href=\"https:\/\/www.recom.link\/bhsc\/otkriven-spomenik-civilnim-zrtvama-rata-u-brckom\/\" \/>\n<meta property=\"og:locale\" content=\"en_US\" \/>\n<meta property=\"og:type\" content=\"article\" \/>\n<meta property=\"og:title\" content=\"Otkriven Spomenik civilnim \u017ertvama rata u Br\u010dkom - REKOM ~ KOMRA ~ RECOM\" \/>\n<meta property=\"og:description\" content=\"Gradona\u010delnik Br\u010dko distrikta Bosne i Hercegovine Esed Kadri\u0107 danas je na platoa iza Vije\u0107nice zajedno sa njegovim zamjenikom dr. Antom...\" \/>\n<meta property=\"og:url\" content=\"https:\/\/www.recom.link\/bhsc\/otkriven-spomenik-civilnim-zrtvama-rata-u-brckom\/\" \/>\n<meta property=\"og:site_name\" content=\"REKOM ~ KOMRA ~ RECOM\" \/>\n<meta property=\"article:publisher\" content=\"https:\/\/www.facebook.com\/ZaREKOM.PerKOMRA.ForRECOM\/\" \/>\n<meta property=\"article:published_time\" content=\"2023-02-17T15:00:09+00:00\" \/>\n<meta property=\"article:modified_time\" content=\"2023-02-17T15:00:46+00:00\" \/>\n<meta property=\"og:image\" content=\"https:\/\/www.recom.link\/wp-content\/uploads\/2023\/02\/Spomenik-civilnim-zrtvama-Brcko.jpg\" \/>\n\t<meta property=\"og:image:width\" content=\"840\" \/>\n\t<meta property=\"og:image:height\" content=\"498\" \/>\n\t<meta property=\"og:image:type\" content=\"image\/jpeg\" \/>\n<meta name=\"author\" content=\"Recom Editor\" \/>\n<meta name=\"twitter:card\" content=\"summary_large_image\" \/>\n<meta name=\"twitter:creator\" content=\"@REKOM_KOMRA\" \/>\n<meta name=\"twitter:site\" content=\"@REKOM_KOMRA\" \/>\n<meta name=\"twitter:label1\" content=\"Written by\" \/>\n\t<meta name=\"twitter:data1\" content=\"Recom Editor\" \/>\n\t<meta name=\"twitter:label2\" content=\"Est. reading time\" \/>\n\t<meta name=\"twitter:data2\" content=\"3 minutes\" \/>\n<script type=\"application\/ld+json\" class=\"yoast-schema-graph\">{\"@context\":\"https:\/\/schema.org\",\"@graph\":[{\"@type\":\"WebPage\",\"@id\":\"https:\/\/www.recom.link\/bhsc\/otkriven-spomenik-civilnim-zrtvama-rata-u-brckom\/\",\"url\":\"https:\/\/www.recom.link\/bhsc\/otkriven-spomenik-civilnim-zrtvama-rata-u-brckom\/\",\"name\":\"Otkriven Spomenik civilnim \u017ertvama rata u Br\u010dkom - REKOM ~ KOMRA ~ RECOM\",\"isPartOf\":{\"@id\":\"https:\/\/www.recom.link\/en\/#website\"},\"primaryImageOfPage\":{\"@id\":\"https:\/\/www.recom.link\/bhsc\/otkriven-spomenik-civilnim-zrtvama-rata-u-brckom\/#primaryimage\"},\"image\":{\"@id\":\"https:\/\/www.recom.link\/bhsc\/otkriven-spomenik-civilnim-zrtvama-rata-u-brckom\/#primaryimage\"},\"thumbnailUrl\":\"https:\/\/www.recom.link\/wp-content\/uploads\/2023\/02\/Spomenik-civilnim-zrtvama-Brcko.jpg\",\"datePublished\":\"2023-02-17T15:00:09+00:00\",\"dateModified\":\"2023-02-17T15:00:46+00:00\",\"author\":{\"@id\":\"https:\/\/www.recom.link\/en\/#\/schema\/person\/0b0fce47cdf986c8b4194146b69999a3\"},\"breadcrumb\":{\"@id\":\"https:\/\/www.recom.link\/bhsc\/otkriven-spomenik-civilnim-zrtvama-rata-u-brckom\/#breadcrumb\"},\"inLanguage\":\"bhsc\",\"potentialAction\":[{\"@type\":\"ReadAction\",\"target\":[\"https:\/\/www.recom.link\/bhsc\/otkriven-spomenik-civilnim-zrtvama-rata-u-brckom\/\"]}]},{\"@type\":\"ImageObject\",\"inLanguage\":\"bhsc\",\"@id\":\"https:\/\/www.recom.link\/bhsc\/otkriven-spomenik-civilnim-zrtvama-rata-u-brckom\/#primaryimage\",\"url\":\"https:\/\/www.recom.link\/wp-content\/uploads\/2023\/02\/Spomenik-civilnim-zrtvama-Brcko.jpg\",\"contentUrl\":\"https:\/\/www.recom.link\/wp-content\/uploads\/2023\/02\/Spomenik-civilnim-zrtvama-Brcko.jpg\",\"width\":840,\"height\":498},{\"@type\":\"BreadcrumbList\",\"@id\":\"https:\/\/www.recom.link\/bhsc\/otkriven-spomenik-civilnim-zrtvama-rata-u-brckom\/#breadcrumb\",\"itemListElement\":[{\"@type\":\"ListItem\",\"position\":1,\"name\":\"Home\",\"item\":\"https:\/\/www.recom.link\/en\/\"},{\"@type\":\"ListItem\",\"position\":2,\"name\":\"Otkriven Spomenik civilnim \u017ertvama rata u Br\u010dkom\"}]},{\"@type\":\"WebSite\",\"@id\":\"https:\/\/www.recom.link\/en\/#website\",\"url\":\"https:\/\/www.recom.link\/en\/\",\"name\":\"REKOM ~ KOMRA ~ RECOM\",\"description\":\"\",\"potentialAction\":[{\"@type\":\"SearchAction\",\"target\":{\"@type\":\"EntryPoint\",\"urlTemplate\":\"https:\/\/www.recom.link\/en\/?s={search_term_string}\"},\"query-input\":{\"@type\":\"PropertyValueSpecification\",\"valueRequired\":true,\"valueName\":\"search_term_string\"}}],\"inLanguage\":\"bhsc\"},{\"@type\":\"Person\",\"@id\":\"https:\/\/www.recom.link\/en\/#\/schema\/person\/0b0fce47cdf986c8b4194146b69999a3\",\"name\":\"Recom Editor\",\"image\":{\"@type\":\"ImageObject\",\"inLanguage\":\"bhsc\",\"@id\":\"https:\/\/www.recom.link\/en\/#\/schema\/person\/image\/\",\"url\":\"https:\/\/secure.gravatar.com\/avatar\/b345ee03975bccfc62280b0fd1ffd916?s=96&d=mm&r=g\",\"contentUrl\":\"https:\/\/secure.gravatar.com\/avatar\/b345ee03975bccfc62280b0fd1ffd916?s=96&d=mm&r=g\",\"caption\":\"Recom Editor\"},\"url\":\"https:\/\/www.recom.link\/bhsc\/author\/jelanag\/\"}]}<\/script>\n<!-- \/ Yoast SEO plugin. -->","yoast_head_json":{"title":"Otkriven Spomenik civilnim \u017ertvama rata u Br\u010dkom - REKOM ~ KOMRA ~ RECOM","robots":{"index":"index","follow":"follow","max-snippet":"max-snippet:-1","max-image-preview":"max-image-preview:large","max-video-preview":"max-video-preview:-1"},"canonical":"https:\/\/www.recom.link\/bhsc\/otkriven-spomenik-civilnim-zrtvama-rata-u-brckom\/","og_locale":"en_US","og_type":"article","og_title":"Otkriven Spomenik civilnim \u017ertvama rata u Br\u010dkom - REKOM ~ KOMRA ~ RECOM","og_description":"Gradona\u010delnik Br\u010dko distrikta Bosne i Hercegovine Esed Kadri\u0107 danas je na platoa iza Vije\u0107nice zajedno sa njegovim zamjenikom dr. Antom...","og_url":"https:\/\/www.recom.link\/bhsc\/otkriven-spomenik-civilnim-zrtvama-rata-u-brckom\/","og_site_name":"REKOM ~ KOMRA ~ RECOM","article_publisher":"https:\/\/www.facebook.com\/ZaREKOM.PerKOMRA.ForRECOM\/","article_published_time":"2023-02-17T15:00:09+00:00","article_modified_time":"2023-02-17T15:00:46+00:00","og_image":[{"width":840,"height":498,"url":"https:\/\/www.recom.link\/wp-content\/uploads\/2023\/02\/Spomenik-civilnim-zrtvama-Brcko.jpg","type":"image\/jpeg"}],"author":"Recom Editor","twitter_card":"summary_large_image","twitter_creator":"@REKOM_KOMRA","twitter_site":"@REKOM_KOMRA","twitter_misc":{"Written by":"Recom Editor","Est. reading time":"3 minutes"},"schema":{"@context":"https:\/\/schema.org","@graph":[{"@type":"WebPage","@id":"https:\/\/www.recom.link\/bhsc\/otkriven-spomenik-civilnim-zrtvama-rata-u-brckom\/","url":"https:\/\/www.recom.link\/bhsc\/otkriven-spomenik-civilnim-zrtvama-rata-u-brckom\/","name":"Otkriven Spomenik civilnim \u017ertvama rata u Br\u010dkom - REKOM ~ KOMRA ~ RECOM","isPartOf":{"@id":"https:\/\/www.recom.link\/en\/#website"},"primaryImageOfPage":{"@id":"https:\/\/www.recom.link\/bhsc\/otkriven-spomenik-civilnim-zrtvama-rata-u-brckom\/#primaryimage"},"image":{"@id":"https:\/\/www.recom.link\/bhsc\/otkriven-spomenik-civilnim-zrtvama-rata-u-brckom\/#primaryimage"},"thumbnailUrl":"https:\/\/www.recom.link\/wp-content\/uploads\/2023\/02\/Spomenik-civilnim-zrtvama-Brcko.jpg","datePublished":"2023-02-17T15:00:09+00:00","dateModified":"2023-02-17T15:00:46+00:00","author":{"@id":"https:\/\/www.recom.link\/en\/#\/schema\/person\/0b0fce47cdf986c8b4194146b69999a3"},"breadcrumb":{"@id":"https:\/\/www.recom.link\/bhsc\/otkriven-spomenik-civilnim-zrtvama-rata-u-brckom\/#breadcrumb"},"inLanguage":"bhsc","potentialAction":[{"@type":"ReadAction","target":["https:\/\/www.recom.link\/bhsc\/otkriven-spomenik-civilnim-zrtvama-rata-u-brckom\/"]}]},{"@type":"ImageObject","inLanguage":"bhsc","@id":"https:\/\/www.recom.link\/bhsc\/otkriven-spomenik-civilnim-zrtvama-rata-u-brckom\/#primaryimage","url":"https:\/\/www.recom.link\/wp-content\/uploads\/2023\/02\/Spomenik-civilnim-zrtvama-Brcko.jpg","contentUrl":"https:\/\/www.recom.link\/wp-content\/uploads\/2023\/02\/Spomenik-civilnim-zrtvama-Brcko.jpg","width":840,"height":498},{"@type":"BreadcrumbList","@id":"https:\/\/www.recom.link\/bhsc\/otkriven-spomenik-civilnim-zrtvama-rata-u-brckom\/#breadcrumb","itemListElement":[{"@type":"ListItem","position":1,"name":"Home","item":"https:\/\/www.recom.link\/en\/"},{"@type":"ListItem","position":2,"name":"Otkriven Spomenik civilnim \u017ertvama rata u Br\u010dkom"}]},{"@type":"WebSite","@id":"https:\/\/www.recom.link\/en\/#website","url":"https:\/\/www.recom.link\/en\/","name":"REKOM ~ KOMRA ~ RECOM","description":"","potentialAction":[{"@type":"SearchAction","target":{"@type":"EntryPoint","urlTemplate":"https:\/\/www.recom.link\/en\/?s={search_term_string}"},"query-input":{"@type":"PropertyValueSpecification","valueRequired":true,"valueName":"search_term_string"}}],"inLanguage":"bhsc"},{"@type":"Person","@id":"https:\/\/www.recom.link\/en\/#\/schema\/person\/0b0fce47cdf986c8b4194146b69999a3","name":"Recom Editor","image":{"@type":"ImageObject","inLanguage":"bhsc","@id":"https:\/\/www.recom.link\/en\/#\/schema\/person\/image\/","url":"https:\/\/secure.gravatar.com\/avatar\/b345ee03975bccfc62280b0fd1ffd916?s=96&d=mm&r=g","contentUrl":"https:\/\/secure.gravatar.com\/avatar\/b345ee03975bccfc62280b0fd1ffd916?s=96&d=mm&r=g","caption":"Recom Editor"},"url":"https:\/\/www.recom.link\/bhsc\/author\/jelanag\/"}]}},"_links":{"self":[{"href":"https:\/\/www.recom.link\/bhsc\/wp-json\/wp\/v2\/posts\/189063"}],"collection":[{"href":"https:\/\/www.recom.link\/bhsc\/wp-json\/wp\/v2\/posts"}],"about":[{"href":"https:\/\/www.recom.link\/bhsc\/wp-json\/wp\/v2\/types\/post"}],"author":[{"embeddable":true,"href":"https:\/\/www.recom.link\/bhsc\/wp-json\/wp\/v2\/users\/8"}],"replies":[{"embeddable":true,"href":"https:\/\/www.recom.link\/bhsc\/wp-json\/wp\/v2\/comments?post=189063"}],"version-history":[{"count":1,"href":"https:\/\/www.recom.link\/bhsc\/wp-json\/wp\/v2\/posts\/189063\/revisions"}],"predecessor-version":[{"id":189064,"href":"https:\/\/www.recom.link\/bhsc\/wp-json\/wp\/v2\/posts\/189063\/revisions\/189064"}],"wp:featuredmedia":[{"embeddable":true,"href":"https:\/\/www.recom.link\/bhsc\/wp-json\/wp\/v2\/media\/189060"}],"wp:attachment":[{"href":"https:\/\/www.recom.link\/bhsc\/wp-json\/wp\/v2\/media?parent=189063"}],"wp:term":[{"taxonomy":"category","embeddable":true,"href":"https:\/\/www.recom.link\/bhsc\/wp-json\/wp\/v2\/categories?post=189063"},{"taxonomy":"post_tag","embeddable":true,"href":"https:\/\/www.recom.link\/bhsc\/wp-json\/wp\/v2\/tags?post=189063"}],"curies":[{"name":"wp","href":"https:\/\/api.w.org\/{rel}","templated":true}]}}