{"id":188842,"date":"2022-11-18T15:29:01","date_gmt":"2022-11-18T14:29:01","guid":{"rendered":"https:\/\/www.recom.link\/?p=188842"},"modified":"2022-11-18T15:31:58","modified_gmt":"2022-11-18T14:31:58","slug":"trideset-godina","status":"publish","type":"post","link":"https:\/\/www.recom.link\/bhsc\/trideset-godina\/","title":{"rendered":"Trideset godina"},"content":{"rendered":"<p><strong>Na konferenciji za \u0161tampu u Zagrebu 22. oktobra 1992. godine, Komisija za ljudska prava Ujedinjenih nacija (UNCHR) pod vo\u0111stvom Tadeusza Mazowieckog objavila je da je na podru\u010dju Ov\u010dare kod Vukovara otkrivena masovna grobnica.<\/strong><\/p>\n<p>&nbsp;<\/p>\n<p>Grobnica je bila nedirnuta pre dolaska pripadnika UNPROFOR-a (<em>United Nations Protection Forces<\/em>) koji je na tada jo\u0161 uvek tajnom lokalitetu bio uspostavio danono\u0107nu stra\u017eu.<\/p>\n<p>U Vukovaru je po podacima vukovarske bolnice nakon 87 dana (avgust \u2013 novembar 1991. godine) pod opsadom Jugoslovenske narodne armije (JNA) poginulo 1.624 lica, a ranjeno vi\u0161e od 2.500. Oko 5.000 \u017eena i mu\u0161karaca je potom bilo odvedeno iz grada u logore u Srbiji. Iz same vukovarske bolnice JNA je 20. novembra 1991. godine, izvela oko 300 bolesnika, me\u0111u kojima su bili i civili kojima se potom gubi svaki trag. Skoro godinu dana je bilo pro\u0161lo od njihovog nestanka, a da niko ni\u0161ta nije znao o njihovoj sudbini.<\/p>\n<p>Na vest o otkrivanju masovne grobnice reagovao\u00a0je dr. Miodrag Vi\u0161i\u0107, predsednik Izvr\u0161nog saveta srpske op\u0161tine Vukovar koji je izjavio da kategori\u010dki odbija tu izjavu Mazowieckog\u00a0i da se na Ov\u010dari nalazio samo vojni sabirni centar odakle su pre\u017eiveli Vukovarci po vlastitoj \u017eelji upu\u0107ivani u Hrvatsku ili Srbiju.<\/p>\n<p>Iz sasvim razumljivih razloga, predstavnici UNCHR-a nisu dali podrobnije detalje o lokaciji, \u017eele\u0107i na taj na\u010din da za\u0161tite otkriveni lokalitet pre ekshumacije kako sa lica mesta ne bi bili uklonjeni dokazi.<\/p>\n<p>Me\u0111u 5.000 logora\u0161a u Srbiji nalazio se i jedini koji je pre\u017eiveo streljanja kraj Ov\u010dare. U razmeni zarobljenika po principu \u2018\u2019svi za sve\u2019\u2019 stigao je u Hrvatsku 14. avgusta 1992. godine, devet meseci nakon \u0161to su srpske snage izvr\u0161ile masakr.<\/p>\n<p>Upravo na osnovu iskaza jedinog pre\u017eivelog \u010diji je intervju objavio 2. oktobra 1992. godine zagreba\u010dki dnevni list \u201eVjesnik\u201c, istra\u017eni tim UN-a je prona\u0161ao masovnu grobnicu u blizini poljoprivrednog dobra \u201eOv\u010dara\u201c, \u0161to je i otkriveno na konferenciji za \u0161tampu u Zagrebu.<\/p>\n<p>Dopisnica AFP-a (<em>Agence France-Presse<\/em>) iz Beograda, Helena Despi\u0107-Popovi\u0107 bila je na toj konferenciji za \u0161tampu i pitala je predstavnike UNCHR-a da li postoji veza izme\u0111u otkri\u0107a masovne grobnice i nestalih iz bolnice u Vukovaru? Nije dobila odgovor iz gore navedenih razloga. Ona je prethodno pro\u010ditala \u010dlanak u \u201dVjesniku\u201d u kojem je do detalja o\u010devidac pod pseudonimom \u201dIvan\u201d opisao ono \u0161to se dogodilo na Ov\u010dari, novembra 1991. godine.<\/p>\n<p>Kada se vratila iz Zagreba u Beograd pozvala je svoju koleginicu Florence Hartmann, u to vreme dopisnicu \u201dLe monda\u201diz Beograda i rekla joj: \u201dHajde da zajedno tamo odemo i da ustanovimo da li tu postoji neka veza, jer oni odbijaju da odgovore.\u201d<\/p>\n<p>\u0160est dana nakon konferencije za \u0161tampu u Zagrebu, dve neustra\u0161ive novinarke krenule su autom iz Beograda u Vukovar da provere da li je tamo zaista postojala masovna grobnica i \u0161ta se dogodilo ljudima koji su nestali iz vukovarske bolnice. Sa akreditacijama za strane novinare Saveznog ministarstva za informacije u to vreme mogle su da se kre\u0107u bez dodatnih dozvola na teritoriji pod kontrolom Srba u Hrvatskoj. Po dolasku u Vukovar, sledile su u svojoj potrazi detaljne opise iz novinskog \u010dlanka.<\/p>\n<p>Florence Hartmann je kao svedokinja tu\u017eila\u0161tva pred Me\u0111unarodnim krivi\u010dnim sudom za biv\u0161u Jugoslaviju (MKSJ) na su\u0111enju za ratne zlo\u010dine po\u010dinjene na Ov\u010dari u predmetu Mrk\u0161i\u0107, Radi\u0107 i \u0160ljivan\u010danin (IT-95-13\/1), izjavila: \u201dNismo bile sigurne kuda da krenemo, jer je bilo vi\u0161e mesta na tom podru\u010dju gde smo mogle da skrenemo ulevo, a svakako, bojale smo se mina u polju. I malo dalje, do\u0161le smo do tog jezerca Grabovo, ali smo znale da je to predaleko i tu smo se zaustavile. Kada smo se tamo zaustavile, uz samu ivicu puta je bio mali hangar. Onda je stigao jedan \u010damac do obale jezerca koje je bilo ba\u0161 ispod nas. I nekoliko me\u0161tana je iza\u0161lo iz tog \u010damca. Pitali su nas \u0161ta tu radimo i tra\u017eili su na\u0161a dokumenta. Postavili su nam par pitanja. Nekoliko minuta kasnije, stigao je kamion UN, sa dva vojnika UN iz mirovnih snaga. Oni su bili Rusi. Oni nisu od nas tra\u017eili da odemo. Mi smo u stvari prisustvovale nekom sastanku izme\u0111u njih i Srba me\u0161tana\u00a0koji su do\u0161li \u010damcem. Razgovarali su, jeli su sendvi\u010de, \u010dini mi se, i ne\u0161to su pili. Nakon toga su Rusi lokalnim Srbima dali gorivo u kanistrima. Srbi su onda sa tim gorivom oti\u0161li. Nakon \u0161to su oti\u0161li, moja koleginica i ja smo se spremale da u\u0111emo u auto, videv\u0161i da se i Rusi spremaju da odu, i onda smo se zaustavile. I to zato, jer smo videle na kamionu registarske tablice UN-a, nakon \u010dega smo im rekle da \u0107emo ih prijaviti zbog \u0161verca goriva, ako nam ne ka\u017eu gde rade. Onda su nam oni predlo\u017eili da ih sledimo, i na taj na\u010din smo mi prona\u0161le mesto gde je trebalo da skrenemo.\u201d<\/p>\n<p>Stigle su prate\u0107i ruske vojnike do kraja \u0161umarka i ugledale beli \u0161ator i kamion UN-a. Vojnici koje su zatekli da \u010duvaju lokalitet nisu im dozvolili pristup u \u0161ator, ali su im rekli da su tamo videli lobanje i delove tela.<\/p>\n<p>Sama lokacija je uz iskaz pre\u017eivelog o\u010devica jasno ukazivala da postoji veza izme\u0111u nestalih iz bolnice u Vukovaru i te masovne grobnice. Ali to za dve iskusne novinarke nije bilo dovoljno za pouzdanu, ekskluzivnu vest. Bila im je potrebna potvrda iz zvani\u010dnog, slu\u017ebenog izvora. I zbog toga su sa Grabova odmah autom produ\u017eile u Erdut, sedi\u0161te UN-a za oblast Isto\u010dna Slavonija, Baranja i Zapadni Srem (SBZS). Tamo su prona\u0161le\u00a0Blandine\u00a0Neggae, koordinatorku za civilna pitanja UNPROFORA u UN sektoru Istok i saop\u0161tile joj da su prona\u0161le masovnu grobnicu o kojoj se govorilo na konferenciji za \u0161tampu u Zagrebu.<\/p>\n<p>Nju je iznenadila \u010dinjenica da su dve novinarke iz Beograda u jednom danu prona\u0161le lokaciju masovne grobnice koju je specijalni UN tim od septembra meseca tra\u017eio i imao velikih pote\u0161ko\u0107a da prona\u0111e samu lokaciju strati\u0161ta.\u00a0Dve novinarke su joj pokazale novinski \u010dlanak koji ih je vodio u potrazi, nakon \u010dega im je ona potvrdila, tog 27. oktobra 1992. godine da je na lokalitetu Grabovo kraj Vukovara otkrivena masovna grobnica, prva u Evropi posle Drugog svetskog rata.<\/p>\n<p>Florence i Helena dogovorile su se da slede\u0107eg dana, 28. oktobra 1992. godine vest o pronalasku nestalih iz vukovarske bolnice u masovnoj grobnici objave u razmaku od jednog sata. Tog istog dana specijalni izvestilac UNCHR-a Tadeusz Mazowiecki potvrdio je informacije koje su objavili novinska agencija AFP i \u201dLe Monde\u201d.<\/p>\n<p>Uprkos svemu, pro\u0161lo je \u010detiri godine od objavljivanja ove vesti do ekshumacije \u017ertava. Nakon potpisivanja tzv. Erdutskog sporazuma izme\u0111u Hrvatske i predstavnika SBZS\u00a0u novembru 1995. godine, podru\u010dje pod kontrolom Srba pre\u0161lo je pod prelaznu administrativnu upravu UN-a.<\/p>\n<p>Tek tada su se stekli uslovi da se obavi proces ekshumacije.<\/p>\n<p>Tokom avgusta i septembra 1996. godine iz\u00a0masovne grobnice duga\u010dke deset metara, \u0161iroke tri, a duboke dva metra ekshumirani su posmrtni ostaci 200 lica, 198 mu\u0161karaca i dve \u017eene \u2013\u00a0<strong>Janje Pothorski i<\/strong><strong>\u00a0Ru\u017eice Markoba\u0161i\u0107<\/strong>\u00a0koja je bila u petom mesecu trudno\u0107e. Tri lica bila su mla\u0111a od 18\u00a0godina:\u00a0<strong>Igor Ka\u010di\u0107<\/strong>,<strong>\u00a0Tomislav\u00a0Baumgertner\u00a0<\/strong>i<strong>\u00a0Dragutin Balog. \u00a0<\/strong><\/p>\n<p>Za zlo\u010dine na Ov\u010dari po komandnoj odgovornosti pred MKSJ osu\u0111eni su: pukovnik JNA Mile Mrk\u0161i\u0107, komandant Operativne grupe (OG) Jug i Gardijske motorizovane brigade (GMTBR) na 20 godina zatvora i major JNA Veselin \u0160ljivan\u010danin, na\u010delnik organa bezbednosti OG Jug i GMTBR na 10 godina zatvora.<\/p>\n<p>Kao direktni po\u010dinioci ubistava na Ov\u010dari na su\u0111enju u Srbiji 2017. godine pravosna\u017eno je osu\u0111eno 11 lica pripadnika lokalne \u201cTeritorijalne odbrane Vukovara\u201d i paravojne jedinice \u201cLeva Supoderica\u201d.<\/p>\n<p>Trideset godina od otkrivanja masovne grobnice na Ov\u010dari na podru\u010dju grada Vukovara traga se jo\u0161 uvek za 383 nestalih osoba.<\/p>\n<p>&nbsp;<\/p>\n<p><strong>Vladimir Milanovi\u0107<\/strong><\/p>\n<p>&nbsp;<\/p>\n<p>&nbsp;<\/p>\n<hr \/>\n<p><em>Ovaj tekst je preuzet sa portala <a href=\"https:\/\/dwp-balkan.org\/bs\/30-godina\/\" target=\"_blank\" rel=\"noopener\">dwp-balkan.org<\/a><\/em><\/p>\n","protected":false},"excerpt":{"rendered":"Na konferenciji za \u0161tampu u Zagrebu 22. oktobra 1992. godine, Komisija za ljudska prava Ujedinjenih nacija (UNCHR) pod vo\u0111stvom Tadeusza&#8230; ","protected":false},"author":8,"featured_media":188843,"comment_status":"closed","ping_status":"open","sticky":true,"template":"","format":"standard","meta":{"_acf_changed":false,"footnotes":""},"categories":[1789],"tags":[4028,4027,4025,4026],"class_list":["post-188842","post","type-post","status-publish","format-standard","has-post-thumbnail","hentry","category-memorijalizacija","tag-florence-hartmann","tag-helena-despic-popovic","tag-ovcara","tag-vladimir-milanovic"],"acf":[],"yoast_head":"<!-- This site is optimized with the Yoast SEO plugin v25.6 - https:\/\/yoast.com\/wordpress\/plugins\/seo\/ -->\n<title>Trideset godina - REKOM ~ KOMRA ~ RECOM<\/title>\n<meta name=\"description\" content=\"Na konferenciji za \u0161tampu u Zagrebu 22. oktobra 1992. godine, Komisija za ljudska prava Ujedinjenih nacija (UNCHR) pod vo\u0111stvom Tadeusza Mazowieckog objavila je da je na podru\u010dju Ov\u010dare kod Vukovara otkrivena masovna grobnica.\" \/>\n<meta name=\"robots\" content=\"index, follow, max-snippet:-1, max-image-preview:large, max-video-preview:-1\" \/>\n<link rel=\"canonical\" href=\"https:\/\/www.recom.link\/bhsc\/trideset-godina\/\" \/>\n<meta property=\"og:locale\" content=\"en_US\" \/>\n<meta property=\"og:type\" content=\"article\" \/>\n<meta property=\"og:title\" content=\"Trideset godina - REKOM ~ KOMRA ~ RECOM\" \/>\n<meta property=\"og:description\" content=\"Na konferenciji za \u0161tampu u Zagrebu 22. oktobra 1992. godine, Komisija za ljudska prava Ujedinjenih nacija (UNCHR) pod vo\u0111stvom Tadeusza Mazowieckog objavila je da je na podru\u010dju Ov\u010dare kod Vukovara otkrivena masovna grobnica.\" \/>\n<meta property=\"og:url\" content=\"https:\/\/www.recom.link\/bhsc\/trideset-godina\/\" \/>\n<meta property=\"og:site_name\" content=\"REKOM ~ KOMRA ~ RECOM\" \/>\n<meta property=\"article:publisher\" content=\"https:\/\/www.facebook.com\/ZaREKOM.PerKOMRA.ForRECOM\/\" \/>\n<meta property=\"article:published_time\" content=\"2022-11-18T14:29:01+00:00\" \/>\n<meta property=\"article:modified_time\" content=\"2022-11-18T14:31:58+00:00\" \/>\n<meta property=\"og:image\" content=\"https:\/\/www.recom.link\/wp-content\/uploads\/2022\/11\/ovcara.jpg\" \/>\n\t<meta property=\"og:image:width\" content=\"863\" \/>\n\t<meta property=\"og:image:height\" content=\"485\" \/>\n\t<meta property=\"og:image:type\" content=\"image\/jpeg\" \/>\n<meta name=\"author\" content=\"Recom Editor\" \/>\n<meta name=\"twitter:card\" content=\"summary_large_image\" \/>\n<meta name=\"twitter:creator\" content=\"@REKOM_KOMRA\" \/>\n<meta name=\"twitter:site\" content=\"@REKOM_KOMRA\" \/>\n<meta name=\"twitter:label1\" content=\"Written by\" \/>\n\t<meta name=\"twitter:data1\" content=\"Recom Editor\" \/>\n\t<meta name=\"twitter:label2\" content=\"Est. reading time\" \/>\n\t<meta name=\"twitter:data2\" content=\"6 minutes\" \/>\n<script type=\"application\/ld+json\" class=\"yoast-schema-graph\">{\"@context\":\"https:\/\/schema.org\",\"@graph\":[{\"@type\":\"WebPage\",\"@id\":\"https:\/\/www.recom.link\/bhsc\/trideset-godina\/\",\"url\":\"https:\/\/www.recom.link\/bhsc\/trideset-godina\/\",\"name\":\"Trideset godina - REKOM ~ KOMRA ~ RECOM\",\"isPartOf\":{\"@id\":\"https:\/\/www.recom.link\/en\/#website\"},\"primaryImageOfPage\":{\"@id\":\"https:\/\/www.recom.link\/bhsc\/trideset-godina\/#primaryimage\"},\"image\":{\"@id\":\"https:\/\/www.recom.link\/bhsc\/trideset-godina\/#primaryimage\"},\"thumbnailUrl\":\"https:\/\/www.recom.link\/wp-content\/uploads\/2022\/11\/ovcara.jpg\",\"datePublished\":\"2022-11-18T14:29:01+00:00\",\"dateModified\":\"2022-11-18T14:31:58+00:00\",\"author\":{\"@id\":\"https:\/\/www.recom.link\/en\/#\/schema\/person\/0b0fce47cdf986c8b4194146b69999a3\"},\"description\":\"Na konferenciji za \u0161tampu u Zagrebu 22. oktobra 1992. godine, Komisija za ljudska prava Ujedinjenih nacija (UNCHR) pod vo\u0111stvom Tadeusza Mazowieckog objavila je da je na podru\u010dju Ov\u010dare kod Vukovara otkrivena masovna grobnica.\",\"breadcrumb\":{\"@id\":\"https:\/\/www.recom.link\/bhsc\/trideset-godina\/#breadcrumb\"},\"inLanguage\":\"bhsc\",\"potentialAction\":[{\"@type\":\"ReadAction\",\"target\":[\"https:\/\/www.recom.link\/bhsc\/trideset-godina\/\"]}]},{\"@type\":\"ImageObject\",\"inLanguage\":\"bhsc\",\"@id\":\"https:\/\/www.recom.link\/bhsc\/trideset-godina\/#primaryimage\",\"url\":\"https:\/\/www.recom.link\/wp-content\/uploads\/2022\/11\/ovcara.jpg\",\"contentUrl\":\"https:\/\/www.recom.link\/wp-content\/uploads\/2022\/11\/ovcara.jpg\",\"width\":863,\"height\":485,\"caption\":\"Ov\u010dari\"},{\"@type\":\"BreadcrumbList\",\"@id\":\"https:\/\/www.recom.link\/bhsc\/trideset-godina\/#breadcrumb\",\"itemListElement\":[{\"@type\":\"ListItem\",\"position\":1,\"name\":\"Home\",\"item\":\"https:\/\/www.recom.link\/en\/\"},{\"@type\":\"ListItem\",\"position\":2,\"name\":\"Trideset godina\"}]},{\"@type\":\"WebSite\",\"@id\":\"https:\/\/www.recom.link\/en\/#website\",\"url\":\"https:\/\/www.recom.link\/en\/\",\"name\":\"REKOM ~ KOMRA ~ RECOM\",\"description\":\"\",\"potentialAction\":[{\"@type\":\"SearchAction\",\"target\":{\"@type\":\"EntryPoint\",\"urlTemplate\":\"https:\/\/www.recom.link\/en\/?s={search_term_string}\"},\"query-input\":{\"@type\":\"PropertyValueSpecification\",\"valueRequired\":true,\"valueName\":\"search_term_string\"}}],\"inLanguage\":\"bhsc\"},{\"@type\":\"Person\",\"@id\":\"https:\/\/www.recom.link\/en\/#\/schema\/person\/0b0fce47cdf986c8b4194146b69999a3\",\"name\":\"Recom Editor\",\"image\":{\"@type\":\"ImageObject\",\"inLanguage\":\"bhsc\",\"@id\":\"https:\/\/www.recom.link\/en\/#\/schema\/person\/image\/\",\"url\":\"https:\/\/secure.gravatar.com\/avatar\/b345ee03975bccfc62280b0fd1ffd916?s=96&d=mm&r=g\",\"contentUrl\":\"https:\/\/secure.gravatar.com\/avatar\/b345ee03975bccfc62280b0fd1ffd916?s=96&d=mm&r=g\",\"caption\":\"Recom Editor\"},\"url\":\"https:\/\/www.recom.link\/bhsc\/author\/jelanag\/\"}]}<\/script>\n<!-- \/ Yoast SEO plugin. -->","yoast_head_json":{"title":"Trideset godina - REKOM ~ KOMRA ~ RECOM","description":"Na konferenciji za \u0161tampu u Zagrebu 22. oktobra 1992. godine, Komisija za ljudska prava Ujedinjenih nacija (UNCHR) pod vo\u0111stvom Tadeusza Mazowieckog objavila je da je na podru\u010dju Ov\u010dare kod Vukovara otkrivena masovna grobnica.","robots":{"index":"index","follow":"follow","max-snippet":"max-snippet:-1","max-image-preview":"max-image-preview:large","max-video-preview":"max-video-preview:-1"},"canonical":"https:\/\/www.recom.link\/bhsc\/trideset-godina\/","og_locale":"en_US","og_type":"article","og_title":"Trideset godina - REKOM ~ KOMRA ~ RECOM","og_description":"Na konferenciji za \u0161tampu u Zagrebu 22. oktobra 1992. godine, Komisija za ljudska prava Ujedinjenih nacija (UNCHR) pod vo\u0111stvom Tadeusza Mazowieckog objavila je da je na podru\u010dju Ov\u010dare kod Vukovara otkrivena masovna grobnica.","og_url":"https:\/\/www.recom.link\/bhsc\/trideset-godina\/","og_site_name":"REKOM ~ KOMRA ~ RECOM","article_publisher":"https:\/\/www.facebook.com\/ZaREKOM.PerKOMRA.ForRECOM\/","article_published_time":"2022-11-18T14:29:01+00:00","article_modified_time":"2022-11-18T14:31:58+00:00","og_image":[{"width":863,"height":485,"url":"https:\/\/www.recom.link\/wp-content\/uploads\/2022\/11\/ovcara.jpg","type":"image\/jpeg"}],"author":"Recom Editor","twitter_card":"summary_large_image","twitter_creator":"@REKOM_KOMRA","twitter_site":"@REKOM_KOMRA","twitter_misc":{"Written by":"Recom Editor","Est. reading time":"6 minutes"},"schema":{"@context":"https:\/\/schema.org","@graph":[{"@type":"WebPage","@id":"https:\/\/www.recom.link\/bhsc\/trideset-godina\/","url":"https:\/\/www.recom.link\/bhsc\/trideset-godina\/","name":"Trideset godina - REKOM ~ KOMRA ~ RECOM","isPartOf":{"@id":"https:\/\/www.recom.link\/en\/#website"},"primaryImageOfPage":{"@id":"https:\/\/www.recom.link\/bhsc\/trideset-godina\/#primaryimage"},"image":{"@id":"https:\/\/www.recom.link\/bhsc\/trideset-godina\/#primaryimage"},"thumbnailUrl":"https:\/\/www.recom.link\/wp-content\/uploads\/2022\/11\/ovcara.jpg","datePublished":"2022-11-18T14:29:01+00:00","dateModified":"2022-11-18T14:31:58+00:00","author":{"@id":"https:\/\/www.recom.link\/en\/#\/schema\/person\/0b0fce47cdf986c8b4194146b69999a3"},"description":"Na konferenciji za \u0161tampu u Zagrebu 22. oktobra 1992. godine, Komisija za ljudska prava Ujedinjenih nacija (UNCHR) pod vo\u0111stvom Tadeusza Mazowieckog objavila je da je na podru\u010dju Ov\u010dare kod Vukovara otkrivena masovna grobnica.","breadcrumb":{"@id":"https:\/\/www.recom.link\/bhsc\/trideset-godina\/#breadcrumb"},"inLanguage":"bhsc","potentialAction":[{"@type":"ReadAction","target":["https:\/\/www.recom.link\/bhsc\/trideset-godina\/"]}]},{"@type":"ImageObject","inLanguage":"bhsc","@id":"https:\/\/www.recom.link\/bhsc\/trideset-godina\/#primaryimage","url":"https:\/\/www.recom.link\/wp-content\/uploads\/2022\/11\/ovcara.jpg","contentUrl":"https:\/\/www.recom.link\/wp-content\/uploads\/2022\/11\/ovcara.jpg","width":863,"height":485,"caption":"Ov\u010dari"},{"@type":"BreadcrumbList","@id":"https:\/\/www.recom.link\/bhsc\/trideset-godina\/#breadcrumb","itemListElement":[{"@type":"ListItem","position":1,"name":"Home","item":"https:\/\/www.recom.link\/en\/"},{"@type":"ListItem","position":2,"name":"Trideset godina"}]},{"@type":"WebSite","@id":"https:\/\/www.recom.link\/en\/#website","url":"https:\/\/www.recom.link\/en\/","name":"REKOM ~ KOMRA ~ RECOM","description":"","potentialAction":[{"@type":"SearchAction","target":{"@type":"EntryPoint","urlTemplate":"https:\/\/www.recom.link\/en\/?s={search_term_string}"},"query-input":{"@type":"PropertyValueSpecification","valueRequired":true,"valueName":"search_term_string"}}],"inLanguage":"bhsc"},{"@type":"Person","@id":"https:\/\/www.recom.link\/en\/#\/schema\/person\/0b0fce47cdf986c8b4194146b69999a3","name":"Recom Editor","image":{"@type":"ImageObject","inLanguage":"bhsc","@id":"https:\/\/www.recom.link\/en\/#\/schema\/person\/image\/","url":"https:\/\/secure.gravatar.com\/avatar\/b345ee03975bccfc62280b0fd1ffd916?s=96&d=mm&r=g","contentUrl":"https:\/\/secure.gravatar.com\/avatar\/b345ee03975bccfc62280b0fd1ffd916?s=96&d=mm&r=g","caption":"Recom Editor"},"url":"https:\/\/www.recom.link\/bhsc\/author\/jelanag\/"}]}},"_links":{"self":[{"href":"https:\/\/www.recom.link\/bhsc\/wp-json\/wp\/v2\/posts\/188842"}],"collection":[{"href":"https:\/\/www.recom.link\/bhsc\/wp-json\/wp\/v2\/posts"}],"about":[{"href":"https:\/\/www.recom.link\/bhsc\/wp-json\/wp\/v2\/types\/post"}],"author":[{"embeddable":true,"href":"https:\/\/www.recom.link\/bhsc\/wp-json\/wp\/v2\/users\/8"}],"replies":[{"embeddable":true,"href":"https:\/\/www.recom.link\/bhsc\/wp-json\/wp\/v2\/comments?post=188842"}],"version-history":[{"count":3,"href":"https:\/\/www.recom.link\/bhsc\/wp-json\/wp\/v2\/posts\/188842\/revisions"}],"predecessor-version":[{"id":188850,"href":"https:\/\/www.recom.link\/bhsc\/wp-json\/wp\/v2\/posts\/188842\/revisions\/188850"}],"wp:featuredmedia":[{"embeddable":true,"href":"https:\/\/www.recom.link\/bhsc\/wp-json\/wp\/v2\/media\/188843"}],"wp:attachment":[{"href":"https:\/\/www.recom.link\/bhsc\/wp-json\/wp\/v2\/media?parent=188842"}],"wp:term":[{"taxonomy":"category","embeddable":true,"href":"https:\/\/www.recom.link\/bhsc\/wp-json\/wp\/v2\/categories?post=188842"},{"taxonomy":"post_tag","embeddable":true,"href":"https:\/\/www.recom.link\/bhsc\/wp-json\/wp\/v2\/tags?post=188842"}],"curies":[{"name":"wp","href":"https:\/\/api.w.org\/{rel}","templated":true}]}}