{"id":188323,"date":"2022-06-02T13:46:24","date_gmt":"2022-06-02T12:46:24","guid":{"rendered":"https:\/\/www.recom.link\/?p=188323"},"modified":"2022-06-09T08:48:44","modified_gmt":"2022-06-09T07:48:44","slug":"promocija-knjige-grebo-bore-kontica-u-podgorici-beogradu-i-tuzli","status":"publish","type":"post","link":"https:\/\/www.recom.link\/bhsc\/promocija-knjige-grebo-bore-kontica-u-podgorici-beogradu-i-tuzli\/","title":{"rendered":"Promocija knjige \u201eGrebo\u201c Bore Konti\u0107a u Podgorici, Beogradu i Tuzli"},"content":{"rendered":"<p><strong>Promocija knjige\u00a0\u201eGrebo\u201c autora Bore Konti\u0107a\u00a0odr\u017eati \u0107e se u 3 grada \u2013 Podgorici, Beogradu i Tuzli.\u00a0<\/strong><\/p>\n<p>U\u00a0<strong>Podgorica\u00a0<\/strong>promocija \u0107e se odr\u017eati u knji\u017eari Karver, 2. juni 2022. s po\u010detkom u 19 sati.<\/p>\n<p>O knjizi \u0107e govoriti:\u00a0<strong>Boro Konti\u0107, Tamara Nik\u010devi\u0107, Marko \u0160padijer i Miodrag Vlahovi\u0107<\/strong>.<\/p>\n<p>U<strong>\u00a0Beogradu<\/strong>, GRAD \u2013 European Centre for Culture and Debate, 3. juni 2022. s po\u010detkom u 19 sati.\u00a0O knjizi \u0107e govoriti:\u00a0<strong>Boro Konti\u0107, Nata\u0161a Kandi\u0107, Jasminka Hasanbegovi\u0107 i Semezdin Mehmedinovi\u0107<\/strong>.<\/p>\n<p>U\u00a0<strong>Tuzli<\/strong>, Centar za kulturu, Atelje Ismet Mujezinovi\u0107, 4. juni s po\u010detkom u 13 sati.\u00a0O knjizi \u0107e govoriti:\u00a0<strong>Boro Konti\u0107, Jasmin Imamovi\u0107 i Semezdin Mehmedinovi\u0107<\/strong>.<\/p>\n<p><em><strong>Boro Konti\u0107:\u00a0<\/strong><\/em><\/p>\n<p>\u2018Ovo je trebala biti knjiga intervju. Dugi, \u017eivotni intervju u kojem profesor\u00a0<strong>Zdravko Grebo<\/strong>\u00a0govori o porodici, univerzitetskoj karijeri, iskustvu politi\u010dara, ratu, uspjesima i porazima, svom javnom anga\u017emanu, sudbini Bosne i Hercegovine i gradovima koji su ga obilje\u017eili. Od Mostara, preko Beograda, do Sarajeva.<\/p>\n<p>Kad smo po\u010deli taj razgovor, kojem se dugo opirao, mislili smo ima vremena. Na\u017ealost, okon\u010dan je nakon samo par mjeseci rada, krajem 2018. godine. Sve \u0161to smo tada uradili nalazi se na stranicama ove knjige.<\/p>\n<div class=\"google-auto-placed ap_container\">\n<p>Ostavljena mi je profesorova arhiva. Iz tih dokumenata i sje\u0107anja poku\u0161ao sam ispisati hronologiju od 1968. godine kada je kao dvadesetogodi\u0161njak na velika vrata u\u0161ao u ovda\u0161nju javnost, njegove univerzitetske karijere, kratke ali upe\u010datljive epizode jugoslovenskog politi\u010dara, opsade Sarajeva, postratne Bosne i Hercegovine, ukratko \u2013 pola vijeka jednog punog ljudskog \u017eivota.<\/p>\n<p>Ovo nije kona\u010dna biografija. Vjerovatnije, jedan od mogu\u0107ih narativa o profesoru Zdravku Grebi. Ipak, ima jedna zajedni\u010dka nit. Uvijek kada je ovo bio prostor dramati\u010dnih doga\u0111aja, a nije ih manjkalo, kru\u017eilo je jedno te isto pitanje:\u00a0\u0160ta ka\u017ee Grebo?\u2019<\/p>\n<\/div>\n<p>&nbsp;<\/p>\n<hr \/>\n<p><em>Ovaj tekst je preuzet sa portala <a href=\"https:\/\/portalforum.rs\/blog\/2022\/06\/01\/promocija-knjige-grebo-bore-kontica-u-podgorici-beogradu-i-tuzli\/\" target=\"_blank\" rel=\"noopener\">portalforum.rs<\/a>.<\/em><\/p>\n","protected":false},"excerpt":{"rendered":"Promocija knjige\u00a0\u201eGrebo\u201c autora Bore Konti\u0107a\u00a0odr\u017eati \u0107e se u 3 grada \u2013 Podgorici, Beogradu i Tuzli.\u00a0 U\u00a0Podgorica\u00a0promocija \u0107e se odr\u017eati u&#8230; ","protected":false},"author":8,"featured_media":188335,"comment_status":"closed","ping_status":"open","sticky":false,"template":"","format":"standard","meta":{"_acf_changed":false,"footnotes":""},"categories":[422],"tags":[3958,3972,1818,3973,3974],"class_list":["post-188323","post","type-post","status-publish","format-standard","has-post-thumbnail","hentry","category-vesti-bhsc","tag-boro-kontic","tag-jasminka-hasanbegovic","tag-natasa-kandic-bhsc","tag-semezdin-mehmedinovic","tag-zdravko-grebo-bhsc"],"acf":[],"yoast_head":"<!-- This site is optimized with the Yoast SEO plugin v25.6 - https:\/\/yoast.com\/wordpress\/plugins\/seo\/ -->\n<title>Promocija knjige \u201eGrebo\u201c Bore Konti\u0107a u Podgorici, Beogradu i Tuzli<\/title>\n<meta name=\"description\" content=\"Promocija knjige\u00a0\u201eGrebo\u201c autora Bore Konti\u0107a\u00a0odr\u017eati \u0107e se u 3 grada \u2013 Podgorici, Beogradu i Tuzli.\u00a0\" \/>\n<meta name=\"robots\" content=\"index, follow, max-snippet:-1, max-image-preview:large, max-video-preview:-1\" \/>\n<link rel=\"canonical\" href=\"https:\/\/www.recom.link\/bhsc\/promocija-knjige-grebo-bore-kontica-u-podgorici-beogradu-i-tuzli\/\" \/>\n<meta property=\"og:locale\" content=\"en_US\" \/>\n<meta property=\"og:type\" content=\"article\" \/>\n<meta property=\"og:title\" content=\"Promocija knjige \u201eGrebo\u201c Bore Konti\u0107a u Podgorici, Beogradu i Tuzli\" \/>\n<meta property=\"og:description\" content=\"Promocija knjige\u00a0\u201eGrebo\u201c autora Bore Konti\u0107a\u00a0odr\u017eati \u0107e se u 3 grada \u2013 Podgorici, Beogradu i Tuzli.\u00a0\" \/>\n<meta property=\"og:url\" content=\"https:\/\/www.recom.link\/bhsc\/promocija-knjige-grebo-bore-kontica-u-podgorici-beogradu-i-tuzli\/\" \/>\n<meta property=\"og:site_name\" content=\"REKOM ~ KOMRA ~ RECOM\" \/>\n<meta property=\"article:publisher\" content=\"https:\/\/www.facebook.com\/ZaREKOM.PerKOMRA.ForRECOM\/\" \/>\n<meta property=\"article:published_time\" content=\"2022-06-02T12:46:24+00:00\" \/>\n<meta property=\"article:modified_time\" content=\"2022-06-09T07:48:44+00:00\" \/>\n<meta property=\"og:image\" content=\"https:\/\/www.recom.link\/wp-content\/uploads\/2022\/06\/db0ada3e9111487216d5b7b060194315753fc4f06ed0e457b033973c277edf33-rimg-w960-h505-gmir.webp\" \/>\n\t<meta property=\"og:image:width\" content=\"960\" \/>\n\t<meta property=\"og:image:height\" content=\"505\" \/>\n\t<meta property=\"og:image:type\" content=\"image\/webp\" \/>\n<meta name=\"author\" content=\"Recom Editor\" \/>\n<meta name=\"twitter:card\" content=\"summary_large_image\" \/>\n<meta name=\"twitter:creator\" content=\"@REKOM_KOMRA\" \/>\n<meta name=\"twitter:site\" content=\"@REKOM_KOMRA\" \/>\n<meta name=\"twitter:label1\" content=\"Written by\" \/>\n\t<meta name=\"twitter:data1\" content=\"Recom Editor\" \/>\n\t<meta name=\"twitter:label2\" content=\"Est. reading time\" \/>\n\t<meta name=\"twitter:data2\" content=\"2 minutes\" \/>\n<script type=\"application\/ld+json\" class=\"yoast-schema-graph\">{\"@context\":\"https:\/\/schema.org\",\"@graph\":[{\"@type\":\"WebPage\",\"@id\":\"https:\/\/www.recom.link\/bhsc\/promocija-knjige-grebo-bore-kontica-u-podgorici-beogradu-i-tuzli\/\",\"url\":\"https:\/\/www.recom.link\/bhsc\/promocija-knjige-grebo-bore-kontica-u-podgorici-beogradu-i-tuzli\/\",\"name\":\"Promocija knjige \u201eGrebo\u201c Bore Konti\u0107a u Podgorici, Beogradu i Tuzli\",\"isPartOf\":{\"@id\":\"https:\/\/www.recom.link\/en\/#website\"},\"primaryImageOfPage\":{\"@id\":\"https:\/\/www.recom.link\/bhsc\/promocija-knjige-grebo-bore-kontica-u-podgorici-beogradu-i-tuzli\/#primaryimage\"},\"image\":{\"@id\":\"https:\/\/www.recom.link\/bhsc\/promocija-knjige-grebo-bore-kontica-u-podgorici-beogradu-i-tuzli\/#primaryimage\"},\"thumbnailUrl\":\"https:\/\/www.recom.link\/wp-content\/uploads\/2022\/06\/db0ada3e9111487216d5b7b060194315753fc4f06ed0e457b033973c277edf33-rimg-w960-h505-gmir.webp\",\"datePublished\":\"2022-06-02T12:46:24+00:00\",\"dateModified\":\"2022-06-09T07:48:44+00:00\",\"author\":{\"@id\":\"https:\/\/www.recom.link\/en\/#\/schema\/person\/0b0fce47cdf986c8b4194146b69999a3\"},\"description\":\"Promocija knjige\u00a0\u201eGrebo\u201c autora Bore Konti\u0107a\u00a0odr\u017eati \u0107e se u 3 grada \u2013 Podgorici, Beogradu i Tuzli.\u00a0\",\"breadcrumb\":{\"@id\":\"https:\/\/www.recom.link\/bhsc\/promocija-knjige-grebo-bore-kontica-u-podgorici-beogradu-i-tuzli\/#breadcrumb\"},\"inLanguage\":\"bhsc\",\"potentialAction\":[{\"@type\":\"ReadAction\",\"target\":[\"https:\/\/www.recom.link\/bhsc\/promocija-knjige-grebo-bore-kontica-u-podgorici-beogradu-i-tuzli\/\"]}]},{\"@type\":\"ImageObject\",\"inLanguage\":\"bhsc\",\"@id\":\"https:\/\/www.recom.link\/bhsc\/promocija-knjige-grebo-bore-kontica-u-podgorici-beogradu-i-tuzli\/#primaryimage\",\"url\":\"https:\/\/www.recom.link\/wp-content\/uploads\/2022\/06\/db0ada3e9111487216d5b7b060194315753fc4f06ed0e457b033973c277edf33-rimg-w960-h505-gmir.webp\",\"contentUrl\":\"https:\/\/www.recom.link\/wp-content\/uploads\/2022\/06\/db0ada3e9111487216d5b7b060194315753fc4f06ed0e457b033973c277edf33-rimg-w960-h505-gmir.webp\",\"width\":960,\"height\":505,\"caption\":\"Grebo\"},{\"@type\":\"BreadcrumbList\",\"@id\":\"https:\/\/www.recom.link\/bhsc\/promocija-knjige-grebo-bore-kontica-u-podgorici-beogradu-i-tuzli\/#breadcrumb\",\"itemListElement\":[{\"@type\":\"ListItem\",\"position\":1,\"name\":\"Home\",\"item\":\"https:\/\/www.recom.link\/en\/\"},{\"@type\":\"ListItem\",\"position\":2,\"name\":\"Promocija knjige \u201eGrebo\u201c Bore Konti\u0107a u Podgorici, Beogradu i Tuzli\"}]},{\"@type\":\"WebSite\",\"@id\":\"https:\/\/www.recom.link\/en\/#website\",\"url\":\"https:\/\/www.recom.link\/en\/\",\"name\":\"REKOM ~ KOMRA ~ RECOM\",\"description\":\"\",\"potentialAction\":[{\"@type\":\"SearchAction\",\"target\":{\"@type\":\"EntryPoint\",\"urlTemplate\":\"https:\/\/www.recom.link\/en\/?s={search_term_string}\"},\"query-input\":{\"@type\":\"PropertyValueSpecification\",\"valueRequired\":true,\"valueName\":\"search_term_string\"}}],\"inLanguage\":\"bhsc\"},{\"@type\":\"Person\",\"@id\":\"https:\/\/www.recom.link\/en\/#\/schema\/person\/0b0fce47cdf986c8b4194146b69999a3\",\"name\":\"Recom Editor\",\"image\":{\"@type\":\"ImageObject\",\"inLanguage\":\"bhsc\",\"@id\":\"https:\/\/www.recom.link\/en\/#\/schema\/person\/image\/\",\"url\":\"https:\/\/secure.gravatar.com\/avatar\/b345ee03975bccfc62280b0fd1ffd916?s=96&d=mm&r=g\",\"contentUrl\":\"https:\/\/secure.gravatar.com\/avatar\/b345ee03975bccfc62280b0fd1ffd916?s=96&d=mm&r=g\",\"caption\":\"Recom Editor\"},\"url\":\"https:\/\/www.recom.link\/bhsc\/author\/jelanag\/\"}]}<\/script>\n<!-- \/ Yoast SEO plugin. -->","yoast_head_json":{"title":"Promocija knjige \u201eGrebo\u201c Bore Konti\u0107a u Podgorici, Beogradu i Tuzli","description":"Promocija knjige\u00a0\u201eGrebo\u201c autora Bore Konti\u0107a\u00a0odr\u017eati \u0107e se u 3 grada \u2013 Podgorici, Beogradu i Tuzli.\u00a0","robots":{"index":"index","follow":"follow","max-snippet":"max-snippet:-1","max-image-preview":"max-image-preview:large","max-video-preview":"max-video-preview:-1"},"canonical":"https:\/\/www.recom.link\/bhsc\/promocija-knjige-grebo-bore-kontica-u-podgorici-beogradu-i-tuzli\/","og_locale":"en_US","og_type":"article","og_title":"Promocija knjige \u201eGrebo\u201c Bore Konti\u0107a u Podgorici, Beogradu i Tuzli","og_description":"Promocija knjige\u00a0\u201eGrebo\u201c autora Bore Konti\u0107a\u00a0odr\u017eati \u0107e se u 3 grada \u2013 Podgorici, Beogradu i Tuzli.\u00a0","og_url":"https:\/\/www.recom.link\/bhsc\/promocija-knjige-grebo-bore-kontica-u-podgorici-beogradu-i-tuzli\/","og_site_name":"REKOM ~ KOMRA ~ RECOM","article_publisher":"https:\/\/www.facebook.com\/ZaREKOM.PerKOMRA.ForRECOM\/","article_published_time":"2022-06-02T12:46:24+00:00","article_modified_time":"2022-06-09T07:48:44+00:00","og_image":[{"width":960,"height":505,"url":"https:\/\/www.recom.link\/wp-content\/uploads\/2022\/06\/db0ada3e9111487216d5b7b060194315753fc4f06ed0e457b033973c277edf33-rimg-w960-h505-gmir.webp","type":"image\/webp"}],"author":"Recom Editor","twitter_card":"summary_large_image","twitter_creator":"@REKOM_KOMRA","twitter_site":"@REKOM_KOMRA","twitter_misc":{"Written by":"Recom Editor","Est. reading time":"2 minutes"},"schema":{"@context":"https:\/\/schema.org","@graph":[{"@type":"WebPage","@id":"https:\/\/www.recom.link\/bhsc\/promocija-knjige-grebo-bore-kontica-u-podgorici-beogradu-i-tuzli\/","url":"https:\/\/www.recom.link\/bhsc\/promocija-knjige-grebo-bore-kontica-u-podgorici-beogradu-i-tuzli\/","name":"Promocija knjige \u201eGrebo\u201c Bore Konti\u0107a u Podgorici, Beogradu i Tuzli","isPartOf":{"@id":"https:\/\/www.recom.link\/en\/#website"},"primaryImageOfPage":{"@id":"https:\/\/www.recom.link\/bhsc\/promocija-knjige-grebo-bore-kontica-u-podgorici-beogradu-i-tuzli\/#primaryimage"},"image":{"@id":"https:\/\/www.recom.link\/bhsc\/promocija-knjige-grebo-bore-kontica-u-podgorici-beogradu-i-tuzli\/#primaryimage"},"thumbnailUrl":"https:\/\/www.recom.link\/wp-content\/uploads\/2022\/06\/db0ada3e9111487216d5b7b060194315753fc4f06ed0e457b033973c277edf33-rimg-w960-h505-gmir.webp","datePublished":"2022-06-02T12:46:24+00:00","dateModified":"2022-06-09T07:48:44+00:00","author":{"@id":"https:\/\/www.recom.link\/en\/#\/schema\/person\/0b0fce47cdf986c8b4194146b69999a3"},"description":"Promocija knjige\u00a0\u201eGrebo\u201c autora Bore Konti\u0107a\u00a0odr\u017eati \u0107e se u 3 grada \u2013 Podgorici, Beogradu i Tuzli.\u00a0","breadcrumb":{"@id":"https:\/\/www.recom.link\/bhsc\/promocija-knjige-grebo-bore-kontica-u-podgorici-beogradu-i-tuzli\/#breadcrumb"},"inLanguage":"bhsc","potentialAction":[{"@type":"ReadAction","target":["https:\/\/www.recom.link\/bhsc\/promocija-knjige-grebo-bore-kontica-u-podgorici-beogradu-i-tuzli\/"]}]},{"@type":"ImageObject","inLanguage":"bhsc","@id":"https:\/\/www.recom.link\/bhsc\/promocija-knjige-grebo-bore-kontica-u-podgorici-beogradu-i-tuzli\/#primaryimage","url":"https:\/\/www.recom.link\/wp-content\/uploads\/2022\/06\/db0ada3e9111487216d5b7b060194315753fc4f06ed0e457b033973c277edf33-rimg-w960-h505-gmir.webp","contentUrl":"https:\/\/www.recom.link\/wp-content\/uploads\/2022\/06\/db0ada3e9111487216d5b7b060194315753fc4f06ed0e457b033973c277edf33-rimg-w960-h505-gmir.webp","width":960,"height":505,"caption":"Grebo"},{"@type":"BreadcrumbList","@id":"https:\/\/www.recom.link\/bhsc\/promocija-knjige-grebo-bore-kontica-u-podgorici-beogradu-i-tuzli\/#breadcrumb","itemListElement":[{"@type":"ListItem","position":1,"name":"Home","item":"https:\/\/www.recom.link\/en\/"},{"@type":"ListItem","position":2,"name":"Promocija knjige \u201eGrebo\u201c Bore Konti\u0107a u Podgorici, Beogradu i Tuzli"}]},{"@type":"WebSite","@id":"https:\/\/www.recom.link\/en\/#website","url":"https:\/\/www.recom.link\/en\/","name":"REKOM ~ KOMRA ~ RECOM","description":"","potentialAction":[{"@type":"SearchAction","target":{"@type":"EntryPoint","urlTemplate":"https:\/\/www.recom.link\/en\/?s={search_term_string}"},"query-input":{"@type":"PropertyValueSpecification","valueRequired":true,"valueName":"search_term_string"}}],"inLanguage":"bhsc"},{"@type":"Person","@id":"https:\/\/www.recom.link\/en\/#\/schema\/person\/0b0fce47cdf986c8b4194146b69999a3","name":"Recom Editor","image":{"@type":"ImageObject","inLanguage":"bhsc","@id":"https:\/\/www.recom.link\/en\/#\/schema\/person\/image\/","url":"https:\/\/secure.gravatar.com\/avatar\/b345ee03975bccfc62280b0fd1ffd916?s=96&d=mm&r=g","contentUrl":"https:\/\/secure.gravatar.com\/avatar\/b345ee03975bccfc62280b0fd1ffd916?s=96&d=mm&r=g","caption":"Recom Editor"},"url":"https:\/\/www.recom.link\/bhsc\/author\/jelanag\/"}]}},"_links":{"self":[{"href":"https:\/\/www.recom.link\/bhsc\/wp-json\/wp\/v2\/posts\/188323"}],"collection":[{"href":"https:\/\/www.recom.link\/bhsc\/wp-json\/wp\/v2\/posts"}],"about":[{"href":"https:\/\/www.recom.link\/bhsc\/wp-json\/wp\/v2\/types\/post"}],"author":[{"embeddable":true,"href":"https:\/\/www.recom.link\/bhsc\/wp-json\/wp\/v2\/users\/8"}],"replies":[{"embeddable":true,"href":"https:\/\/www.recom.link\/bhsc\/wp-json\/wp\/v2\/comments?post=188323"}],"version-history":[{"count":1,"href":"https:\/\/www.recom.link\/bhsc\/wp-json\/wp\/v2\/posts\/188323\/revisions"}],"predecessor-version":[{"id":188334,"href":"https:\/\/www.recom.link\/bhsc\/wp-json\/wp\/v2\/posts\/188323\/revisions\/188334"}],"wp:featuredmedia":[{"embeddable":true,"href":"https:\/\/www.recom.link\/bhsc\/wp-json\/wp\/v2\/media\/188335"}],"wp:attachment":[{"href":"https:\/\/www.recom.link\/bhsc\/wp-json\/wp\/v2\/media?parent=188323"}],"wp:term":[{"taxonomy":"category","embeddable":true,"href":"https:\/\/www.recom.link\/bhsc\/wp-json\/wp\/v2\/categories?post=188323"},{"taxonomy":"post_tag","embeddable":true,"href":"https:\/\/www.recom.link\/bhsc\/wp-json\/wp\/v2\/tags?post=188323"}],"curies":[{"name":"wp","href":"https:\/\/api.w.org\/{rel}","templated":true}]}}