{"id":188176,"date":"2022-03-31T15:45:19","date_gmt":"2022-03-31T14:45:19","guid":{"rendered":"https:\/\/www.recom.link\/?p=188176"},"modified":"2022-05-30T14:43:18","modified_gmt":"2022-05-30T13:43:18","slug":"kulturni-dogadaj-godine-u-prepunoj-vijecnici-odrzana-promocija-knjige-grebo","status":"publish","type":"post","link":"https:\/\/www.recom.link\/bhsc\/kulturni-dogadaj-godine-u-prepunoj-vijecnici-odrzana-promocija-knjige-grebo\/","title":{"rendered":"Kulturni doga\u0111aj godine: U prepunoj Vije\u0107nici odr\u017eana promocija knjige &#8220;Grebo&#8221;"},"content":{"rendered":"<p><strong>U prepunoj sali sarajevske Vije\u0107nice ve\u010deras je odr\u017eana promocija knjige &#8220;Grebo&#8221; autora\u00a0<a href=\"https:\/\/radiosarajevo.ba\/tagovi\/Boro%20Konti%C4%87\" target=\"_blank\" rel=\"noopener\">Bore Konti\u0107a<\/a>, legendarnog novinara i urednika.<\/strong><\/p>\n<p>Knjigu, koja je &#8220;dokument, ali i emotivni razgovor dva prijatelja&#8221;, izdao je sarajevski Buybook, a posve\u0107ena je \u017eivotu i djelu velikog bosanskohercegova\u010dkog intelektualca, univerzitetskog profesora i aktiviste\u00a0<strong><a href=\"https:\/\/radiosarajevo.ba\/tagovi\/Zdravko%20Grebo\" target=\"_blank\" rel=\"noopener\">Zdravka Grebe<\/a><\/strong>, koji je preminuo je 2019. godine.<\/p>\n<p>Pored autora, na promociji\u00a0su u\u010destvovali:\u00a0<strong>Nata\u0161a Kandi\u0107, Tarik Haveri\u0107, Jasminka Grada\u0161\u010devi\u0107 Sijer\u010di\u0107 i Nenad Fi\u0161er<\/strong>.\u00a0U publici je bio veliki broj poznatih gra\u0111ana Sarajeva, kulturnih, dru\u0161tvenih i javnih radnika&#8230;<\/p>\n<p>&#8220;Ovo djelo je najzna\u010dajnije djelo objavljeno u BiH posljednjih 20-tak godina&#8221;, kazala je\u00a0<strong>Kristina Ljevak<\/strong>, koja je moderirala promociju.<\/p>\n<p><strong>Bakir Had\u017eiomerovi\u0107<\/strong>\u00a0pozdravio je prisutne u ime J. P. &#8220;Sarajevo&#8221;.<\/p>\n<p>&#8220;Hvala ti na svemu Profesore, jedan si&#8230;&#8221;, rekao je Had\u017eiomerovi\u0107, prisje\u0107aju\u0107i se zajedni\u010dkog obilje\u017eavanja 25. novembra i majica koje je prof. Grebo izra\u0111ivao s prijateljima iz sarajevske &#8220;Fabrike&#8221; i drugima.<\/p>\n<p>&#8220;Osje\u0107am se privilegiranim da govorim o knjizi &#8220;Grebo&#8221;&#8230;\u00a0<strong>Profesor Grebo i Boro Konti\u0107 su ostavili trag u na\u0161em kulturnom prostoru<\/strong>&#8220;, rekao je ugledni profesor Nenad Fi\u0161er, koji je na ovaj doga\u0111aj stigao iz Nizozemske.<\/p>\n<p>On smatra da ne postoji kompenentniji \u010dovjek da napi\u0161e ovo djelo od Bore Konti\u0107a.<\/p>\n<p>Iz nezamislive koli\u010dine materijala, istakao je promotor,\u00a0<strong>Konti\u0107 je iznimnom sposobno\u0161\u0107u uspio izvu\u0107i najzna\u010dajniji dijelove javnog prisustva prof. Grebe<\/strong>, te nije propustio va\u017ene detalje.<\/p>\n<p>Prof. Grebo nas, dodao je Fi\u0161er, u\u010di da je &#8220;mogu\u0107 je odva\u017eniji, \u010dasniji i promi\u0161ljeniji \u017eivot&#8230;&#8221;<\/p>\n<p>&nbsp;<\/p>\n<p><iframe loading=\"lazy\" title=\"YouTube video player\" src=\"https:\/\/www.youtube.com\/embed\/WVi-0GDFj9w\" width=\"560\" height=\"315\" frameborder=\"0\" allowfullscreen=\"allowfullscreen\"><\/iframe><\/p>\n<p>&nbsp;<\/p>\n<p><strong>Profesorica Jasminka Grada\u0161\u010devi\u0107 Sijer\u010di\u0107<\/strong>\u00a0se u ime Pravnog fakulteta Sarajevo zahvalila Bori Konti\u0107u \u0161to nije odustao &#8220;od pisanja i istra\u017eivanja&#8221;, te je ispisao ovo zna\u010dajno djelo.<\/p>\n<p>&#8220;Mnogo je razlog je da se pamti Zdravko Grebo i najmanje \u0161to mo\u017eemo jeste da se govori i pi\u0161e o njemu. Uticao je na generacije studenata, kao i dana\u0161njih profesora Pravnog fakulteta, koji su ve\u0107inom bili njegovi studenti &#8230;Ovo je vid odavanja po\u0161tovanja profesora Grebe&#8221;, istakala je.<\/p>\n<p>Citiraju\u0107i dijelove knjige, prof. Grada\u0161\u010devi\u0107 Sijer\u010di\u0107 je\u00a0podvukla da \u0107e &#8220;<strong>njegov kamen o BiH kao dr\u017eavi gra\u0111ana izniknuti kao gra\u0111evina&#8221;<\/strong>.<\/p>\n<p>&#8220;Profesora Grebo je bilo lako voljeti&#8230;&#8221;, poru\u010dila je prof. dr. Jasminka Grada\u0161\u010devi\u0107 Sijer\u010di\u0107.<\/p>\n<p>Na koncu, prof Grada\u0161\u010devi\u0107 Sijer\u010di\u0107 je podsjetila na re\u010denicu\u00a0<strong>Arsena Dedi\u0107a<\/strong>\u00a0za koju je Profesor htio da je njegova:<\/p>\n<p><strong>&#8220;Ja sam u\u010dinio protiv sebe sve \u0161to je bilo u mojoj mo\u0107i&#8221;.<\/strong><\/p>\n<p>Da, ova re\u010denica mnogo govori o onom \u0161to je bio prof. Grebo.<\/p>\n<p>&#8220;Ti si pisao ovu knjigu za poseban krug \u010ditatelja, i u tome si potpuno uspio&#8221;,\u00a0re\u0107i \u0107e\u00a0<strong>Tarik Haveri\u0107<\/strong>\u00a0obra\u0107aju\u0107i se Bori Konti\u0107u na promociji.<\/p>\n<p>&#8220;<strong>Ljudi \u010ditajte knjigu, bi\u0107ete bolji ljudi&#8230;<\/strong>&#8220;, poru\u010dio je Haveri\u0107.<\/p>\n<p><strong>Beogradska promotorica, osniva\u010dica Fonda za humanitarno pravo (FHP), Nata\u0161a Kandi\u0107<\/strong>\u00a0je\u00a0navela da je Grebo bio intelektualac koji je hrabro i beskompromisno govorio ono \u0161to je bilo od interesa javnosti. Pritom je uvijek zastupao va\u017ene vrijednosti.<\/p>\n<p>&#8220;<strong>Meni je ova knjiga kao naslije\u0111e Zdravka Grebe&#8230;\u00a0<\/strong>Kako je on jednostavno pri\u010dao, tako je i ova knjiga napisana&#8221;, rekla je Kandi\u0107, koja je godinama bila prijateljica profesora Grebe.<\/p>\n<p>On je jako puno razmi\u0161ljao \u0161ta poslije ratova:<\/p>\n<p>&#8220;Podr\u017eavao je regionalni pristup u suo\u010danju s pro\u0161lo\u0161\u0107u&#8230; Zalagao se za nastanak spiska svih \u017ertava na prostorima biv\u0161e Jugoslavije.\u00a0<strong>Bio je uvjeren da je na\u0161 najve\u0107i problem etni\u010dki nacionalizam.<\/strong>\u00a0istovremeno, bio je rijedak intelektualac i gra\u0111anski aktiivista. To je bio Zdravko Grebo. Niko nije bio gra\u0111anski aktivista kao on&#8230; A smatrao je sebe humanitarnim radnikom&#8221;, rekla je, uz ostalo, Kandi\u0107.<\/p>\n<p>Bio je,\u00a0podvukla je Kandi\u0107, odan prijatelj.<\/p>\n<p>&#8220;Nisam upoznala \u010dovjeka koji je imao vi\u0161e prijatelja od Zdravka Grebe&#8221;, istakla je Kandi\u0107, te zaklju\u010dila:<\/p>\n<p>&#8220;Da ta\u010dno je, uvijek je na kraju govorio &#8220;i&#8221;. Vjerujem da je i ve\u010deras ovdje vjerujem da bi on kazao &#8220;i&#8221;&#8230;&#8221;<\/p>\n<p>&nbsp;<\/p>\n<p><iframe loading=\"lazy\" title=\"YouTube video player\" src=\"https:\/\/www.youtube.com\/embed\/7nRcrzs958k\" width=\"560\" height=\"315\" frameborder=\"0\" allowfullscreen=\"allowfullscreen\"><\/iframe><\/p>\n<p>&nbsp;<\/p>\n<p>Na kraju se prisutnima obratio i autor\u00a0<strong>Boro Konti\u0107.<\/strong><\/p>\n<p>Zahvaljuju\u0107i se prisutnima, rekao je da je ovaj skup bio impresivan i da je dirnut.<\/p>\n<p>Prisjetio se kako je nastala knjiga iz brda papira, vi\u0161e od 1.000 dokumenata koje je sa\u017eeo u &#8220;kratku biografiju&#8221;.<\/p>\n<p>&#8220;Za moj pojam, \u010dituju\u0107i \u0161ta je Profesor govorio, to je i sada aktuelno i bi\u0107e i narednih 10-15 godina.\u00a0<strong>Htio sam da ga vratim u javni prostor. Da bude na\u0161 pouzdan vodi\u010d&#8230;<\/strong>Puno je toga \u0161to je govorio i \u0161to je i sad aktuelno&#8221;, rekao je Konti\u0107.<\/p>\n<p>Podsjetio je na Profesorove opaske\u00a0da je hroni\u010dni nedostatak ove sredine obaveza da se javno djeluje.<\/p>\n<p><strong>Posebno je istakao va\u017enost borbe profesora Grebe za princip gra\u0111anske BiH.<\/strong><\/p>\n<p>&#8220;<strong>Danas evo i \u0160efik D\u017eaferovi\u0107 ka\u017ee da gra\u0111anska BiH, eto, dobro rje\u0161enje. Mo\u017eete misliti&#8230;<\/strong>&#8220;.<\/p>\n<p>Konti\u0107 je na kraju pozdravljen dugim aplauzom i ovacijama prisutnih.<\/p>\n<p>&nbsp;<\/p>\n<h4 class=\"afterline\"><strong>O profesoru Zdravku Grebi<\/strong><\/h4>\n<p><strong>Dana 29. januara 2019. u Sarajevu je preminuo profesor Zdravko Grebo.<\/strong><\/p>\n<p><strong>Rije\u010d o zna\u010dajnom bh. intelektualcu, profesoru, antifa\u0161isti, demokrati, \u010dovjeku koji se borio za Sarajevo i BiH, ostavljaju\u0107i ogroman utjecaj na generacije mladih.<\/strong><\/p>\n<p><strong>S ponosom isti\u010demo da je i osniva\u010d Radiosarajevo.ba (Radio ZID) na \u010dijem portalu \u010ditate ovaj tekst.<\/strong><\/p>\n<p><strong>Grebo je smatran ljevi\u010darem, vje\u010ditim buntovnikom, ali s razlogom, revolucionarom, borcem za istinu i slobodu, \u010desto i na svoju \u0161tetu.<\/strong><\/p>\n<p><strong>Iza sebe je ostavio dostignu\u0107a na podru\u010dju ljudskih prava u BiH.<\/strong><\/p>\n<p><strong>Na Pravnom fakultetu predavao je vi\u0161e od 40 godina. Bio je \u010dlan Executive Board of Bosnian Peace Corps, osniva\u010d HCA za ex-Yu, direktor Pravnog Centra FOD BiH, direktor me\u0111unarodnog postdiplomskog kursa \u201cEvropske studije\u201d i osniva\u010d Otvorenog dru\u0161tva Bosne i Hercegovine (Soro\u0161eva fondacija).<\/strong><\/p>\n<p><strong>Diplomirao je na Pravnom fakultetu u Sarajevu 1970. godine, a postdiplomski studij i doktorat na Univerzitetu u Beogradu.<\/strong><\/p>\n<p><strong>Dobitnik je Nagrade Evropskog kluba za mir i protiv rasizma i ksenofobije 1994., Ruzveltove medalje 1994. te Francuske legija \u010dasti 2003. godine.<\/strong><\/p>\n<p><strong>Objavio je knjige: Marks i Kelsen, Pravnisistem SFRJ, Savremena administracija, Philosophy of Law, Loyla University, New Orleans, 1984.Savremena ameri\u010dka pravna teorija, Separat III programa RTS BiH 1989.Novi Ustav BiH, Theoris iuris, Sarajevo, 1993.,Elementi evropskog prava, urednik, Univerzitet u Sarajevu, 1994\u2026<\/strong><\/p>\n<p>&nbsp;<\/p>\n<p><strong>F.Vele<\/strong><\/p>\n<p>&nbsp;<\/p>\n<hr \/>\n<p><em>Ovaj tekst je preuzet sa portala<a href=\"https:\/\/radiosarajevo.ba\/metromahala\/teme\/kulturni-dogadjaj-godine-u-prepunoj-vijecnici-odrzana-promocija-knjige-grebo-bore-kontica\/452149\" target=\"_blank\" rel=\"noopener\"> radiosarajevo.ba<\/a>.<\/em><\/p>\n<p>&nbsp;<\/p>\n","protected":false},"excerpt":{"rendered":"U prepunoj sali sarajevske Vije\u0107nice ve\u010deras je odr\u017eana promocija knjige &#8220;Grebo&#8221; autora\u00a0Bore Konti\u0107a, legendarnog novinara i urednika. Knjigu, koja je&#8230; ","protected":false},"author":8,"featured_media":188179,"comment_status":"closed","ping_status":"open","sticky":false,"template":"","format":"standard","meta":{"_acf_changed":false,"footnotes":""},"categories":[422],"tags":[3958,3961,1818,3962,3960,3959],"class_list":["post-188176","post","type-post","status-publish","format-standard","has-post-thumbnail","hentry","category-vesti-bhsc","tag-boro-kontic","tag-jasminka-gradascevic-sijercic","tag-natasa-kandic-bhsc","tag-nenad-fiser","tag-tarik-haveric","tag-zlatko-grebo"],"acf":[],"yoast_head":"<!-- This site is optimized with the Yoast SEO plugin v25.6 - https:\/\/yoast.com\/wordpress\/plugins\/seo\/ -->\n<title>U prepunoj Vije\u0107nici odr\u017eana promocija knjige &quot;Grebo&quot;<\/title>\n<meta name=\"description\" content=\"U prepunoj sali sarajevske Vije\u0107nice ve\u010deras je odr\u017eana promocija knjige &quot;Grebo&quot; autora\u00a0Bore Konti\u0107a, legendarnog novinara i urednika.\" \/>\n<meta name=\"robots\" content=\"index, follow, max-snippet:-1, max-image-preview:large, max-video-preview:-1\" \/>\n<link rel=\"canonical\" href=\"https:\/\/www.recom.link\/bhsc\/kulturni-dogadaj-godine-u-prepunoj-vijecnici-odrzana-promocija-knjige-grebo\/\" \/>\n<meta property=\"og:locale\" content=\"en_US\" \/>\n<meta property=\"og:type\" content=\"article\" \/>\n<meta property=\"og:title\" content=\"U prepunoj Vije\u0107nici odr\u017eana promocija knjige &quot;Grebo&quot;\" \/>\n<meta property=\"og:description\" content=\"U prepunoj sali sarajevske Vije\u0107nice ve\u010deras je odr\u017eana promocija knjige &quot;Grebo&quot; autora\u00a0Bore Konti\u0107a, legendarnog novinara i urednika.\" \/>\n<meta property=\"og:url\" content=\"https:\/\/www.recom.link\/bhsc\/kulturni-dogadaj-godine-u-prepunoj-vijecnici-odrzana-promocija-knjige-grebo\/\" \/>\n<meta property=\"og:site_name\" content=\"REKOM ~ KOMRA ~ RECOM\" \/>\n<meta property=\"article:publisher\" content=\"https:\/\/www.facebook.com\/ZaREKOM.PerKOMRA.ForRECOM\/\" \/>\n<meta property=\"article:published_time\" content=\"2022-03-31T14:45:19+00:00\" \/>\n<meta property=\"article:modified_time\" content=\"2022-05-30T13:43:18+00:00\" \/>\n<meta property=\"og:image\" content=\"https:\/\/www.recom.link\/wp-content\/uploads\/2022\/04\/Promocija_Zdravko_grebo_Vijecnica_mart2022_AKRSA0001.jpg\" \/>\n\t<meta property=\"og:image:width\" content=\"1180\" \/>\n\t<meta property=\"og:image:height\" content=\"787\" \/>\n\t<meta property=\"og:image:type\" content=\"image\/jpeg\" \/>\n<meta name=\"author\" content=\"Recom Editor\" \/>\n<meta name=\"twitter:card\" content=\"summary_large_image\" \/>\n<meta name=\"twitter:creator\" content=\"@REKOM_KOMRA\" \/>\n<meta name=\"twitter:site\" content=\"@REKOM_KOMRA\" \/>\n<meta name=\"twitter:label1\" content=\"Written by\" \/>\n\t<meta name=\"twitter:data1\" content=\"Recom Editor\" \/>\n\t<meta name=\"twitter:label2\" content=\"Est. reading time\" \/>\n\t<meta name=\"twitter:data2\" content=\"5 minutes\" \/>\n<script type=\"application\/ld+json\" class=\"yoast-schema-graph\">{\"@context\":\"https:\/\/schema.org\",\"@graph\":[{\"@type\":\"WebPage\",\"@id\":\"https:\/\/www.recom.link\/bhsc\/kulturni-dogadaj-godine-u-prepunoj-vijecnici-odrzana-promocija-knjige-grebo\/\",\"url\":\"https:\/\/www.recom.link\/bhsc\/kulturni-dogadaj-godine-u-prepunoj-vijecnici-odrzana-promocija-knjige-grebo\/\",\"name\":\"U prepunoj Vije\u0107nici odr\u017eana promocija knjige \\\"Grebo\\\"\",\"isPartOf\":{\"@id\":\"https:\/\/www.recom.link\/en\/#website\"},\"primaryImageOfPage\":{\"@id\":\"https:\/\/www.recom.link\/bhsc\/kulturni-dogadaj-godine-u-prepunoj-vijecnici-odrzana-promocija-knjige-grebo\/#primaryimage\"},\"image\":{\"@id\":\"https:\/\/www.recom.link\/bhsc\/kulturni-dogadaj-godine-u-prepunoj-vijecnici-odrzana-promocija-knjige-grebo\/#primaryimage\"},\"thumbnailUrl\":\"https:\/\/www.recom.link\/wp-content\/uploads\/2022\/04\/Promocija_Zdravko_grebo_Vijecnica_mart2022_AKRSA0001.jpg\",\"datePublished\":\"2022-03-31T14:45:19+00:00\",\"dateModified\":\"2022-05-30T13:43:18+00:00\",\"author\":{\"@id\":\"https:\/\/www.recom.link\/en\/#\/schema\/person\/0b0fce47cdf986c8b4194146b69999a3\"},\"description\":\"U prepunoj sali sarajevske Vije\u0107nice ve\u010deras je odr\u017eana promocija knjige \\\"Grebo\\\" autora\u00a0Bore Konti\u0107a, legendarnog novinara i urednika.\",\"breadcrumb\":{\"@id\":\"https:\/\/www.recom.link\/bhsc\/kulturni-dogadaj-godine-u-prepunoj-vijecnici-odrzana-promocija-knjige-grebo\/#breadcrumb\"},\"inLanguage\":\"bhsc\",\"potentialAction\":[{\"@type\":\"ReadAction\",\"target\":[\"https:\/\/www.recom.link\/bhsc\/kulturni-dogadaj-godine-u-prepunoj-vijecnici-odrzana-promocija-knjige-grebo\/\"]}]},{\"@type\":\"ImageObject\",\"inLanguage\":\"bhsc\",\"@id\":\"https:\/\/www.recom.link\/bhsc\/kulturni-dogadaj-godine-u-prepunoj-vijecnici-odrzana-promocija-knjige-grebo\/#primaryimage\",\"url\":\"https:\/\/www.recom.link\/wp-content\/uploads\/2022\/04\/Promocija_Zdravko_grebo_Vijecnica_mart2022_AKRSA0001.jpg\",\"contentUrl\":\"https:\/\/www.recom.link\/wp-content\/uploads\/2022\/04\/Promocija_Zdravko_grebo_Vijecnica_mart2022_AKRSA0001.jpg\",\"width\":1180,\"height\":787,\"caption\":\"Grebo\"},{\"@type\":\"BreadcrumbList\",\"@id\":\"https:\/\/www.recom.link\/bhsc\/kulturni-dogadaj-godine-u-prepunoj-vijecnici-odrzana-promocija-knjige-grebo\/#breadcrumb\",\"itemListElement\":[{\"@type\":\"ListItem\",\"position\":1,\"name\":\"Home\",\"item\":\"https:\/\/www.recom.link\/en\/\"},{\"@type\":\"ListItem\",\"position\":2,\"name\":\"Kulturni doga\u0111aj godine: U prepunoj Vije\u0107nici odr\u017eana promocija knjige &#8220;Grebo&#8221;\"}]},{\"@type\":\"WebSite\",\"@id\":\"https:\/\/www.recom.link\/en\/#website\",\"url\":\"https:\/\/www.recom.link\/en\/\",\"name\":\"REKOM ~ KOMRA ~ RECOM\",\"description\":\"\",\"potentialAction\":[{\"@type\":\"SearchAction\",\"target\":{\"@type\":\"EntryPoint\",\"urlTemplate\":\"https:\/\/www.recom.link\/en\/?s={search_term_string}\"},\"query-input\":{\"@type\":\"PropertyValueSpecification\",\"valueRequired\":true,\"valueName\":\"search_term_string\"}}],\"inLanguage\":\"bhsc\"},{\"@type\":\"Person\",\"@id\":\"https:\/\/www.recom.link\/en\/#\/schema\/person\/0b0fce47cdf986c8b4194146b69999a3\",\"name\":\"Recom Editor\",\"image\":{\"@type\":\"ImageObject\",\"inLanguage\":\"bhsc\",\"@id\":\"https:\/\/www.recom.link\/en\/#\/schema\/person\/image\/\",\"url\":\"https:\/\/secure.gravatar.com\/avatar\/b345ee03975bccfc62280b0fd1ffd916?s=96&d=mm&r=g\",\"contentUrl\":\"https:\/\/secure.gravatar.com\/avatar\/b345ee03975bccfc62280b0fd1ffd916?s=96&d=mm&r=g\",\"caption\":\"Recom Editor\"},\"url\":\"https:\/\/www.recom.link\/bhsc\/author\/jelanag\/\"}]}<\/script>\n<!-- \/ Yoast SEO plugin. -->","yoast_head_json":{"title":"U prepunoj Vije\u0107nici odr\u017eana promocija knjige \"Grebo\"","description":"U prepunoj sali sarajevske Vije\u0107nice ve\u010deras je odr\u017eana promocija knjige \"Grebo\" autora\u00a0Bore Konti\u0107a, legendarnog novinara i urednika.","robots":{"index":"index","follow":"follow","max-snippet":"max-snippet:-1","max-image-preview":"max-image-preview:large","max-video-preview":"max-video-preview:-1"},"canonical":"https:\/\/www.recom.link\/bhsc\/kulturni-dogadaj-godine-u-prepunoj-vijecnici-odrzana-promocija-knjige-grebo\/","og_locale":"en_US","og_type":"article","og_title":"U prepunoj Vije\u0107nici odr\u017eana promocija knjige \"Grebo\"","og_description":"U prepunoj sali sarajevske Vije\u0107nice ve\u010deras je odr\u017eana promocija knjige \"Grebo\" autora\u00a0Bore Konti\u0107a, legendarnog novinara i urednika.","og_url":"https:\/\/www.recom.link\/bhsc\/kulturni-dogadaj-godine-u-prepunoj-vijecnici-odrzana-promocija-knjige-grebo\/","og_site_name":"REKOM ~ KOMRA ~ RECOM","article_publisher":"https:\/\/www.facebook.com\/ZaREKOM.PerKOMRA.ForRECOM\/","article_published_time":"2022-03-31T14:45:19+00:00","article_modified_time":"2022-05-30T13:43:18+00:00","og_image":[{"width":1180,"height":787,"url":"https:\/\/www.recom.link\/wp-content\/uploads\/2022\/04\/Promocija_Zdravko_grebo_Vijecnica_mart2022_AKRSA0001.jpg","type":"image\/jpeg"}],"author":"Recom Editor","twitter_card":"summary_large_image","twitter_creator":"@REKOM_KOMRA","twitter_site":"@REKOM_KOMRA","twitter_misc":{"Written by":"Recom Editor","Est. reading time":"5 minutes"},"schema":{"@context":"https:\/\/schema.org","@graph":[{"@type":"WebPage","@id":"https:\/\/www.recom.link\/bhsc\/kulturni-dogadaj-godine-u-prepunoj-vijecnici-odrzana-promocija-knjige-grebo\/","url":"https:\/\/www.recom.link\/bhsc\/kulturni-dogadaj-godine-u-prepunoj-vijecnici-odrzana-promocija-knjige-grebo\/","name":"U prepunoj Vije\u0107nici odr\u017eana promocija knjige \"Grebo\"","isPartOf":{"@id":"https:\/\/www.recom.link\/en\/#website"},"primaryImageOfPage":{"@id":"https:\/\/www.recom.link\/bhsc\/kulturni-dogadaj-godine-u-prepunoj-vijecnici-odrzana-promocija-knjige-grebo\/#primaryimage"},"image":{"@id":"https:\/\/www.recom.link\/bhsc\/kulturni-dogadaj-godine-u-prepunoj-vijecnici-odrzana-promocija-knjige-grebo\/#primaryimage"},"thumbnailUrl":"https:\/\/www.recom.link\/wp-content\/uploads\/2022\/04\/Promocija_Zdravko_grebo_Vijecnica_mart2022_AKRSA0001.jpg","datePublished":"2022-03-31T14:45:19+00:00","dateModified":"2022-05-30T13:43:18+00:00","author":{"@id":"https:\/\/www.recom.link\/en\/#\/schema\/person\/0b0fce47cdf986c8b4194146b69999a3"},"description":"U prepunoj sali sarajevske Vije\u0107nice ve\u010deras je odr\u017eana promocija knjige \"Grebo\" autora\u00a0Bore Konti\u0107a, legendarnog novinara i urednika.","breadcrumb":{"@id":"https:\/\/www.recom.link\/bhsc\/kulturni-dogadaj-godine-u-prepunoj-vijecnici-odrzana-promocija-knjige-grebo\/#breadcrumb"},"inLanguage":"bhsc","potentialAction":[{"@type":"ReadAction","target":["https:\/\/www.recom.link\/bhsc\/kulturni-dogadaj-godine-u-prepunoj-vijecnici-odrzana-promocija-knjige-grebo\/"]}]},{"@type":"ImageObject","inLanguage":"bhsc","@id":"https:\/\/www.recom.link\/bhsc\/kulturni-dogadaj-godine-u-prepunoj-vijecnici-odrzana-promocija-knjige-grebo\/#primaryimage","url":"https:\/\/www.recom.link\/wp-content\/uploads\/2022\/04\/Promocija_Zdravko_grebo_Vijecnica_mart2022_AKRSA0001.jpg","contentUrl":"https:\/\/www.recom.link\/wp-content\/uploads\/2022\/04\/Promocija_Zdravko_grebo_Vijecnica_mart2022_AKRSA0001.jpg","width":1180,"height":787,"caption":"Grebo"},{"@type":"BreadcrumbList","@id":"https:\/\/www.recom.link\/bhsc\/kulturni-dogadaj-godine-u-prepunoj-vijecnici-odrzana-promocija-knjige-grebo\/#breadcrumb","itemListElement":[{"@type":"ListItem","position":1,"name":"Home","item":"https:\/\/www.recom.link\/en\/"},{"@type":"ListItem","position":2,"name":"Kulturni doga\u0111aj godine: U prepunoj Vije\u0107nici odr\u017eana promocija knjige &#8220;Grebo&#8221;"}]},{"@type":"WebSite","@id":"https:\/\/www.recom.link\/en\/#website","url":"https:\/\/www.recom.link\/en\/","name":"REKOM ~ KOMRA ~ RECOM","description":"","potentialAction":[{"@type":"SearchAction","target":{"@type":"EntryPoint","urlTemplate":"https:\/\/www.recom.link\/en\/?s={search_term_string}"},"query-input":{"@type":"PropertyValueSpecification","valueRequired":true,"valueName":"search_term_string"}}],"inLanguage":"bhsc"},{"@type":"Person","@id":"https:\/\/www.recom.link\/en\/#\/schema\/person\/0b0fce47cdf986c8b4194146b69999a3","name":"Recom Editor","image":{"@type":"ImageObject","inLanguage":"bhsc","@id":"https:\/\/www.recom.link\/en\/#\/schema\/person\/image\/","url":"https:\/\/secure.gravatar.com\/avatar\/b345ee03975bccfc62280b0fd1ffd916?s=96&d=mm&r=g","contentUrl":"https:\/\/secure.gravatar.com\/avatar\/b345ee03975bccfc62280b0fd1ffd916?s=96&d=mm&r=g","caption":"Recom Editor"},"url":"https:\/\/www.recom.link\/bhsc\/author\/jelanag\/"}]}},"_links":{"self":[{"href":"https:\/\/www.recom.link\/bhsc\/wp-json\/wp\/v2\/posts\/188176"}],"collection":[{"href":"https:\/\/www.recom.link\/bhsc\/wp-json\/wp\/v2\/posts"}],"about":[{"href":"https:\/\/www.recom.link\/bhsc\/wp-json\/wp\/v2\/types\/post"}],"author":[{"embeddable":true,"href":"https:\/\/www.recom.link\/bhsc\/wp-json\/wp\/v2\/users\/8"}],"replies":[{"embeddable":true,"href":"https:\/\/www.recom.link\/bhsc\/wp-json\/wp\/v2\/comments?post=188176"}],"version-history":[{"count":2,"href":"https:\/\/www.recom.link\/bhsc\/wp-json\/wp\/v2\/posts\/188176\/revisions"}],"predecessor-version":[{"id":188184,"href":"https:\/\/www.recom.link\/bhsc\/wp-json\/wp\/v2\/posts\/188176\/revisions\/188184"}],"wp:featuredmedia":[{"embeddable":true,"href":"https:\/\/www.recom.link\/bhsc\/wp-json\/wp\/v2\/media\/188179"}],"wp:attachment":[{"href":"https:\/\/www.recom.link\/bhsc\/wp-json\/wp\/v2\/media?parent=188176"}],"wp:term":[{"taxonomy":"category","embeddable":true,"href":"https:\/\/www.recom.link\/bhsc\/wp-json\/wp\/v2\/categories?post=188176"},{"taxonomy":"post_tag","embeddable":true,"href":"https:\/\/www.recom.link\/bhsc\/wp-json\/wp\/v2\/tags?post=188176"}],"curies":[{"name":"wp","href":"https:\/\/api.w.org\/{rel}","templated":true}]}}