{"id":188117,"date":"2022-03-24T14:51:48","date_gmt":"2022-03-24T13:51:48","guid":{"rendered":"https:\/\/www.recom.link\/?p=188117"},"modified":"2022-03-24T14:51:48","modified_gmt":"2022-03-24T13:51:48","slug":"kosovo-20-3-20-6-1999-zrtve-vj-mup-srbije-i-ovk","status":"publish","type":"post","link":"https:\/\/www.recom.link\/bhsc\/kosovo-20-3-20-6-1999-zrtve-vj-mup-srbije-i-ovk\/","title":{"rendered":"Kosovo, 20.3 \u2013 20. 6. 1999: \u017ertve VJ, MUP Srbije i OVK"},"content":{"rendered":"<p><strong>Od 20. marta, kada su posmatra\u010di OEBS-a i druge me\u0111unarodne organizacije napustile Kosovo, do potpunog povla\u010denja VJ i\u00a0 MUP-a Srbije s Kosova, 20. juna 1999. godine, <a href=\"https:\/\/www.kosovskaknjigapamcenja.org\/\">\u017eivot je izgubilo 8,569 osoba<\/a>, a sudbina 1,094 jo\u0161 uvek nije razja\u0161njena. I to 6.118 albanskih civila, za \u010diju smrt odgovornost snose VJ\/MUP, dok je sudbina 784 albanska civila do danas nerazja\u0161njena; 297 srpskih civila i 191 romskih i drugih civila, za \u010diju smrt je odgovorna OVK, od kojih je sudbina jo\u0161 154 srpskih i 67 romskih civila nepoznata);\u00a0 1,186 pripadnika OVK\/FARK, nestalih 46, \u00a0i 525 poginulih pripadnika VJ\/MUP Srbije, i 31 nestalih.<\/strong><\/p>\n<p>&nbsp;<\/p>\n<p>Najvi\u0161e je ljudi izgubilo \u017eivot u regionu Pri\u0161tine \u2013 2,261 osoba, me\u0111u kojima je 103 \u017ertava NATO-a i 118 osoba \u010diji posmrtni ostaci jo\u0161 uvek nisu otkriveni: \u00a01,730 albanskih civila, 66 srpskih i 25 romskih i drugih, 260 pripadnika OVK i 180 pripadnika\u00a0 VJ\/MUP.<\/p>\n<p>Najmasovniji zlo\u010din po\u010dinile su srpske snage 27. aprila 1999. godine u selu Meja\/Mej\u00eb, kada su iz kolona albanskog stanovni\u0161tava, proteranog iz sela u op\u0161tini \u0110akovica\/Gjakov\u00eb, izdvojili najmanje 300 mu\u0161karaca, zadr\u017eali ih, potom streljali i njihove posmrtne ostatke prebacili u Srbiju, i ukopali ih u sedam masovnih grobnica na policijskom terenu SAJ-a u Batajnici kod Beograda.<\/p>\n<p>Posle promene vlasti u Srbiji, otkrivene su masovne grobnice u Batajnici, Petrovom Selu u blizini jezera Peru\u0107ac, a poslednjih godina i dve grobnice u Ra\u0161koj, sa preko 980 tela i delova tela kosovskih Albanaca. Ima indicija da u jezeru Peru\u0107ac jo\u0161 ima potopljenih tela.<\/p>\n<p>U vezi sa navodima vladinih i drugih srpskih izvora da je NATO odgovoran za stradanje 2,500 civila i 1,000 pripadnika VJ i MUP-a Srbije, Rekom mre\u017ea pomirenja, Fond za humanitarni pravo i Fond za humanitrano pravo Kosovo, na osnovu poimeni\u010dnog popisa \u017ertava, odlu\u010dno tvrde da je u periodu od 24. marta do 10. juna 1999. godine, od dejstva NATO, 756 ljudi izgubilo \u017eivot, i to 485 na Kosovu, 261 u Srbiji i 10 u Crnoj Gori. Posmrtni ostaci jo\u0161 10 \u017ertava nisu na\u0111eni.<\/p>\n<p>Poimeni\u010dni popis \u017ertava NATO bombardovanja dostupan je na <a href=\"http:\/\/www.hlc-rdc.org\/db\/nato\/index.html\">linku<\/a>.<\/p>\n<p>&nbsp;<\/p>\n<p>&nbsp;<\/p>\n<p>&nbsp;<\/p>\n","protected":false},"excerpt":{"rendered":"Od 20. marta, kada su posmatra\u010di OEBS-a i druge me\u0111unarodne organizacije napustile Kosovo, do potpunog povla\u010denja VJ i\u00a0 MUP-a Srbije&#8230; ","protected":false},"author":8,"featured_media":188124,"comment_status":"closed","ping_status":"open","sticky":false,"template":"","format":"standard","meta":{"_acf_changed":false,"footnotes":""},"categories":[2653,1789,1760],"tags":[2891],"class_list":["post-188117","post","type-post","status-publish","format-standard","has-post-thumbnail","hentry","category-frontpage-bhsc","category-memorijalizacija","category-uncategorized-bhsc","tag-kosovo-1999"],"acf":[],"yoast_head":"<!-- This site is optimized with the Yoast SEO plugin v25.6 - https:\/\/yoast.com\/wordpress\/plugins\/seo\/ -->\n<title>Kosovo, 20.3 \u2013 20. 6. 1999: \u017ertve VJ, MUP Srbije i OVK<\/title>\n<meta name=\"description\" content=\"Od 20. marta, kada su posmatra\u010di OEBS-a i druge me\u0111unarodne organizacije napustile Kosovo, do potpunog povla\u010denja VJ i\u00a0 MUP-a Srbije s Kosova, 20. juna 1999. godine, \u017eivot je izgubilo 8,569 osoba, a sudbina 1,094 jo\u0161 uvek nije razja\u0161njena.\" \/>\n<meta name=\"robots\" content=\"index, follow, max-snippet:-1, max-image-preview:large, max-video-preview:-1\" \/>\n<link rel=\"canonical\" href=\"https:\/\/www.recom.link\/bhsc\/kosovo-20-3-20-6-1999-zrtve-vj-mup-srbije-i-ovk\/\" \/>\n<meta property=\"og:locale\" content=\"en_US\" \/>\n<meta property=\"og:type\" content=\"article\" \/>\n<meta property=\"og:title\" content=\"Kosovo, 20.3 \u2013 20. 6. 1999: \u017ertve VJ, MUP Srbije i OVK\" \/>\n<meta property=\"og:description\" content=\"Od 20. marta, kada su posmatra\u010di OEBS-a i druge me\u0111unarodne organizacije napustile Kosovo, do potpunog povla\u010denja VJ i\u00a0 MUP-a Srbije s Kosova, 20. juna 1999. godine, \u017eivot je izgubilo 8,569 osoba, a sudbina 1,094 jo\u0161 uvek nije razja\u0161njena.\" \/>\n<meta property=\"og:url\" content=\"https:\/\/www.recom.link\/bhsc\/kosovo-20-3-20-6-1999-zrtve-vj-mup-srbije-i-ovk\/\" \/>\n<meta property=\"og:site_name\" content=\"REKOM ~ KOMRA ~ RECOM\" \/>\n<meta property=\"article:publisher\" content=\"https:\/\/www.facebook.com\/ZaREKOM.PerKOMRA.ForRECOM\/\" \/>\n<meta property=\"article:published_time\" content=\"2022-03-24T13:51:48+00:00\" \/>\n<meta property=\"og:image\" content=\"https:\/\/www.recom.link\/wp-content\/uploads\/2022\/03\/NATO-cover-800-\u00d7-600px.png\" \/>\n\t<meta property=\"og:image:width\" content=\"800\" \/>\n\t<meta property=\"og:image:height\" content=\"600\" \/>\n\t<meta property=\"og:image:type\" content=\"image\/png\" \/>\n<meta name=\"author\" content=\"Recom Editor\" \/>\n<meta name=\"twitter:card\" content=\"summary_large_image\" \/>\n<meta name=\"twitter:creator\" content=\"@REKOM_KOMRA\" \/>\n<meta name=\"twitter:site\" content=\"@REKOM_KOMRA\" \/>\n<meta name=\"twitter:label1\" content=\"Written by\" \/>\n\t<meta name=\"twitter:data1\" content=\"Recom Editor\" \/>\n\t<meta name=\"twitter:label2\" content=\"Est. reading time\" \/>\n\t<meta name=\"twitter:data2\" content=\"2 minutes\" \/>\n<script type=\"application\/ld+json\" class=\"yoast-schema-graph\">{\"@context\":\"https:\/\/schema.org\",\"@graph\":[{\"@type\":\"WebPage\",\"@id\":\"https:\/\/www.recom.link\/bhsc\/kosovo-20-3-20-6-1999-zrtve-vj-mup-srbije-i-ovk\/\",\"url\":\"https:\/\/www.recom.link\/bhsc\/kosovo-20-3-20-6-1999-zrtve-vj-mup-srbije-i-ovk\/\",\"name\":\"Kosovo, 20.3 \u2013 20. 6. 1999: \u017ertve VJ, MUP Srbije i OVK\",\"isPartOf\":{\"@id\":\"https:\/\/www.recom.link\/en\/#website\"},\"primaryImageOfPage\":{\"@id\":\"https:\/\/www.recom.link\/bhsc\/kosovo-20-3-20-6-1999-zrtve-vj-mup-srbije-i-ovk\/#primaryimage\"},\"image\":{\"@id\":\"https:\/\/www.recom.link\/bhsc\/kosovo-20-3-20-6-1999-zrtve-vj-mup-srbije-i-ovk\/#primaryimage\"},\"thumbnailUrl\":\"https:\/\/www.recom.link\/wp-content\/uploads\/2022\/03\/NATO-cover-800-\u00d7-600px.png\",\"datePublished\":\"2022-03-24T13:51:48+00:00\",\"author\":{\"@id\":\"https:\/\/www.recom.link\/en\/#\/schema\/person\/0b0fce47cdf986c8b4194146b69999a3\"},\"description\":\"Od 20. marta, kada su posmatra\u010di OEBS-a i druge me\u0111unarodne organizacije napustile Kosovo, do potpunog povla\u010denja VJ i\u00a0 MUP-a Srbije s Kosova, 20. juna 1999. godine, \u017eivot je izgubilo 8,569 osoba, a sudbina 1,094 jo\u0161 uvek nije razja\u0161njena.\",\"breadcrumb\":{\"@id\":\"https:\/\/www.recom.link\/bhsc\/kosovo-20-3-20-6-1999-zrtve-vj-mup-srbije-i-ovk\/#breadcrumb\"},\"inLanguage\":\"bhsc\",\"potentialAction\":[{\"@type\":\"ReadAction\",\"target\":[\"https:\/\/www.recom.link\/bhsc\/kosovo-20-3-20-6-1999-zrtve-vj-mup-srbije-i-ovk\/\"]}]},{\"@type\":\"ImageObject\",\"inLanguage\":\"bhsc\",\"@id\":\"https:\/\/www.recom.link\/bhsc\/kosovo-20-3-20-6-1999-zrtve-vj-mup-srbije-i-ovk\/#primaryimage\",\"url\":\"https:\/\/www.recom.link\/wp-content\/uploads\/2022\/03\/NATO-cover-800-\u00d7-600px.png\",\"contentUrl\":\"https:\/\/www.recom.link\/wp-content\/uploads\/2022\/03\/NATO-cover-800-\u00d7-600px.png\",\"width\":800,\"height\":600,\"caption\":\"Kosovo\"},{\"@type\":\"BreadcrumbList\",\"@id\":\"https:\/\/www.recom.link\/bhsc\/kosovo-20-3-20-6-1999-zrtve-vj-mup-srbije-i-ovk\/#breadcrumb\",\"itemListElement\":[{\"@type\":\"ListItem\",\"position\":1,\"name\":\"Home\",\"item\":\"https:\/\/www.recom.link\/en\/\"},{\"@type\":\"ListItem\",\"position\":2,\"name\":\"Kosovo, 20.3 \u2013 20. 6. 1999: \u017ertve VJ, MUP Srbije i OVK\"}]},{\"@type\":\"WebSite\",\"@id\":\"https:\/\/www.recom.link\/en\/#website\",\"url\":\"https:\/\/www.recom.link\/en\/\",\"name\":\"REKOM ~ KOMRA ~ RECOM\",\"description\":\"\",\"potentialAction\":[{\"@type\":\"SearchAction\",\"target\":{\"@type\":\"EntryPoint\",\"urlTemplate\":\"https:\/\/www.recom.link\/en\/?s={search_term_string}\"},\"query-input\":{\"@type\":\"PropertyValueSpecification\",\"valueRequired\":true,\"valueName\":\"search_term_string\"}}],\"inLanguage\":\"bhsc\"},{\"@type\":\"Person\",\"@id\":\"https:\/\/www.recom.link\/en\/#\/schema\/person\/0b0fce47cdf986c8b4194146b69999a3\",\"name\":\"Recom Editor\",\"image\":{\"@type\":\"ImageObject\",\"inLanguage\":\"bhsc\",\"@id\":\"https:\/\/www.recom.link\/en\/#\/schema\/person\/image\/\",\"url\":\"https:\/\/secure.gravatar.com\/avatar\/b345ee03975bccfc62280b0fd1ffd916?s=96&d=mm&r=g\",\"contentUrl\":\"https:\/\/secure.gravatar.com\/avatar\/b345ee03975bccfc62280b0fd1ffd916?s=96&d=mm&r=g\",\"caption\":\"Recom Editor\"},\"url\":\"https:\/\/www.recom.link\/bhsc\/author\/jelanag\/\"}]}<\/script>\n<!-- \/ Yoast SEO plugin. -->","yoast_head_json":{"title":"Kosovo, 20.3 \u2013 20. 6. 1999: \u017ertve VJ, MUP Srbije i OVK","description":"Od 20. marta, kada su posmatra\u010di OEBS-a i druge me\u0111unarodne organizacije napustile Kosovo, do potpunog povla\u010denja VJ i\u00a0 MUP-a Srbije s Kosova, 20. juna 1999. godine, \u017eivot je izgubilo 8,569 osoba, a sudbina 1,094 jo\u0161 uvek nije razja\u0161njena.","robots":{"index":"index","follow":"follow","max-snippet":"max-snippet:-1","max-image-preview":"max-image-preview:large","max-video-preview":"max-video-preview:-1"},"canonical":"https:\/\/www.recom.link\/bhsc\/kosovo-20-3-20-6-1999-zrtve-vj-mup-srbije-i-ovk\/","og_locale":"en_US","og_type":"article","og_title":"Kosovo, 20.3 \u2013 20. 6. 1999: \u017ertve VJ, MUP Srbije i OVK","og_description":"Od 20. marta, kada su posmatra\u010di OEBS-a i druge me\u0111unarodne organizacije napustile Kosovo, do potpunog povla\u010denja VJ i\u00a0 MUP-a Srbije s Kosova, 20. juna 1999. godine, \u017eivot je izgubilo 8,569 osoba, a sudbina 1,094 jo\u0161 uvek nije razja\u0161njena.","og_url":"https:\/\/www.recom.link\/bhsc\/kosovo-20-3-20-6-1999-zrtve-vj-mup-srbije-i-ovk\/","og_site_name":"REKOM ~ KOMRA ~ RECOM","article_publisher":"https:\/\/www.facebook.com\/ZaREKOM.PerKOMRA.ForRECOM\/","article_published_time":"2022-03-24T13:51:48+00:00","og_image":[{"width":800,"height":600,"url":"https:\/\/www.recom.link\/wp-content\/uploads\/2022\/03\/NATO-cover-800-\u00d7-600px.png","type":"image\/png"}],"author":"Recom Editor","twitter_card":"summary_large_image","twitter_creator":"@REKOM_KOMRA","twitter_site":"@REKOM_KOMRA","twitter_misc":{"Written by":"Recom Editor","Est. reading time":"2 minutes"},"schema":{"@context":"https:\/\/schema.org","@graph":[{"@type":"WebPage","@id":"https:\/\/www.recom.link\/bhsc\/kosovo-20-3-20-6-1999-zrtve-vj-mup-srbije-i-ovk\/","url":"https:\/\/www.recom.link\/bhsc\/kosovo-20-3-20-6-1999-zrtve-vj-mup-srbije-i-ovk\/","name":"Kosovo, 20.3 \u2013 20. 6. 1999: \u017ertve VJ, MUP Srbije i OVK","isPartOf":{"@id":"https:\/\/www.recom.link\/en\/#website"},"primaryImageOfPage":{"@id":"https:\/\/www.recom.link\/bhsc\/kosovo-20-3-20-6-1999-zrtve-vj-mup-srbije-i-ovk\/#primaryimage"},"image":{"@id":"https:\/\/www.recom.link\/bhsc\/kosovo-20-3-20-6-1999-zrtve-vj-mup-srbije-i-ovk\/#primaryimage"},"thumbnailUrl":"https:\/\/www.recom.link\/wp-content\/uploads\/2022\/03\/NATO-cover-800-\u00d7-600px.png","datePublished":"2022-03-24T13:51:48+00:00","author":{"@id":"https:\/\/www.recom.link\/en\/#\/schema\/person\/0b0fce47cdf986c8b4194146b69999a3"},"description":"Od 20. marta, kada su posmatra\u010di OEBS-a i druge me\u0111unarodne organizacije napustile Kosovo, do potpunog povla\u010denja VJ i\u00a0 MUP-a Srbije s Kosova, 20. juna 1999. godine, \u017eivot je izgubilo 8,569 osoba, a sudbina 1,094 jo\u0161 uvek nije razja\u0161njena.","breadcrumb":{"@id":"https:\/\/www.recom.link\/bhsc\/kosovo-20-3-20-6-1999-zrtve-vj-mup-srbije-i-ovk\/#breadcrumb"},"inLanguage":"bhsc","potentialAction":[{"@type":"ReadAction","target":["https:\/\/www.recom.link\/bhsc\/kosovo-20-3-20-6-1999-zrtve-vj-mup-srbije-i-ovk\/"]}]},{"@type":"ImageObject","inLanguage":"bhsc","@id":"https:\/\/www.recom.link\/bhsc\/kosovo-20-3-20-6-1999-zrtve-vj-mup-srbije-i-ovk\/#primaryimage","url":"https:\/\/www.recom.link\/wp-content\/uploads\/2022\/03\/NATO-cover-800-\u00d7-600px.png","contentUrl":"https:\/\/www.recom.link\/wp-content\/uploads\/2022\/03\/NATO-cover-800-\u00d7-600px.png","width":800,"height":600,"caption":"Kosovo"},{"@type":"BreadcrumbList","@id":"https:\/\/www.recom.link\/bhsc\/kosovo-20-3-20-6-1999-zrtve-vj-mup-srbije-i-ovk\/#breadcrumb","itemListElement":[{"@type":"ListItem","position":1,"name":"Home","item":"https:\/\/www.recom.link\/en\/"},{"@type":"ListItem","position":2,"name":"Kosovo, 20.3 \u2013 20. 6. 1999: \u017ertve VJ, MUP Srbije i OVK"}]},{"@type":"WebSite","@id":"https:\/\/www.recom.link\/en\/#website","url":"https:\/\/www.recom.link\/en\/","name":"REKOM ~ KOMRA ~ RECOM","description":"","potentialAction":[{"@type":"SearchAction","target":{"@type":"EntryPoint","urlTemplate":"https:\/\/www.recom.link\/en\/?s={search_term_string}"},"query-input":{"@type":"PropertyValueSpecification","valueRequired":true,"valueName":"search_term_string"}}],"inLanguage":"bhsc"},{"@type":"Person","@id":"https:\/\/www.recom.link\/en\/#\/schema\/person\/0b0fce47cdf986c8b4194146b69999a3","name":"Recom Editor","image":{"@type":"ImageObject","inLanguage":"bhsc","@id":"https:\/\/www.recom.link\/en\/#\/schema\/person\/image\/","url":"https:\/\/secure.gravatar.com\/avatar\/b345ee03975bccfc62280b0fd1ffd916?s=96&d=mm&r=g","contentUrl":"https:\/\/secure.gravatar.com\/avatar\/b345ee03975bccfc62280b0fd1ffd916?s=96&d=mm&r=g","caption":"Recom Editor"},"url":"https:\/\/www.recom.link\/bhsc\/author\/jelanag\/"}]}},"_links":{"self":[{"href":"https:\/\/www.recom.link\/bhsc\/wp-json\/wp\/v2\/posts\/188117"}],"collection":[{"href":"https:\/\/www.recom.link\/bhsc\/wp-json\/wp\/v2\/posts"}],"about":[{"href":"https:\/\/www.recom.link\/bhsc\/wp-json\/wp\/v2\/types\/post"}],"author":[{"embeddable":true,"href":"https:\/\/www.recom.link\/bhsc\/wp-json\/wp\/v2\/users\/8"}],"replies":[{"embeddable":true,"href":"https:\/\/www.recom.link\/bhsc\/wp-json\/wp\/v2\/comments?post=188117"}],"version-history":[{"count":2,"href":"https:\/\/www.recom.link\/bhsc\/wp-json\/wp\/v2\/posts\/188117\/revisions"}],"predecessor-version":[{"id":188129,"href":"https:\/\/www.recom.link\/bhsc\/wp-json\/wp\/v2\/posts\/188117\/revisions\/188129"}],"wp:featuredmedia":[{"embeddable":true,"href":"https:\/\/www.recom.link\/bhsc\/wp-json\/wp\/v2\/media\/188124"}],"wp:attachment":[{"href":"https:\/\/www.recom.link\/bhsc\/wp-json\/wp\/v2\/media?parent=188117"}],"wp:term":[{"taxonomy":"category","embeddable":true,"href":"https:\/\/www.recom.link\/bhsc\/wp-json\/wp\/v2\/categories?post=188117"},{"taxonomy":"post_tag","embeddable":true,"href":"https:\/\/www.recom.link\/bhsc\/wp-json\/wp\/v2\/tags?post=188117"}],"curies":[{"name":"wp","href":"https:\/\/api.w.org\/{rel}","templated":true}]}}