{"id":187680,"date":"2021-10-01T15:16:08","date_gmt":"2021-10-01T14:16:08","guid":{"rendered":"https:\/\/www.recom.link\/?p=187680"},"modified":"2021-10-01T15:17:55","modified_gmt":"2021-10-01T14:17:55","slug":"crna-gora-da-ponovo-otvori-istragu-o-opsadi-dubrovnika","status":"publish","type":"post","link":"https:\/\/www.recom.link\/bhsc\/crna-gora-da-ponovo-otvori-istragu-o-opsadi-dubrovnika\/","title":{"rendered":"Crna Gora da ponovo otvori istragu o opsadi Dubrovnika"},"content":{"rendered":"<p><strong>Na 30. godi\u0161njicu po\u010detka opsade Dubrovnika od strane Jugoslovenske narodne armije (JNA), crnogorski aktivisti za ljudska prava pozvali su dr\u017eavno tu\u017eila\u0161tvo da ponovo otvori istragu o ratnim zlo\u010dinima po\u010dinjenim tokom bombardovanja ovog grada.<\/strong><\/p>\n<p>&nbsp;<\/p>\n<p>Aktivisti za ljudska prava pozvali su danas Vrhovno dr\u017eavno tu\u017eila\u0161tvo (VDT) Crne Gore da ponovo pokrene istragu o zlo\u010dinima visokih zvani\u010dnika po\u010dinjenih tokom devetomjese\u010dne opsade Dubrovnika od strane JNA, koja je po\u010dela 1. oktobra 1991. godine.<\/p>\n<p>\u201eNapad na Dubrovnik \u0107e ostati crna mrlja novije crnogorske istorije, a odgovornost je donosilaca odluka da poka\u017eu posve\u0107enost na identifikovanju i ka\u017enjavanju onih koji su odgovorni za stradanja nevinih\u201c, ka\u017ee se u saop\u0161tenju nevladine organizacije, Centar za gra\u0111ansko obrazovanje.<\/p>\n<p>\u201eVDT Crne Gora zanemarilo je sve prikupljene dokaze, izbjeglo primjenu normi me\u0111unarodnog humanitarnog prava, obesmislilo sve \u010dinjenice koje su pozivale na komandnu i politi\u010dku odgovornost\u201c, dodaje se u saop\u0161tenju.<\/p>\n<p>Kao dio Jugoslavije, Crna Gora je direktno u\u010destvovala u ratovima u Hrvatskoj i Bosni i Hercegovini pod vo\u0111stvom Slobodana Milo\u0161evi\u0107a, ali se rat na njenoj teritoriji nije vodio.<\/p>\n<p>Opsada Dubrovnika bila je najve\u0107a vojna operacija u kojoj su u\u010destvovali crnogorski vojnici. Namjera je bila podr\u017eati Srbe u Hrvatskoj koji su se pobunili protiv hrvatskog progla\u0161enja nezavisnosti.<\/p>\n<p>Stari grad Dubrovnik, koji je pod za\u0161titom UNESCO -a, pretrpio je znatna o\u0161te\u0107enja tokom granatiranja.<\/p>\n<p>Milo \u0110ukanovi\u0107 se 2000. godine, sa pozicije tada\u0161njeg premijera Crne Gore, zvani\u010dno izvinio Hrvatskoj za stradanje i gubitke koje su prouzrokovali crnogorski vojnici, posebno na podru\u010dju Dubrovnika.<\/p>\n<p>Prvi \u010dovjek nevladine organizacije Akcija za ljudska prava Tea Gorjanc Prelevi\u0107 naglasila je da u Crnoj Gori nije pokrenut nijedan krivi\u010dni postupak zbog ratnih zlo\u010dina izvr\u0161enih prilikom opsade Dubrovnika.<\/p>\n<p>Gorjanc Prelevi\u0107 je za Vijesti istakla da su \u201ezlo\u010dini vr\u0161eni nad civilnim stanovni\u0161tvom i da je uni\u0161tavana i privatna i javna imovina bez vojne potrebe koja bi to opravdala. Na\u017ealost, tu\u017eila\u0161tvo \u0161uti\u201d.<\/p>\n<p>Od osamostaljenja Crne Gore 2006. godine do danas, odr\u017eano je samo osam su\u0111enja za ratne zlo\u010dine po\u010dinjene u Hrvatskoj, Bosni i Hercegovini i na Kosovu. Ali su\u0111eno je samo po\u010diniocima najni\u017eeg ranga.<\/p>\n<p>U svom izvje\u0161taju o Crnoj Gori za 2020. godinu, Evropska komisija je ponovila upozorenja da bi ratni zlo\u010dini trebalo da budu glavni prioritet tokom pregovora o pridru\u017eivanju, te pozvala Crnu Goru da pro\u0161iri obim krivi\u010dnog gonjenja.<\/p>\n<p>\u201eOptu\u017ebe za komandnu odgovornost, suizvr\u0161ila\u0161tvo i pomaganje i podr\u017eavanje do sada nisu podignute (protiv osumnji\u010denih za ratne zlo\u010dine)\u201c, napomenuto je u izvje\u0161taju.<\/p>\n<p>U julu ove godine, vrhovna dr\u017eavna tu\u017eiteljka Crne Gore Lidija Vuk\u010devi\u0107 upozorila je da u Crnoj Gori nedostaje politi\u010dka volja za procesuiranje ratnih zlo\u010dina, isti\u010du\u0107i da je tu\u017eila\u0161tvu potrebna podr\u0161ka vlasti kako bi slu\u010dajevi zavr\u0161ili na sudu.<\/p>\n<p>&nbsp;<\/p>\n<p><strong>Samir Kajosevic<\/strong><\/p>\n<p>&nbsp;<\/p>\n<hr \/>\n<p><em>Ovaj tekst je preuzet sa portala\u00a0<a href=\"https:\/\/balkaninsight.com\/2021\/10\/01\/crna-gora-da-ponovo-otvori-istragu-o-opsadi-dubrovnika\/?lang=sr\" target=\"_blank\" rel=\"noopener\">balkaninsight.com<\/a>.<\/em><\/p>\n","protected":false},"excerpt":{"rendered":"Na 30. godi\u0161njicu po\u010detka opsade Dubrovnika od strane Jugoslovenske narodne armije (JNA), crnogorski aktivisti za ljudska prava pozvali su dr\u017eavno&#8230; ","protected":false},"author":8,"featured_media":187681,"comment_status":"closed","ping_status":"open","sticky":false,"template":"","format":"standard","meta":{"_acf_changed":false,"footnotes":""},"categories":[2653,1789],"tags":[],"class_list":["post-187680","post","type-post","status-publish","format-standard","has-post-thumbnail","hentry","category-frontpage-bhsc","category-memorijalizacija"],"acf":[],"yoast_head":"<!-- This site is optimized with the Yoast SEO plugin v25.6 - https:\/\/yoast.com\/wordpress\/plugins\/seo\/ -->\n<title>- Crna Gora da ponovo otvori istragu o opsadi Dubrovnika -<\/title>\n<meta name=\"description\" content=\"Na 30. godi\u0161njicu po\u010detka opsade Dubrovnika, crnogorski aktivisti za ljudska prava pozvali su dr\u017eavno tu\u017eila\u0161tvo da ponovo otvori istragu o ratnim zlo\u010dinima po\u010dinjenim tokom bombardovanja ovog grada.\" \/>\n<meta name=\"robots\" content=\"index, follow, max-snippet:-1, max-image-preview:large, max-video-preview:-1\" \/>\n<link rel=\"canonical\" href=\"https:\/\/www.recom.link\/bhsc\/crna-gora-da-ponovo-otvori-istragu-o-opsadi-dubrovnika\/\" \/>\n<meta property=\"og:locale\" content=\"en_US\" \/>\n<meta property=\"og:type\" content=\"article\" \/>\n<meta property=\"og:title\" content=\"- Crna Gora da ponovo otvori istragu o opsadi Dubrovnika -\" \/>\n<meta property=\"og:description\" content=\"Na 30. godi\u0161njicu po\u010detka opsade Dubrovnika, crnogorski aktivisti za ljudska prava pozvali su dr\u017eavno tu\u017eila\u0161tvo da ponovo otvori istragu o ratnim zlo\u010dinima po\u010dinjenim tokom bombardovanja ovog grada.\" \/>\n<meta property=\"og:url\" content=\"https:\/\/www.recom.link\/bhsc\/crna-gora-da-ponovo-otvori-istragu-o-opsadi-dubrovnika\/\" \/>\n<meta property=\"og:site_name\" content=\"REKOM ~ KOMRA ~ RECOM\" \/>\n<meta property=\"article:publisher\" content=\"https:\/\/www.facebook.com\/ZaREKOM.PerKOMRA.ForRECOM\/\" \/>\n<meta property=\"article:published_time\" content=\"2021-10-01T14:16:08+00:00\" \/>\n<meta property=\"article:modified_time\" content=\"2021-10-01T14:17:55+00:00\" \/>\n<meta property=\"og:image\" content=\"https:\/\/www.recom.link\/wp-content\/uploads\/2021\/10\/Dubrovnik.jpg\" \/>\n\t<meta property=\"og:image:width\" content=\"1900\" \/>\n\t<meta property=\"og:image:height\" content=\"1068\" \/>\n\t<meta property=\"og:image:type\" content=\"image\/jpeg\" \/>\n<meta name=\"author\" content=\"Recom Editor\" \/>\n<meta name=\"twitter:card\" content=\"summary_large_image\" \/>\n<meta name=\"twitter:creator\" content=\"@REKOM_KOMRA\" \/>\n<meta name=\"twitter:site\" content=\"@REKOM_KOMRA\" \/>\n<meta name=\"twitter:label1\" content=\"Written by\" \/>\n\t<meta name=\"twitter:data1\" content=\"Recom Editor\" \/>\n\t<meta name=\"twitter:label2\" content=\"Est. reading time\" \/>\n\t<meta name=\"twitter:data2\" content=\"2 minutes\" \/>\n<script type=\"application\/ld+json\" class=\"yoast-schema-graph\">{\"@context\":\"https:\/\/schema.org\",\"@graph\":[{\"@type\":\"WebPage\",\"@id\":\"https:\/\/www.recom.link\/bhsc\/crna-gora-da-ponovo-otvori-istragu-o-opsadi-dubrovnika\/\",\"url\":\"https:\/\/www.recom.link\/bhsc\/crna-gora-da-ponovo-otvori-istragu-o-opsadi-dubrovnika\/\",\"name\":\"- Crna Gora da ponovo otvori istragu o opsadi Dubrovnika -\",\"isPartOf\":{\"@id\":\"https:\/\/www.recom.link\/en\/#website\"},\"primaryImageOfPage\":{\"@id\":\"https:\/\/www.recom.link\/bhsc\/crna-gora-da-ponovo-otvori-istragu-o-opsadi-dubrovnika\/#primaryimage\"},\"image\":{\"@id\":\"https:\/\/www.recom.link\/bhsc\/crna-gora-da-ponovo-otvori-istragu-o-opsadi-dubrovnika\/#primaryimage\"},\"thumbnailUrl\":\"https:\/\/www.recom.link\/wp-content\/uploads\/2021\/10\/Dubrovnik.jpg\",\"datePublished\":\"2021-10-01T14:16:08+00:00\",\"dateModified\":\"2021-10-01T14:17:55+00:00\",\"author\":{\"@id\":\"https:\/\/www.recom.link\/en\/#\/schema\/person\/0b0fce47cdf986c8b4194146b69999a3\"},\"description\":\"Na 30. godi\u0161njicu po\u010detka opsade Dubrovnika, crnogorski aktivisti za ljudska prava pozvali su dr\u017eavno tu\u017eila\u0161tvo da ponovo otvori istragu o ratnim zlo\u010dinima po\u010dinjenim tokom bombardovanja ovog grada.\",\"breadcrumb\":{\"@id\":\"https:\/\/www.recom.link\/bhsc\/crna-gora-da-ponovo-otvori-istragu-o-opsadi-dubrovnika\/#breadcrumb\"},\"inLanguage\":\"bhsc\",\"potentialAction\":[{\"@type\":\"ReadAction\",\"target\":[\"https:\/\/www.recom.link\/bhsc\/crna-gora-da-ponovo-otvori-istragu-o-opsadi-dubrovnika\/\"]}]},{\"@type\":\"ImageObject\",\"inLanguage\":\"bhsc\",\"@id\":\"https:\/\/www.recom.link\/bhsc\/crna-gora-da-ponovo-otvori-istragu-o-opsadi-dubrovnika\/#primaryimage\",\"url\":\"https:\/\/www.recom.link\/wp-content\/uploads\/2021\/10\/Dubrovnik.jpg\",\"contentUrl\":\"https:\/\/www.recom.link\/wp-content\/uploads\/2021\/10\/Dubrovnik.jpg\",\"width\":1900,\"height\":1068,\"caption\":\"Dubrovnika\"},{\"@type\":\"BreadcrumbList\",\"@id\":\"https:\/\/www.recom.link\/bhsc\/crna-gora-da-ponovo-otvori-istragu-o-opsadi-dubrovnika\/#breadcrumb\",\"itemListElement\":[{\"@type\":\"ListItem\",\"position\":1,\"name\":\"Home\",\"item\":\"https:\/\/www.recom.link\/en\/\"},{\"@type\":\"ListItem\",\"position\":2,\"name\":\"Crna Gora da ponovo otvori istragu o opsadi Dubrovnika\"}]},{\"@type\":\"WebSite\",\"@id\":\"https:\/\/www.recom.link\/en\/#website\",\"url\":\"https:\/\/www.recom.link\/en\/\",\"name\":\"REKOM ~ KOMRA ~ RECOM\",\"description\":\"\",\"potentialAction\":[{\"@type\":\"SearchAction\",\"target\":{\"@type\":\"EntryPoint\",\"urlTemplate\":\"https:\/\/www.recom.link\/en\/?s={search_term_string}\"},\"query-input\":{\"@type\":\"PropertyValueSpecification\",\"valueRequired\":true,\"valueName\":\"search_term_string\"}}],\"inLanguage\":\"bhsc\"},{\"@type\":\"Person\",\"@id\":\"https:\/\/www.recom.link\/en\/#\/schema\/person\/0b0fce47cdf986c8b4194146b69999a3\",\"name\":\"Recom Editor\",\"image\":{\"@type\":\"ImageObject\",\"inLanguage\":\"bhsc\",\"@id\":\"https:\/\/www.recom.link\/en\/#\/schema\/person\/image\/\",\"url\":\"https:\/\/secure.gravatar.com\/avatar\/b345ee03975bccfc62280b0fd1ffd916?s=96&d=mm&r=g\",\"contentUrl\":\"https:\/\/secure.gravatar.com\/avatar\/b345ee03975bccfc62280b0fd1ffd916?s=96&d=mm&r=g\",\"caption\":\"Recom Editor\"},\"url\":\"https:\/\/www.recom.link\/bhsc\/author\/jelanag\/\"}]}<\/script>\n<!-- \/ Yoast SEO plugin. -->","yoast_head_json":{"title":"- Crna Gora da ponovo otvori istragu o opsadi Dubrovnika -","description":"Na 30. godi\u0161njicu po\u010detka opsade Dubrovnika, crnogorski aktivisti za ljudska prava pozvali su dr\u017eavno tu\u017eila\u0161tvo da ponovo otvori istragu o ratnim zlo\u010dinima po\u010dinjenim tokom bombardovanja ovog grada.","robots":{"index":"index","follow":"follow","max-snippet":"max-snippet:-1","max-image-preview":"max-image-preview:large","max-video-preview":"max-video-preview:-1"},"canonical":"https:\/\/www.recom.link\/bhsc\/crna-gora-da-ponovo-otvori-istragu-o-opsadi-dubrovnika\/","og_locale":"en_US","og_type":"article","og_title":"- Crna Gora da ponovo otvori istragu o opsadi Dubrovnika -","og_description":"Na 30. godi\u0161njicu po\u010detka opsade Dubrovnika, crnogorski aktivisti za ljudska prava pozvali su dr\u017eavno tu\u017eila\u0161tvo da ponovo otvori istragu o ratnim zlo\u010dinima po\u010dinjenim tokom bombardovanja ovog grada.","og_url":"https:\/\/www.recom.link\/bhsc\/crna-gora-da-ponovo-otvori-istragu-o-opsadi-dubrovnika\/","og_site_name":"REKOM ~ KOMRA ~ RECOM","article_publisher":"https:\/\/www.facebook.com\/ZaREKOM.PerKOMRA.ForRECOM\/","article_published_time":"2021-10-01T14:16:08+00:00","article_modified_time":"2021-10-01T14:17:55+00:00","og_image":[{"width":1900,"height":1068,"url":"https:\/\/www.recom.link\/wp-content\/uploads\/2021\/10\/Dubrovnik.jpg","type":"image\/jpeg"}],"author":"Recom Editor","twitter_card":"summary_large_image","twitter_creator":"@REKOM_KOMRA","twitter_site":"@REKOM_KOMRA","twitter_misc":{"Written by":"Recom Editor","Est. reading time":"2 minutes"},"schema":{"@context":"https:\/\/schema.org","@graph":[{"@type":"WebPage","@id":"https:\/\/www.recom.link\/bhsc\/crna-gora-da-ponovo-otvori-istragu-o-opsadi-dubrovnika\/","url":"https:\/\/www.recom.link\/bhsc\/crna-gora-da-ponovo-otvori-istragu-o-opsadi-dubrovnika\/","name":"- Crna Gora da ponovo otvori istragu o opsadi Dubrovnika -","isPartOf":{"@id":"https:\/\/www.recom.link\/en\/#website"},"primaryImageOfPage":{"@id":"https:\/\/www.recom.link\/bhsc\/crna-gora-da-ponovo-otvori-istragu-o-opsadi-dubrovnika\/#primaryimage"},"image":{"@id":"https:\/\/www.recom.link\/bhsc\/crna-gora-da-ponovo-otvori-istragu-o-opsadi-dubrovnika\/#primaryimage"},"thumbnailUrl":"https:\/\/www.recom.link\/wp-content\/uploads\/2021\/10\/Dubrovnik.jpg","datePublished":"2021-10-01T14:16:08+00:00","dateModified":"2021-10-01T14:17:55+00:00","author":{"@id":"https:\/\/www.recom.link\/en\/#\/schema\/person\/0b0fce47cdf986c8b4194146b69999a3"},"description":"Na 30. godi\u0161njicu po\u010detka opsade Dubrovnika, crnogorski aktivisti za ljudska prava pozvali su dr\u017eavno tu\u017eila\u0161tvo da ponovo otvori istragu o ratnim zlo\u010dinima po\u010dinjenim tokom bombardovanja ovog grada.","breadcrumb":{"@id":"https:\/\/www.recom.link\/bhsc\/crna-gora-da-ponovo-otvori-istragu-o-opsadi-dubrovnika\/#breadcrumb"},"inLanguage":"bhsc","potentialAction":[{"@type":"ReadAction","target":["https:\/\/www.recom.link\/bhsc\/crna-gora-da-ponovo-otvori-istragu-o-opsadi-dubrovnika\/"]}]},{"@type":"ImageObject","inLanguage":"bhsc","@id":"https:\/\/www.recom.link\/bhsc\/crna-gora-da-ponovo-otvori-istragu-o-opsadi-dubrovnika\/#primaryimage","url":"https:\/\/www.recom.link\/wp-content\/uploads\/2021\/10\/Dubrovnik.jpg","contentUrl":"https:\/\/www.recom.link\/wp-content\/uploads\/2021\/10\/Dubrovnik.jpg","width":1900,"height":1068,"caption":"Dubrovnika"},{"@type":"BreadcrumbList","@id":"https:\/\/www.recom.link\/bhsc\/crna-gora-da-ponovo-otvori-istragu-o-opsadi-dubrovnika\/#breadcrumb","itemListElement":[{"@type":"ListItem","position":1,"name":"Home","item":"https:\/\/www.recom.link\/en\/"},{"@type":"ListItem","position":2,"name":"Crna Gora da ponovo otvori istragu o opsadi Dubrovnika"}]},{"@type":"WebSite","@id":"https:\/\/www.recom.link\/en\/#website","url":"https:\/\/www.recom.link\/en\/","name":"REKOM ~ KOMRA ~ RECOM","description":"","potentialAction":[{"@type":"SearchAction","target":{"@type":"EntryPoint","urlTemplate":"https:\/\/www.recom.link\/en\/?s={search_term_string}"},"query-input":{"@type":"PropertyValueSpecification","valueRequired":true,"valueName":"search_term_string"}}],"inLanguage":"bhsc"},{"@type":"Person","@id":"https:\/\/www.recom.link\/en\/#\/schema\/person\/0b0fce47cdf986c8b4194146b69999a3","name":"Recom Editor","image":{"@type":"ImageObject","inLanguage":"bhsc","@id":"https:\/\/www.recom.link\/en\/#\/schema\/person\/image\/","url":"https:\/\/secure.gravatar.com\/avatar\/b345ee03975bccfc62280b0fd1ffd916?s=96&d=mm&r=g","contentUrl":"https:\/\/secure.gravatar.com\/avatar\/b345ee03975bccfc62280b0fd1ffd916?s=96&d=mm&r=g","caption":"Recom Editor"},"url":"https:\/\/www.recom.link\/bhsc\/author\/jelanag\/"}]}},"_links":{"self":[{"href":"https:\/\/www.recom.link\/bhsc\/wp-json\/wp\/v2\/posts\/187680"}],"collection":[{"href":"https:\/\/www.recom.link\/bhsc\/wp-json\/wp\/v2\/posts"}],"about":[{"href":"https:\/\/www.recom.link\/bhsc\/wp-json\/wp\/v2\/types\/post"}],"author":[{"embeddable":true,"href":"https:\/\/www.recom.link\/bhsc\/wp-json\/wp\/v2\/users\/8"}],"replies":[{"embeddable":true,"href":"https:\/\/www.recom.link\/bhsc\/wp-json\/wp\/v2\/comments?post=187680"}],"version-history":[{"count":1,"href":"https:\/\/www.recom.link\/bhsc\/wp-json\/wp\/v2\/posts\/187680\/revisions"}],"predecessor-version":[{"id":187686,"href":"https:\/\/www.recom.link\/bhsc\/wp-json\/wp\/v2\/posts\/187680\/revisions\/187686"}],"wp:featuredmedia":[{"embeddable":true,"href":"https:\/\/www.recom.link\/bhsc\/wp-json\/wp\/v2\/media\/187681"}],"wp:attachment":[{"href":"https:\/\/www.recom.link\/bhsc\/wp-json\/wp\/v2\/media?parent=187680"}],"wp:term":[{"taxonomy":"category","embeddable":true,"href":"https:\/\/www.recom.link\/bhsc\/wp-json\/wp\/v2\/categories?post=187680"},{"taxonomy":"post_tag","embeddable":true,"href":"https:\/\/www.recom.link\/bhsc\/wp-json\/wp\/v2\/tags?post=187680"}],"curies":[{"name":"wp","href":"https:\/\/api.w.org\/{rel}","templated":true}]}}