{"id":187410,"date":"2021-08-13T15:34:32","date_gmt":"2021-08-13T14:34:32","guid":{"rendered":"https:\/\/www.recom.link\/?p=187410"},"modified":"2021-08-13T15:35:17","modified_gmt":"2021-08-13T14:35:17","slug":"streljanje-kod-duljevca","status":"publish","type":"post","link":"https:\/\/www.recom.link\/bhsc\/streljanje-kod-duljevca\/","title":{"rendered":"Streljanje kod Duljevca 15.8.1992. godine"},"content":{"rendered":"<p><strong>Streljanje kod Duljevca 15.8.1992. godine &#8211; utvr\u0111ene \u010dinjenice<\/strong><\/p>\n<p>&nbsp;<\/p>\n<p><b><span data-contrast=\"none\">Lokacija:<\/span><\/b><span data-ccp-props=\"{&quot;134233117&quot;:true,&quot;134233118&quot;:true,&quot;201341983&quot;:0,&quot;335551550&quot;:6,&quot;335551620&quot;:6,&quot;335559740&quot;:360}\">\u00a0<\/span><\/p>\n<p><span data-contrast=\"none\">Duljevac, Rogatica<\/span><span data-ccp-props=\"{&quot;134233117&quot;:true,&quot;134233118&quot;:true,&quot;201341983&quot;:0,&quot;335551550&quot;:6,&quot;335551620&quot;:6,&quot;335559739&quot;:75,&quot;335559740&quot;:360}\">\u00a0<\/span><\/p>\n<p><b><span data-contrast=\"none\">Datum:<\/span><\/b><span data-ccp-props=\"{&quot;134233117&quot;:true,&quot;134233118&quot;:true,&quot;201341983&quot;:0,&quot;335551550&quot;:6,&quot;335551620&quot;:6,&quot;335559739&quot;:75,&quot;335559740&quot;:360}\">\u00a0<\/span><\/p>\n<p><span data-contrast=\"none\">15.8.1995. godine<\/span><span data-ccp-props=\"{&quot;134233117&quot;:true,&quot;134233118&quot;:true,&quot;201341983&quot;:0,&quot;335551550&quot;:6,&quot;335551620&quot;:6,&quot;335559739&quot;:75,&quot;335559740&quot;:360}\">\u00a0<\/span><\/p>\n<p><b><span data-contrast=\"none\">Po\u010dinioci:<\/span><\/b><span data-ccp-props=\"{&quot;134233117&quot;:true,&quot;134233118&quot;:true,&quot;201341983&quot;:0,&quot;335551550&quot;:6,&quot;335551620&quot;:6,&quot;335559740&quot;:360}\">\u00a0<\/span><\/p>\n<p><span data-contrast=\"none\">Radislav\u00a0Ljubinac, Dragoje \u0160piro Paunovi\u0107 i drugi nepoznati pripadnici snaga bosanskih Srba<\/span><span data-ccp-props=\"{&quot;134233117&quot;:true,&quot;134233118&quot;:true,&quot;201341983&quot;:0,&quot;335551550&quot;:6,&quot;335551620&quot;:6,&quot;335559740&quot;:360}\">\u00a0<\/span><\/p>\n<p><b><span data-contrast=\"none\">Zlo\u010din:<\/span><\/b><span data-ccp-props=\"{&quot;134233117&quot;:true,&quot;134233118&quot;:true,&quot;201341983&quot;:0,&quot;335551550&quot;:6,&quot;335551620&quot;:6,&quot;335559740&quot;:360}\">\u00a0<\/span><\/p>\n<p><span data-contrast=\"auto\">Dana 15.8.1992. godine, 27 zato\u010denika iz \u201eRasadnika\u201c, zato\u010deni\u010dkog objekta u Rogatici, me\u0111u kojima je bilo \u010detiri maloletnika, odvezeni su na liniju fronta u Duljevcu. Vezane su im ruke i odvedeni su ka obli\u017enjoj poljani, gde je na njih otvorena vatra. Nakon toga, srpski vojnici su i\u0161li naokolo i pucali u one koji su mo\u017eda jo\u0161 uvek bili \u017eivi.<\/span><span data-ccp-props=\"{&quot;201341983&quot;:0,&quot;335551550&quot;:6,&quot;335551620&quot;:6,&quot;335559739&quot;:0,&quot;335559740&quot;:360}\">\u00a0<\/span><\/p>\n<p><b><span data-contrast=\"none\">\u017drtve:<\/span><\/b><\/p>\n<p><strong>Asim Kapo, Besim\u00a0Kur\u010dehai\u0107, Dervi\u0161 Pa\u0161i\u0107,\u00a0Edis\u00a0\u0106ati\u0107,\u00a0Eldin\u00a0Hod\u017ei\u0107, Faruk Isakovi\u0107,\u00a0Fuad\u00a0Kazi\u0107,\u00a0Fuad\u00a0\u0160eti\u0107, Halil Halilovi\u0107,\u00a0Hamdija\u00a0Ja\u0161arevi\u0107, Husein Huso\u00a0Ja\u0161arevi\u0107, Mehmed Delija,\u00a0Melvudin\u00a0\u0106ati\u0107,\u00a0Mesud\u00a0Pa\u0161i\u0107,\u00a0Midhat\u00a0\u0106ati\u0107, Mujo Pa\u0161i\u0107, Mustafa\u00a0Tankovi\u0107, Ned\u017ead\u00a0Kazi\u0107, Osman\u00a0Solak, Sulejman\u00a0Kazi\u0107, Sulejman\u00a0Suljo\u00a0Ja\u0161arevi\u0107,\u00a0\u0160ukrija\u00a0Omeragi\u0107,\u00a0Vahudin\u00a0\u0106ati\u0107,\u00a0Zajko\u00a0Salihovi\u0107\u00a0<\/strong><\/p>\n<p><span data-contrast=\"auto\"><strong>Ago Kapo, Armin\u00a0Ba\u017edar<\/strong> i jo\u0161 jedan mu\u0161karac, \u010dije je identitet za\u0161ti\u0107en, uspeli su da pre\u017eive.<\/span><\/p>\n<p><span data-ccp-props=\"{&quot;134233117&quot;:true,&quot;134233118&quot;:true,&quot;201341983&quot;:0,&quot;335551550&quot;:6,&quot;335551620&quot;:6,&quot;335559740&quot;:360}\">\u00a0<\/span><\/p>\n<p><b><span data-contrast=\"none\">Presude:<\/span><\/b><span data-ccp-props=\"{&quot;134233117&quot;:true,&quot;134233118&quot;:true,&quot;201341983&quot;:0,&quot;335551550&quot;:6,&quot;335551620&quot;:6,&quot;335559740&quot;:360}\">\u00a0<\/span><\/p>\n<p><a href=\"https:\/\/www.icty.org\/x\/cases\/karadzic\/acjug\/bcs\/130711.pdf\" target=\"_blank\" rel=\"noopener\"><span data-contrast=\"none\">\u201eRadovan Karad\u017ei\u0107\u201c<\/span><span data-ccp-props=\"{&quot;134233117&quot;:true,&quot;134233118&quot;:true,&quot;201341983&quot;:0,&quot;335551550&quot;:6,&quot;335551620&quot;:6,&quot;335559740&quot;:360}\">\u00a0<\/span><\/a><\/p>\n<p><a href=\"https:\/\/www.icty.org\/x\/cases\/mladic\/tjug\/bcs\/171122-sazetak-presude-bcs.pdf\" target=\"_blank\" rel=\"noopener\"><span data-contrast=\"none\">\u201eRatko Mladi\u0107\u201c<\/span><span data-ccp-props=\"{&quot;134233117&quot;:true,&quot;134233118&quot;:true,&quot;201341983&quot;:0,&quot;335551550&quot;:6,&quot;335551620&quot;:6,&quot;335559740&quot;:360}\">\u00a0<\/span><\/a><\/p>\n<p><a href=\"http:\/\/www.sudbih.gov.ba\/predmet\/2422\/show\" target=\"_blank\" rel=\"noopener\"><span data-contrast=\"none\">\u201ePaunovi\u0107 Dragoje\u201c<\/span><span data-ccp-props=\"{&quot;134233117&quot;:true,&quot;134233118&quot;:true,&quot;201341983&quot;:0,&quot;335551550&quot;:6,&quot;335551620&quot;:6,&quot;335559740&quot;:360}\">\u00a0<\/span><\/a><\/p>\n<p><a href=\"http:\/\/www.sudbih.gov.ba\/predmet\/2437\/show\" target=\"_blank\" rel=\"noopener\"><span data-contrast=\"none\">\u201eLjubinac\u00a0Radisav\u201c<\/span><span data-ccp-props=\"{&quot;134233117&quot;:true,&quot;134233118&quot;:true,&quot;201341983&quot;:0,&quot;335551550&quot;:6,&quot;335551620&quot;:6,&quot;335559740&quot;:360}\">\u00a0<\/span><\/a><\/p>\n<p>&nbsp;<\/p>\n<hr \/>\n<p><span data-ccp-props=\"{&quot;134233117&quot;:true,&quot;134233118&quot;:true,&quot;201341983&quot;:0,&quot;335551550&quot;:6,&quot;335551620&quot;:6,&quot;335559740&quot;:360}\">\u00a0<\/span><\/p>\n","protected":false},"excerpt":{"rendered":"Streljanje kod Duljevca 15.8.1992. godine &#8211; utvr\u0111ene \u010dinjenice &nbsp; Lokacija:\u00a0 Duljevac, Rogatica\u00a0 Datum:\u00a0 15.8.1995. godine\u00a0 Po\u010dinioci:\u00a0 Radislav\u00a0Ljubinac, Dragoje \u0160piro Paunovi\u0107&#8230; ","protected":false},"author":8,"featured_media":187411,"comment_status":"closed","ping_status":"open","sticky":true,"template":"","format":"standard","meta":{"_acf_changed":false,"footnotes":""},"categories":[1789],"tags":[3811,3810],"class_list":["post-187410","post","type-post","status-publish","format-standard","has-post-thumbnail","hentry","category-memorijalizacija","tag-duljevac","tag-rogatica"],"acf":[],"yoast_head":"<!-- This site is optimized with the Yoast SEO plugin v25.6 - https:\/\/yoast.com\/wordpress\/plugins\/seo\/ -->\n<title>Streljanje kod Duljevca 15.8.1992. godine - REKOM ~ KOMRA ~ RECOM<\/title>\n<meta name=\"description\" content=\"Dana 15.8.1992. godine, na liniji fronta u Duljevcu srpski vojnici su streljali 27 zato\u010denika iz \u201eRasadnika\u201c, zato\u010deni\u010dkog objekta u Rogatici\" \/>\n<meta name=\"robots\" content=\"index, follow, max-snippet:-1, max-image-preview:large, max-video-preview:-1\" \/>\n<link rel=\"canonical\" href=\"https:\/\/www.recom.link\/bhsc\/streljanje-kod-duljevca\/\" \/>\n<meta property=\"og:locale\" content=\"en_US\" \/>\n<meta property=\"og:type\" content=\"article\" \/>\n<meta property=\"og:title\" content=\"Streljanje kod Duljevca 15.8.1992. godine - REKOM ~ KOMRA ~ RECOM\" \/>\n<meta property=\"og:description\" content=\"Dana 15.8.1992. godine, na liniji fronta u Duljevcu srpski vojnici su streljali 27 zato\u010denika iz \u201eRasadnika\u201c, zato\u010deni\u010dkog objekta u Rogatici\" \/>\n<meta property=\"og:url\" content=\"https:\/\/www.recom.link\/bhsc\/streljanje-kod-duljevca\/\" \/>\n<meta property=\"og:site_name\" content=\"REKOM ~ KOMRA ~ RECOM\" \/>\n<meta property=\"article:publisher\" content=\"https:\/\/www.facebook.com\/ZaREKOM.PerKOMRA.ForRECOM\/\" \/>\n<meta property=\"article:published_time\" content=\"2021-08-13T14:34:32+00:00\" \/>\n<meta property=\"article:modified_time\" content=\"2021-08-13T14:35:17+00:00\" \/>\n<meta property=\"og:image\" content=\"https:\/\/www.recom.link\/wp-content\/uploads\/2021\/08\/Mapa-Duljevca.jpg\" \/>\n\t<meta property=\"og:image:width\" content=\"886\" \/>\n\t<meta property=\"og:image:height\" content=\"861\" \/>\n\t<meta property=\"og:image:type\" content=\"image\/jpeg\" \/>\n<meta name=\"author\" content=\"Recom Editor\" \/>\n<meta name=\"twitter:card\" content=\"summary_large_image\" \/>\n<meta name=\"twitter:creator\" content=\"@REKOM_KOMRA\" \/>\n<meta name=\"twitter:site\" content=\"@REKOM_KOMRA\" \/>\n<meta name=\"twitter:label1\" content=\"Written by\" \/>\n\t<meta name=\"twitter:data1\" content=\"Recom Editor\" \/>\n\t<meta name=\"twitter:label2\" content=\"Est. reading time\" \/>\n\t<meta name=\"twitter:data2\" content=\"1 minute\" \/>\n<script type=\"application\/ld+json\" class=\"yoast-schema-graph\">{\"@context\":\"https:\/\/schema.org\",\"@graph\":[{\"@type\":\"WebPage\",\"@id\":\"https:\/\/www.recom.link\/bhsc\/streljanje-kod-duljevca\/\",\"url\":\"https:\/\/www.recom.link\/bhsc\/streljanje-kod-duljevca\/\",\"name\":\"Streljanje kod Duljevca 15.8.1992. godine - REKOM ~ KOMRA ~ RECOM\",\"isPartOf\":{\"@id\":\"https:\/\/www.recom.link\/en\/#website\"},\"primaryImageOfPage\":{\"@id\":\"https:\/\/www.recom.link\/bhsc\/streljanje-kod-duljevca\/#primaryimage\"},\"image\":{\"@id\":\"https:\/\/www.recom.link\/bhsc\/streljanje-kod-duljevca\/#primaryimage\"},\"thumbnailUrl\":\"https:\/\/www.recom.link\/wp-content\/uploads\/2021\/08\/Mapa-Duljevca.jpg\",\"datePublished\":\"2021-08-13T14:34:32+00:00\",\"dateModified\":\"2021-08-13T14:35:17+00:00\",\"author\":{\"@id\":\"https:\/\/www.recom.link\/en\/#\/schema\/person\/0b0fce47cdf986c8b4194146b69999a3\"},\"description\":\"Dana 15.8.1992. godine, na liniji fronta u Duljevcu srpski vojnici su streljali 27 zato\u010denika iz \u201eRasadnika\u201c, zato\u010deni\u010dkog objekta u Rogatici\",\"breadcrumb\":{\"@id\":\"https:\/\/www.recom.link\/bhsc\/streljanje-kod-duljevca\/#breadcrumb\"},\"inLanguage\":\"bhsc\",\"potentialAction\":[{\"@type\":\"ReadAction\",\"target\":[\"https:\/\/www.recom.link\/bhsc\/streljanje-kod-duljevca\/\"]}]},{\"@type\":\"ImageObject\",\"inLanguage\":\"bhsc\",\"@id\":\"https:\/\/www.recom.link\/bhsc\/streljanje-kod-duljevca\/#primaryimage\",\"url\":\"https:\/\/www.recom.link\/wp-content\/uploads\/2021\/08\/Mapa-Duljevca.jpg\",\"contentUrl\":\"https:\/\/www.recom.link\/wp-content\/uploads\/2021\/08\/Mapa-Duljevca.jpg\",\"width\":886,\"height\":861,\"caption\":\"Streljanje kod Duljevca\"},{\"@type\":\"BreadcrumbList\",\"@id\":\"https:\/\/www.recom.link\/bhsc\/streljanje-kod-duljevca\/#breadcrumb\",\"itemListElement\":[{\"@type\":\"ListItem\",\"position\":1,\"name\":\"Home\",\"item\":\"https:\/\/www.recom.link\/en\/\"},{\"@type\":\"ListItem\",\"position\":2,\"name\":\"Streljanje kod Duljevca 15.8.1992. godine\"}]},{\"@type\":\"WebSite\",\"@id\":\"https:\/\/www.recom.link\/en\/#website\",\"url\":\"https:\/\/www.recom.link\/en\/\",\"name\":\"REKOM ~ KOMRA ~ RECOM\",\"description\":\"\",\"potentialAction\":[{\"@type\":\"SearchAction\",\"target\":{\"@type\":\"EntryPoint\",\"urlTemplate\":\"https:\/\/www.recom.link\/en\/?s={search_term_string}\"},\"query-input\":{\"@type\":\"PropertyValueSpecification\",\"valueRequired\":true,\"valueName\":\"search_term_string\"}}],\"inLanguage\":\"bhsc\"},{\"@type\":\"Person\",\"@id\":\"https:\/\/www.recom.link\/en\/#\/schema\/person\/0b0fce47cdf986c8b4194146b69999a3\",\"name\":\"Recom Editor\",\"image\":{\"@type\":\"ImageObject\",\"inLanguage\":\"bhsc\",\"@id\":\"https:\/\/www.recom.link\/en\/#\/schema\/person\/image\/\",\"url\":\"https:\/\/secure.gravatar.com\/avatar\/b345ee03975bccfc62280b0fd1ffd916?s=96&d=mm&r=g\",\"contentUrl\":\"https:\/\/secure.gravatar.com\/avatar\/b345ee03975bccfc62280b0fd1ffd916?s=96&d=mm&r=g\",\"caption\":\"Recom Editor\"},\"url\":\"https:\/\/www.recom.link\/bhsc\/author\/jelanag\/\"}]}<\/script>\n<!-- \/ Yoast SEO plugin. -->","yoast_head_json":{"title":"Streljanje kod Duljevca 15.8.1992. godine - REKOM ~ KOMRA ~ RECOM","description":"Dana 15.8.1992. godine, na liniji fronta u Duljevcu srpski vojnici su streljali 27 zato\u010denika iz \u201eRasadnika\u201c, zato\u010deni\u010dkog objekta u Rogatici","robots":{"index":"index","follow":"follow","max-snippet":"max-snippet:-1","max-image-preview":"max-image-preview:large","max-video-preview":"max-video-preview:-1"},"canonical":"https:\/\/www.recom.link\/bhsc\/streljanje-kod-duljevca\/","og_locale":"en_US","og_type":"article","og_title":"Streljanje kod Duljevca 15.8.1992. godine - REKOM ~ KOMRA ~ RECOM","og_description":"Dana 15.8.1992. godine, na liniji fronta u Duljevcu srpski vojnici su streljali 27 zato\u010denika iz \u201eRasadnika\u201c, zato\u010deni\u010dkog objekta u Rogatici","og_url":"https:\/\/www.recom.link\/bhsc\/streljanje-kod-duljevca\/","og_site_name":"REKOM ~ KOMRA ~ RECOM","article_publisher":"https:\/\/www.facebook.com\/ZaREKOM.PerKOMRA.ForRECOM\/","article_published_time":"2021-08-13T14:34:32+00:00","article_modified_time":"2021-08-13T14:35:17+00:00","og_image":[{"width":886,"height":861,"url":"https:\/\/www.recom.link\/wp-content\/uploads\/2021\/08\/Mapa-Duljevca.jpg","type":"image\/jpeg"}],"author":"Recom Editor","twitter_card":"summary_large_image","twitter_creator":"@REKOM_KOMRA","twitter_site":"@REKOM_KOMRA","twitter_misc":{"Written by":"Recom Editor","Est. reading time":"1 minute"},"schema":{"@context":"https:\/\/schema.org","@graph":[{"@type":"WebPage","@id":"https:\/\/www.recom.link\/bhsc\/streljanje-kod-duljevca\/","url":"https:\/\/www.recom.link\/bhsc\/streljanje-kod-duljevca\/","name":"Streljanje kod Duljevca 15.8.1992. godine - REKOM ~ KOMRA ~ RECOM","isPartOf":{"@id":"https:\/\/www.recom.link\/en\/#website"},"primaryImageOfPage":{"@id":"https:\/\/www.recom.link\/bhsc\/streljanje-kod-duljevca\/#primaryimage"},"image":{"@id":"https:\/\/www.recom.link\/bhsc\/streljanje-kod-duljevca\/#primaryimage"},"thumbnailUrl":"https:\/\/www.recom.link\/wp-content\/uploads\/2021\/08\/Mapa-Duljevca.jpg","datePublished":"2021-08-13T14:34:32+00:00","dateModified":"2021-08-13T14:35:17+00:00","author":{"@id":"https:\/\/www.recom.link\/en\/#\/schema\/person\/0b0fce47cdf986c8b4194146b69999a3"},"description":"Dana 15.8.1992. godine, na liniji fronta u Duljevcu srpski vojnici su streljali 27 zato\u010denika iz \u201eRasadnika\u201c, zato\u010deni\u010dkog objekta u Rogatici","breadcrumb":{"@id":"https:\/\/www.recom.link\/bhsc\/streljanje-kod-duljevca\/#breadcrumb"},"inLanguage":"bhsc","potentialAction":[{"@type":"ReadAction","target":["https:\/\/www.recom.link\/bhsc\/streljanje-kod-duljevca\/"]}]},{"@type":"ImageObject","inLanguage":"bhsc","@id":"https:\/\/www.recom.link\/bhsc\/streljanje-kod-duljevca\/#primaryimage","url":"https:\/\/www.recom.link\/wp-content\/uploads\/2021\/08\/Mapa-Duljevca.jpg","contentUrl":"https:\/\/www.recom.link\/wp-content\/uploads\/2021\/08\/Mapa-Duljevca.jpg","width":886,"height":861,"caption":"Streljanje kod Duljevca"},{"@type":"BreadcrumbList","@id":"https:\/\/www.recom.link\/bhsc\/streljanje-kod-duljevca\/#breadcrumb","itemListElement":[{"@type":"ListItem","position":1,"name":"Home","item":"https:\/\/www.recom.link\/en\/"},{"@type":"ListItem","position":2,"name":"Streljanje kod Duljevca 15.8.1992. godine"}]},{"@type":"WebSite","@id":"https:\/\/www.recom.link\/en\/#website","url":"https:\/\/www.recom.link\/en\/","name":"REKOM ~ KOMRA ~ RECOM","description":"","potentialAction":[{"@type":"SearchAction","target":{"@type":"EntryPoint","urlTemplate":"https:\/\/www.recom.link\/en\/?s={search_term_string}"},"query-input":{"@type":"PropertyValueSpecification","valueRequired":true,"valueName":"search_term_string"}}],"inLanguage":"bhsc"},{"@type":"Person","@id":"https:\/\/www.recom.link\/en\/#\/schema\/person\/0b0fce47cdf986c8b4194146b69999a3","name":"Recom Editor","image":{"@type":"ImageObject","inLanguage":"bhsc","@id":"https:\/\/www.recom.link\/en\/#\/schema\/person\/image\/","url":"https:\/\/secure.gravatar.com\/avatar\/b345ee03975bccfc62280b0fd1ffd916?s=96&d=mm&r=g","contentUrl":"https:\/\/secure.gravatar.com\/avatar\/b345ee03975bccfc62280b0fd1ffd916?s=96&d=mm&r=g","caption":"Recom Editor"},"url":"https:\/\/www.recom.link\/bhsc\/author\/jelanag\/"}]}},"_links":{"self":[{"href":"https:\/\/www.recom.link\/bhsc\/wp-json\/wp\/v2\/posts\/187410"}],"collection":[{"href":"https:\/\/www.recom.link\/bhsc\/wp-json\/wp\/v2\/posts"}],"about":[{"href":"https:\/\/www.recom.link\/bhsc\/wp-json\/wp\/v2\/types\/post"}],"author":[{"embeddable":true,"href":"https:\/\/www.recom.link\/bhsc\/wp-json\/wp\/v2\/users\/8"}],"replies":[{"embeddable":true,"href":"https:\/\/www.recom.link\/bhsc\/wp-json\/wp\/v2\/comments?post=187410"}],"version-history":[{"count":1,"href":"https:\/\/www.recom.link\/bhsc\/wp-json\/wp\/v2\/posts\/187410\/revisions"}],"predecessor-version":[{"id":187416,"href":"https:\/\/www.recom.link\/bhsc\/wp-json\/wp\/v2\/posts\/187410\/revisions\/187416"}],"wp:featuredmedia":[{"embeddable":true,"href":"https:\/\/www.recom.link\/bhsc\/wp-json\/wp\/v2\/media\/187411"}],"wp:attachment":[{"href":"https:\/\/www.recom.link\/bhsc\/wp-json\/wp\/v2\/media?parent=187410"}],"wp:term":[{"taxonomy":"category","embeddable":true,"href":"https:\/\/www.recom.link\/bhsc\/wp-json\/wp\/v2\/categories?post=187410"},{"taxonomy":"post_tag","embeddable":true,"href":"https:\/\/www.recom.link\/bhsc\/wp-json\/wp\/v2\/tags?post=187410"}],"curies":[{"name":"wp","href":"https:\/\/api.w.org\/{rel}","templated":true}]}}