{"id":187330,"date":"2021-08-05T10:25:00","date_gmt":"2021-08-05T09:25:00","guid":{"rendered":"https:\/\/www.recom.link\/?p=187330"},"modified":"2021-08-05T14:30:58","modified_gmt":"2021-08-05T13:30:58","slug":"secanje-na-zrtve-oluje-u-zaboravu-nema-oprostaja-ni-sebi-ni-drugima","status":"publish","type":"post","link":"https:\/\/www.recom.link\/bhsc\/secanje-na-zrtve-oluje-u-zaboravu-nema-oprostaja-ni-sebi-ni-drugima\/","title":{"rendered":"Se\u0107anje na \u017ertve &#8220;Oluje&#8221; \u2013 u zaboravu nema opro\u0161taja ni sebi ni drugima"},"content":{"rendered":"<p><strong>Centralna manifestacija povodom Dana se\u0107anja na sve stradale i prognane Srbe u vojnoj akciji &#8220;Oluja&#8221; 1995. godine, odr\u017eana je u zemunskom naselju Busije. Predsednik Aleksandar Vu\u010di\u0107 poru\u010dio je okupljenima da pokazujemo koliko volimo svoj narod i kako ne\u0107emo da zaboravimo sve ono kroz \u0161ta su na\u0161i Kraji\u0161nici morali da pro\u0111u. Srpski \u010dlan predsedni\u0161tva Bosne i Hercegovine Milorad Dodik istakao je da je to bilo stradanje biblijskih razmera, a da su prostori gde su \u017eiveli Srbi pusti. Bog ne broji \u010dijih je \u017ertava vi\u0161e, pred njim su sve \u017ertve iste, rekao je patrijarh Porfirije.<\/strong><\/p>\n<p>&nbsp;<\/p>\n<p>Centralna ceremonija odr\u017eana je u zemunskom naselju\u00a0<a href=\"https:\/\/www.rts.rs\/page\/stories\/ci\/story\/124\/drustvo\/4469787\/busije-oluja-progon-srba.html\" target=\"_blank\" rel=\"noopener\"><strong>Busije \u2013 gde se te 1995. godine zaustavio veliki broj kraji\u0161kih Srba<\/strong><\/a>.<\/p>\n<p>Obele\u017eavanju tragi\u010dnog doga\u0111aja za srpski narod, koji\u00a0<a href=\"https:\/\/www.rts.rs\/page\/stories\/ci\/story\/124\/drustvo\/4468877\/predrag-markovic-operacija-oluja.html\" target=\"_blank\" rel=\"noopener\"><strong>Hrvatska slavi kao dan pobede i domovinske zahvalnosti<\/strong><\/a>, prisustvovao je predsednik Srbije Aleksandar Vu\u010di\u0107 i rukovodstvo Republike Srpske, koji su se prethodno\u00a0<a href=\"https:\/\/www.rts.rs\/page\/stories\/ci\/story\/1\/politika\/4469128\/vucic-dodik-sastanak-odluke-skupstina-rs-visoki-predstavnik.html\" target=\"_blank\" rel=\"noopener\"><strong>sastali u vili &#8220;Mir&#8221;<\/strong><\/a>.<\/p>\n<p>Ispred Crkve \u0106irila i Metodija okupio se veliki broj gra\u0111ana, a opelo je slu\u017eio patrijarh srpski Porfirije.<\/p>\n<p>Prvi put su na obele\u017eavanju Dana se\u0107anja na \u017ertve &#8220;Oluje&#8221; bili su prisutni pre\u017eiveli iz logora Jasenovac.<\/p>\n<p>Povodom godi\u0161njice,\u00a0<a href=\"https:\/\/www.rts.rs\/page\/stories\/ci\/story\/124\/drustvo\/4468982\/oluja-godisnjica-dan-secanja-srbija-obelezavanje.html\" target=\"_blank\" rel=\"noopener\"><strong>oglasili su se dr\u017eavni zvani\u010dnici i udru\u017eenja<\/strong><\/a>, i istakli da je etni\u010dko \u010di\u0161\u0107enje pro\u0161lo neka\u017enjeno, kao i da se samo nekolicina Srba vratila svojim ku\u0107ama, jer\u00a0<a href=\"https:\/\/www.rts.rs\/page\/stories\/ci\/story\/124\/drustvo\/4469768\/vladimir-cucic-izbeglice-raseljeni-problemi.html\" target=\"_blank\" rel=\"noopener\"><strong>uslovi za povratnike ostaju nezadovoljavaju\u0107i<\/strong><\/a>.<\/p>\n<p>Akcija &#8220;Oluja&#8221; po\u010dela je 4. avgusta 1995. godine napadom na tada\u0161nju Republiku Srpsku Krajinu.<\/p>\n<p>Prema podacima Komesarijata za izbeglice \u2013 oko 220 hiljada Srba je tada izbeglo iz Hrvatske.<\/p>\n<p>Dokumentaciono-informacioni centar &#8220;Veritas&#8221; u svojoj evidenciji ima 1.877 imena Srba poginulih i nestalih tokom i nakon hrvatske vojne operacije.<\/p>\n<p>Od tog broja je 1.228 (65 odsto) civila, od kojih su oko tri \u010detvrtine bili stariji od 60 godina, isti\u010de se u saop\u0161tenju te nevladine organizacije.<\/p>\n<p>Mnoge \u017ertve ni danas nisu otkrivene niti identifikovane.<\/p>\n<p>&nbsp;<\/p>\n<p class=\"short-story-title\"><strong>&#8220;Moramo da oprostimo, ali to mo\u017eemo samo ako pamtimo&#8221;<\/strong><\/p>\n<div class=\"short-story-body\">\n<p>Vu\u010di\u0107 je rekao da u zaboravu ljudi \u017eive pognutih glava, pla\u0161e\u0107i se i sebe i drugih.<\/p>\n<p>&#8220;Tek kada po\u010dnu da pamte mogu i da se usprave, mogu da se otvore i da \u017eive sa sobom i drugima bez sumnje i straha. Mogu i da oproste, i mo\u017eemo i moramo da oprostimo, ali to mo\u017eemo samo ako pamtimo, po\u0161to u zaboravu nema opro\u0161taja ni sebi ni drugima&#8221;, napomenuo je Vu\u010di\u0107.<\/p>\n<p>&#8220;Neka je ve\u010dna slava \u017ertvama Oluje. Srbija je majka, a ne ma\u0107eha. Srbija pamti, \u017eivela Srbija&#8221;, poru\u010dio je na kraju svog obra\u0107anja predsednik Vu\u010di\u0107.<\/p>\n<\/div>\n<p>&nbsp;<\/p>\n<div id=\"shortStory-163887\" class=\"short-story-holder\">\n<p class=\"short-story-title\"><strong>&#8220;Sramota me one Srbije koja se stidela svojih kraji\u0161kih izbeglica&#8221;<\/strong><\/p>\n<div class=\"short-story-body\">\n<p>Vu\u010di\u0107 je istakao da ga je sramota one Srbije koja se stidela svojih kraji\u0161kih izbeglica, koja je zatvarala svoje puteve i drumove da ih drugi Srbi ne bi videli, kao da ima potrebe da se stidimo suza na\u0161ih.<\/p>\n<p>&#8220;Nikada to vi\u0161e ne sme da se ponovi&#8221;, poru\u010dio je predsednik.<\/p>\n<p>&nbsp;<\/p>\n<\/div>\n<div id=\"shortStory-163882\" class=\"short-story-holder\">\n<p class=\"short-story-title\"><strong>&#8220;Ne\u0107u da se izvinjavam, ho\u0107u da razgovaramo u miru&#8221;<\/strong><\/p>\n<div class=\"short-story-body\">\n<p>Predsednik je istakao je ponosan na \u010dinjenicu \u0161to je u Srbiji stasala druga\u010dija politika i druga\u010dija generacija mladih ljudi koji ho\u0107e ponosno i uzdignuto da dr\u017ee svoju srpsku glavu.<\/p>\n<p>&#8220;Ne\u0107u da se izvinjavam onima koji su ubijali desetine i stotine hiljada Srba, ho\u0107u da razgovaramo sa njima u miru, ho\u0107u da \u010duvam mir, ali ne\u0107u da gazimo po ubijenim Srbima, ne\u0107u da gazim po Kraji\u0161nicima. Nikada se kao danas nije prekrajala istorija&#8221;, poru\u010dio je Vu\u010di\u0107.<\/p>\n<p>&nbsp;<\/p>\n<\/div>\n<div id=\"shortStory-163878\" class=\"short-story-holder\">\n<p class=\"short-story-title\"><strong>&#8220;Ne treba ra\u010dunati da \u0107e neko da se pokaje zbog zlo\u010dina nad Srbima&#8221;<\/strong><\/p>\n<div class=\"short-story-body\">\n<p>Vu\u010di\u0107 je rekao da ne treba ra\u010dunati da \u0107emo dobiti izvinjenje ili da \u0107e neko da se pokaje zbog zlo\u010dina nad Srbima.<\/p>\n<p>&#8220;Za njih postoji jedna istina &#8211; Srbi \u0161tr\u010de, Srbi su neposlu\u0161ni, Srbi su nepokolebljivi i nepokorni, takvi nisu potrebni&#8221;, rekao je Vu\u010di\u0107.<\/p>\n<p>&nbsp;<\/p>\n<\/div>\n<p class=\"short-story-title\">Vu\u010di\u0107: Ne\u0107emo zaboraviti kroz \u0161ta su na\u0161i Kraji\u0161nici morali da pro\u0111u<\/p>\n<div class=\"short-story-body\">\n<p>Predsednik Srbije Aleksandar Vu\u010di\u0107 rekao je okupljenima da pokazujemo koliko volimo svoj narod i kako ne\u0107emo da zaboravimo sve ono kroz \u0161ta su na\u0161i Kraji\u0161nici morali da pro\u0111u.<\/p>\n<p>&#8220;Kada se podse\u0107amo egzodusa i etni\u010dkog \u010di\u0161\u0107enja 250.000 Srba, mi podse\u0107amo sebe na to ko smo i kuda idemo&#8221;, poru\u010dio je Vu\u010di\u0107.<\/p>\n<p>Istakao je da su u na\u0161 identitet zauvek ugra\u0111ene kolone na traktorima.<\/p>\n<p>&#8220;Govorimo o onome identitetu u koji su ugra\u0111eni ve\u010dno i Jasenovac i Jadovno, i Prebilovci&#8221;, rekao je predsednik.<\/p>\n<p>&nbsp;<\/p>\n<\/div>\n<div id=\"shortStory-163866\" class=\"short-story-holder\">\n<p class=\"short-story-title\"><strong>&#8220;Ne\u0107emo da \u0107utimo, bori\u0107emo se protiv nepravde&#8221;<\/strong><\/p>\n<div class=\"short-story-body\">\n<p>Dodik je poru\u010dio da ne \u017eeli nikakve sukobe, ali da RS ne \u017eeli da odustane od svojih politi\u010dkih prava i da ne \u017eeli da se ta prava uskra\u0107uju na na\u010din na koji se to vidi ovih dana.<\/p>\n<p>&#8220;Mi ne\u0107emo da \u0107utimo i mi \u0107emo se boriti protiv nepravde koju smo do\u017eiveli i do\u017eivljavamo u kontinuitetu. Ho\u0107emo sna\u017enu i stabilnu Republiku, ni\u0161ta ne tra\u017eimo nego da Republika Srpska bude ono \u0161to je njoj dato u Dejtonskom sporazumu i \u0161ta pi\u0161e u ustavu Bosne i Hercegovine. Oni su davno to nama oteli, a mi \u017eelimo da to imamo. Ja mislim da je to legitiman politi\u010dki cilj&#8221;, istakao je Dodik.<\/p>\n<p>&nbsp;<\/p>\n<\/div>\n<p class=\"short-story-title\"><strong>Dodik: Stradanje biblijskih razmera, prostori gde su \u017eiveli Srbi su pusti<\/strong><\/p>\n<div class=\"short-story-body\">\n<p>Srpski \u010dlan predsedni\u0161tva Bosne i Hercegovine Milorad Dodik poru\u010dio je prisutnima da su se okupili da pamte stradanje biblijskih razmera, jo\u0161 jedno u nizu koje se desilo Srbima sa tog prostora.<\/p>\n<p>&#8220;Stradanje koje se mo\u017ee i treba smatrati kona\u010dnim re\u0161enjem srpskog pitanja na prostoru hrvatskih dr\u017eava, u poznatoj ideologiji usta\u0161ke Nezavisne dr\u017eave Hrvatske, koja je promovisala da jednu tre\u0107inu treba pobiti, jednu raseliti i jednu prekrstiti&#8221;, podsetio je Dodik.<\/p>\n<p>Ukazao je da su danas prostori gde su \u017eiveli Srbi pusti i prazni.\u00a0&#8220;Tamo nisu dozvolili narodu ni da se vrati da bi ostvario svoja imovinska druga prava&#8221;, naveo je Dodik.<\/p>\n<p>&nbsp;<\/p>\n<\/div>\n<\/div>\n<\/div>\n<\/div>\n<\/div>\n<p class=\"short-story-title\"><strong>Intonirane himne Srbije i Republike Srpske<\/strong><\/p>\n<div class=\"short-story-body\">\n<p>U prisustvu dr\u017eavnog vrha Srbije i rukovodstva Republike Srpske, intonirane himne RS i Srbije &#8211; &#8220;Moja republika&#8221; i &#8220;Bo\u017ee pravde&#8221;.<\/p>\n<p>&nbsp;<\/p>\n<\/div>\n<div id=\"shortStory-163850\" class=\"short-story-holder\">\n<p class=\"short-story-title\"><strong>&#8220;Bog ne broji \u010dijih je \u017ertava vi\u0161e, pred njim su sve \u017ertve iste&#8221;<\/strong><\/p>\n<div class=\"short-story-body\">\n<p>Patrijarh je poru\u010dio da Bog ne broji \u010dijih je \u017ertava vi\u0161e, \u010dijih je manje i istakao da su pred Bogom sve \u017ertve iste, zvali se oni Jovan, Jozo ili Jusuf. &#8220;Pamtimo stradale bli\u017enje, ali ne zlopamtimo, osveta i mr\u017enja umanjuju onoga koji su opsednuti njima&#8221;, rekao je patrijarh.<\/p>\n<p>&#8220;Mole\u0107i se danas za stradale, za na\u0161e bli\u017enje, ne \u017eelimo da zloupotrebljavaju\u0107i \u017ertve produbljujemo spiralu sukoba niti da vodimo ratove komemorativnim politikama se\u0107anja&#8221;, poru\u010dio je patrijarh.<\/p>\n<p>&nbsp;<\/p>\n<\/div>\n<\/div>\n<div class=\"short-story-thumb\">\n<p class=\"short-story-title\"><strong>Patrijarh Porfirije: Ne smemo zaboraviti, ali moramo oprostiti<\/strong><\/p>\n<div class=\"short-story-body\">\n<p>Centralna dr\u017eana ceremonija po\u010dela je u Busijama. Na po\u010detku obele\u017eavanja opelo za stradale je odr\u017eao patrijarh Porfirije.<\/p>\n<p>&#8220;Ne smemo zaboraviti, ali moramo oprostiti&#8221;, podsetio je poglavar SPC na poruku patrijarha Germana.<\/p>\n<p>&nbsp;<\/p>\n<\/div>\n<hr \/>\n<p><em>Ovaj tekst je preuzet sa portala <a href=\"https:\/\/www.rts.rs\/page\/stories\/sr\/story\/125\/drustvo\/4469816\/dan-secanja-srbi-hrvatska-oluja-busije.html\" target=\"_blank\" rel=\"noopener\">rts.rs<\/a>.<\/em><\/p>\n<\/div>\n","protected":false},"excerpt":{"rendered":"Centralna manifestacija povodom Dana se\u0107anja na sve stradale i prognane Srbe u vojnoj akciji &#8220;Oluja&#8221; 1995. godine, odr\u017eana je u&#8230; ","protected":false},"author":8,"featured_media":187336,"comment_status":"closed","ping_status":"open","sticky":true,"template":"","format":"standard","meta":{"_acf_changed":false,"footnotes":""},"categories":[1789],"tags":[1849,1906,2442,1822,3790],"class_list":["post-187330","post","type-post","status-publish","format-standard","has-post-thumbnail","hentry","category-memorijalizacija","tag-aleksandar-vucic","tag-busije","tag-milorad-dodik","tag-oluja","tag-patrijarh-porfirije"],"acf":[],"yoast_head":"<!-- This site is optimized with the Yoast SEO plugin v25.6 - https:\/\/yoast.com\/wordpress\/plugins\/seo\/ -->\n<title>Se\u0107anje na \u017ertve &quot;Oluje&quot; \u2013 u zaboravu nema opro\u0161taja ni sebi ni drugima<\/title>\n<meta name=\"description\" content=\"Centralna manifestacija povodom Dana se\u0107anja na sve stradale i prognane Srbe u vojnoj akciji &quot;Oluja&quot; 1995. godine, odr\u017eana je u zemunskom naselju Busije.\" \/>\n<meta name=\"robots\" content=\"index, follow, max-snippet:-1, max-image-preview:large, max-video-preview:-1\" \/>\n<link rel=\"canonical\" href=\"https:\/\/www.recom.link\/bhsc\/secanje-na-zrtve-oluje-u-zaboravu-nema-oprostaja-ni-sebi-ni-drugima\/\" \/>\n<meta property=\"og:locale\" content=\"en_US\" \/>\n<meta property=\"og:type\" content=\"article\" \/>\n<meta property=\"og:title\" content=\"Se\u0107anje na \u017ertve &quot;Oluje&quot; \u2013 u zaboravu nema opro\u0161taja ni sebi ni drugima\" \/>\n<meta property=\"og:description\" content=\"Centralna manifestacija povodom Dana se\u0107anja na sve stradale i prognane Srbe u vojnoj akciji &quot;Oluja&quot; 1995. godine, odr\u017eana je u zemunskom naselju Busije.\" \/>\n<meta property=\"og:url\" content=\"https:\/\/www.recom.link\/bhsc\/secanje-na-zrtve-oluje-u-zaboravu-nema-oprostaja-ni-sebi-ni-drugima\/\" \/>\n<meta property=\"og:site_name\" content=\"REKOM ~ KOMRA ~ RECOM\" \/>\n<meta property=\"article:publisher\" content=\"https:\/\/www.facebook.com\/ZaREKOM.PerKOMRA.ForRECOM\/\" \/>\n<meta property=\"article:published_time\" content=\"2021-08-05T09:25:00+00:00\" \/>\n<meta property=\"article:modified_time\" content=\"2021-08-05T13:30:58+00:00\" \/>\n<meta property=\"og:image\" content=\"https:\/\/www.recom.link\/wp-content\/uploads\/2021\/08\/busije-oluja-pomen-tng-r.p.-nnns-1.jpg\" \/>\n\t<meta property=\"og:image:width\" content=\"677\" \/>\n\t<meta property=\"og:image:height\" content=\"383\" \/>\n\t<meta property=\"og:image:type\" content=\"image\/jpeg\" \/>\n<meta name=\"author\" content=\"Recom Editor\" \/>\n<meta name=\"twitter:card\" content=\"summary_large_image\" \/>\n<meta name=\"twitter:creator\" content=\"@REKOM_KOMRA\" \/>\n<meta name=\"twitter:site\" content=\"@REKOM_KOMRA\" \/>\n<meta name=\"twitter:label1\" content=\"Written by\" \/>\n\t<meta name=\"twitter:data1\" content=\"Recom Editor\" \/>\n\t<meta name=\"twitter:label2\" content=\"Est. reading time\" \/>\n\t<meta name=\"twitter:data2\" content=\"5 minutes\" \/>\n<script type=\"application\/ld+json\" class=\"yoast-schema-graph\">{\"@context\":\"https:\/\/schema.org\",\"@graph\":[{\"@type\":\"WebPage\",\"@id\":\"https:\/\/www.recom.link\/bhsc\/secanje-na-zrtve-oluje-u-zaboravu-nema-oprostaja-ni-sebi-ni-drugima\/\",\"url\":\"https:\/\/www.recom.link\/bhsc\/secanje-na-zrtve-oluje-u-zaboravu-nema-oprostaja-ni-sebi-ni-drugima\/\",\"name\":\"Se\u0107anje na \u017ertve \\\"Oluje\\\" \u2013 u zaboravu nema opro\u0161taja ni sebi ni drugima\",\"isPartOf\":{\"@id\":\"https:\/\/www.recom.link\/en\/#website\"},\"primaryImageOfPage\":{\"@id\":\"https:\/\/www.recom.link\/bhsc\/secanje-na-zrtve-oluje-u-zaboravu-nema-oprostaja-ni-sebi-ni-drugima\/#primaryimage\"},\"image\":{\"@id\":\"https:\/\/www.recom.link\/bhsc\/secanje-na-zrtve-oluje-u-zaboravu-nema-oprostaja-ni-sebi-ni-drugima\/#primaryimage\"},\"thumbnailUrl\":\"https:\/\/www.recom.link\/wp-content\/uploads\/2021\/08\/busije-oluja-pomen-tng-r.p.-nnns-1.jpg\",\"datePublished\":\"2021-08-05T09:25:00+00:00\",\"dateModified\":\"2021-08-05T13:30:58+00:00\",\"author\":{\"@id\":\"https:\/\/www.recom.link\/en\/#\/schema\/person\/0b0fce47cdf986c8b4194146b69999a3\"},\"description\":\"Centralna manifestacija povodom Dana se\u0107anja na sve stradale i prognane Srbe u vojnoj akciji \\\"Oluja\\\" 1995. godine, odr\u017eana je u zemunskom naselju Busije.\",\"breadcrumb\":{\"@id\":\"https:\/\/www.recom.link\/bhsc\/secanje-na-zrtve-oluje-u-zaboravu-nema-oprostaja-ni-sebi-ni-drugima\/#breadcrumb\"},\"inLanguage\":\"bhsc\",\"potentialAction\":[{\"@type\":\"ReadAction\",\"target\":[\"https:\/\/www.recom.link\/bhsc\/secanje-na-zrtve-oluje-u-zaboravu-nema-oprostaja-ni-sebi-ni-drugima\/\"]}]},{\"@type\":\"ImageObject\",\"inLanguage\":\"bhsc\",\"@id\":\"https:\/\/www.recom.link\/bhsc\/secanje-na-zrtve-oluje-u-zaboravu-nema-oprostaja-ni-sebi-ni-drugima\/#primaryimage\",\"url\":\"https:\/\/www.recom.link\/wp-content\/uploads\/2021\/08\/busije-oluja-pomen-tng-r.p.-nnns-1.jpg\",\"contentUrl\":\"https:\/\/www.recom.link\/wp-content\/uploads\/2021\/08\/busije-oluja-pomen-tng-r.p.-nnns-1.jpg\",\"width\":677,\"height\":383,\"caption\":\"Oluja\"},{\"@type\":\"BreadcrumbList\",\"@id\":\"https:\/\/www.recom.link\/bhsc\/secanje-na-zrtve-oluje-u-zaboravu-nema-oprostaja-ni-sebi-ni-drugima\/#breadcrumb\",\"itemListElement\":[{\"@type\":\"ListItem\",\"position\":1,\"name\":\"Home\",\"item\":\"https:\/\/www.recom.link\/en\/\"},{\"@type\":\"ListItem\",\"position\":2,\"name\":\"Se\u0107anje na \u017ertve &#8220;Oluje&#8221; \u2013 u zaboravu nema opro\u0161taja ni sebi ni drugima\"}]},{\"@type\":\"WebSite\",\"@id\":\"https:\/\/www.recom.link\/en\/#website\",\"url\":\"https:\/\/www.recom.link\/en\/\",\"name\":\"REKOM ~ KOMRA ~ RECOM\",\"description\":\"\",\"potentialAction\":[{\"@type\":\"SearchAction\",\"target\":{\"@type\":\"EntryPoint\",\"urlTemplate\":\"https:\/\/www.recom.link\/en\/?s={search_term_string}\"},\"query-input\":{\"@type\":\"PropertyValueSpecification\",\"valueRequired\":true,\"valueName\":\"search_term_string\"}}],\"inLanguage\":\"bhsc\"},{\"@type\":\"Person\",\"@id\":\"https:\/\/www.recom.link\/en\/#\/schema\/person\/0b0fce47cdf986c8b4194146b69999a3\",\"name\":\"Recom Editor\",\"image\":{\"@type\":\"ImageObject\",\"inLanguage\":\"bhsc\",\"@id\":\"https:\/\/www.recom.link\/en\/#\/schema\/person\/image\/\",\"url\":\"https:\/\/secure.gravatar.com\/avatar\/b345ee03975bccfc62280b0fd1ffd916?s=96&d=mm&r=g\",\"contentUrl\":\"https:\/\/secure.gravatar.com\/avatar\/b345ee03975bccfc62280b0fd1ffd916?s=96&d=mm&r=g\",\"caption\":\"Recom Editor\"},\"url\":\"https:\/\/www.recom.link\/bhsc\/author\/jelanag\/\"}]}<\/script>\n<!-- \/ Yoast SEO plugin. -->","yoast_head_json":{"title":"Se\u0107anje na \u017ertve \"Oluje\" \u2013 u zaboravu nema opro\u0161taja ni sebi ni drugima","description":"Centralna manifestacija povodom Dana se\u0107anja na sve stradale i prognane Srbe u vojnoj akciji \"Oluja\" 1995. godine, odr\u017eana je u zemunskom naselju Busije.","robots":{"index":"index","follow":"follow","max-snippet":"max-snippet:-1","max-image-preview":"max-image-preview:large","max-video-preview":"max-video-preview:-1"},"canonical":"https:\/\/www.recom.link\/bhsc\/secanje-na-zrtve-oluje-u-zaboravu-nema-oprostaja-ni-sebi-ni-drugima\/","og_locale":"en_US","og_type":"article","og_title":"Se\u0107anje na \u017ertve \"Oluje\" \u2013 u zaboravu nema opro\u0161taja ni sebi ni drugima","og_description":"Centralna manifestacija povodom Dana se\u0107anja na sve stradale i prognane Srbe u vojnoj akciji \"Oluja\" 1995. godine, odr\u017eana je u zemunskom naselju Busije.","og_url":"https:\/\/www.recom.link\/bhsc\/secanje-na-zrtve-oluje-u-zaboravu-nema-oprostaja-ni-sebi-ni-drugima\/","og_site_name":"REKOM ~ KOMRA ~ RECOM","article_publisher":"https:\/\/www.facebook.com\/ZaREKOM.PerKOMRA.ForRECOM\/","article_published_time":"2021-08-05T09:25:00+00:00","article_modified_time":"2021-08-05T13:30:58+00:00","og_image":[{"width":677,"height":383,"url":"https:\/\/www.recom.link\/wp-content\/uploads\/2021\/08\/busije-oluja-pomen-tng-r.p.-nnns-1.jpg","type":"image\/jpeg"}],"author":"Recom Editor","twitter_card":"summary_large_image","twitter_creator":"@REKOM_KOMRA","twitter_site":"@REKOM_KOMRA","twitter_misc":{"Written by":"Recom Editor","Est. reading time":"5 minutes"},"schema":{"@context":"https:\/\/schema.org","@graph":[{"@type":"WebPage","@id":"https:\/\/www.recom.link\/bhsc\/secanje-na-zrtve-oluje-u-zaboravu-nema-oprostaja-ni-sebi-ni-drugima\/","url":"https:\/\/www.recom.link\/bhsc\/secanje-na-zrtve-oluje-u-zaboravu-nema-oprostaja-ni-sebi-ni-drugima\/","name":"Se\u0107anje na \u017ertve \"Oluje\" \u2013 u zaboravu nema opro\u0161taja ni sebi ni drugima","isPartOf":{"@id":"https:\/\/www.recom.link\/en\/#website"},"primaryImageOfPage":{"@id":"https:\/\/www.recom.link\/bhsc\/secanje-na-zrtve-oluje-u-zaboravu-nema-oprostaja-ni-sebi-ni-drugima\/#primaryimage"},"image":{"@id":"https:\/\/www.recom.link\/bhsc\/secanje-na-zrtve-oluje-u-zaboravu-nema-oprostaja-ni-sebi-ni-drugima\/#primaryimage"},"thumbnailUrl":"https:\/\/www.recom.link\/wp-content\/uploads\/2021\/08\/busije-oluja-pomen-tng-r.p.-nnns-1.jpg","datePublished":"2021-08-05T09:25:00+00:00","dateModified":"2021-08-05T13:30:58+00:00","author":{"@id":"https:\/\/www.recom.link\/en\/#\/schema\/person\/0b0fce47cdf986c8b4194146b69999a3"},"description":"Centralna manifestacija povodom Dana se\u0107anja na sve stradale i prognane Srbe u vojnoj akciji \"Oluja\" 1995. godine, odr\u017eana je u zemunskom naselju Busije.","breadcrumb":{"@id":"https:\/\/www.recom.link\/bhsc\/secanje-na-zrtve-oluje-u-zaboravu-nema-oprostaja-ni-sebi-ni-drugima\/#breadcrumb"},"inLanguage":"bhsc","potentialAction":[{"@type":"ReadAction","target":["https:\/\/www.recom.link\/bhsc\/secanje-na-zrtve-oluje-u-zaboravu-nema-oprostaja-ni-sebi-ni-drugima\/"]}]},{"@type":"ImageObject","inLanguage":"bhsc","@id":"https:\/\/www.recom.link\/bhsc\/secanje-na-zrtve-oluje-u-zaboravu-nema-oprostaja-ni-sebi-ni-drugima\/#primaryimage","url":"https:\/\/www.recom.link\/wp-content\/uploads\/2021\/08\/busije-oluja-pomen-tng-r.p.-nnns-1.jpg","contentUrl":"https:\/\/www.recom.link\/wp-content\/uploads\/2021\/08\/busije-oluja-pomen-tng-r.p.-nnns-1.jpg","width":677,"height":383,"caption":"Oluja"},{"@type":"BreadcrumbList","@id":"https:\/\/www.recom.link\/bhsc\/secanje-na-zrtve-oluje-u-zaboravu-nema-oprostaja-ni-sebi-ni-drugima\/#breadcrumb","itemListElement":[{"@type":"ListItem","position":1,"name":"Home","item":"https:\/\/www.recom.link\/en\/"},{"@type":"ListItem","position":2,"name":"Se\u0107anje na \u017ertve &#8220;Oluje&#8221; \u2013 u zaboravu nema opro\u0161taja ni sebi ni drugima"}]},{"@type":"WebSite","@id":"https:\/\/www.recom.link\/en\/#website","url":"https:\/\/www.recom.link\/en\/","name":"REKOM ~ KOMRA ~ RECOM","description":"","potentialAction":[{"@type":"SearchAction","target":{"@type":"EntryPoint","urlTemplate":"https:\/\/www.recom.link\/en\/?s={search_term_string}"},"query-input":{"@type":"PropertyValueSpecification","valueRequired":true,"valueName":"search_term_string"}}],"inLanguage":"bhsc"},{"@type":"Person","@id":"https:\/\/www.recom.link\/en\/#\/schema\/person\/0b0fce47cdf986c8b4194146b69999a3","name":"Recom Editor","image":{"@type":"ImageObject","inLanguage":"bhsc","@id":"https:\/\/www.recom.link\/en\/#\/schema\/person\/image\/","url":"https:\/\/secure.gravatar.com\/avatar\/b345ee03975bccfc62280b0fd1ffd916?s=96&d=mm&r=g","contentUrl":"https:\/\/secure.gravatar.com\/avatar\/b345ee03975bccfc62280b0fd1ffd916?s=96&d=mm&r=g","caption":"Recom Editor"},"url":"https:\/\/www.recom.link\/bhsc\/author\/jelanag\/"}]}},"_links":{"self":[{"href":"https:\/\/www.recom.link\/bhsc\/wp-json\/wp\/v2\/posts\/187330"}],"collection":[{"href":"https:\/\/www.recom.link\/bhsc\/wp-json\/wp\/v2\/posts"}],"about":[{"href":"https:\/\/www.recom.link\/bhsc\/wp-json\/wp\/v2\/types\/post"}],"author":[{"embeddable":true,"href":"https:\/\/www.recom.link\/bhsc\/wp-json\/wp\/v2\/users\/8"}],"replies":[{"embeddable":true,"href":"https:\/\/www.recom.link\/bhsc\/wp-json\/wp\/v2\/comments?post=187330"}],"version-history":[{"count":3,"href":"https:\/\/www.recom.link\/bhsc\/wp-json\/wp\/v2\/posts\/187330\/revisions"}],"predecessor-version":[{"id":187343,"href":"https:\/\/www.recom.link\/bhsc\/wp-json\/wp\/v2\/posts\/187330\/revisions\/187343"}],"wp:featuredmedia":[{"embeddable":true,"href":"https:\/\/www.recom.link\/bhsc\/wp-json\/wp\/v2\/media\/187336"}],"wp:attachment":[{"href":"https:\/\/www.recom.link\/bhsc\/wp-json\/wp\/v2\/media?parent=187330"}],"wp:term":[{"taxonomy":"category","embeddable":true,"href":"https:\/\/www.recom.link\/bhsc\/wp-json\/wp\/v2\/categories?post=187330"},{"taxonomy":"post_tag","embeddable":true,"href":"https:\/\/www.recom.link\/bhsc\/wp-json\/wp\/v2\/tags?post=187330"}],"curies":[{"name":"wp","href":"https:\/\/api.w.org\/{rel}","templated":true}]}}