{"id":187183,"date":"2021-07-14T09:37:11","date_gmt":"2021-07-14T08:37:11","guid":{"rendered":"https:\/\/www.recom.link\/?p=187183"},"modified":"2021-07-14T09:38:31","modified_gmt":"2021-07-14T08:38:31","slug":"orahovac-14-7-1995-godine","status":"publish","type":"post","link":"https:\/\/www.recom.link\/bhsc\/orahovac-14-7-1995-godine\/","title":{"rendered":"Orahovac, 14.7.1995. godine"},"content":{"rendered":"<p><strong>Orahovac\u2013 utvr\u0111ene \u010dinjenice<\/strong><\/p>\n<p>&nbsp;<\/p>\n<p><strong>Lokacija:<\/strong><\/p>\n<p>Zvornik, Orahovac<\/p>\n<p>&nbsp;<\/p>\n<p><strong>Datum:<\/strong><\/p>\n<p>14.7.1995. godine<\/p>\n<p>&nbsp;<\/p>\n<p><strong>Po\u010dinioci:<\/strong><\/p>\n<p><strong>Pripadnici Vojske Republike Srpske, uklju\u010duju\u0107i pripadnike Zvorni\u010dke brigade<\/strong><\/p>\n<p>&nbsp;<\/p>\n<p><strong>Zlo\u010din:<\/strong><\/p>\n<p>Dana 13.7.1995. godine, srpski civilni policajci su autobusima doveli zato\u010denike, bosanske Muslimane, u \u0161kolu u Grbavcima, na glavnom putu u centru Orahovca. Zato\u010denici nisi dobijali hranu, a vode je bilo premalo. Najmanje dva zato\u010denika izvedena su iz \u0161kole, a ubrzo zatim se za\u010dula rafalna paljba. U toku no\u0107i, zato\u010denici su odvedeni na obli\u017enju livadu, gde su prvo postrojeni, a potom je na njih otvorena vatra iz automatskih pu\u0161aka. Kada se livada napunila telima, vojnici su pre\u0161li na drugu livadu, udaljenu otprilike 800 metara, gde su nastavili sa ubijanjem.<\/p>\n<p><strong>\u017drtve: <\/strong><\/p>\n<p>U Orahovcu je ubijeno pribli\u017eno 1.000 bosanskih Muslimana iz enklave Srebrenica.<\/p>\n<p>&nbsp;<\/p>\n<p><a href=\"https:\/\/www.glaszrtava.org\/srebrenica\/\" target=\"_blank\" rel=\"noopener\"><strong>Presude<\/strong><\/a><\/p>\n<p>&nbsp;<\/p>\n<p>&nbsp;<\/p>\n","protected":false},"excerpt":{"rendered":"Orahovac\u2013 utvr\u0111ene \u010dinjenice &nbsp; Lokacija: Zvornik, Orahovac &nbsp; Datum: 14.7.1995. godine &nbsp; Po\u010dinioci: Pripadnici Vojske Republike Srpske, uklju\u010duju\u0107i pripadnike Zvorni\u010dke&#8230; ","protected":false},"author":8,"featured_media":187184,"comment_status":"closed","ping_status":"open","sticky":true,"template":"","format":"standard","meta":{"_acf_changed":false,"footnotes":""},"categories":[1789],"tags":[3631,805,3694,1910],"class_list":["post-187183","post","type-post","status-publish","format-standard","has-post-thumbnail","hentry","category-memorijalizacija","tag-orahovac","tag-srebrenica","tag-utvrdene-cinjenice","tag-zvornik"],"acf":[],"yoast_head":"<!-- This site is optimized with the Yoast SEO plugin v25.6 - https:\/\/yoast.com\/wordpress\/plugins\/seo\/ -->\n<title>Orahovac, 14.7.1995. godine - REKOM ~ KOMRA ~ RECOM<\/title>\n<meta name=\"description\" content=\"U Orahovcu je 14.7.1995. godine ubijeno pribli\u017eno 1.000 bosanskih Muslimana iz enklave Srebrenica.\" \/>\n<meta name=\"robots\" content=\"index, follow, max-snippet:-1, max-image-preview:large, max-video-preview:-1\" \/>\n<link rel=\"canonical\" href=\"https:\/\/www.recom.link\/bhsc\/orahovac-14-7-1995-godine\/\" \/>\n<meta property=\"og:locale\" content=\"en_US\" \/>\n<meta property=\"og:type\" content=\"article\" \/>\n<meta property=\"og:title\" content=\"Orahovac, 14.7.1995. godine - REKOM ~ KOMRA ~ RECOM\" \/>\n<meta property=\"og:description\" content=\"U Orahovcu je 14.7.1995. godine ubijeno pribli\u017eno 1.000 bosanskih Muslimana iz enklave Srebrenica.\" \/>\n<meta property=\"og:url\" content=\"https:\/\/www.recom.link\/bhsc\/orahovac-14-7-1995-godine\/\" \/>\n<meta property=\"og:site_name\" content=\"REKOM ~ KOMRA ~ RECOM\" \/>\n<meta property=\"article:publisher\" content=\"https:\/\/www.facebook.com\/ZaREKOM.PerKOMRA.ForRECOM\/\" \/>\n<meta property=\"article:published_time\" content=\"2021-07-14T08:37:11+00:00\" \/>\n<meta property=\"article:modified_time\" content=\"2021-07-14T08:38:31+00:00\" \/>\n<meta property=\"og:image\" content=\"https:\/\/www.recom.link\/wp-content\/uploads\/2021\/07\/MicrosoftTeams-image-18.jpg\" \/>\n\t<meta property=\"og:image:width\" content=\"1881\" \/>\n\t<meta property=\"og:image:height\" content=\"1246\" \/>\n\t<meta property=\"og:image:type\" content=\"image\/jpeg\" \/>\n<meta name=\"author\" content=\"Recom Editor\" \/>\n<meta name=\"twitter:card\" content=\"summary_large_image\" \/>\n<meta name=\"twitter:creator\" content=\"@REKOM_KOMRA\" \/>\n<meta name=\"twitter:site\" content=\"@REKOM_KOMRA\" \/>\n<meta name=\"twitter:label1\" content=\"Written by\" \/>\n\t<meta name=\"twitter:data1\" content=\"Recom Editor\" \/>\n\t<meta name=\"twitter:label2\" content=\"Est. reading time\" \/>\n\t<meta name=\"twitter:data2\" content=\"1 minute\" \/>\n<script type=\"application\/ld+json\" class=\"yoast-schema-graph\">{\"@context\":\"https:\/\/schema.org\",\"@graph\":[{\"@type\":\"WebPage\",\"@id\":\"https:\/\/www.recom.link\/bhsc\/orahovac-14-7-1995-godine\/\",\"url\":\"https:\/\/www.recom.link\/bhsc\/orahovac-14-7-1995-godine\/\",\"name\":\"Orahovac, 14.7.1995. godine - REKOM ~ KOMRA ~ RECOM\",\"isPartOf\":{\"@id\":\"https:\/\/www.recom.link\/en\/#website\"},\"primaryImageOfPage\":{\"@id\":\"https:\/\/www.recom.link\/bhsc\/orahovac-14-7-1995-godine\/#primaryimage\"},\"image\":{\"@id\":\"https:\/\/www.recom.link\/bhsc\/orahovac-14-7-1995-godine\/#primaryimage\"},\"thumbnailUrl\":\"https:\/\/www.recom.link\/wp-content\/uploads\/2021\/07\/MicrosoftTeams-image-18.jpg\",\"datePublished\":\"2021-07-14T08:37:11+00:00\",\"dateModified\":\"2021-07-14T08:38:31+00:00\",\"author\":{\"@id\":\"https:\/\/www.recom.link\/en\/#\/schema\/person\/0b0fce47cdf986c8b4194146b69999a3\"},\"description\":\"U Orahovcu je 14.7.1995. godine ubijeno pribli\u017eno 1.000 bosanskih Muslimana iz enklave Srebrenica.\",\"breadcrumb\":{\"@id\":\"https:\/\/www.recom.link\/bhsc\/orahovac-14-7-1995-godine\/#breadcrumb\"},\"inLanguage\":\"bhsc\",\"potentialAction\":[{\"@type\":\"ReadAction\",\"target\":[\"https:\/\/www.recom.link\/bhsc\/orahovac-14-7-1995-godine\/\"]}]},{\"@type\":\"ImageObject\",\"inLanguage\":\"bhsc\",\"@id\":\"https:\/\/www.recom.link\/bhsc\/orahovac-14-7-1995-godine\/#primaryimage\",\"url\":\"https:\/\/www.recom.link\/wp-content\/uploads\/2021\/07\/MicrosoftTeams-image-18.jpg\",\"contentUrl\":\"https:\/\/www.recom.link\/wp-content\/uploads\/2021\/07\/MicrosoftTeams-image-18.jpg\",\"width\":1881,\"height\":1246,\"caption\":\"Orahovac\"},{\"@type\":\"BreadcrumbList\",\"@id\":\"https:\/\/www.recom.link\/bhsc\/orahovac-14-7-1995-godine\/#breadcrumb\",\"itemListElement\":[{\"@type\":\"ListItem\",\"position\":1,\"name\":\"Home\",\"item\":\"https:\/\/www.recom.link\/en\/\"},{\"@type\":\"ListItem\",\"position\":2,\"name\":\"Orahovac, 14.7.1995. godine\"}]},{\"@type\":\"WebSite\",\"@id\":\"https:\/\/www.recom.link\/en\/#website\",\"url\":\"https:\/\/www.recom.link\/en\/\",\"name\":\"REKOM ~ KOMRA ~ RECOM\",\"description\":\"\",\"potentialAction\":[{\"@type\":\"SearchAction\",\"target\":{\"@type\":\"EntryPoint\",\"urlTemplate\":\"https:\/\/www.recom.link\/en\/?s={search_term_string}\"},\"query-input\":{\"@type\":\"PropertyValueSpecification\",\"valueRequired\":true,\"valueName\":\"search_term_string\"}}],\"inLanguage\":\"bhsc\"},{\"@type\":\"Person\",\"@id\":\"https:\/\/www.recom.link\/en\/#\/schema\/person\/0b0fce47cdf986c8b4194146b69999a3\",\"name\":\"Recom Editor\",\"image\":{\"@type\":\"ImageObject\",\"inLanguage\":\"bhsc\",\"@id\":\"https:\/\/www.recom.link\/en\/#\/schema\/person\/image\/\",\"url\":\"https:\/\/secure.gravatar.com\/avatar\/b345ee03975bccfc62280b0fd1ffd916?s=96&d=mm&r=g\",\"contentUrl\":\"https:\/\/secure.gravatar.com\/avatar\/b345ee03975bccfc62280b0fd1ffd916?s=96&d=mm&r=g\",\"caption\":\"Recom Editor\"},\"url\":\"https:\/\/www.recom.link\/bhsc\/author\/jelanag\/\"}]}<\/script>\n<!-- \/ Yoast SEO plugin. -->","yoast_head_json":{"title":"Orahovac, 14.7.1995. godine - REKOM ~ KOMRA ~ RECOM","description":"U Orahovcu je 14.7.1995. godine ubijeno pribli\u017eno 1.000 bosanskih Muslimana iz enklave Srebrenica.","robots":{"index":"index","follow":"follow","max-snippet":"max-snippet:-1","max-image-preview":"max-image-preview:large","max-video-preview":"max-video-preview:-1"},"canonical":"https:\/\/www.recom.link\/bhsc\/orahovac-14-7-1995-godine\/","og_locale":"en_US","og_type":"article","og_title":"Orahovac, 14.7.1995. godine - REKOM ~ KOMRA ~ RECOM","og_description":"U Orahovcu je 14.7.1995. godine ubijeno pribli\u017eno 1.000 bosanskih Muslimana iz enklave Srebrenica.","og_url":"https:\/\/www.recom.link\/bhsc\/orahovac-14-7-1995-godine\/","og_site_name":"REKOM ~ KOMRA ~ RECOM","article_publisher":"https:\/\/www.facebook.com\/ZaREKOM.PerKOMRA.ForRECOM\/","article_published_time":"2021-07-14T08:37:11+00:00","article_modified_time":"2021-07-14T08:38:31+00:00","og_image":[{"width":1881,"height":1246,"url":"https:\/\/www.recom.link\/wp-content\/uploads\/2021\/07\/MicrosoftTeams-image-18.jpg","type":"image\/jpeg"}],"author":"Recom Editor","twitter_card":"summary_large_image","twitter_creator":"@REKOM_KOMRA","twitter_site":"@REKOM_KOMRA","twitter_misc":{"Written by":"Recom Editor","Est. reading time":"1 minute"},"schema":{"@context":"https:\/\/schema.org","@graph":[{"@type":"WebPage","@id":"https:\/\/www.recom.link\/bhsc\/orahovac-14-7-1995-godine\/","url":"https:\/\/www.recom.link\/bhsc\/orahovac-14-7-1995-godine\/","name":"Orahovac, 14.7.1995. godine - REKOM ~ KOMRA ~ RECOM","isPartOf":{"@id":"https:\/\/www.recom.link\/en\/#website"},"primaryImageOfPage":{"@id":"https:\/\/www.recom.link\/bhsc\/orahovac-14-7-1995-godine\/#primaryimage"},"image":{"@id":"https:\/\/www.recom.link\/bhsc\/orahovac-14-7-1995-godine\/#primaryimage"},"thumbnailUrl":"https:\/\/www.recom.link\/wp-content\/uploads\/2021\/07\/MicrosoftTeams-image-18.jpg","datePublished":"2021-07-14T08:37:11+00:00","dateModified":"2021-07-14T08:38:31+00:00","author":{"@id":"https:\/\/www.recom.link\/en\/#\/schema\/person\/0b0fce47cdf986c8b4194146b69999a3"},"description":"U Orahovcu je 14.7.1995. godine ubijeno pribli\u017eno 1.000 bosanskih Muslimana iz enklave Srebrenica.","breadcrumb":{"@id":"https:\/\/www.recom.link\/bhsc\/orahovac-14-7-1995-godine\/#breadcrumb"},"inLanguage":"bhsc","potentialAction":[{"@type":"ReadAction","target":["https:\/\/www.recom.link\/bhsc\/orahovac-14-7-1995-godine\/"]}]},{"@type":"ImageObject","inLanguage":"bhsc","@id":"https:\/\/www.recom.link\/bhsc\/orahovac-14-7-1995-godine\/#primaryimage","url":"https:\/\/www.recom.link\/wp-content\/uploads\/2021\/07\/MicrosoftTeams-image-18.jpg","contentUrl":"https:\/\/www.recom.link\/wp-content\/uploads\/2021\/07\/MicrosoftTeams-image-18.jpg","width":1881,"height":1246,"caption":"Orahovac"},{"@type":"BreadcrumbList","@id":"https:\/\/www.recom.link\/bhsc\/orahovac-14-7-1995-godine\/#breadcrumb","itemListElement":[{"@type":"ListItem","position":1,"name":"Home","item":"https:\/\/www.recom.link\/en\/"},{"@type":"ListItem","position":2,"name":"Orahovac, 14.7.1995. godine"}]},{"@type":"WebSite","@id":"https:\/\/www.recom.link\/en\/#website","url":"https:\/\/www.recom.link\/en\/","name":"REKOM ~ KOMRA ~ RECOM","description":"","potentialAction":[{"@type":"SearchAction","target":{"@type":"EntryPoint","urlTemplate":"https:\/\/www.recom.link\/en\/?s={search_term_string}"},"query-input":{"@type":"PropertyValueSpecification","valueRequired":true,"valueName":"search_term_string"}}],"inLanguage":"bhsc"},{"@type":"Person","@id":"https:\/\/www.recom.link\/en\/#\/schema\/person\/0b0fce47cdf986c8b4194146b69999a3","name":"Recom Editor","image":{"@type":"ImageObject","inLanguage":"bhsc","@id":"https:\/\/www.recom.link\/en\/#\/schema\/person\/image\/","url":"https:\/\/secure.gravatar.com\/avatar\/b345ee03975bccfc62280b0fd1ffd916?s=96&d=mm&r=g","contentUrl":"https:\/\/secure.gravatar.com\/avatar\/b345ee03975bccfc62280b0fd1ffd916?s=96&d=mm&r=g","caption":"Recom Editor"},"url":"https:\/\/www.recom.link\/bhsc\/author\/jelanag\/"}]}},"_links":{"self":[{"href":"https:\/\/www.recom.link\/bhsc\/wp-json\/wp\/v2\/posts\/187183"}],"collection":[{"href":"https:\/\/www.recom.link\/bhsc\/wp-json\/wp\/v2\/posts"}],"about":[{"href":"https:\/\/www.recom.link\/bhsc\/wp-json\/wp\/v2\/types\/post"}],"author":[{"embeddable":true,"href":"https:\/\/www.recom.link\/bhsc\/wp-json\/wp\/v2\/users\/8"}],"replies":[{"embeddable":true,"href":"https:\/\/www.recom.link\/bhsc\/wp-json\/wp\/v2\/comments?post=187183"}],"version-history":[{"count":2,"href":"https:\/\/www.recom.link\/bhsc\/wp-json\/wp\/v2\/posts\/187183\/revisions"}],"predecessor-version":[{"id":187190,"href":"https:\/\/www.recom.link\/bhsc\/wp-json\/wp\/v2\/posts\/187183\/revisions\/187190"}],"wp:featuredmedia":[{"embeddable":true,"href":"https:\/\/www.recom.link\/bhsc\/wp-json\/wp\/v2\/media\/187184"}],"wp:attachment":[{"href":"https:\/\/www.recom.link\/bhsc\/wp-json\/wp\/v2\/media?parent=187183"}],"wp:term":[{"taxonomy":"category","embeddable":true,"href":"https:\/\/www.recom.link\/bhsc\/wp-json\/wp\/v2\/categories?post=187183"},{"taxonomy":"post_tag","embeddable":true,"href":"https:\/\/www.recom.link\/bhsc\/wp-json\/wp\/v2\/tags?post=187183"}],"curies":[{"name":"wp","href":"https:\/\/api.w.org\/{rel}","templated":true}]}}