{"id":187162,"date":"2021-07-13T10:14:19","date_gmt":"2021-07-13T09:14:19","guid":{"rendered":"https:\/\/www.recom.link\/?p=187162"},"modified":"2021-07-13T10:14:55","modified_gmt":"2021-07-13T09:14:55","slug":"kravica","status":"publish","type":"post","link":"https:\/\/www.recom.link\/bhsc\/kravica\/","title":{"rendered":"Kravica, 13.7.1995."},"content":{"rendered":"<p><b><span data-contrast=\"none\">Kravica\u00a0\u2013 utvr\u0111ene \u010dinjenice<\/span><\/b><span data-ccp-props=\"{&quot;134233117&quot;:true,&quot;134233118&quot;:true,&quot;201341983&quot;:0,&quot;335559740&quot;:360}\">\u00a0<\/span><\/p>\n<p><span data-contrast=\"none\">\u202f<\/span><span data-ccp-props=\"{&quot;134233117&quot;:true,&quot;134233118&quot;:true,&quot;201341983&quot;:0,&quot;335559739&quot;:75,&quot;335559740&quot;:360}\">\u00a0<\/span><\/p>\n<p><b><span data-contrast=\"none\">Lokacija:<\/span><\/b><span data-ccp-props=\"{&quot;134233117&quot;:true,&quot;134233118&quot;:true,&quot;201341983&quot;:0,&quot;335559740&quot;:360}\">\u00a0<\/span><\/p>\n<p><span data-contrast=\"none\">Bratunac, Kravica<\/span><span data-ccp-props=\"{&quot;134233117&quot;:true,&quot;134233118&quot;:true,&quot;201341983&quot;:0,&quot;335559739&quot;:75,&quot;335559740&quot;:360}\">\u00a0<\/span><\/p>\n<p><b><span data-contrast=\"none\">Datum:<\/span><\/b><span data-ccp-props=\"{&quot;134233117&quot;:true,&quot;134233118&quot;:true,&quot;201341983&quot;:0,&quot;335559739&quot;:75,&quot;335559740&quot;:360}\">\u00a0<\/span><\/p>\n<p><span data-contrast=\"none\">13.7.1995. godine<\/span><span data-ccp-props=\"{&quot;134233117&quot;:true,&quot;134233118&quot;:true,&quot;201341983&quot;:0,&quot;335559739&quot;:75,&quot;335559740&quot;:360}\">\u00a0<\/span><\/p>\n<p><b><span data-contrast=\"none\">Po\u010dinioci:<\/span><\/b><span data-ccp-props=\"{&quot;134233117&quot;:true,&quot;134233118&quot;:true,&quot;201341983&quot;:0,&quot;335559740&quot;:360}\">\u00a0<\/span><\/p>\n<p><span data-contrast=\"none\">Pripadnici\u00a0snaga bosanskih Srba, uklju\u010duju\u0107i pripadnike\u00a0Drugog odreda Specijalne brigade policije\u00a0\u0160ekovi\u0107i\u00a0i\u00a0Bratuna\u010dke brigade<\/span><span data-ccp-props=\"{&quot;134233117&quot;:true,&quot;134233118&quot;:true,&quot;201341983&quot;:0,&quot;335559740&quot;:360}\">\u00a0<\/span><\/p>\n<p><b><span data-contrast=\"none\">Zlo\u010din:<\/span><\/b><span data-ccp-props=\"{&quot;134233117&quot;:true,&quot;134233118&quot;:true,&quot;201341983&quot;:0,&quot;335559740&quot;:360}\">\u00a0<\/span><\/p>\n<p><span data-contrast=\"auto\">Tokom popodneva 13.7.1995. godine, zato\u010deni bosanski Muslimani iz enklave Srebrenica su u grupama dovo\u0111eni u skladi\u0161te u Kravici, jednospratni objekat u sklopu poljoprivredne zadruge \u201eKravica\u201c na putu Bratunac\u2013Konjevi\u0107 Polje.\u00a0Pripadnici snaga bosanskih Srba su potom na njih\u00a0otvorili vatru, pucaju\u0107i\u00a0iz pu\u0161komitraljeza i automatskih pu\u0161aka i na njih bacali bombe. Oni\u00a0zato\u010denici\u00a0koji su poku\u0161ali da pobegnu kroz vrata i prozore su ubijeni.<\/span><span data-ccp-props=\"{&quot;134233117&quot;:true,&quot;134233118&quot;:true,&quot;201341983&quot;:0,&quot;335559740&quot;:360}\">\u00a0<\/span><\/p>\n<p><span data-contrast=\"auto\">Na ovaj na\u010din\u00a0pogubljeno\u00a0je\u00a0preko 1.000 bosanskih Muslimana. Tek nekoliko njih je uspelo da pre\u017eivi.<\/span><span data-ccp-props=\"{&quot;134233117&quot;:true,&quot;134233118&quot;:true,&quot;201341983&quot;:0,&quot;335559740&quot;:360}\">\u00a0<\/span><\/p>\n<p><span data-contrast=\"none\">\u202f<\/span><span data-ccp-props=\"{&quot;134233117&quot;:true,&quot;134233118&quot;:true,&quot;201341983&quot;:0,&quot;335559739&quot;:75,&quot;335559740&quot;:360}\">\u00a0<\/span><\/p>\n<p><a href=\"https:\/\/www.glaszrtava.org\/wp-content\/uploads\/2021\/07\/Spisak-Imena.pdf\" target=\"_blank\" rel=\"noopener\"><b><span data-contrast=\"none\">Imena 1.313 \u017ertava<\/span><\/b><\/a><\/p>\n<p><a href=\"https:\/\/www.glaszrtava.org\/srebrenica\/\" target=\"_blank\" rel=\"noopener\"><b><span data-contrast=\"none\">Presude<\/span><\/b><\/a><\/p>\n<p>&nbsp;<\/p>\n","protected":false},"excerpt":{"rendered":"Kravica\u00a0\u2013 utvr\u0111ene \u010dinjenice\u00a0 \u202f\u00a0 Lokacija:\u00a0 Bratunac, Kravica\u00a0 Datum:\u00a0 13.7.1995. godine\u00a0 Po\u010dinioci:\u00a0 Pripadnici\u00a0snaga bosanskih Srba, uklju\u010duju\u0107i pripadnike\u00a0Drugog odreda Specijalne brigade policije\u00a0\u0160ekovi\u0107i\u00a0i\u00a0Bratuna\u010dke&#8230; ","protected":false},"author":8,"featured_media":187163,"comment_status":"closed","ping_status":"open","sticky":true,"template":"","format":"standard","meta":{"_acf_changed":false,"footnotes":""},"categories":[1789],"tags":[3764,3767,805],"class_list":["post-187162","post","type-post","status-publish","format-standard","has-post-thumbnail","hentry","category-memorijalizacija","tag-bratunac-bhsc","tag-kravica","tag-srebrenica"],"acf":[],"yoast_head":"<!-- This site is optimized with the Yoast SEO plugin v25.6 - https:\/\/yoast.com\/wordpress\/plugins\/seo\/ -->\n<title>Kravica, 13.7.1995. - REKOM ~ KOMRA ~ RECOM<\/title>\n<meta name=\"description\" content=\"Dana 13.7.1995. godine, u Kravici je\u00a0pogubljeno\u00a0preko 1.000 bosanskih Muslimana iz Srebrenice. Tek nekoliko njih je uspelo da pre\u017eivi.\u00a0\" \/>\n<meta name=\"robots\" content=\"index, follow, max-snippet:-1, max-image-preview:large, max-video-preview:-1\" \/>\n<link rel=\"canonical\" href=\"https:\/\/www.recom.link\/bhsc\/kravica\/\" \/>\n<meta property=\"og:locale\" content=\"en_US\" \/>\n<meta property=\"og:type\" content=\"article\" \/>\n<meta property=\"og:title\" content=\"Kravica, 13.7.1995. - REKOM ~ KOMRA ~ RECOM\" \/>\n<meta property=\"og:description\" content=\"Dana 13.7.1995. godine, u Kravici je\u00a0pogubljeno\u00a0preko 1.000 bosanskih Muslimana iz Srebrenice. Tek nekoliko njih je uspelo da pre\u017eivi.\u00a0\" \/>\n<meta property=\"og:url\" content=\"https:\/\/www.recom.link\/bhsc\/kravica\/\" \/>\n<meta property=\"og:site_name\" content=\"REKOM ~ KOMRA ~ RECOM\" \/>\n<meta property=\"article:publisher\" content=\"https:\/\/www.facebook.com\/ZaREKOM.PerKOMRA.ForRECOM\/\" \/>\n<meta property=\"article:published_time\" content=\"2021-07-13T09:14:19+00:00\" \/>\n<meta property=\"article:modified_time\" content=\"2021-07-13T09:14:55+00:00\" \/>\n<meta property=\"og:image\" content=\"https:\/\/www.recom.link\/wp-content\/uploads\/2021\/07\/MicrosoftTeams-image-14.jpg\" \/>\n\t<meta property=\"og:image:width\" content=\"1883\" \/>\n\t<meta property=\"og:image:height\" content=\"1251\" \/>\n\t<meta property=\"og:image:type\" content=\"image\/jpeg\" \/>\n<meta name=\"author\" content=\"Recom Editor\" \/>\n<meta name=\"twitter:card\" content=\"summary_large_image\" \/>\n<meta name=\"twitter:creator\" content=\"@REKOM_KOMRA\" \/>\n<meta name=\"twitter:site\" content=\"@REKOM_KOMRA\" \/>\n<meta name=\"twitter:label1\" content=\"Written by\" \/>\n\t<meta name=\"twitter:data1\" content=\"Recom Editor\" \/>\n\t<meta name=\"twitter:label2\" content=\"Est. reading time\" \/>\n\t<meta name=\"twitter:data2\" content=\"1 minute\" \/>\n<script type=\"application\/ld+json\" class=\"yoast-schema-graph\">{\"@context\":\"https:\/\/schema.org\",\"@graph\":[{\"@type\":\"WebPage\",\"@id\":\"https:\/\/www.recom.link\/bhsc\/kravica\/\",\"url\":\"https:\/\/www.recom.link\/bhsc\/kravica\/\",\"name\":\"Kravica, 13.7.1995. - REKOM ~ KOMRA ~ RECOM\",\"isPartOf\":{\"@id\":\"https:\/\/www.recom.link\/en\/#website\"},\"primaryImageOfPage\":{\"@id\":\"https:\/\/www.recom.link\/bhsc\/kravica\/#primaryimage\"},\"image\":{\"@id\":\"https:\/\/www.recom.link\/bhsc\/kravica\/#primaryimage\"},\"thumbnailUrl\":\"https:\/\/www.recom.link\/wp-content\/uploads\/2021\/07\/MicrosoftTeams-image-14.jpg\",\"datePublished\":\"2021-07-13T09:14:19+00:00\",\"dateModified\":\"2021-07-13T09:14:55+00:00\",\"author\":{\"@id\":\"https:\/\/www.recom.link\/en\/#\/schema\/person\/0b0fce47cdf986c8b4194146b69999a3\"},\"description\":\"Dana 13.7.1995. godine, u Kravici je\u00a0pogubljeno\u00a0preko 1.000 bosanskih Muslimana iz Srebrenice. Tek nekoliko njih je uspelo da pre\u017eivi.\u00a0\",\"breadcrumb\":{\"@id\":\"https:\/\/www.recom.link\/bhsc\/kravica\/#breadcrumb\"},\"inLanguage\":\"bhsc\",\"potentialAction\":[{\"@type\":\"ReadAction\",\"target\":[\"https:\/\/www.recom.link\/bhsc\/kravica\/\"]}]},{\"@type\":\"ImageObject\",\"inLanguage\":\"bhsc\",\"@id\":\"https:\/\/www.recom.link\/bhsc\/kravica\/#primaryimage\",\"url\":\"https:\/\/www.recom.link\/wp-content\/uploads\/2021\/07\/MicrosoftTeams-image-14.jpg\",\"contentUrl\":\"https:\/\/www.recom.link\/wp-content\/uploads\/2021\/07\/MicrosoftTeams-image-14.jpg\",\"width\":1883,\"height\":1251,\"caption\":\"Kravica\"},{\"@type\":\"BreadcrumbList\",\"@id\":\"https:\/\/www.recom.link\/bhsc\/kravica\/#breadcrumb\",\"itemListElement\":[{\"@type\":\"ListItem\",\"position\":1,\"name\":\"Home\",\"item\":\"https:\/\/www.recom.link\/en\/\"},{\"@type\":\"ListItem\",\"position\":2,\"name\":\"Kravica, 13.7.1995.\"}]},{\"@type\":\"WebSite\",\"@id\":\"https:\/\/www.recom.link\/en\/#website\",\"url\":\"https:\/\/www.recom.link\/en\/\",\"name\":\"REKOM ~ KOMRA ~ RECOM\",\"description\":\"\",\"potentialAction\":[{\"@type\":\"SearchAction\",\"target\":{\"@type\":\"EntryPoint\",\"urlTemplate\":\"https:\/\/www.recom.link\/en\/?s={search_term_string}\"},\"query-input\":{\"@type\":\"PropertyValueSpecification\",\"valueRequired\":true,\"valueName\":\"search_term_string\"}}],\"inLanguage\":\"bhsc\"},{\"@type\":\"Person\",\"@id\":\"https:\/\/www.recom.link\/en\/#\/schema\/person\/0b0fce47cdf986c8b4194146b69999a3\",\"name\":\"Recom Editor\",\"image\":{\"@type\":\"ImageObject\",\"inLanguage\":\"bhsc\",\"@id\":\"https:\/\/www.recom.link\/en\/#\/schema\/person\/image\/\",\"url\":\"https:\/\/secure.gravatar.com\/avatar\/b345ee03975bccfc62280b0fd1ffd916?s=96&d=mm&r=g\",\"contentUrl\":\"https:\/\/secure.gravatar.com\/avatar\/b345ee03975bccfc62280b0fd1ffd916?s=96&d=mm&r=g\",\"caption\":\"Recom Editor\"},\"url\":\"https:\/\/www.recom.link\/bhsc\/author\/jelanag\/\"}]}<\/script>\n<!-- \/ Yoast SEO plugin. -->","yoast_head_json":{"title":"Kravica, 13.7.1995. - REKOM ~ KOMRA ~ RECOM","description":"Dana 13.7.1995. godine, u Kravici je\u00a0pogubljeno\u00a0preko 1.000 bosanskih Muslimana iz Srebrenice. Tek nekoliko njih je uspelo da pre\u017eivi.\u00a0","robots":{"index":"index","follow":"follow","max-snippet":"max-snippet:-1","max-image-preview":"max-image-preview:large","max-video-preview":"max-video-preview:-1"},"canonical":"https:\/\/www.recom.link\/bhsc\/kravica\/","og_locale":"en_US","og_type":"article","og_title":"Kravica, 13.7.1995. - REKOM ~ KOMRA ~ RECOM","og_description":"Dana 13.7.1995. godine, u Kravici je\u00a0pogubljeno\u00a0preko 1.000 bosanskih Muslimana iz Srebrenice. Tek nekoliko njih je uspelo da pre\u017eivi.\u00a0","og_url":"https:\/\/www.recom.link\/bhsc\/kravica\/","og_site_name":"REKOM ~ KOMRA ~ RECOM","article_publisher":"https:\/\/www.facebook.com\/ZaREKOM.PerKOMRA.ForRECOM\/","article_published_time":"2021-07-13T09:14:19+00:00","article_modified_time":"2021-07-13T09:14:55+00:00","og_image":[{"width":1883,"height":1251,"url":"https:\/\/www.recom.link\/wp-content\/uploads\/2021\/07\/MicrosoftTeams-image-14.jpg","type":"image\/jpeg"}],"author":"Recom Editor","twitter_card":"summary_large_image","twitter_creator":"@REKOM_KOMRA","twitter_site":"@REKOM_KOMRA","twitter_misc":{"Written by":"Recom Editor","Est. reading time":"1 minute"},"schema":{"@context":"https:\/\/schema.org","@graph":[{"@type":"WebPage","@id":"https:\/\/www.recom.link\/bhsc\/kravica\/","url":"https:\/\/www.recom.link\/bhsc\/kravica\/","name":"Kravica, 13.7.1995. - REKOM ~ KOMRA ~ RECOM","isPartOf":{"@id":"https:\/\/www.recom.link\/en\/#website"},"primaryImageOfPage":{"@id":"https:\/\/www.recom.link\/bhsc\/kravica\/#primaryimage"},"image":{"@id":"https:\/\/www.recom.link\/bhsc\/kravica\/#primaryimage"},"thumbnailUrl":"https:\/\/www.recom.link\/wp-content\/uploads\/2021\/07\/MicrosoftTeams-image-14.jpg","datePublished":"2021-07-13T09:14:19+00:00","dateModified":"2021-07-13T09:14:55+00:00","author":{"@id":"https:\/\/www.recom.link\/en\/#\/schema\/person\/0b0fce47cdf986c8b4194146b69999a3"},"description":"Dana 13.7.1995. godine, u Kravici je\u00a0pogubljeno\u00a0preko 1.000 bosanskih Muslimana iz Srebrenice. Tek nekoliko njih je uspelo da pre\u017eivi.\u00a0","breadcrumb":{"@id":"https:\/\/www.recom.link\/bhsc\/kravica\/#breadcrumb"},"inLanguage":"bhsc","potentialAction":[{"@type":"ReadAction","target":["https:\/\/www.recom.link\/bhsc\/kravica\/"]}]},{"@type":"ImageObject","inLanguage":"bhsc","@id":"https:\/\/www.recom.link\/bhsc\/kravica\/#primaryimage","url":"https:\/\/www.recom.link\/wp-content\/uploads\/2021\/07\/MicrosoftTeams-image-14.jpg","contentUrl":"https:\/\/www.recom.link\/wp-content\/uploads\/2021\/07\/MicrosoftTeams-image-14.jpg","width":1883,"height":1251,"caption":"Kravica"},{"@type":"BreadcrumbList","@id":"https:\/\/www.recom.link\/bhsc\/kravica\/#breadcrumb","itemListElement":[{"@type":"ListItem","position":1,"name":"Home","item":"https:\/\/www.recom.link\/en\/"},{"@type":"ListItem","position":2,"name":"Kravica, 13.7.1995."}]},{"@type":"WebSite","@id":"https:\/\/www.recom.link\/en\/#website","url":"https:\/\/www.recom.link\/en\/","name":"REKOM ~ KOMRA ~ RECOM","description":"","potentialAction":[{"@type":"SearchAction","target":{"@type":"EntryPoint","urlTemplate":"https:\/\/www.recom.link\/en\/?s={search_term_string}"},"query-input":{"@type":"PropertyValueSpecification","valueRequired":true,"valueName":"search_term_string"}}],"inLanguage":"bhsc"},{"@type":"Person","@id":"https:\/\/www.recom.link\/en\/#\/schema\/person\/0b0fce47cdf986c8b4194146b69999a3","name":"Recom Editor","image":{"@type":"ImageObject","inLanguage":"bhsc","@id":"https:\/\/www.recom.link\/en\/#\/schema\/person\/image\/","url":"https:\/\/secure.gravatar.com\/avatar\/b345ee03975bccfc62280b0fd1ffd916?s=96&d=mm&r=g","contentUrl":"https:\/\/secure.gravatar.com\/avatar\/b345ee03975bccfc62280b0fd1ffd916?s=96&d=mm&r=g","caption":"Recom Editor"},"url":"https:\/\/www.recom.link\/bhsc\/author\/jelanag\/"}]}},"_links":{"self":[{"href":"https:\/\/www.recom.link\/bhsc\/wp-json\/wp\/v2\/posts\/187162"}],"collection":[{"href":"https:\/\/www.recom.link\/bhsc\/wp-json\/wp\/v2\/posts"}],"about":[{"href":"https:\/\/www.recom.link\/bhsc\/wp-json\/wp\/v2\/types\/post"}],"author":[{"embeddable":true,"href":"https:\/\/www.recom.link\/bhsc\/wp-json\/wp\/v2\/users\/8"}],"replies":[{"embeddable":true,"href":"https:\/\/www.recom.link\/bhsc\/wp-json\/wp\/v2\/comments?post=187162"}],"version-history":[{"count":2,"href":"https:\/\/www.recom.link\/bhsc\/wp-json\/wp\/v2\/posts\/187162\/revisions"}],"predecessor-version":[{"id":187169,"href":"https:\/\/www.recom.link\/bhsc\/wp-json\/wp\/v2\/posts\/187162\/revisions\/187169"}],"wp:featuredmedia":[{"embeddable":true,"href":"https:\/\/www.recom.link\/bhsc\/wp-json\/wp\/v2\/media\/187163"}],"wp:attachment":[{"href":"https:\/\/www.recom.link\/bhsc\/wp-json\/wp\/v2\/media?parent=187162"}],"wp:term":[{"taxonomy":"category","embeddable":true,"href":"https:\/\/www.recom.link\/bhsc\/wp-json\/wp\/v2\/categories?post=187162"},{"taxonomy":"post_tag","embeddable":true,"href":"https:\/\/www.recom.link\/bhsc\/wp-json\/wp\/v2\/tags?post=187162"}],"curies":[{"name":"wp","href":"https:\/\/api.w.org\/{rel}","templated":true}]}}