{"id":187147,"date":"2021-07-12T15:42:37","date_gmt":"2021-07-12T14:42:37","guid":{"rendered":"https:\/\/www.recom.link\/?p=187147"},"modified":"2021-07-16T09:39:27","modified_gmt":"2021-07-16T08:39:27","slug":"obelezeno-29-godina-od-stradanja-69-srpskih-civila-i-vojnika-u-selima-kod-bratunca-i-srebrenice","status":"publish","type":"post","link":"https:\/\/www.recom.link\/bhsc\/obelezeno-29-godina-od-stradanja-69-srpskih-civila-i-vojnika-u-selima-kod-bratunca-i-srebrenice\/","title":{"rendered":"Obele\u017eeno 29 godina od stradanja 69 srpskih civila i vojnika u selima kod Bratunca i Srebrenice"},"content":{"rendered":"<p><strong>Obele\u017eeno je 29 godina od stradanja 69 srpskih civila i vojnika u srebreni\u010dkim selima Sase i Zalazje i bratuna\u010dkim selima Bilja\u010da i Zagoni, koje su na Petrovdan 1992. godine ubili pripadnici tzv. Armije BiH.<\/strong><\/p>\n<p>&nbsp;<\/p>\n<div id=\"story-text\">\n<p>Polo\u017eeno je cve\u0107e kod spomen-obele\u017eja na groblju u Bratuncu i strati\u0161tima u Bilja\u010di i Sasama, a kod spomenika i kosturnice na Zalazju slu\u017een je parastos za Srbe ubijene na dana\u0161nji dan 1992. godine, kao i za sve ostale srpske vojnike i civile iz ove op\u0161tine poginule u odbrambeno-otad\u017ebinskom ratu, ali i \u017ertve ovog sela koje su ubile usta\u0161e drugi dan Troji\u010dindana 1943. godine.<\/p>\n<p>Obele\u017eavanju su prisustvovali ministar unutra\u0161njih poslova Republike Srpske Dragan Luka\u010d i ministar unutra\u0161njih poslova Srbije Aleksandar Vulin.<\/p>\n<\/div>\n<p>&nbsp;<\/p>\n<hr \/>\n<p><em>Ovaj tekst je preuzet sa portala <a href=\"https:\/\/www.rts.rs\/page\/stories\/sr\/story\/11\/region\/4440107\/bratunac-srebrenica-godisnjica-stradanje-civili.html\" target=\"_blank\" rel=\"noopener\">rts.rs<\/a>.<\/em><\/p>\n","protected":false},"excerpt":{"rendered":"Obele\u017eeno je 29 godina od stradanja 69 srpskih civila i vojnika u srebreni\u010dkim selima Sase i Zalazje i bratuna\u010dkim selima&#8230; ","protected":false},"author":8,"featured_media":187148,"comment_status":"closed","ping_status":"open","sticky":false,"template":"","format":"standard","meta":{"_acf_changed":false,"footnotes":""},"categories":[1789],"tags":[3762,3764,3760,805,3763,3761],"class_list":["post-187147","post","type-post","status-publish","format-standard","has-post-thumbnail","hentry","category-memorijalizacija","tag-biljaca","tag-bratunac-bhsc","tag-sase","tag-srebrenica","tag-zagoni","tag-zalazje"],"acf":[],"yoast_head":"<!-- This site is optimized with the Yoast SEO plugin v25.6 - https:\/\/yoast.com\/wordpress\/plugins\/seo\/ -->\n<title>Obele\u017eeno 29 godina od stradanja 69 srpskih civila i vojnika<\/title>\n<meta name=\"description\" content=\"Obele\u017eeno je 29 godina od stradanja 69 srpskih civila i vojnika u srebreni\u010dkim selima Sase i Zalazje i bratuna\u010dkim selima Bilja\u010da i Zagoni.\" \/>\n<meta name=\"robots\" content=\"index, follow, max-snippet:-1, max-image-preview:large, max-video-preview:-1\" \/>\n<link rel=\"canonical\" href=\"https:\/\/www.recom.link\/bhsc\/obelezeno-29-godina-od-stradanja-69-srpskih-civila-i-vojnika-u-selima-kod-bratunca-i-srebrenice\/\" \/>\n<meta property=\"og:locale\" content=\"en_US\" \/>\n<meta property=\"og:type\" content=\"article\" \/>\n<meta property=\"og:title\" content=\"Obele\u017eeno 29 godina od stradanja 69 srpskih civila i vojnika\" \/>\n<meta property=\"og:description\" content=\"Obele\u017eeno je 29 godina od stradanja 69 srpskih civila i vojnika u srebreni\u010dkim selima Sase i Zalazje i bratuna\u010dkim selima Bilja\u010da i Zagoni.\" \/>\n<meta property=\"og:url\" content=\"https:\/\/www.recom.link\/bhsc\/obelezeno-29-godina-od-stradanja-69-srpskih-civila-i-vojnika-u-selima-kod-bratunca-i-srebrenice\/\" \/>\n<meta property=\"og:site_name\" content=\"REKOM ~ KOMRA ~ RECOM\" \/>\n<meta property=\"article:publisher\" content=\"https:\/\/www.facebook.com\/ZaREKOM.PerKOMRA.ForRECOM\/\" \/>\n<meta property=\"article:published_time\" content=\"2021-07-12T14:42:37+00:00\" \/>\n<meta property=\"article:modified_time\" content=\"2021-07-16T08:39:27+00:00\" \/>\n<meta property=\"og:image\" content=\"https:\/\/www.recom.link\/wp-content\/uploads\/2021\/07\/184433.jpg\" \/>\n\t<meta property=\"og:image:width\" content=\"658\" \/>\n\t<meta property=\"og:image:height\" content=\"494\" \/>\n\t<meta property=\"og:image:type\" content=\"image\/jpeg\" \/>\n<meta name=\"author\" content=\"Recom Editor\" \/>\n<meta name=\"twitter:card\" content=\"summary_large_image\" \/>\n<meta name=\"twitter:creator\" content=\"@REKOM_KOMRA\" \/>\n<meta name=\"twitter:site\" content=\"@REKOM_KOMRA\" \/>\n<meta name=\"twitter:label1\" content=\"Written by\" \/>\n\t<meta name=\"twitter:data1\" content=\"Recom Editor\" \/>\n\t<meta name=\"twitter:label2\" content=\"Est. reading time\" \/>\n\t<meta name=\"twitter:data2\" content=\"1 minute\" \/>\n<script type=\"application\/ld+json\" class=\"yoast-schema-graph\">{\"@context\":\"https:\/\/schema.org\",\"@graph\":[{\"@type\":\"WebPage\",\"@id\":\"https:\/\/www.recom.link\/bhsc\/obelezeno-29-godina-od-stradanja-69-srpskih-civila-i-vojnika-u-selima-kod-bratunca-i-srebrenice\/\",\"url\":\"https:\/\/www.recom.link\/bhsc\/obelezeno-29-godina-od-stradanja-69-srpskih-civila-i-vojnika-u-selima-kod-bratunca-i-srebrenice\/\",\"name\":\"Obele\u017eeno 29 godina od stradanja 69 srpskih civila i vojnika\",\"isPartOf\":{\"@id\":\"https:\/\/www.recom.link\/en\/#website\"},\"primaryImageOfPage\":{\"@id\":\"https:\/\/www.recom.link\/bhsc\/obelezeno-29-godina-od-stradanja-69-srpskih-civila-i-vojnika-u-selima-kod-bratunca-i-srebrenice\/#primaryimage\"},\"image\":{\"@id\":\"https:\/\/www.recom.link\/bhsc\/obelezeno-29-godina-od-stradanja-69-srpskih-civila-i-vojnika-u-selima-kod-bratunca-i-srebrenice\/#primaryimage\"},\"thumbnailUrl\":\"https:\/\/www.recom.link\/wp-content\/uploads\/2021\/07\/184433.jpg\",\"datePublished\":\"2021-07-12T14:42:37+00:00\",\"dateModified\":\"2021-07-16T08:39:27+00:00\",\"author\":{\"@id\":\"https:\/\/www.recom.link\/en\/#\/schema\/person\/0b0fce47cdf986c8b4194146b69999a3\"},\"description\":\"Obele\u017eeno je 29 godina od stradanja 69 srpskih civila i vojnika u srebreni\u010dkim selima Sase i Zalazje i bratuna\u010dkim selima Bilja\u010da i Zagoni.\",\"breadcrumb\":{\"@id\":\"https:\/\/www.recom.link\/bhsc\/obelezeno-29-godina-od-stradanja-69-srpskih-civila-i-vojnika-u-selima-kod-bratunca-i-srebrenice\/#breadcrumb\"},\"inLanguage\":\"bhsc\",\"potentialAction\":[{\"@type\":\"ReadAction\",\"target\":[\"https:\/\/www.recom.link\/bhsc\/obelezeno-29-godina-od-stradanja-69-srpskih-civila-i-vojnika-u-selima-kod-bratunca-i-srebrenice\/\"]}]},{\"@type\":\"ImageObject\",\"inLanguage\":\"bhsc\",\"@id\":\"https:\/\/www.recom.link\/bhsc\/obelezeno-29-godina-od-stradanja-69-srpskih-civila-i-vojnika-u-selima-kod-bratunca-i-srebrenice\/#primaryimage\",\"url\":\"https:\/\/www.recom.link\/wp-content\/uploads\/2021\/07\/184433.jpg\",\"contentUrl\":\"https:\/\/www.recom.link\/wp-content\/uploads\/2021\/07\/184433.jpg\",\"width\":658,\"height\":494,\"caption\":\"Sase i Zalazje\"},{\"@type\":\"BreadcrumbList\",\"@id\":\"https:\/\/www.recom.link\/bhsc\/obelezeno-29-godina-od-stradanja-69-srpskih-civila-i-vojnika-u-selima-kod-bratunca-i-srebrenice\/#breadcrumb\",\"itemListElement\":[{\"@type\":\"ListItem\",\"position\":1,\"name\":\"Home\",\"item\":\"https:\/\/www.recom.link\/en\/\"},{\"@type\":\"ListItem\",\"position\":2,\"name\":\"Obele\u017eeno 29 godina od stradanja 69 srpskih civila i vojnika u selima kod Bratunca i Srebrenice\"}]},{\"@type\":\"WebSite\",\"@id\":\"https:\/\/www.recom.link\/en\/#website\",\"url\":\"https:\/\/www.recom.link\/en\/\",\"name\":\"REKOM ~ KOMRA ~ RECOM\",\"description\":\"\",\"potentialAction\":[{\"@type\":\"SearchAction\",\"target\":{\"@type\":\"EntryPoint\",\"urlTemplate\":\"https:\/\/www.recom.link\/en\/?s={search_term_string}\"},\"query-input\":{\"@type\":\"PropertyValueSpecification\",\"valueRequired\":true,\"valueName\":\"search_term_string\"}}],\"inLanguage\":\"bhsc\"},{\"@type\":\"Person\",\"@id\":\"https:\/\/www.recom.link\/en\/#\/schema\/person\/0b0fce47cdf986c8b4194146b69999a3\",\"name\":\"Recom Editor\",\"image\":{\"@type\":\"ImageObject\",\"inLanguage\":\"bhsc\",\"@id\":\"https:\/\/www.recom.link\/en\/#\/schema\/person\/image\/\",\"url\":\"https:\/\/secure.gravatar.com\/avatar\/b345ee03975bccfc62280b0fd1ffd916?s=96&d=mm&r=g\",\"contentUrl\":\"https:\/\/secure.gravatar.com\/avatar\/b345ee03975bccfc62280b0fd1ffd916?s=96&d=mm&r=g\",\"caption\":\"Recom Editor\"},\"url\":\"https:\/\/www.recom.link\/bhsc\/author\/jelanag\/\"}]}<\/script>\n<!-- \/ Yoast SEO plugin. -->","yoast_head_json":{"title":"Obele\u017eeno 29 godina od stradanja 69 srpskih civila i vojnika","description":"Obele\u017eeno je 29 godina od stradanja 69 srpskih civila i vojnika u srebreni\u010dkim selima Sase i Zalazje i bratuna\u010dkim selima Bilja\u010da i Zagoni.","robots":{"index":"index","follow":"follow","max-snippet":"max-snippet:-1","max-image-preview":"max-image-preview:large","max-video-preview":"max-video-preview:-1"},"canonical":"https:\/\/www.recom.link\/bhsc\/obelezeno-29-godina-od-stradanja-69-srpskih-civila-i-vojnika-u-selima-kod-bratunca-i-srebrenice\/","og_locale":"en_US","og_type":"article","og_title":"Obele\u017eeno 29 godina od stradanja 69 srpskih civila i vojnika","og_description":"Obele\u017eeno je 29 godina od stradanja 69 srpskih civila i vojnika u srebreni\u010dkim selima Sase i Zalazje i bratuna\u010dkim selima Bilja\u010da i Zagoni.","og_url":"https:\/\/www.recom.link\/bhsc\/obelezeno-29-godina-od-stradanja-69-srpskih-civila-i-vojnika-u-selima-kod-bratunca-i-srebrenice\/","og_site_name":"REKOM ~ KOMRA ~ RECOM","article_publisher":"https:\/\/www.facebook.com\/ZaREKOM.PerKOMRA.ForRECOM\/","article_published_time":"2021-07-12T14:42:37+00:00","article_modified_time":"2021-07-16T08:39:27+00:00","og_image":[{"width":658,"height":494,"url":"https:\/\/www.recom.link\/wp-content\/uploads\/2021\/07\/184433.jpg","type":"image\/jpeg"}],"author":"Recom Editor","twitter_card":"summary_large_image","twitter_creator":"@REKOM_KOMRA","twitter_site":"@REKOM_KOMRA","twitter_misc":{"Written by":"Recom Editor","Est. reading time":"1 minute"},"schema":{"@context":"https:\/\/schema.org","@graph":[{"@type":"WebPage","@id":"https:\/\/www.recom.link\/bhsc\/obelezeno-29-godina-od-stradanja-69-srpskih-civila-i-vojnika-u-selima-kod-bratunca-i-srebrenice\/","url":"https:\/\/www.recom.link\/bhsc\/obelezeno-29-godina-od-stradanja-69-srpskih-civila-i-vojnika-u-selima-kod-bratunca-i-srebrenice\/","name":"Obele\u017eeno 29 godina od stradanja 69 srpskih civila i vojnika","isPartOf":{"@id":"https:\/\/www.recom.link\/en\/#website"},"primaryImageOfPage":{"@id":"https:\/\/www.recom.link\/bhsc\/obelezeno-29-godina-od-stradanja-69-srpskih-civila-i-vojnika-u-selima-kod-bratunca-i-srebrenice\/#primaryimage"},"image":{"@id":"https:\/\/www.recom.link\/bhsc\/obelezeno-29-godina-od-stradanja-69-srpskih-civila-i-vojnika-u-selima-kod-bratunca-i-srebrenice\/#primaryimage"},"thumbnailUrl":"https:\/\/www.recom.link\/wp-content\/uploads\/2021\/07\/184433.jpg","datePublished":"2021-07-12T14:42:37+00:00","dateModified":"2021-07-16T08:39:27+00:00","author":{"@id":"https:\/\/www.recom.link\/en\/#\/schema\/person\/0b0fce47cdf986c8b4194146b69999a3"},"description":"Obele\u017eeno je 29 godina od stradanja 69 srpskih civila i vojnika u srebreni\u010dkim selima Sase i Zalazje i bratuna\u010dkim selima Bilja\u010da i Zagoni.","breadcrumb":{"@id":"https:\/\/www.recom.link\/bhsc\/obelezeno-29-godina-od-stradanja-69-srpskih-civila-i-vojnika-u-selima-kod-bratunca-i-srebrenice\/#breadcrumb"},"inLanguage":"bhsc","potentialAction":[{"@type":"ReadAction","target":["https:\/\/www.recom.link\/bhsc\/obelezeno-29-godina-od-stradanja-69-srpskih-civila-i-vojnika-u-selima-kod-bratunca-i-srebrenice\/"]}]},{"@type":"ImageObject","inLanguage":"bhsc","@id":"https:\/\/www.recom.link\/bhsc\/obelezeno-29-godina-od-stradanja-69-srpskih-civila-i-vojnika-u-selima-kod-bratunca-i-srebrenice\/#primaryimage","url":"https:\/\/www.recom.link\/wp-content\/uploads\/2021\/07\/184433.jpg","contentUrl":"https:\/\/www.recom.link\/wp-content\/uploads\/2021\/07\/184433.jpg","width":658,"height":494,"caption":"Sase i Zalazje"},{"@type":"BreadcrumbList","@id":"https:\/\/www.recom.link\/bhsc\/obelezeno-29-godina-od-stradanja-69-srpskih-civila-i-vojnika-u-selima-kod-bratunca-i-srebrenice\/#breadcrumb","itemListElement":[{"@type":"ListItem","position":1,"name":"Home","item":"https:\/\/www.recom.link\/en\/"},{"@type":"ListItem","position":2,"name":"Obele\u017eeno 29 godina od stradanja 69 srpskih civila i vojnika u selima kod Bratunca i Srebrenice"}]},{"@type":"WebSite","@id":"https:\/\/www.recom.link\/en\/#website","url":"https:\/\/www.recom.link\/en\/","name":"REKOM ~ KOMRA ~ RECOM","description":"","potentialAction":[{"@type":"SearchAction","target":{"@type":"EntryPoint","urlTemplate":"https:\/\/www.recom.link\/en\/?s={search_term_string}"},"query-input":{"@type":"PropertyValueSpecification","valueRequired":true,"valueName":"search_term_string"}}],"inLanguage":"bhsc"},{"@type":"Person","@id":"https:\/\/www.recom.link\/en\/#\/schema\/person\/0b0fce47cdf986c8b4194146b69999a3","name":"Recom Editor","image":{"@type":"ImageObject","inLanguage":"bhsc","@id":"https:\/\/www.recom.link\/en\/#\/schema\/person\/image\/","url":"https:\/\/secure.gravatar.com\/avatar\/b345ee03975bccfc62280b0fd1ffd916?s=96&d=mm&r=g","contentUrl":"https:\/\/secure.gravatar.com\/avatar\/b345ee03975bccfc62280b0fd1ffd916?s=96&d=mm&r=g","caption":"Recom Editor"},"url":"https:\/\/www.recom.link\/bhsc\/author\/jelanag\/"}]}},"_links":{"self":[{"href":"https:\/\/www.recom.link\/bhsc\/wp-json\/wp\/v2\/posts\/187147"}],"collection":[{"href":"https:\/\/www.recom.link\/bhsc\/wp-json\/wp\/v2\/posts"}],"about":[{"href":"https:\/\/www.recom.link\/bhsc\/wp-json\/wp\/v2\/types\/post"}],"author":[{"embeddable":true,"href":"https:\/\/www.recom.link\/bhsc\/wp-json\/wp\/v2\/users\/8"}],"replies":[{"embeddable":true,"href":"https:\/\/www.recom.link\/bhsc\/wp-json\/wp\/v2\/comments?post=187147"}],"version-history":[{"count":2,"href":"https:\/\/www.recom.link\/bhsc\/wp-json\/wp\/v2\/posts\/187147\/revisions"}],"predecessor-version":[{"id":187161,"href":"https:\/\/www.recom.link\/bhsc\/wp-json\/wp\/v2\/posts\/187147\/revisions\/187161"}],"wp:featuredmedia":[{"embeddable":true,"href":"https:\/\/www.recom.link\/bhsc\/wp-json\/wp\/v2\/media\/187148"}],"wp:attachment":[{"href":"https:\/\/www.recom.link\/bhsc\/wp-json\/wp\/v2\/media?parent=187147"}],"wp:term":[{"taxonomy":"category","embeddable":true,"href":"https:\/\/www.recom.link\/bhsc\/wp-json\/wp\/v2\/categories?post=187147"},{"taxonomy":"post_tag","embeddable":true,"href":"https:\/\/www.recom.link\/bhsc\/wp-json\/wp\/v2\/tags?post=187147"}],"curies":[{"name":"wp","href":"https:\/\/api.w.org\/{rel}","templated":true}]}}