{"id":187139,"date":"2021-07-12T11:03:59","date_gmt":"2021-07-12T10:03:59","guid":{"rendered":"https:\/\/www.recom.link\/?p=187139"},"modified":"2021-07-14T10:18:35","modified_gmt":"2021-07-14T09:18:35","slug":"mimohod-da-se-nikada-i-nikome-ne-dogodi-srebrenica","status":"publish","type":"post","link":"https:\/\/www.recom.link\/bhsc\/mimohod-da-se-nikada-i-nikome-ne-dogodi-srebrenica\/","title":{"rendered":"MIMOHOD 8372: Da se nikada i nikome ne dogodi Srebrenica"},"content":{"rendered":"<p><strong>Dan sje\u0107anja na genocid u Srebrenici obilje\u017een je danas mimohodom sredi\u0161tem Splita i polaganjem ru\u017ea u more sa splitske Rive. I 26. godina nakon ovog stra\u0161nog doga\u0111aja, misao i poruka kolone je ista \u2013 da se ne zaboravi i nikada, nikome vi\u0161e ne dogodi.<\/strong><\/p>\n<p>&nbsp;<\/p>\n<p>Sa Trga Gaje Bulata, otkuda je krenuo ovogodi\u0161nji mimohod sje\u0107anja, odaslane su poruke mira, sloge i nade za sve majke, o\u010deve, bra\u0107u i sestre nedu\u017enih \u017ertava genocida u Srebrenici. Me\u0111u sudionicima mimohoda, kojeg tradicionalno organizira Koordinacija bo\u0161nja\u010dkih organizacija u Gradu Splitu i Splitsko-dalmatinskoj \u017eupaniji, bili su i gradona\u010delnik Splita Ivica Puljak te njegov zamjenik Bojan Ivo\u0161evi\u0107.<\/p>\n<p>&#8211;\u00a0 Uvijek smo ondje gdje su stradali nedu\u017eni. Tu\u017ena su to okupljanja diljem BIH i Hrvatske. U na\u0161im su srcima i Vukovar i Srebrenica. Tu\u017eni smo jer pravda te\u0161ko dolazi, a pre\u017eivjeli i obitelji tra\u017ee da budemo uz njih u tra\u017eenju tijela njihovih najmilijih, u tra\u017eenju pravde. Ponosni smo da nema ni jednog osvetni\u010dkog \u010dina, ponosni smo \u0161to smo ostali ljudi. Danas \u0161aljemo poruku budu\u0107nosti bez rata i ubijanja\u00a0 &#8211; poru\u010dio je Kadro Kula\u0161in, predsjednik Koordinacije bo\u0161nja\u010dkih organizacija Grada Splita i Splitsko-dalmatinske \u017eupanije i predsjednik Vije\u0107a bo\u0161nja\u010dke nacionalne manjine u Splitsko-dalmatinskoj \u017eupaniji.<\/p>\n<p>Edin Nurki\u0107, predsjednik Vije\u0107a bo\u0161nja\u010dke nacionale manjine Grada Splita i predsjednik Koordinacije vije\u0107a i predstavnika nacionalnih manjina Grada Splita, pro\u010ditao je okupljenima isje\u010dak knjige potresnog svjedo\u010danstva pre\u017eivjelog svjedoka genocida, Hasana Hasanovi\u0107a.<\/p>\n<p>U splitskom mimohodu sudjelovao je i zamjenik \u017eupana Splitsko-dalmatinske \u017eupanije Stipe \u010cogelja, te predstavnici politi\u010dkog i dru\u0161tvenog \u017eivota grada, udruga i civilnog dru\u0161tva.<\/p>\n<p>Tu\u017ena obljetnica ve\u010deras se tako\u0111er biti obilje\u017eena projekcijom Cvijeta Srebrenice s porukom &#8216;Ne zaboravi Srebrenicu&#8217; na bedemu Priuli.<\/p>\n<p>&nbsp;<\/p>\n<p><strong>N.M.<\/strong><\/p>\n<p>&nbsp;<\/p>\n<hr \/>\n<p><em>Ovaj tekst je preuzet sa portala <a href=\"https:\/\/dalmatinskiportal.hr\/vijesti\/mimohod-8372--da-se-nikada-i-nikome-ne-dogodi-srebrenica\/103328\" target=\"_blank\" rel=\"noopener\">dalmatinskiportal.hr<\/a>.<\/em><\/p>\n","protected":false},"excerpt":{"rendered":"Dan sje\u0107anja na genocid u Srebrenici obilje\u017een je danas mimohodom sredi\u0161tem Splita i polaganjem ru\u017ea u more sa splitske Rive&#8230;. ","protected":false},"author":8,"featured_media":187140,"comment_status":"closed","ping_status":"open","sticky":false,"template":"","format":"standard","meta":{"_acf_changed":false,"footnotes":""},"categories":[1789],"tags":[3759,3758,805],"class_list":["post-187139","post","type-post","status-publish","format-standard","has-post-thumbnail","hentry","category-memorijalizacija","tag-mimohod","tag-split","tag-srebrenica"],"acf":[],"yoast_head":"<!-- This site is optimized with the Yoast SEO plugin v25.6 - https:\/\/yoast.com\/wordpress\/plugins\/seo\/ -->\n<title>MIMOHOD 8372: Da se nikada i nikome ne dogodi Srebrenica<\/title>\n<meta name=\"description\" content=\"Dan sje\u0107anja na genocid u Srebrenici obilje\u017een je danas mimohodom sredi\u0161tem Splita i polaganjem ru\u017ea u more sa splitske Rive.\" \/>\n<meta name=\"robots\" content=\"index, follow, max-snippet:-1, max-image-preview:large, max-video-preview:-1\" \/>\n<link rel=\"canonical\" href=\"https:\/\/www.recom.link\/bhsc\/mimohod-da-se-nikada-i-nikome-ne-dogodi-srebrenica\/\" \/>\n<meta property=\"og:locale\" content=\"en_US\" \/>\n<meta property=\"og:type\" content=\"article\" \/>\n<meta property=\"og:title\" content=\"MIMOHOD 8372: Da se nikada i nikome ne dogodi Srebrenica\" \/>\n<meta property=\"og:description\" content=\"Dan sje\u0107anja na genocid u Srebrenici obilje\u017een je danas mimohodom sredi\u0161tem Splita i polaganjem ru\u017ea u more sa splitske Rive.\" \/>\n<meta property=\"og:url\" content=\"https:\/\/www.recom.link\/bhsc\/mimohod-da-se-nikada-i-nikome-ne-dogodi-srebrenica\/\" \/>\n<meta property=\"og:site_name\" content=\"REKOM ~ KOMRA ~ RECOM\" \/>\n<meta property=\"article:publisher\" content=\"https:\/\/www.facebook.com\/ZaREKOM.PerKOMRA.ForRECOM\/\" \/>\n<meta property=\"article:published_time\" content=\"2021-07-12T10:03:59+00:00\" \/>\n<meta property=\"article:modified_time\" content=\"2021-07-14T09:18:35+00:00\" \/>\n<meta property=\"og:image\" content=\"https:\/\/www.recom.link\/wp-content\/uploads\/2021\/07\/Split.jpg\" \/>\n\t<meta property=\"og:image:width\" content=\"1280\" \/>\n\t<meta property=\"og:image:height\" content=\"640\" \/>\n\t<meta property=\"og:image:type\" content=\"image\/jpeg\" \/>\n<meta name=\"author\" content=\"Recom Editor\" \/>\n<meta name=\"twitter:card\" content=\"summary_large_image\" \/>\n<meta name=\"twitter:creator\" content=\"@REKOM_KOMRA\" \/>\n<meta name=\"twitter:site\" content=\"@REKOM_KOMRA\" \/>\n<meta name=\"twitter:label1\" content=\"Written by\" \/>\n\t<meta name=\"twitter:data1\" content=\"Recom Editor\" \/>\n\t<meta name=\"twitter:label2\" content=\"Est. reading time\" \/>\n\t<meta name=\"twitter:data2\" content=\"2 minutes\" \/>\n<script type=\"application\/ld+json\" class=\"yoast-schema-graph\">{\"@context\":\"https:\/\/schema.org\",\"@graph\":[{\"@type\":\"WebPage\",\"@id\":\"https:\/\/www.recom.link\/bhsc\/mimohod-da-se-nikada-i-nikome-ne-dogodi-srebrenica\/\",\"url\":\"https:\/\/www.recom.link\/bhsc\/mimohod-da-se-nikada-i-nikome-ne-dogodi-srebrenica\/\",\"name\":\"MIMOHOD 8372: Da se nikada i nikome ne dogodi Srebrenica\",\"isPartOf\":{\"@id\":\"https:\/\/www.recom.link\/en\/#website\"},\"primaryImageOfPage\":{\"@id\":\"https:\/\/www.recom.link\/bhsc\/mimohod-da-se-nikada-i-nikome-ne-dogodi-srebrenica\/#primaryimage\"},\"image\":{\"@id\":\"https:\/\/www.recom.link\/bhsc\/mimohod-da-se-nikada-i-nikome-ne-dogodi-srebrenica\/#primaryimage\"},\"thumbnailUrl\":\"https:\/\/www.recom.link\/wp-content\/uploads\/2021\/07\/Split.jpg\",\"datePublished\":\"2021-07-12T10:03:59+00:00\",\"dateModified\":\"2021-07-14T09:18:35+00:00\",\"author\":{\"@id\":\"https:\/\/www.recom.link\/en\/#\/schema\/person\/0b0fce47cdf986c8b4194146b69999a3\"},\"description\":\"Dan sje\u0107anja na genocid u Srebrenici obilje\u017een je danas mimohodom sredi\u0161tem Splita i polaganjem ru\u017ea u more sa splitske Rive.\",\"breadcrumb\":{\"@id\":\"https:\/\/www.recom.link\/bhsc\/mimohod-da-se-nikada-i-nikome-ne-dogodi-srebrenica\/#breadcrumb\"},\"inLanguage\":\"bhsc\",\"potentialAction\":[{\"@type\":\"ReadAction\",\"target\":[\"https:\/\/www.recom.link\/bhsc\/mimohod-da-se-nikada-i-nikome-ne-dogodi-srebrenica\/\"]}]},{\"@type\":\"ImageObject\",\"inLanguage\":\"bhsc\",\"@id\":\"https:\/\/www.recom.link\/bhsc\/mimohod-da-se-nikada-i-nikome-ne-dogodi-srebrenica\/#primaryimage\",\"url\":\"https:\/\/www.recom.link\/wp-content\/uploads\/2021\/07\/Split.jpg\",\"contentUrl\":\"https:\/\/www.recom.link\/wp-content\/uploads\/2021\/07\/Split.jpg\",\"width\":1280,\"height\":640,\"caption\":\"mimohod\"},{\"@type\":\"BreadcrumbList\",\"@id\":\"https:\/\/www.recom.link\/bhsc\/mimohod-da-se-nikada-i-nikome-ne-dogodi-srebrenica\/#breadcrumb\",\"itemListElement\":[{\"@type\":\"ListItem\",\"position\":1,\"name\":\"Home\",\"item\":\"https:\/\/www.recom.link\/en\/\"},{\"@type\":\"ListItem\",\"position\":2,\"name\":\"MIMOHOD 8372: Da se nikada i nikome ne dogodi Srebrenica\"}]},{\"@type\":\"WebSite\",\"@id\":\"https:\/\/www.recom.link\/en\/#website\",\"url\":\"https:\/\/www.recom.link\/en\/\",\"name\":\"REKOM ~ KOMRA ~ RECOM\",\"description\":\"\",\"potentialAction\":[{\"@type\":\"SearchAction\",\"target\":{\"@type\":\"EntryPoint\",\"urlTemplate\":\"https:\/\/www.recom.link\/en\/?s={search_term_string}\"},\"query-input\":{\"@type\":\"PropertyValueSpecification\",\"valueRequired\":true,\"valueName\":\"search_term_string\"}}],\"inLanguage\":\"bhsc\"},{\"@type\":\"Person\",\"@id\":\"https:\/\/www.recom.link\/en\/#\/schema\/person\/0b0fce47cdf986c8b4194146b69999a3\",\"name\":\"Recom Editor\",\"image\":{\"@type\":\"ImageObject\",\"inLanguage\":\"bhsc\",\"@id\":\"https:\/\/www.recom.link\/en\/#\/schema\/person\/image\/\",\"url\":\"https:\/\/secure.gravatar.com\/avatar\/b345ee03975bccfc62280b0fd1ffd916?s=96&d=mm&r=g\",\"contentUrl\":\"https:\/\/secure.gravatar.com\/avatar\/b345ee03975bccfc62280b0fd1ffd916?s=96&d=mm&r=g\",\"caption\":\"Recom Editor\"},\"url\":\"https:\/\/www.recom.link\/bhsc\/author\/jelanag\/\"}]}<\/script>\n<!-- \/ Yoast SEO plugin. -->","yoast_head_json":{"title":"MIMOHOD 8372: Da se nikada i nikome ne dogodi Srebrenica","description":"Dan sje\u0107anja na genocid u Srebrenici obilje\u017een je danas mimohodom sredi\u0161tem Splita i polaganjem ru\u017ea u more sa splitske Rive.","robots":{"index":"index","follow":"follow","max-snippet":"max-snippet:-1","max-image-preview":"max-image-preview:large","max-video-preview":"max-video-preview:-1"},"canonical":"https:\/\/www.recom.link\/bhsc\/mimohod-da-se-nikada-i-nikome-ne-dogodi-srebrenica\/","og_locale":"en_US","og_type":"article","og_title":"MIMOHOD 8372: Da se nikada i nikome ne dogodi Srebrenica","og_description":"Dan sje\u0107anja na genocid u Srebrenici obilje\u017een je danas mimohodom sredi\u0161tem Splita i polaganjem ru\u017ea u more sa splitske Rive.","og_url":"https:\/\/www.recom.link\/bhsc\/mimohod-da-se-nikada-i-nikome-ne-dogodi-srebrenica\/","og_site_name":"REKOM ~ KOMRA ~ RECOM","article_publisher":"https:\/\/www.facebook.com\/ZaREKOM.PerKOMRA.ForRECOM\/","article_published_time":"2021-07-12T10:03:59+00:00","article_modified_time":"2021-07-14T09:18:35+00:00","og_image":[{"width":1280,"height":640,"url":"https:\/\/www.recom.link\/wp-content\/uploads\/2021\/07\/Split.jpg","type":"image\/jpeg"}],"author":"Recom Editor","twitter_card":"summary_large_image","twitter_creator":"@REKOM_KOMRA","twitter_site":"@REKOM_KOMRA","twitter_misc":{"Written by":"Recom Editor","Est. reading time":"2 minutes"},"schema":{"@context":"https:\/\/schema.org","@graph":[{"@type":"WebPage","@id":"https:\/\/www.recom.link\/bhsc\/mimohod-da-se-nikada-i-nikome-ne-dogodi-srebrenica\/","url":"https:\/\/www.recom.link\/bhsc\/mimohod-da-se-nikada-i-nikome-ne-dogodi-srebrenica\/","name":"MIMOHOD 8372: Da se nikada i nikome ne dogodi Srebrenica","isPartOf":{"@id":"https:\/\/www.recom.link\/en\/#website"},"primaryImageOfPage":{"@id":"https:\/\/www.recom.link\/bhsc\/mimohod-da-se-nikada-i-nikome-ne-dogodi-srebrenica\/#primaryimage"},"image":{"@id":"https:\/\/www.recom.link\/bhsc\/mimohod-da-se-nikada-i-nikome-ne-dogodi-srebrenica\/#primaryimage"},"thumbnailUrl":"https:\/\/www.recom.link\/wp-content\/uploads\/2021\/07\/Split.jpg","datePublished":"2021-07-12T10:03:59+00:00","dateModified":"2021-07-14T09:18:35+00:00","author":{"@id":"https:\/\/www.recom.link\/en\/#\/schema\/person\/0b0fce47cdf986c8b4194146b69999a3"},"description":"Dan sje\u0107anja na genocid u Srebrenici obilje\u017een je danas mimohodom sredi\u0161tem Splita i polaganjem ru\u017ea u more sa splitske Rive.","breadcrumb":{"@id":"https:\/\/www.recom.link\/bhsc\/mimohod-da-se-nikada-i-nikome-ne-dogodi-srebrenica\/#breadcrumb"},"inLanguage":"bhsc","potentialAction":[{"@type":"ReadAction","target":["https:\/\/www.recom.link\/bhsc\/mimohod-da-se-nikada-i-nikome-ne-dogodi-srebrenica\/"]}]},{"@type":"ImageObject","inLanguage":"bhsc","@id":"https:\/\/www.recom.link\/bhsc\/mimohod-da-se-nikada-i-nikome-ne-dogodi-srebrenica\/#primaryimage","url":"https:\/\/www.recom.link\/wp-content\/uploads\/2021\/07\/Split.jpg","contentUrl":"https:\/\/www.recom.link\/wp-content\/uploads\/2021\/07\/Split.jpg","width":1280,"height":640,"caption":"mimohod"},{"@type":"BreadcrumbList","@id":"https:\/\/www.recom.link\/bhsc\/mimohod-da-se-nikada-i-nikome-ne-dogodi-srebrenica\/#breadcrumb","itemListElement":[{"@type":"ListItem","position":1,"name":"Home","item":"https:\/\/www.recom.link\/en\/"},{"@type":"ListItem","position":2,"name":"MIMOHOD 8372: Da se nikada i nikome ne dogodi Srebrenica"}]},{"@type":"WebSite","@id":"https:\/\/www.recom.link\/en\/#website","url":"https:\/\/www.recom.link\/en\/","name":"REKOM ~ KOMRA ~ RECOM","description":"","potentialAction":[{"@type":"SearchAction","target":{"@type":"EntryPoint","urlTemplate":"https:\/\/www.recom.link\/en\/?s={search_term_string}"},"query-input":{"@type":"PropertyValueSpecification","valueRequired":true,"valueName":"search_term_string"}}],"inLanguage":"bhsc"},{"@type":"Person","@id":"https:\/\/www.recom.link\/en\/#\/schema\/person\/0b0fce47cdf986c8b4194146b69999a3","name":"Recom Editor","image":{"@type":"ImageObject","inLanguage":"bhsc","@id":"https:\/\/www.recom.link\/en\/#\/schema\/person\/image\/","url":"https:\/\/secure.gravatar.com\/avatar\/b345ee03975bccfc62280b0fd1ffd916?s=96&d=mm&r=g","contentUrl":"https:\/\/secure.gravatar.com\/avatar\/b345ee03975bccfc62280b0fd1ffd916?s=96&d=mm&r=g","caption":"Recom Editor"},"url":"https:\/\/www.recom.link\/bhsc\/author\/jelanag\/"}]}},"_links":{"self":[{"href":"https:\/\/www.recom.link\/bhsc\/wp-json\/wp\/v2\/posts\/187139"}],"collection":[{"href":"https:\/\/www.recom.link\/bhsc\/wp-json\/wp\/v2\/posts"}],"about":[{"href":"https:\/\/www.recom.link\/bhsc\/wp-json\/wp\/v2\/types\/post"}],"author":[{"embeddable":true,"href":"https:\/\/www.recom.link\/bhsc\/wp-json\/wp\/v2\/users\/8"}],"replies":[{"embeddable":true,"href":"https:\/\/www.recom.link\/bhsc\/wp-json\/wp\/v2\/comments?post=187139"}],"version-history":[{"count":2,"href":"https:\/\/www.recom.link\/bhsc\/wp-json\/wp\/v2\/posts\/187139\/revisions"}],"predecessor-version":[{"id":187146,"href":"https:\/\/www.recom.link\/bhsc\/wp-json\/wp\/v2\/posts\/187139\/revisions\/187146"}],"wp:featuredmedia":[{"embeddable":true,"href":"https:\/\/www.recom.link\/bhsc\/wp-json\/wp\/v2\/media\/187140"}],"wp:attachment":[{"href":"https:\/\/www.recom.link\/bhsc\/wp-json\/wp\/v2\/media?parent=187139"}],"wp:term":[{"taxonomy":"category","embeddable":true,"href":"https:\/\/www.recom.link\/bhsc\/wp-json\/wp\/v2\/categories?post=187139"},{"taxonomy":"post_tag","embeddable":true,"href":"https:\/\/www.recom.link\/bhsc\/wp-json\/wp\/v2\/tags?post=187139"}],"curies":[{"name":"wp","href":"https:\/\/api.w.org\/{rel}","templated":true}]}}