{"id":187115,"date":"2021-07-11T09:55:14","date_gmt":"2021-07-11T08:55:14","guid":{"rendered":"https:\/\/www.recom.link\/?p=187115"},"modified":"2021-07-13T10:14:45","modified_gmt":"2021-07-13T09:14:45","slug":"ucesnici-marsa-mira-stigli-u-potocare-210710080","status":"publish","type":"post","link":"https:\/\/www.recom.link\/bhsc\/ucesnici-marsa-mira-stigli-u-potocare-210710080\/","title":{"rendered":"Sje\u0107anje na \u017ertve genocida: U\u010desnici Mar\u0161a mira stigli u Poto\u010dare"},"content":{"rendered":"<div id=\"excerpt\" class=\"mt-5 md:mt-2 xl:mt-3 mb-5 font-sans font-semibold text-lg lg:text-xl leading-6 md:leading-7\"><strong>U Poto\u010dare je stigla tu\u017ena kolona, u\u010desnici Mar\u0161a mira koji je ove godine nazvan &#8220;Mar\u0161 sje\u0107anja na \u017ertve genocida za\u0161ti\u0107ene zone Ujedinjenih nacija&#8221;, a mar\u0161iralo \u010dak tri hiljade u\u010desnika.<\/strong><\/div>\n<div class=\"bg-gray-100\"><\/div>\n<div id=\"text\" class=\"break-words mt-3 prose prose-md prose-indigo text-lg lg:text-xl space-y-4 mb-3 leading-6 md:leading-7\">\n<p>Mar\u0161 je trajao tri dana i u\u010desnici su pre\u0161li blizu stotinu kilometara od Nezuka do Poto\u010dara, a ovo je 17. po redu Mar\u0161 mira.Mar\u0161 mira je memorijalna manifestacija koja se odr\u017eava svake godine, u julu, u povodu obilje\u017eavanja godi\u0161njice genocida nad Bo\u0161njacima &#8220;Sigurne zone Ujedinjenih nacija&#8221; u Srebrenici iz jula 1995. godine.<\/p>\n<p>Na \u010delu kolone, kao i prethodnih godina, nalazili su se oni koji su &#8217;95-te pre\u017eivjeli srebreni\u010dki genocid. Uspjeli su preko \u0161ume sti\u0107i do slobodne teritorije &#8211; Tuzle.<\/p>\n<p>U\u010desnici ovogodi\u0161njeg Mar\u0161a mira kasnije \u0107e prisustvovati izno\u0161enju tabuta iz hale biv\u0161e Fabrike akumulatora koji su ju\u010der stigli iz Sarajeva.<\/p>\n<p>Predsjednik Pododbora za &#8220;Mar\u0161 mira 2021&#8221; Zulfo Salihovi\u0107 izjavio je da je sve proteklo u najboljem redu.<\/p>\n<p>&#8220;Zahvaljujem se svim u\u010desnicima Mar\u0161a mira na po\u017ertvovanosti koju su iskazali tokom ova tri dana iako vremenske prilike nisu bile ugodne i pogodne za putovanje s obzirom da su Mar\u0161 mira pratile jako visoke temperature. Svi u\u010desnici koji su krenuli na Mar\u0161 mira, pro\u0161li su trasu, iako je bilo medicinskih intervencija&#8221;, kazao je Salihovi\u0107.<\/p>\n<p>Kako su organizatori naglasili Mar\u0161 mira ima za cilj i izgradnju, unapre\u0111enje i njegovanje kulture sje\u0107anja na genocid nad Bo\u0161njacima u Srebrenici te onemogu\u0107avanje negiranja, poricanja i relativiziranja zlo\u010dina genocida koje se uporno i sistemati\u010dno name\u0107e i zagovara od strane predstavnika srpskog naroda, institucija RS, Srbije i njihovih istomi\u0161ljenika.<\/p>\n<p>U posljednjoj etabi mar\u0161a u\u010desnicima se pridru\u017eio i \u010dlan Predsjedni\u0161tva BiH, \u0160efik D\u017eaferovi\u0107. On je kazao kako put negiranja genocida nema budu\u0107nost.<\/p>\n<p>U pitanju je jedna od najmasovnijih, najbrojnijih i najzahtjevnijih aktivnosti u okviru obilje\u017eavanja godi\u0161njice genocida. Mar\u0161 je ove godine imao me\u0111unarodni karakter.<\/p>\n<p>U\u010desnici mar\u0161a sutra \u0107e prisustvovati kolektivnoj d\u017eenazi u mezarju Memorijalnog centra Srebrenica &#8211; Poto\u010dari.<\/p>\n<p>&nbsp;<\/p>\n<\/div>\n<p><strong>R.D.<\/strong><\/p>\n<p>&nbsp;<\/p>\n<hr \/>\n<p><em>Ovaj tekst je preuzet sa portala <a href=\"https:\/\/www.klix.ba\/vijesti\/bih\/sjecanje-na-zrtve-genocida-ucesnici-marsa-mira-stigli-u-potocare\/210710080\" target=\"_blank\" rel=\"noopener\">klix.ba<\/a>.<\/em><\/p>\n","protected":false},"excerpt":{"rendered":"U Poto\u010dare je stigla tu\u017ena kolona, u\u010desnici Mar\u0161a mira koji je ove godine nazvan &#8220;Mar\u0161 sje\u0107anja na \u017ertve genocida za\u0161ti\u0107ene&#8230; ","protected":false},"author":8,"featured_media":187116,"comment_status":"closed","ping_status":"open","sticky":false,"template":"","format":"standard","meta":{"_acf_changed":false,"footnotes":""},"categories":[1789],"tags":[3757,805],"class_list":["post-187115","post","type-post","status-publish","format-standard","has-post-thumbnail","hentry","category-memorijalizacija","tag-mars-mira","tag-srebrenica"],"acf":[],"yoast_head":"<!-- This site is optimized with the Yoast SEO plugin v25.6 - https:\/\/yoast.com\/wordpress\/plugins\/seo\/ -->\n<title>Sje\u0107anje na \u017ertve genocida: U\u010desnici Mar\u0161a mira stigli u Poto\u010dare<\/title>\n<meta name=\"description\" content=\"U Poto\u010dare je stigla tu\u017ena kolona, u\u010desnici Mar\u0161a mira koji je ove godine nazvan &quot;Mar\u0161 sje\u0107anja na \u017ertve genocida za\u0161ti\u0107ene zone Ujedinjenih nacija&quot;\" \/>\n<meta name=\"robots\" content=\"index, follow, max-snippet:-1, max-image-preview:large, max-video-preview:-1\" \/>\n<link rel=\"canonical\" href=\"https:\/\/www.recom.link\/bhsc\/ucesnici-marsa-mira-stigli-u-potocare-210710080\/\" \/>\n<meta property=\"og:locale\" content=\"en_US\" \/>\n<meta property=\"og:type\" content=\"article\" \/>\n<meta property=\"og:title\" content=\"Sje\u0107anje na \u017ertve genocida: U\u010desnici Mar\u0161a mira stigli u Poto\u010dare\" \/>\n<meta property=\"og:description\" content=\"U Poto\u010dare je stigla tu\u017ena kolona, u\u010desnici Mar\u0161a mira koji je ove godine nazvan &quot;Mar\u0161 sje\u0107anja na \u017ertve genocida za\u0161ti\u0107ene zone Ujedinjenih nacija&quot;\" \/>\n<meta property=\"og:url\" content=\"https:\/\/www.recom.link\/bhsc\/ucesnici-marsa-mira-stigli-u-potocare-210710080\/\" \/>\n<meta property=\"og:site_name\" content=\"REKOM ~ KOMRA ~ RECOM\" \/>\n<meta property=\"article:publisher\" content=\"https:\/\/www.facebook.com\/ZaREKOM.PerKOMRA.ForRECOM\/\" \/>\n<meta property=\"article:published_time\" content=\"2021-07-11T08:55:14+00:00\" \/>\n<meta property=\"article:modified_time\" content=\"2021-07-13T09:14:45+00:00\" \/>\n<meta property=\"og:image\" content=\"https:\/\/www.recom.link\/wp-content\/uploads\/2021\/07\/mars-mira.png\" \/>\n\t<meta property=\"og:image:width\" content=\"1183\" \/>\n\t<meta property=\"og:image:height\" content=\"790\" \/>\n\t<meta property=\"og:image:type\" content=\"image\/png\" \/>\n<meta name=\"author\" content=\"Recom Editor\" \/>\n<meta name=\"twitter:card\" content=\"summary_large_image\" \/>\n<meta name=\"twitter:creator\" content=\"@REKOM_KOMRA\" \/>\n<meta name=\"twitter:site\" content=\"@REKOM_KOMRA\" \/>\n<meta name=\"twitter:label1\" content=\"Written by\" \/>\n\t<meta name=\"twitter:data1\" content=\"Recom Editor\" \/>\n\t<meta name=\"twitter:label2\" content=\"Est. reading time\" \/>\n\t<meta name=\"twitter:data2\" content=\"2 minutes\" \/>\n<script type=\"application\/ld+json\" class=\"yoast-schema-graph\">{\"@context\":\"https:\/\/schema.org\",\"@graph\":[{\"@type\":\"WebPage\",\"@id\":\"https:\/\/www.recom.link\/bhsc\/ucesnici-marsa-mira-stigli-u-potocare-210710080\/\",\"url\":\"https:\/\/www.recom.link\/bhsc\/ucesnici-marsa-mira-stigli-u-potocare-210710080\/\",\"name\":\"Sje\u0107anje na \u017ertve genocida: U\u010desnici Mar\u0161a mira stigli u Poto\u010dare\",\"isPartOf\":{\"@id\":\"https:\/\/www.recom.link\/en\/#website\"},\"primaryImageOfPage\":{\"@id\":\"https:\/\/www.recom.link\/bhsc\/ucesnici-marsa-mira-stigli-u-potocare-210710080\/#primaryimage\"},\"image\":{\"@id\":\"https:\/\/www.recom.link\/bhsc\/ucesnici-marsa-mira-stigli-u-potocare-210710080\/#primaryimage\"},\"thumbnailUrl\":\"https:\/\/www.recom.link\/wp-content\/uploads\/2021\/07\/mars-mira.png\",\"datePublished\":\"2021-07-11T08:55:14+00:00\",\"dateModified\":\"2021-07-13T09:14:45+00:00\",\"author\":{\"@id\":\"https:\/\/www.recom.link\/en\/#\/schema\/person\/0b0fce47cdf986c8b4194146b69999a3\"},\"description\":\"U Poto\u010dare je stigla tu\u017ena kolona, u\u010desnici Mar\u0161a mira koji je ove godine nazvan \\\"Mar\u0161 sje\u0107anja na \u017ertve genocida za\u0161ti\u0107ene zone Ujedinjenih nacija\\\"\",\"breadcrumb\":{\"@id\":\"https:\/\/www.recom.link\/bhsc\/ucesnici-marsa-mira-stigli-u-potocare-210710080\/#breadcrumb\"},\"inLanguage\":\"bhsc\",\"potentialAction\":[{\"@type\":\"ReadAction\",\"target\":[\"https:\/\/www.recom.link\/bhsc\/ucesnici-marsa-mira-stigli-u-potocare-210710080\/\"]}]},{\"@type\":\"ImageObject\",\"inLanguage\":\"bhsc\",\"@id\":\"https:\/\/www.recom.link\/bhsc\/ucesnici-marsa-mira-stigli-u-potocare-210710080\/#primaryimage\",\"url\":\"https:\/\/www.recom.link\/wp-content\/uploads\/2021\/07\/mars-mira.png\",\"contentUrl\":\"https:\/\/www.recom.link\/wp-content\/uploads\/2021\/07\/mars-mira.png\",\"width\":1183,\"height\":790,\"caption\":\"Foto: D. S.\"},{\"@type\":\"BreadcrumbList\",\"@id\":\"https:\/\/www.recom.link\/bhsc\/ucesnici-marsa-mira-stigli-u-potocare-210710080\/#breadcrumb\",\"itemListElement\":[{\"@type\":\"ListItem\",\"position\":1,\"name\":\"Home\",\"item\":\"https:\/\/www.recom.link\/en\/\"},{\"@type\":\"ListItem\",\"position\":2,\"name\":\"Sje\u0107anje na \u017ertve genocida: U\u010desnici Mar\u0161a mira stigli u Poto\u010dare\"}]},{\"@type\":\"WebSite\",\"@id\":\"https:\/\/www.recom.link\/en\/#website\",\"url\":\"https:\/\/www.recom.link\/en\/\",\"name\":\"REKOM ~ KOMRA ~ RECOM\",\"description\":\"\",\"potentialAction\":[{\"@type\":\"SearchAction\",\"target\":{\"@type\":\"EntryPoint\",\"urlTemplate\":\"https:\/\/www.recom.link\/en\/?s={search_term_string}\"},\"query-input\":{\"@type\":\"PropertyValueSpecification\",\"valueRequired\":true,\"valueName\":\"search_term_string\"}}],\"inLanguage\":\"bhsc\"},{\"@type\":\"Person\",\"@id\":\"https:\/\/www.recom.link\/en\/#\/schema\/person\/0b0fce47cdf986c8b4194146b69999a3\",\"name\":\"Recom Editor\",\"image\":{\"@type\":\"ImageObject\",\"inLanguage\":\"bhsc\",\"@id\":\"https:\/\/www.recom.link\/en\/#\/schema\/person\/image\/\",\"url\":\"https:\/\/secure.gravatar.com\/avatar\/b345ee03975bccfc62280b0fd1ffd916?s=96&d=mm&r=g\",\"contentUrl\":\"https:\/\/secure.gravatar.com\/avatar\/b345ee03975bccfc62280b0fd1ffd916?s=96&d=mm&r=g\",\"caption\":\"Recom Editor\"},\"url\":\"https:\/\/www.recom.link\/bhsc\/author\/jelanag\/\"}]}<\/script>\n<!-- \/ Yoast SEO plugin. -->","yoast_head_json":{"title":"Sje\u0107anje na \u017ertve genocida: U\u010desnici Mar\u0161a mira stigli u Poto\u010dare","description":"U Poto\u010dare je stigla tu\u017ena kolona, u\u010desnici Mar\u0161a mira koji je ove godine nazvan \"Mar\u0161 sje\u0107anja na \u017ertve genocida za\u0161ti\u0107ene zone Ujedinjenih nacija\"","robots":{"index":"index","follow":"follow","max-snippet":"max-snippet:-1","max-image-preview":"max-image-preview:large","max-video-preview":"max-video-preview:-1"},"canonical":"https:\/\/www.recom.link\/bhsc\/ucesnici-marsa-mira-stigli-u-potocare-210710080\/","og_locale":"en_US","og_type":"article","og_title":"Sje\u0107anje na \u017ertve genocida: U\u010desnici Mar\u0161a mira stigli u Poto\u010dare","og_description":"U Poto\u010dare je stigla tu\u017ena kolona, u\u010desnici Mar\u0161a mira koji je ove godine nazvan \"Mar\u0161 sje\u0107anja na \u017ertve genocida za\u0161ti\u0107ene zone Ujedinjenih nacija\"","og_url":"https:\/\/www.recom.link\/bhsc\/ucesnici-marsa-mira-stigli-u-potocare-210710080\/","og_site_name":"REKOM ~ KOMRA ~ RECOM","article_publisher":"https:\/\/www.facebook.com\/ZaREKOM.PerKOMRA.ForRECOM\/","article_published_time":"2021-07-11T08:55:14+00:00","article_modified_time":"2021-07-13T09:14:45+00:00","og_image":[{"width":1183,"height":790,"url":"https:\/\/www.recom.link\/wp-content\/uploads\/2021\/07\/mars-mira.png","type":"image\/png"}],"author":"Recom Editor","twitter_card":"summary_large_image","twitter_creator":"@REKOM_KOMRA","twitter_site":"@REKOM_KOMRA","twitter_misc":{"Written by":"Recom Editor","Est. reading time":"2 minutes"},"schema":{"@context":"https:\/\/schema.org","@graph":[{"@type":"WebPage","@id":"https:\/\/www.recom.link\/bhsc\/ucesnici-marsa-mira-stigli-u-potocare-210710080\/","url":"https:\/\/www.recom.link\/bhsc\/ucesnici-marsa-mira-stigli-u-potocare-210710080\/","name":"Sje\u0107anje na \u017ertve genocida: U\u010desnici Mar\u0161a mira stigli u Poto\u010dare","isPartOf":{"@id":"https:\/\/www.recom.link\/en\/#website"},"primaryImageOfPage":{"@id":"https:\/\/www.recom.link\/bhsc\/ucesnici-marsa-mira-stigli-u-potocare-210710080\/#primaryimage"},"image":{"@id":"https:\/\/www.recom.link\/bhsc\/ucesnici-marsa-mira-stigli-u-potocare-210710080\/#primaryimage"},"thumbnailUrl":"https:\/\/www.recom.link\/wp-content\/uploads\/2021\/07\/mars-mira.png","datePublished":"2021-07-11T08:55:14+00:00","dateModified":"2021-07-13T09:14:45+00:00","author":{"@id":"https:\/\/www.recom.link\/en\/#\/schema\/person\/0b0fce47cdf986c8b4194146b69999a3"},"description":"U Poto\u010dare je stigla tu\u017ena kolona, u\u010desnici Mar\u0161a mira koji je ove godine nazvan \"Mar\u0161 sje\u0107anja na \u017ertve genocida za\u0161ti\u0107ene zone Ujedinjenih nacija\"","breadcrumb":{"@id":"https:\/\/www.recom.link\/bhsc\/ucesnici-marsa-mira-stigli-u-potocare-210710080\/#breadcrumb"},"inLanguage":"bhsc","potentialAction":[{"@type":"ReadAction","target":["https:\/\/www.recom.link\/bhsc\/ucesnici-marsa-mira-stigli-u-potocare-210710080\/"]}]},{"@type":"ImageObject","inLanguage":"bhsc","@id":"https:\/\/www.recom.link\/bhsc\/ucesnici-marsa-mira-stigli-u-potocare-210710080\/#primaryimage","url":"https:\/\/www.recom.link\/wp-content\/uploads\/2021\/07\/mars-mira.png","contentUrl":"https:\/\/www.recom.link\/wp-content\/uploads\/2021\/07\/mars-mira.png","width":1183,"height":790,"caption":"Foto: D. S."},{"@type":"BreadcrumbList","@id":"https:\/\/www.recom.link\/bhsc\/ucesnici-marsa-mira-stigli-u-potocare-210710080\/#breadcrumb","itemListElement":[{"@type":"ListItem","position":1,"name":"Home","item":"https:\/\/www.recom.link\/en\/"},{"@type":"ListItem","position":2,"name":"Sje\u0107anje na \u017ertve genocida: U\u010desnici Mar\u0161a mira stigli u Poto\u010dare"}]},{"@type":"WebSite","@id":"https:\/\/www.recom.link\/en\/#website","url":"https:\/\/www.recom.link\/en\/","name":"REKOM ~ KOMRA ~ RECOM","description":"","potentialAction":[{"@type":"SearchAction","target":{"@type":"EntryPoint","urlTemplate":"https:\/\/www.recom.link\/en\/?s={search_term_string}"},"query-input":{"@type":"PropertyValueSpecification","valueRequired":true,"valueName":"search_term_string"}}],"inLanguage":"bhsc"},{"@type":"Person","@id":"https:\/\/www.recom.link\/en\/#\/schema\/person\/0b0fce47cdf986c8b4194146b69999a3","name":"Recom Editor","image":{"@type":"ImageObject","inLanguage":"bhsc","@id":"https:\/\/www.recom.link\/en\/#\/schema\/person\/image\/","url":"https:\/\/secure.gravatar.com\/avatar\/b345ee03975bccfc62280b0fd1ffd916?s=96&d=mm&r=g","contentUrl":"https:\/\/secure.gravatar.com\/avatar\/b345ee03975bccfc62280b0fd1ffd916?s=96&d=mm&r=g","caption":"Recom Editor"},"url":"https:\/\/www.recom.link\/bhsc\/author\/jelanag\/"}]}},"_links":{"self":[{"href":"https:\/\/www.recom.link\/bhsc\/wp-json\/wp\/v2\/posts\/187115"}],"collection":[{"href":"https:\/\/www.recom.link\/bhsc\/wp-json\/wp\/v2\/posts"}],"about":[{"href":"https:\/\/www.recom.link\/bhsc\/wp-json\/wp\/v2\/types\/post"}],"author":[{"embeddable":true,"href":"https:\/\/www.recom.link\/bhsc\/wp-json\/wp\/v2\/users\/8"}],"replies":[{"embeddable":true,"href":"https:\/\/www.recom.link\/bhsc\/wp-json\/wp\/v2\/comments?post=187115"}],"version-history":[{"count":3,"href":"https:\/\/www.recom.link\/bhsc\/wp-json\/wp\/v2\/posts\/187115\/revisions"}],"predecessor-version":[{"id":187123,"href":"https:\/\/www.recom.link\/bhsc\/wp-json\/wp\/v2\/posts\/187115\/revisions\/187123"}],"wp:featuredmedia":[{"embeddable":true,"href":"https:\/\/www.recom.link\/bhsc\/wp-json\/wp\/v2\/media\/187116"}],"wp:attachment":[{"href":"https:\/\/www.recom.link\/bhsc\/wp-json\/wp\/v2\/media?parent=187115"}],"wp:term":[{"taxonomy":"category","embeddable":true,"href":"https:\/\/www.recom.link\/bhsc\/wp-json\/wp\/v2\/categories?post=187115"},{"taxonomy":"post_tag","embeddable":true,"href":"https:\/\/www.recom.link\/bhsc\/wp-json\/wp\/v2\/tags?post=187115"}],"curies":[{"name":"wp","href":"https:\/\/api.w.org\/{rel}","templated":true}]}}