{"id":186790,"date":"2021-06-01T09:34:40","date_gmt":"2021-06-01T08:34:40","guid":{"rendered":"https:\/\/www.recom.link\/?p=186790"},"modified":"2021-06-14T15:46:56","modified_gmt":"2021-06-14T14:46:56","slug":"dan-bijelih-traka-u-rijeci-odana-pocast-zrtvama-rata-u-prijedoru-i-kozarcu","status":"publish","type":"post","link":"https:\/\/www.recom.link\/bhsc\/dan-bijelih-traka-u-rijeci-odana-pocast-zrtvama-rata-u-prijedoru-i-kozarcu\/","title":{"rendered":"Dan bijelih traka: U Rijeci odana po\u010dast \u017ertvama rata u Prijedoru i Kozarcu 1992."},"content":{"rendered":"<p><strong>Odr\u017eana komemoracija Bo\u0161njacima i Hrvatima, \u017ertvama rata 1992. godine.<\/strong><\/p>\n<p>&nbsp;<\/p>\n<p>Na Gatu Karoline Rije\u010dke obilje\u017een je Dan bijelih traka u znak sje\u0107anja na \u017ertve Prijedora i Kozarca.<\/p>\n<p>Okupljeni su, nose\u0107i bijele trake na rukavu u znak sje\u0107anja na sli\u010dna obilje\u017eja koja su ratne prijedorske vlasti 31. svibnja 1992. godine naredile da Bo\u0161njaci i Hrvati istaknu na svojim ku\u0107ama te nose na rukavima, iskazali pijetet \u017ertvama te polo\u017eili bijele ru\u017ee u more kao simboli\u010dan \u010din i poruka da \u017eivot u Prijedoru i Kozarcu nije stao te da na kraju uvijek pobijedi dobro.<\/p>\n<p>Prisutnima se obratio predsjednik Vije\u0107a Bo\u0161nja\u010dke nacionalne manjine Grada Rijeke dr. sc. Mensur Ferhatovi\u0107, koji je uz navedene doga\u0111aje podsjetio na i osnivanje logora te 3.176 ubijenih me\u0111u kojima je 102 djece, a naglasio je va\u017enost prisje\u0107anja na sve \u017ertve genocida te po\u010dinjene zlo\u010dine kao i borbe za istinu kako se takvo zlo vi\u0161e ne bi ponovilo.<\/p>\n<p>\u2013 Ovdje smo da opomenemo i podsjetimo napredni civilizirani svijet kako ne bi zaboravili genocid koji se dogodio. Narod koji zaboravi svoju bli\u017eu pro\u0161lost ne mo\u017ee svijetlo gledati u budu\u0107nost.<\/p>\n<p>Na\u0161a je du\u017enost da opominjemo, di\u017eemo glas i borimo se za istinu, rekao je Ferhatovi\u0107, a uz njega prisutnima se obratio predsjednik Vije\u0107a bo\u0161nja\u010dke nacionalne manjine u Istri, dok je rije\u010dki imam D\u017eenan \u010cau\u0161evi\u0107 predvodio molitvu.<\/p>\n<p>Obilje\u017eavanje organiziralo je Vije\u0107e Bo\u0161nja\u010dke nacionalne manjine Op\u0107ine Vi\u0161kovo uz suroganizatore, odnosno vije\u0107a Bo\u0161nja\u010dke nacionalne manjine Grada Rijeke, Grada Kastva, Primorsko-goranske \u017eupanije te Udruge mladih Bo\u0161njaka i prijatelja Grada Rijeke i Primorsko-goranske \u017eupanije i te predstavnik Bo\u0161nja\u010dke nacionalne manjine Grada Crikvenice.<\/p>\n<p>Uz podjelu bijelih traka i polaganje ru\u017ea u sklopu obilje\u017eavanja u Gradskoj vije\u0107nici Grada Rijeke odr\u017eana je i tribina sa svjedokom logorske \u017eice Fikretom Ali\u0107em, \u010dovjekom koji je za vrijeme ratnih strahota bio u logoru Trnopolje, a \u010dija je fotografija, zahvaljuju\u0107i britanskim novinarima, 1992. godine obi\u0161la svijet.<\/p>\n<p>&nbsp;<\/p>\n<div class=\"article-editor_right\">\n<p class=\"editor-name\"><strong>Bruna Mati\u010di\u0107<\/strong><\/p>\n<p>&nbsp;<\/p>\n<\/div>\n<hr \/>\n<p><em>Ovaj tekst je preuzet sa portala <a href=\"https:\/\/www.novilist.hr\/rijeka-regija\/rijeka\/na-gatu-karoline-rijecke-odana-pocast-zrtvama-rata-u-prijedoru-i-kozarcu-1992\/\" target=\"_blank\" rel=\"noopener\">novilist.hr.<\/a><\/em><\/p>\n","protected":false},"excerpt":{"rendered":"Odr\u017eana komemoracija Bo\u0161njacima i Hrvatima, \u017ertvama rata 1992. godine. &nbsp; Na Gatu Karoline Rije\u010dke obilje\u017een je Dan bijelih traka u&#8230; ","protected":false},"author":8,"featured_media":186791,"comment_status":"closed","ping_status":"open","sticky":false,"template":"","format":"standard","meta":{"_acf_changed":false,"footnotes":""},"categories":[1789],"tags":[],"class_list":["post-186790","post","type-post","status-publish","format-standard","has-post-thumbnail","hentry","category-memorijalizacija"],"acf":[],"yoast_head":"<!-- This site is optimized with the Yoast SEO plugin v25.6 - https:\/\/yoast.com\/wordpress\/plugins\/seo\/ -->\n<title>Dan bijelih traka: U Rijeci odana po\u010dast \u017ertvama rata u Prijedoru<\/title>\n<meta name=\"description\" content=\"Na Dan bijelih traka, u Rijeci je odr\u017eana komemoracija Bo\u0161njacima i Hrvatima, \u017ertvama rata 1992. godine.\" \/>\n<meta name=\"robots\" content=\"index, follow, max-snippet:-1, max-image-preview:large, max-video-preview:-1\" \/>\n<link rel=\"canonical\" href=\"https:\/\/www.recom.link\/bhsc\/dan-bijelih-traka-u-rijeci-odana-pocast-zrtvama-rata-u-prijedoru-i-kozarcu\/\" \/>\n<meta property=\"og:locale\" content=\"en_US\" \/>\n<meta property=\"og:type\" content=\"article\" \/>\n<meta property=\"og:title\" content=\"Dan bijelih traka: U Rijeci odana po\u010dast \u017ertvama rata u Prijedoru\" \/>\n<meta property=\"og:description\" content=\"Na Dan bijelih traka, u Rijeci je odr\u017eana komemoracija Bo\u0161njacima i Hrvatima, \u017ertvama rata 1992. godine.\" \/>\n<meta property=\"og:url\" content=\"https:\/\/www.recom.link\/bhsc\/dan-bijelih-traka-u-rijeci-odana-pocast-zrtvama-rata-u-prijedoru-i-kozarcu\/\" \/>\n<meta property=\"og:site_name\" content=\"REKOM ~ KOMRA ~ RECOM\" \/>\n<meta property=\"article:publisher\" content=\"https:\/\/www.facebook.com\/ZaREKOM.PerKOMRA.ForRECOM\/\" \/>\n<meta property=\"article:published_time\" content=\"2021-06-01T08:34:40+00:00\" \/>\n<meta property=\"article:modified_time\" content=\"2021-06-14T14:46:56+00:00\" \/>\n<meta property=\"og:image\" content=\"https:\/\/www.recom.link\/wp-content\/uploads\/2021\/06\/5576516-2048x1422-1.jpg\" \/>\n\t<meta property=\"og:image:width\" content=\"2048\" \/>\n\t<meta property=\"og:image:height\" content=\"1422\" \/>\n\t<meta property=\"og:image:type\" content=\"image\/jpeg\" \/>\n<meta name=\"author\" content=\"Recom Editor\" \/>\n<meta name=\"twitter:card\" content=\"summary_large_image\" \/>\n<meta name=\"twitter:creator\" content=\"@REKOM_KOMRA\" \/>\n<meta name=\"twitter:site\" content=\"@REKOM_KOMRA\" \/>\n<meta name=\"twitter:label1\" content=\"Written by\" \/>\n\t<meta name=\"twitter:data1\" content=\"Recom Editor\" \/>\n\t<meta name=\"twitter:label2\" content=\"Est. reading time\" \/>\n\t<meta name=\"twitter:data2\" content=\"2 minutes\" \/>\n<script type=\"application\/ld+json\" class=\"yoast-schema-graph\">{\"@context\":\"https:\/\/schema.org\",\"@graph\":[{\"@type\":\"WebPage\",\"@id\":\"https:\/\/www.recom.link\/bhsc\/dan-bijelih-traka-u-rijeci-odana-pocast-zrtvama-rata-u-prijedoru-i-kozarcu\/\",\"url\":\"https:\/\/www.recom.link\/bhsc\/dan-bijelih-traka-u-rijeci-odana-pocast-zrtvama-rata-u-prijedoru-i-kozarcu\/\",\"name\":\"Dan bijelih traka: U Rijeci odana po\u010dast \u017ertvama rata u Prijedoru\",\"isPartOf\":{\"@id\":\"https:\/\/www.recom.link\/en\/#website\"},\"primaryImageOfPage\":{\"@id\":\"https:\/\/www.recom.link\/bhsc\/dan-bijelih-traka-u-rijeci-odana-pocast-zrtvama-rata-u-prijedoru-i-kozarcu\/#primaryimage\"},\"image\":{\"@id\":\"https:\/\/www.recom.link\/bhsc\/dan-bijelih-traka-u-rijeci-odana-pocast-zrtvama-rata-u-prijedoru-i-kozarcu\/#primaryimage\"},\"thumbnailUrl\":\"https:\/\/www.recom.link\/wp-content\/uploads\/2021\/06\/5576516-2048x1422-1.jpg\",\"datePublished\":\"2021-06-01T08:34:40+00:00\",\"dateModified\":\"2021-06-14T14:46:56+00:00\",\"author\":{\"@id\":\"https:\/\/www.recom.link\/en\/#\/schema\/person\/0b0fce47cdf986c8b4194146b69999a3\"},\"description\":\"Na Dan bijelih traka, u Rijeci je odr\u017eana komemoracija Bo\u0161njacima i Hrvatima, \u017ertvama rata 1992. godine.\",\"breadcrumb\":{\"@id\":\"https:\/\/www.recom.link\/bhsc\/dan-bijelih-traka-u-rijeci-odana-pocast-zrtvama-rata-u-prijedoru-i-kozarcu\/#breadcrumb\"},\"inLanguage\":\"bhsc\",\"potentialAction\":[{\"@type\":\"ReadAction\",\"target\":[\"https:\/\/www.recom.link\/bhsc\/dan-bijelih-traka-u-rijeci-odana-pocast-zrtvama-rata-u-prijedoru-i-kozarcu\/\"]}]},{\"@type\":\"ImageObject\",\"inLanguage\":\"bhsc\",\"@id\":\"https:\/\/www.recom.link\/bhsc\/dan-bijelih-traka-u-rijeci-odana-pocast-zrtvama-rata-u-prijedoru-i-kozarcu\/#primaryimage\",\"url\":\"https:\/\/www.recom.link\/wp-content\/uploads\/2021\/06\/5576516-2048x1422-1.jpg\",\"contentUrl\":\"https:\/\/www.recom.link\/wp-content\/uploads\/2021\/06\/5576516-2048x1422-1.jpg\",\"width\":2048,\"height\":1422,\"caption\":\"Dan bijelih traka\"},{\"@type\":\"BreadcrumbList\",\"@id\":\"https:\/\/www.recom.link\/bhsc\/dan-bijelih-traka-u-rijeci-odana-pocast-zrtvama-rata-u-prijedoru-i-kozarcu\/#breadcrumb\",\"itemListElement\":[{\"@type\":\"ListItem\",\"position\":1,\"name\":\"Home\",\"item\":\"https:\/\/www.recom.link\/en\/\"},{\"@type\":\"ListItem\",\"position\":2,\"name\":\"Dan bijelih traka: U Rijeci odana po\u010dast \u017ertvama rata u Prijedoru i Kozarcu 1992.\"}]},{\"@type\":\"WebSite\",\"@id\":\"https:\/\/www.recom.link\/en\/#website\",\"url\":\"https:\/\/www.recom.link\/en\/\",\"name\":\"REKOM ~ KOMRA ~ RECOM\",\"description\":\"\",\"potentialAction\":[{\"@type\":\"SearchAction\",\"target\":{\"@type\":\"EntryPoint\",\"urlTemplate\":\"https:\/\/www.recom.link\/en\/?s={search_term_string}\"},\"query-input\":{\"@type\":\"PropertyValueSpecification\",\"valueRequired\":true,\"valueName\":\"search_term_string\"}}],\"inLanguage\":\"bhsc\"},{\"@type\":\"Person\",\"@id\":\"https:\/\/www.recom.link\/en\/#\/schema\/person\/0b0fce47cdf986c8b4194146b69999a3\",\"name\":\"Recom Editor\",\"image\":{\"@type\":\"ImageObject\",\"inLanguage\":\"bhsc\",\"@id\":\"https:\/\/www.recom.link\/en\/#\/schema\/person\/image\/\",\"url\":\"https:\/\/secure.gravatar.com\/avatar\/b345ee03975bccfc62280b0fd1ffd916?s=96&d=mm&r=g\",\"contentUrl\":\"https:\/\/secure.gravatar.com\/avatar\/b345ee03975bccfc62280b0fd1ffd916?s=96&d=mm&r=g\",\"caption\":\"Recom Editor\"},\"url\":\"https:\/\/www.recom.link\/bhsc\/author\/jelanag\/\"}]}<\/script>\n<!-- \/ Yoast SEO plugin. -->","yoast_head_json":{"title":"Dan bijelih traka: U Rijeci odana po\u010dast \u017ertvama rata u Prijedoru","description":"Na Dan bijelih traka, u Rijeci je odr\u017eana komemoracija Bo\u0161njacima i Hrvatima, \u017ertvama rata 1992. godine.","robots":{"index":"index","follow":"follow","max-snippet":"max-snippet:-1","max-image-preview":"max-image-preview:large","max-video-preview":"max-video-preview:-1"},"canonical":"https:\/\/www.recom.link\/bhsc\/dan-bijelih-traka-u-rijeci-odana-pocast-zrtvama-rata-u-prijedoru-i-kozarcu\/","og_locale":"en_US","og_type":"article","og_title":"Dan bijelih traka: U Rijeci odana po\u010dast \u017ertvama rata u Prijedoru","og_description":"Na Dan bijelih traka, u Rijeci je odr\u017eana komemoracija Bo\u0161njacima i Hrvatima, \u017ertvama rata 1992. godine.","og_url":"https:\/\/www.recom.link\/bhsc\/dan-bijelih-traka-u-rijeci-odana-pocast-zrtvama-rata-u-prijedoru-i-kozarcu\/","og_site_name":"REKOM ~ KOMRA ~ RECOM","article_publisher":"https:\/\/www.facebook.com\/ZaREKOM.PerKOMRA.ForRECOM\/","article_published_time":"2021-06-01T08:34:40+00:00","article_modified_time":"2021-06-14T14:46:56+00:00","og_image":[{"width":2048,"height":1422,"url":"https:\/\/www.recom.link\/wp-content\/uploads\/2021\/06\/5576516-2048x1422-1.jpg","type":"image\/jpeg"}],"author":"Recom Editor","twitter_card":"summary_large_image","twitter_creator":"@REKOM_KOMRA","twitter_site":"@REKOM_KOMRA","twitter_misc":{"Written by":"Recom Editor","Est. reading time":"2 minutes"},"schema":{"@context":"https:\/\/schema.org","@graph":[{"@type":"WebPage","@id":"https:\/\/www.recom.link\/bhsc\/dan-bijelih-traka-u-rijeci-odana-pocast-zrtvama-rata-u-prijedoru-i-kozarcu\/","url":"https:\/\/www.recom.link\/bhsc\/dan-bijelih-traka-u-rijeci-odana-pocast-zrtvama-rata-u-prijedoru-i-kozarcu\/","name":"Dan bijelih traka: U Rijeci odana po\u010dast \u017ertvama rata u Prijedoru","isPartOf":{"@id":"https:\/\/www.recom.link\/en\/#website"},"primaryImageOfPage":{"@id":"https:\/\/www.recom.link\/bhsc\/dan-bijelih-traka-u-rijeci-odana-pocast-zrtvama-rata-u-prijedoru-i-kozarcu\/#primaryimage"},"image":{"@id":"https:\/\/www.recom.link\/bhsc\/dan-bijelih-traka-u-rijeci-odana-pocast-zrtvama-rata-u-prijedoru-i-kozarcu\/#primaryimage"},"thumbnailUrl":"https:\/\/www.recom.link\/wp-content\/uploads\/2021\/06\/5576516-2048x1422-1.jpg","datePublished":"2021-06-01T08:34:40+00:00","dateModified":"2021-06-14T14:46:56+00:00","author":{"@id":"https:\/\/www.recom.link\/en\/#\/schema\/person\/0b0fce47cdf986c8b4194146b69999a3"},"description":"Na Dan bijelih traka, u Rijeci je odr\u017eana komemoracija Bo\u0161njacima i Hrvatima, \u017ertvama rata 1992. godine.","breadcrumb":{"@id":"https:\/\/www.recom.link\/bhsc\/dan-bijelih-traka-u-rijeci-odana-pocast-zrtvama-rata-u-prijedoru-i-kozarcu\/#breadcrumb"},"inLanguage":"bhsc","potentialAction":[{"@type":"ReadAction","target":["https:\/\/www.recom.link\/bhsc\/dan-bijelih-traka-u-rijeci-odana-pocast-zrtvama-rata-u-prijedoru-i-kozarcu\/"]}]},{"@type":"ImageObject","inLanguage":"bhsc","@id":"https:\/\/www.recom.link\/bhsc\/dan-bijelih-traka-u-rijeci-odana-pocast-zrtvama-rata-u-prijedoru-i-kozarcu\/#primaryimage","url":"https:\/\/www.recom.link\/wp-content\/uploads\/2021\/06\/5576516-2048x1422-1.jpg","contentUrl":"https:\/\/www.recom.link\/wp-content\/uploads\/2021\/06\/5576516-2048x1422-1.jpg","width":2048,"height":1422,"caption":"Dan bijelih traka"},{"@type":"BreadcrumbList","@id":"https:\/\/www.recom.link\/bhsc\/dan-bijelih-traka-u-rijeci-odana-pocast-zrtvama-rata-u-prijedoru-i-kozarcu\/#breadcrumb","itemListElement":[{"@type":"ListItem","position":1,"name":"Home","item":"https:\/\/www.recom.link\/en\/"},{"@type":"ListItem","position":2,"name":"Dan bijelih traka: U Rijeci odana po\u010dast \u017ertvama rata u Prijedoru i Kozarcu 1992."}]},{"@type":"WebSite","@id":"https:\/\/www.recom.link\/en\/#website","url":"https:\/\/www.recom.link\/en\/","name":"REKOM ~ KOMRA ~ RECOM","description":"","potentialAction":[{"@type":"SearchAction","target":{"@type":"EntryPoint","urlTemplate":"https:\/\/www.recom.link\/en\/?s={search_term_string}"},"query-input":{"@type":"PropertyValueSpecification","valueRequired":true,"valueName":"search_term_string"}}],"inLanguage":"bhsc"},{"@type":"Person","@id":"https:\/\/www.recom.link\/en\/#\/schema\/person\/0b0fce47cdf986c8b4194146b69999a3","name":"Recom Editor","image":{"@type":"ImageObject","inLanguage":"bhsc","@id":"https:\/\/www.recom.link\/en\/#\/schema\/person\/image\/","url":"https:\/\/secure.gravatar.com\/avatar\/b345ee03975bccfc62280b0fd1ffd916?s=96&d=mm&r=g","contentUrl":"https:\/\/secure.gravatar.com\/avatar\/b345ee03975bccfc62280b0fd1ffd916?s=96&d=mm&r=g","caption":"Recom Editor"},"url":"https:\/\/www.recom.link\/bhsc\/author\/jelanag\/"}]}},"_links":{"self":[{"href":"https:\/\/www.recom.link\/bhsc\/wp-json\/wp\/v2\/posts\/186790"}],"collection":[{"href":"https:\/\/www.recom.link\/bhsc\/wp-json\/wp\/v2\/posts"}],"about":[{"href":"https:\/\/www.recom.link\/bhsc\/wp-json\/wp\/v2\/types\/post"}],"author":[{"embeddable":true,"href":"https:\/\/www.recom.link\/bhsc\/wp-json\/wp\/v2\/users\/8"}],"replies":[{"embeddable":true,"href":"https:\/\/www.recom.link\/bhsc\/wp-json\/wp\/v2\/comments?post=186790"}],"version-history":[{"count":1,"href":"https:\/\/www.recom.link\/bhsc\/wp-json\/wp\/v2\/posts\/186790\/revisions"}],"predecessor-version":[{"id":186796,"href":"https:\/\/www.recom.link\/bhsc\/wp-json\/wp\/v2\/posts\/186790\/revisions\/186796"}],"wp:featuredmedia":[{"embeddable":true,"href":"https:\/\/www.recom.link\/bhsc\/wp-json\/wp\/v2\/media\/186791"}],"wp:attachment":[{"href":"https:\/\/www.recom.link\/bhsc\/wp-json\/wp\/v2\/media?parent=186790"}],"wp:term":[{"taxonomy":"category","embeddable":true,"href":"https:\/\/www.recom.link\/bhsc\/wp-json\/wp\/v2\/categories?post=186790"},{"taxonomy":"post_tag","embeddable":true,"href":"https:\/\/www.recom.link\/bhsc\/wp-json\/wp\/v2\/tags?post=186790"}],"curies":[{"name":"wp","href":"https:\/\/api.w.org\/{rel}","templated":true}]}}